{"id":115959,"date":"2025-11-26T12:07:35","date_gmt":"2025-11-26T16:07:35","guid":{"rendered":"https:\/\/lasprimeras.com.do\/?p=115959"},"modified":"2025-11-26T12:07:37","modified_gmt":"2025-11-26T16:07:37","slug":"rafael-rodriguez-la-ley-de-facturacion-electronica-esta-completa-y-en-marcha","status":"publish","type":"post","link":"https:\/\/lasprimeras.com.do\/index.php\/2025\/11\/26\/rafael-rodriguez-la-ley-de-facturacion-electronica-esta-completa-y-en-marcha\/","title":{"rendered":"Rafael Rodr\u00edguez : &#8220;La Ley de facturaci\u00f3n electr\u00f3nica est\u00e1 completa y en marcha&#8221;"},"content":{"rendered":"\n<p>El Country Manager de WebPOS RD, Rafael Rodr\u00edguez, detall\u00f3 este mi\u00e9rcoles que la transici\u00f3n hacia la facturaci\u00f3n electr\u00f3nica en la Rep\u00fablica Dominicana avanza a paso firme, marcando un hito crucial en la modernizaci\u00f3n de los procesos tributarios y comerciales del pa\u00eds.<\/p>\n\n\n\n<p>En una entrevista exhaustiva concedida al programa Almuerzo de Negocios, Rafael Rodr\u00edguez, desglos\u00f3 el cronograma de implementaci\u00f3n, el marco legal y los sustanciales beneficios que la Direcci\u00f3n General de Impuestos Internos (DGII) ha dispuesto para los contribuyentes.<\/p>\n\n\n\n<p><strong>Una Adopci\u00f3n en Etapas con Resultados Prometedores<\/strong><\/p>\n\n\n\n<p>Rodr\u00edguez destac\u00f3 que, si bien la naci\u00f3n es una de las \u00faltimas en implementar este sistema en Latinoam\u00e9rica, la adopci\u00f3n inicial ha sido calificada como &#8220;muy buena&#8221;.<\/p>\n\n\n\n<p>El plan de la DGII est\u00e1 dise\u00f1ado para una transici\u00f3n ordenada, dividiendo a los contribuyentes en tres grupos estrat\u00e9gicos:<\/p>\n\n\n\n<p>Primer Grupo (Grandes Contribuyentes): Integrado por 700 de las empresas m\u00e1s grandes del pa\u00eds, que ya han iniciado el proceso.<\/p>\n\n\n\n<p>Segundo Grupo (Medianos Comercios): Abarca a unas 13,000 empresas locales.<br>Tercer Grupo (Pymes y Micros): El segmento m\u00e1s amplio, con 350,000 peque\u00f1as y microempresas.<\/p>\n\n\n\n<p>&#8220;La integraci\u00f3n se est\u00e1 manejando por cantidad de documentos y bloques de facturaci\u00f3n, asegurando un proceso manejable para todos los tama\u00f1os de negocios&#8221;, explic\u00f3 Rodr\u00edguez, se\u00f1alando que a la fecha, m\u00e1s de 18,000 empresas ya est\u00e1n recibiendo facturaci\u00f3n electr\u00f3nica.<\/p>\n\n\n\n<p><strong>Marco Legal y la Obligatoriedad Gubernamental<\/strong><\/p>\n\n\n\n<p>El Country Manager de WebPOS RD enfatiz\u00f3 la solidez del marco legal vigente.<br>Rafael Rodr\u00edguez, aclar\u00f3 que, a pesar de que dos art\u00edculos iniciales de la ley fueron declarados inconstitucionales y retirados por el Tribunal Superior Administrativo, la legislaci\u00f3n actual est\u00e1 completa y operativa.<\/p>\n\n\n\n<p>Un punto crucial para las empresas nacionales, especialmente las grandes, es la obligatoriedad de emitir facturas de serie B bajo el nuevo esquema.<br>Adem\u00e1s, se ha establecido una regla clara e ineludible: el gobierno solo realizar\u00e1 pagos a aquellos proveedores que est\u00e9n registrados como emisores electr\u00f3nicos.<\/p>\n\n\n\n<p><strong>Incentivos Fiscales y Herramientas Gratuitas<\/strong><\/p>\n\n\n\n<p>Para motivar la transici\u00f3n voluntaria antes de las fechas l\u00edmite obligatorias, la ley establece una serie de incentivos fiscales atractivos:<\/p>\n\n\n\n<p>Incentivos Econ\u00f3micos: Se han fijado montos espec\u00edficos por la adopci\u00f3n temprana: 400 mil pesos para grandes empresas, 380 mil pesos para medianas, y 75 mil pesos dise\u00f1ados espec\u00edficamente para micro y peque\u00f1as empresas.<\/p>\n\n\n\n<p>P\u00e9rdida de Beneficios: Quienes ignoren el llamado a la transici\u00f3n perder\u00e1n estos incentivos fiscales.<\/p>\n\n\n\n<p>Faturador Gratuito: La DGII ofrece una soluci\u00f3n de facturador gratuito destinada a micros y peque\u00f1os negocios que emiten hasta 150 facturas mensuales, eliminando barreras de costo inicial.<\/p>\n\n\n\n<p>Rodr\u00edguez concluy\u00f3 su intervenci\u00f3n haciendo un llamado a los empresarios a aprovechar la flexibilidad y el apoyo de la DGII para realizar la transici\u00f3n de la facturaci\u00f3n normal a la electr\u00f3nica, asegurando que es un paso esencial para la competitividad y transparencia del mercado dominicano.<\/p>\n","protected":false},"excerpt":{"rendered":"<p>El Country Manager de WebPOS RD, Rafael Rodr\u00edguez, detall\u00f3 este mi\u00e9rcoles que la transici\u00f3n hacia la facturaci\u00f3n electr\u00f3nica en la Rep\u00fablica Dominicana avanza a paso firme, marcando un hito crucial&hellip;<\/p>\n","protected":false},"author":10,"featured_media":115960,"comment_status":"open","ping_status":"open","sticky":false,"template":"","format":"standard","meta":{"content-type":"","jetpack_post_was_ever_published":false,"_jetpack_newsletter_access":"","_jetpack_dont_email_post_to_subs":false,"_jetpack_newsletter_tier_id":0,"_jetpack_memberships_contains_paywalled_content":false,"_jetpack_memberships_contains_paid_content":false,"footnotes":""},"categories":[39,25],"tags":[27818,411,27817],"class_list":["post-115959","post","type-post","status-publish","format-standard","has-post-thumbnail","hentry","category-economia","category-portada","tag-facturacion-electronica","tag-ley","tag-rafael-rodriguez"],"jetpack_featured_media_url":"https:\/\/lasprimeras.com.do\/wp-content\/uploads\/2025\/11\/Rafael-Rodriguez.jpg","jetpack-related-posts":[{"id":56097,"url":"https:\/\/lasprimeras.com.do\/index.php\/2023\/07\/27\/facturacion-electronica-impulsa-el-crecimiento-economico-de-las-mipymes\/","url_meta":{"origin":115959,"position":0},"title":"Facturaci\u00f3n Electr\u00f3nica impulsa el crecimiento econ\u00f3mico de las MiPymes","author":"Nelson Feliz","date":"27 de julio de 2023","format":false,"excerpt":"La implementaci\u00f3n de la facturaci\u00f3n electr\u00f3nica en el pa\u00eds ya es un hecho. La facturaci\u00f3n electr\u00f3nica consiste en la generaci\u00f3n, env\u00edo y recepci\u00f3n de facturas en formato digital, reemplazando las tradicionales facturas en papel. Para principios del a\u00f1o 2024, los grandes contribuyentes nacionales deber\u00e1n haberla implementado, las empresas medianas por\u2026","rel":"","context":"En \u00abECONOM\u00cdA\u00bb","block_context":{"text":"ECONOM\u00cdA","link":"https:\/\/lasprimeras.com.do\/index.php\/category\/economia\/"},"img":{"alt_text":"","src":"https:\/\/i0.wp.com\/lasprimeras.com.do\/wp-content\/uploads\/2023\/07\/VOXEL-3.jpg?resize=350%2C200&ssl=1","width":350,"height":200,"srcset":"https:\/\/i0.wp.com\/lasprimeras.com.do\/wp-content\/uploads\/2023\/07\/VOXEL-3.jpg?resize=350%2C200&ssl=1 1x, https:\/\/i0.wp.com\/lasprimeras.com.do\/wp-content\/uploads\/2023\/07\/VOXEL-3.jpg?resize=525%2C300&ssl=1 1.5x, https:\/\/i0.wp.com\/lasprimeras.com.do\/wp-content\/uploads\/2023\/07\/VOXEL-3.jpg?resize=700%2C400&ssl=1 2x"},"classes":[]},{"id":81718,"url":"https:\/\/lasprimeras.com.do\/index.php\/2024\/04\/24\/dgii-otorgara-plazo-factura-electronica\/","url_meta":{"origin":115959,"position":1},"title":"DGII otorgar\u00e1 plazo factura electr\u00f3nica","author":"BIMARY DE JES\u00daS Matos","date":"24 de abril de 2024","format":false,"excerpt":"Santo Domingo .-Los grandes contribuyentes que no hayan completado el proceso para emitir factura electr\u00f3nica deben solicitar a la Direcci\u00f3n General de Impuestos Internos ser incluidos en la pr\u00f3rroga que abri\u00f3 ayer esa entidad. Los mismos deben enviar una carta timbrada, firmada y sellada indicando el plazo requerido, motivo de\u2026","rel":"","context":"En \u00abPORTADA\u00bb","block_context":{"text":"PORTADA","link":"https:\/\/lasprimeras.com.do\/index.php\/category\/portada\/"},"img":{"alt_text":"","src":"https:\/\/i0.wp.com\/lasprimeras.com.do\/wp-content\/uploads\/2024\/04\/WhatsApp-Image-2024-04-23-at-10.32.54-AM-6.jpeg?resize=350%2C200&ssl=1","width":350,"height":200,"srcset":"https:\/\/i0.wp.com\/lasprimeras.com.do\/wp-content\/uploads\/2024\/04\/WhatsApp-Image-2024-04-23-at-10.32.54-AM-6.jpeg?resize=350%2C200&ssl=1 1x, https:\/\/i0.wp.com\/lasprimeras.com.do\/wp-content\/uploads\/2024\/04\/WhatsApp-Image-2024-04-23-at-10.32.54-AM-6.jpeg?resize=525%2C300&ssl=1 1.5x, https:\/\/i0.wp.com\/lasprimeras.com.do\/wp-content\/uploads\/2024\/04\/WhatsApp-Image-2024-04-23-at-10.32.54-AM-6.jpeg?resize=700%2C400&ssl=1 2x, https:\/\/i0.wp.com\/lasprimeras.com.do\/wp-content\/uploads\/2024\/04\/WhatsApp-Image-2024-04-23-at-10.32.54-AM-6.jpeg?resize=1050%2C600&ssl=1 3x"},"classes":[]},{"id":100559,"url":"https:\/\/lasprimeras.com.do\/index.php\/2025\/06\/08\/fallece-jose-rafael-florentino-rodriguez-militante-revolucionario-del-14-de-junio\/","url_meta":{"origin":115959,"position":2},"title":"Fallece Jos\u00e9 Rafael Florentino Rodr\u00edguez militante revolucionario del 14 de Junio","author":"Nelson Feliz","date":"8 de junio de 2025","format":false,"excerpt":"El miembro del Comit\u00e9 Central del Partido de la Liberaci\u00f3n (PLD), Rafael P\u00e9rez Modesto, manifest\u00f3 su pesar por el fallecimiento del militante revolucionario Jos\u00e9 Rafael Florentino Rodr\u00edguez. Florentino Rodr\u00edguez, apodado Felucho, comparti\u00f3 militancia partidaria con P\u00e9rez Modesto en el Movimiento Revolucionario 14 de Junio y en el partido denominado L\u00ednea\u2026","rel":"","context":"En \u00abNACIONALES\u00bb","block_context":{"text":"NACIONALES","link":"https:\/\/lasprimeras.com.do\/index.php\/category\/nacionales\/"},"img":{"alt_text":"Jos\u00e9 Rafael Florentino Rodr\u00edguez","src":"https:\/\/i0.wp.com\/lasprimeras.com.do\/wp-content\/uploads\/2025\/06\/Jose-Rafael-Florentino-Rodriguez.jpg?resize=350%2C200&ssl=1","width":350,"height":200,"srcset":"https:\/\/i0.wp.com\/lasprimeras.com.do\/wp-content\/uploads\/2025\/06\/Jose-Rafael-Florentino-Rodriguez.jpg?resize=350%2C200&ssl=1 1x, https:\/\/i0.wp.com\/lasprimeras.com.do\/wp-content\/uploads\/2025\/06\/Jose-Rafael-Florentino-Rodriguez.jpg?resize=525%2C300&ssl=1 1.5x"},"classes":[]},{"id":104673,"url":"https:\/\/lasprimeras.com.do\/index.php\/2025\/07\/25\/aprobada-en-dos-lectura-por-el-senado-la-reforma-al-codigo-tributario-en-rd\/","url_meta":{"origin":115959,"position":3},"title":"Aprobada en dos lectura por el Senado la reforma al C\u00f3digo Tributario en RD","author":"Nelson Feliz","date":"25 de julio de 2025","format":false,"excerpt":"El Senado de la Rep\u00fablica Dominicana aprob\u00f3, en dos lecturas consecutivas y con car\u00e1cter de urgencia, el Proyecto de Ley que modifica el art\u00edculo 56 del C\u00f3digo Tributario, contenido en la Ley 11-92, previamente alterado por la Ley 495-06 sobre Rectificaci\u00f3n Tributaria. La iniciativa fue enviada por el Poder Ejecutivo.\u2026","rel":"","context":"En \u00abNACIONALES\u00bb","block_context":{"text":"NACIONALES","link":"https:\/\/lasprimeras.com.do\/index.php\/category\/nacionales\/"},"img":{"alt_text":"","src":"https:\/\/i0.wp.com\/lasprimeras.com.do\/wp-content\/uploads\/2025\/07\/senado-3.jpg?resize=350%2C200&ssl=1","width":350,"height":200,"srcset":"https:\/\/i0.wp.com\/lasprimeras.com.do\/wp-content\/uploads\/2025\/07\/senado-3.jpg?resize=350%2C200&ssl=1 1x, https:\/\/i0.wp.com\/lasprimeras.com.do\/wp-content\/uploads\/2025\/07\/senado-3.jpg?resize=525%2C300&ssl=1 1.5x, https:\/\/i0.wp.com\/lasprimeras.com.do\/wp-content\/uploads\/2025\/07\/senado-3.jpg?resize=700%2C400&ssl=1 2x"},"classes":[]},{"id":52618,"url":"https:\/\/lasprimeras.com.do\/index.php\/2023\/06\/12\/amaprosado-solicita-al-gobierno-posponer-implementacion-de-factura-electronica-a-mipymes\/","url_meta":{"origin":115959,"position":4},"title":"Amaprosado solicita al gobierno posponer implementaci\u00f3n de factura electr\u00f3nica a mipymes","author":"prenxa100","date":"12 de junio de 2023","format":false,"excerpt":"La Asociaci\u00f3n de Mayoristas en Provisiones de Santo Domingo (Amaprosado) solicit\u00f3 al presidente de la Rep\u00fablica, Luis Abinader, que la facturaci\u00f3n electr\u00f3nica no sea obligatoria por ley hasta tanto sean solucionados temas b\u00e1sicos como la normalizaci\u00f3n del sistema el\u00e9ctrico, un programa de sistematizaci\u00f3n para las mipymes impulsadas por el gobierno\u2026","rel":"","context":"En \u00abECONOM\u00cdA\u00bb","block_context":{"text":"ECONOM\u00cdA","link":"https:\/\/lasprimeras.com.do\/index.php\/category\/economia\/"},"img":{"alt_text":"AMAPROSADO","src":"https:\/\/i0.wp.com\/lasprimeras.com.do\/wp-content\/uploads\/2023\/06\/amaprosado-solicita-al-gobierno-posponer-implementacion-de-factura-electronica-a-mipymes.jpg?resize=350%2C200&ssl=1","width":350,"height":200,"srcset":"https:\/\/i0.wp.com\/lasprimeras.com.do\/wp-content\/uploads\/2023\/06\/amaprosado-solicita-al-gobierno-posponer-implementacion-de-factura-electronica-a-mipymes.jpg?resize=350%2C200&ssl=1 1x, https:\/\/i0.wp.com\/lasprimeras.com.do\/wp-content\/uploads\/2023\/06\/amaprosado-solicita-al-gobierno-posponer-implementacion-de-factura-electronica-a-mipymes.jpg?resize=525%2C300&ssl=1 1.5x, https:\/\/i0.wp.com\/lasprimeras.com.do\/wp-content\/uploads\/2023\/06\/amaprosado-solicita-al-gobierno-posponer-implementacion-de-factura-electronica-a-mipymes.jpg?resize=700%2C400&ssl=1 2x, https:\/\/i0.wp.com\/lasprimeras.com.do\/wp-content\/uploads\/2023\/06\/amaprosado-solicita-al-gobierno-posponer-implementacion-de-factura-electronica-a-mipymes.jpg?resize=1050%2C600&ssl=1 3x"},"classes":[]},{"id":106189,"url":"https:\/\/lasprimeras.com.do\/index.php\/2025\/08\/12\/la-dgii-supera-los-1000-millones-de-facturas-electronicas-y-refuerza-su-apuesta-digital\/","url_meta":{"origin":115959,"position":5},"title":"La DGII supera los 1,000 millones de facturas electr\u00f3nicas y refuerza su apuesta digital","author":"Nelson Feliz","date":"12 de agosto de 2025","format":false,"excerpt":"Anuncia entrega de 30,000 certificados digitales de forma gratuita y un detector de anomal\u00edas. La Direcci\u00f3n General de Impuestos Internos (DGII) anunci\u00f3 que ya se han emitido m\u00e1s de mil millones de Comprobantes Fiscales Electr\u00f3nicos (e-CF) desde la puesta en marcha del sistema en el pa\u00eds. Este dato confirma la\u2026","rel":"","context":"En \u00abECONOM\u00cdA\u00bb","block_context":{"text":"ECONOM\u00cdA","link":"https:\/\/lasprimeras.com.do\/index.php\/category\/economia\/"},"img":{"alt_text":"DGII","src":"https:\/\/i0.wp.com\/lasprimeras.com.do\/wp-content\/uploads\/2023\/10\/WhatsApp-Image-2023-10-05-at-7.17.42-PM-1.jpeg?resize=350%2C200&ssl=1","width":350,"height":200,"srcset":"https:\/\/i0.wp.com\/lasprimeras.com.do\/wp-content\/uploads\/2023\/10\/WhatsApp-Image-2023-10-05-at-7.17.42-PM-1.jpeg?resize=350%2C200&ssl=1 1x, https:\/\/i0.wp.com\/lasprimeras.com.do\/wp-content\/uploads\/2023\/10\/WhatsApp-Image-2023-10-05-at-7.17.42-PM-1.jpeg?resize=525%2C300&ssl=1 1.5x, https:\/\/i0.wp.com\/lasprimeras.com.do\/wp-content\/uploads\/2023\/10\/WhatsApp-Image-2023-10-05-at-7.17.42-PM-1.jpeg?resize=700%2C400&ssl=1 2x"},"classes":[]}],"jetpack_sharing_enabled":true,"_links":{"self":[{"href":"https:\/\/lasprimeras.com.do\/index.php\/wp-json\/wp\/v2\/posts\/115959","targetHints":{"allow":["GET"]}}],"collection":[{"href":"https:\/\/lasprimeras.com.do\/index.php\/wp-json\/wp\/v2\/posts"}],"about":[{"href":"https:\/\/lasprimeras.com.do\/index.php\/wp-json\/wp\/v2\/types\/post"}],"author":[{"embeddable":true,"href":"https:\/\/lasprimeras.com.do\/index.php\/wp-json\/wp\/v2\/users\/10"}],"replies":[{"embeddable":true,"href":"https:\/\/lasprimeras.com.do\/index.php\/wp-json\/wp\/v2\/comments?post=115959"}],"version-history":[{"count":1,"href":"https:\/\/lasprimeras.com.do\/index.php\/wp-json\/wp\/v2\/posts\/115959\/revisions"}],"predecessor-version":[{"id":115961,"href":"https:\/\/lasprimeras.com.do\/index.php\/wp-json\/wp\/v2\/posts\/115959\/revisions\/115961"}],"wp:featuredmedia":[{"embeddable":true,"href":"https:\/\/lasprimeras.com.do\/index.php\/wp-json\/wp\/v2\/media\/115960"}],"wp:attachment":[{"href":"https:\/\/lasprimeras.com.do\/index.php\/wp-json\/wp\/v2\/media?parent=115959"}],"wp:term":[{"taxonomy":"category","embeddable":true,"href":"https:\/\/lasprimeras.com.do\/index.php\/wp-json\/wp\/v2\/categories?post=115959"},{"taxonomy":"post_tag","embeddable":true,"href":"https:\/\/lasprimeras.com.do\/index.php\/wp-json\/wp\/v2\/tags?post=115959"}],"curies":[{"name":"wp","href":"https:\/\/api.w.org\/{rel}","templated":true}]}}