{"id":115962,"date":"2025-11-26T12:19:48","date_gmt":"2025-11-26T16:19:48","guid":{"rendered":"https:\/\/lasprimeras.com.do\/?p=115962"},"modified":"2025-11-26T12:19:49","modified_gmt":"2025-11-26T16:19:49","slug":"autoridades-y-representantes-de-plazas-comerciales-coordinan-acciones-para-gestionar-el-transito-durante-el-black-friday","status":"publish","type":"post","link":"https:\/\/lasprimeras.com.do\/index.php\/2025\/11\/26\/autoridades-y-representantes-de-plazas-comerciales-coordinan-acciones-para-gestionar-el-transito-durante-el-black-friday\/","title":{"rendered":"Autoridades y representantes de plazas comerciales coordinan acciones para gestionar el tr\u00e1nsito durante el Black Friday"},"content":{"rendered":"\n<p>El director de la Direcci\u00f3n General de Seguridad de Tr\u00e1nsito y Transporte Terrestre (Digesett), general Pascual Cruz M\u00e9ndez (P.N.), encabez\u00f3 una reuni\u00f3n de coordinaci\u00f3n junto con representantes del Instituto Nacional de Tr\u00e1nsito y Transporte Terrestre (Intrant), el Ayuntamiento del Distrito Nacional (ADN) y los principales centros comerciales del Gran Santo Domingo, con el objetivo de garantizar una movilidad eficiente y ordenada durante el fin de semana del Black Friday.<\/p>\n\n\n\n<p>Durante el encuentro, se establecieron medidas conjuntas para anticipar y mitigar posibles congestionamientos en las zonas de mayor actividad comercial, reforzando la presencia de agentes de tr\u00e1nsito, la supervisi\u00f3n operativa y la implementaci\u00f3n de rutas de apoyo en puntos estrat\u00e9gicos.<\/p>\n\n\n\n<p>El general Cruz M\u00e9ndez destac\u00f3 que el objetivo es \u201ctrabajar en unidad para asegurar que los ciudadanos puedan desplazarse con mayor fluidez y seguridad, especialmente en jornadas donde el flujo vehicular se incrementa significativamente\u201d.<\/p>\n\n\n\n<p>Durante la reuni\u00f3n estuvieron presentes: la directora de Movilidad Sostenible del Intrant, ingeniera Alexandra Cede\u00f1o; del Ayuntamiento D.N., el ingeniero Dar\u00edo Dom\u00ednguez; el subdirector operativo de la Digesett, coronel Salvador Moreno Jaques; el director de Centro de Mando y Control, coronel Pedro Jos\u00e9 Valdez Mar\u00eda; el subdirector de Planificaci\u00f3n, ingeniero Alejandro Pi\u00f1eiro; el encargado de Comunicaciones, coronel Rafael Tejeda Baldera, entre otros.<\/p>\n\n\n\n<p>Mientras que, las plazas comerciales participantes fueron: \u00c1gora Mall, Sambil, Carrefour, Blue Mall, Megacentro, Acr\u00f3polis, BM Cargo, Grupo Ramos, Plaza Central, Distribuidora Corripio y Plaza Lama, los representantes expresaron su disposici\u00f3n de colaborar con las autoridades para optimizar la movilidad en sus entornos.<\/p>\n","protected":false},"excerpt":{"rendered":"<p>El director de la Direcci\u00f3n General de Seguridad de Tr\u00e1nsito y Transporte Terrestre (Digesett), general Pascual Cruz M\u00e9ndez (P.N.), encabez\u00f3 una reuni\u00f3n de coordinaci\u00f3n junto con representantes del Instituto Nacional&hellip;<\/p>\n","protected":false},"author":10,"featured_media":115963,"comment_status":"open","ping_status":"open","sticky":false,"template":"","format":"standard","meta":{"content-type":"","jetpack_post_was_ever_published":false,"_jetpack_newsletter_access":"","_jetpack_dont_email_post_to_subs":false,"_jetpack_newsletter_tier_id":0,"_jetpack_memberships_contains_paywalled_content":false,"_jetpack_memberships_contains_paid_content":false,"footnotes":""},"categories":[35],"tags":[949,27819,9335,2271,2049],"class_list":["post-115962","post","type-post","status-publish","format-standard","has-post-thumbnail","hentry","category-nacionales","tag-autoridades","tag-black-friday","tag-plazas-comerciales","tag-representantes","tag-transito"],"jetpack_featured_media_url":"https:\/\/lasprimeras.com.do\/wp-content\/uploads\/2025\/11\/Black-Friday.jpg","jetpack-related-posts":[{"id":116141,"url":"https:\/\/lasprimeras.com.do\/index.php\/2025\/11\/27\/autoridades-de-transporte-activan-plan-especial-de-movilidad-por-viernes-negro-2025\/","url_meta":{"origin":115962,"position":0},"title":"Autoridades de Transporte activan Plan Especial de Movilidad por Viernes Negro 2025","author":"Nelson Feliz","date":"27 de noviembre de 2025","format":false,"excerpt":"Con este operativo, el INTRANT y la DIGESETT refuerzan la gesti\u00f3n del tr\u00e1nsito, el transporte p\u00fablico y la log\u00edstica urbana ante el aumento de desplazamientos por las actividades comerciales. Las autoridades del Gabinete de Transporte informaron la puesta en marcha del Plan Especial de Movilidad por el D\u00eda de Acci\u00f3n\u2026","rel":"","context":"En \u00abNACIONALES\u00bb","block_context":{"text":"NACIONALES","link":"https:\/\/lasprimeras.com.do\/index.php\/category\/nacionales\/"},"img":{"alt_text":"","src":"https:\/\/i0.wp.com\/lasprimeras.com.do\/wp-content\/uploads\/2025\/11\/calle.jpg?resize=350%2C200&ssl=1","width":350,"height":200,"srcset":"https:\/\/i0.wp.com\/lasprimeras.com.do\/wp-content\/uploads\/2025\/11\/calle.jpg?resize=350%2C200&ssl=1 1x, https:\/\/i0.wp.com\/lasprimeras.com.do\/wp-content\/uploads\/2025\/11\/calle.jpg?resize=525%2C300&ssl=1 1.5x, https:\/\/i0.wp.com\/lasprimeras.com.do\/wp-content\/uploads\/2025\/11\/calle.jpg?resize=700%2C400&ssl=1 2x"},"classes":[]},{"id":122116,"url":"https:\/\/lasprimeras.com.do\/index.php\/2026\/02\/13\/transito-caoticos-tras-la-celebracion-del-dia-de-san-valentin\/","url_meta":{"origin":115962,"position":1},"title":"Transito ca\u00f3ticos tras la celebraci\u00f3n del Dia de San Valentin","author":"Nelson Feliz","date":"13 de febrero de 2026","format":false,"excerpt":"En v\u00edspera de la celebraci\u00f3n del Dia del Amor y la Amistad (Dia de San Valentin) el transito se ha tornado ca\u00f3ticos en las principales calles y avenidas del Gran Santo Domingo y el Distrito Nacional. La poblaci\u00f3n ha acudido masivamente a las principales arterias comerciales, para comprar los regalos\u2026","rel":"","context":"En \u00abNACIONALES\u00bb","block_context":{"text":"NACIONALES","link":"https:\/\/lasprimeras.com.do\/index.php\/category\/nacionales\/"},"img":{"alt_text":"","src":"https:\/\/i0.wp.com\/lasprimeras.com.do\/wp-content\/uploads\/2026\/02\/transito.jpg?resize=350%2C200&ssl=1","width":350,"height":200,"srcset":"https:\/\/i0.wp.com\/lasprimeras.com.do\/wp-content\/uploads\/2026\/02\/transito.jpg?resize=350%2C200&ssl=1 1x, https:\/\/i0.wp.com\/lasprimeras.com.do\/wp-content\/uploads\/2026\/02\/transito.jpg?resize=525%2C300&ssl=1 1.5x, https:\/\/i0.wp.com\/lasprimeras.com.do\/wp-content\/uploads\/2026\/02\/transito.jpg?resize=700%2C400&ssl=1 2x"},"classes":[]},{"id":88544,"url":"https:\/\/lasprimeras.com.do\/index.php\/2024\/08\/30\/autoridades-guardan-silencio-antes-caos-en-los-semaforos\/","url_meta":{"origin":115962,"position":2},"title":"Autoridades guardan silencio antes caos en los sem\u00e1foros","author":"Nelson Feliz","date":"30 de agosto de 2024","format":false,"excerpt":"Este viernes, el tr\u00e1nsito en la avenida Winston Churchill, del Distrito Nacional, se ha caracterizado por la inoperatividad de los sem\u00e1foros, los cuales se encuentran apagados en su mayor\u00eda. Desde a la avenida Independencia hasta la Gustavo Mej\u00eda Ricart, solo est\u00e1n funcionando el sem\u00e1foro de la calle Paseo de los\u2026","rel":"","context":"En \u00abNACIONALES\u00bb","block_context":{"text":"NACIONALES","link":"https:\/\/lasprimeras.com.do\/index.php\/category\/nacionales\/"},"img":{"alt_text":"","src":"https:\/\/i0.wp.com\/lasprimeras.com.do\/wp-content\/uploads\/2024\/08\/semaforos.jpeg?resize=350%2C200&ssl=1","width":350,"height":200,"srcset":"https:\/\/i0.wp.com\/lasprimeras.com.do\/wp-content\/uploads\/2024\/08\/semaforos.jpeg?resize=350%2C200&ssl=1 1x, https:\/\/i0.wp.com\/lasprimeras.com.do\/wp-content\/uploads\/2024\/08\/semaforos.jpeg?resize=525%2C300&ssl=1 1.5x, https:\/\/i0.wp.com\/lasprimeras.com.do\/wp-content\/uploads\/2024\/08\/semaforos.jpeg?resize=700%2C400&ssl=1 2x"},"classes":[]},{"id":106446,"url":"https:\/\/lasprimeras.com.do\/index.php\/2025\/08\/15\/digesett-garantiza-la-seguridad-vial-busca-reducir-accidentes-de-transito-en-higuey\/","url_meta":{"origin":115962,"position":3},"title":"DIGESETT garantiza la seguridad vial , busca reducir accidentes de tr\u00e1nsito en Hig\u00fcey","author":"Nelson Feliz","date":"15 de agosto de 2025","format":false,"excerpt":"La Direcci\u00f3n General de Seguridad de Tr\u00e1nsito y Transporte Terrestre (DIGESETT) realiz\u00f3 un amplio operativo de prevenci\u00f3n y correcci\u00f3n de infracciones a la Ley 63-17, de Movilidad, Transporte Terrestre, Tr\u00e1nsito y Seguridad Vial, en la provincia La Altagracia, municipio Hig\u00fcey. Durante la jornada, agentes de la DIGESETT fiscalizaron 1,054 conductores,\u2026","rel":"","context":"En \u00abNACIONALES\u00bb","block_context":{"text":"NACIONALES","link":"https:\/\/lasprimeras.com.do\/index.php\/category\/nacionales\/"},"img":{"alt_text":"","src":"https:\/\/i0.wp.com\/lasprimeras.com.do\/wp-content\/uploads\/2025\/08\/se.jpg?resize=350%2C200&ssl=1","width":350,"height":200,"srcset":"https:\/\/i0.wp.com\/lasprimeras.com.do\/wp-content\/uploads\/2025\/08\/se.jpg?resize=350%2C200&ssl=1 1x, https:\/\/i0.wp.com\/lasprimeras.com.do\/wp-content\/uploads\/2025\/08\/se.jpg?resize=525%2C300&ssl=1 1.5x, https:\/\/i0.wp.com\/lasprimeras.com.do\/wp-content\/uploads\/2025\/08\/se.jpg?resize=700%2C400&ssl=1 2x"},"classes":[]},{"id":104289,"url":"https:\/\/lasprimeras.com.do\/index.php\/2025\/07\/23\/digesett-escucha-inquietudes-de-transportistas-y-verifica-puntos-criticos-de-transito-en-santiago\/","url_meta":{"origin":115962,"position":4},"title":"DIGESETT escucha inquietudes de transportistas y verifica puntos cr\u00edticos de tr\u00e1nsito en Santiago","author":"Nelson Feliz","date":"23 de julio de 2025","format":false,"excerpt":"El director de la Direcci\u00f3n General de Seguridad de Tr\u00e1nsito y Transporte Terrestre (DIGESETT), general Pascual Cruz M\u00e9ndez, junto al director regional de Santiago, coronel Leuribis A. Urb\u00e1ez Mancebo, sostuvo un encuentro con dirigentes del transporte local con el objetivo de escuchar sus inquietudes y avanzar en soluciones concretas para\u2026","rel":"","context":"En \u00abNACIONALES\u00bb","block_context":{"text":"NACIONALES","link":"https:\/\/lasprimeras.com.do\/index.php\/category\/nacionales\/"},"img":{"alt_text":"","src":"https:\/\/i0.wp.com\/lasprimeras.com.do\/wp-content\/uploads\/2025\/07\/S4.jpg?resize=350%2C200&ssl=1","width":350,"height":200,"srcset":"https:\/\/i0.wp.com\/lasprimeras.com.do\/wp-content\/uploads\/2025\/07\/S4.jpg?resize=350%2C200&ssl=1 1x, https:\/\/i0.wp.com\/lasprimeras.com.do\/wp-content\/uploads\/2025\/07\/S4.jpg?resize=525%2C300&ssl=1 1.5x, https:\/\/i0.wp.com\/lasprimeras.com.do\/wp-content\/uploads\/2025\/07\/S4.jpg?resize=700%2C400&ssl=1 2x"},"classes":[]},{"id":95436,"url":"https:\/\/lasprimeras.com.do\/index.php\/2025\/03\/13\/digesett-y-la-cntu-se-reunen-para-abordar-temas-de-seguridad-vial\/","url_meta":{"origin":115962,"position":5},"title":"DIGESETT y la CNTU se re\u00fanen para abordar temas de seguridad vial","author":"Nelson Feliz","date":"13 de marzo de 2025","format":false,"excerpt":"CNTU presenta veh\u00edculos el\u00e9ctricos destinados al transporte p\u00fablico de pasajeros. La Direcci\u00f3n General de Seguridad de Tr\u00e1nsito y Transporte Terrestre (DIGESETT), encabezada por su director, el general Francisco Osoria de la Cruz, recibi\u00f3 la visita del presidente de la Central Nacional de Transportistas Unidos (CNTU), Williams P\u00e9rez Figuereo, as\u00ed como\u2026","rel":"","context":"En \u00abNACIONALES\u00bb","block_context":{"text":"NACIONALES","link":"https:\/\/lasprimeras.com.do\/index.php\/category\/nacionales\/"},"img":{"alt_text":"Osoria de la Cruz y Williams P\u00e9rez Figuereo","src":"https:\/\/i0.wp.com\/lasprimeras.com.do\/wp-content\/uploads\/2025\/03\/Osoria-de-la-Cruz-y-Williams-Perez-Figuereo.jpg?resize=350%2C200&ssl=1","width":350,"height":200,"srcset":"https:\/\/i0.wp.com\/lasprimeras.com.do\/wp-content\/uploads\/2025\/03\/Osoria-de-la-Cruz-y-Williams-Perez-Figuereo.jpg?resize=350%2C200&ssl=1 1x, https:\/\/i0.wp.com\/lasprimeras.com.do\/wp-content\/uploads\/2025\/03\/Osoria-de-la-Cruz-y-Williams-Perez-Figuereo.jpg?resize=525%2C300&ssl=1 1.5x"},"classes":[]}],"jetpack_sharing_enabled":true,"_links":{"self":[{"href":"https:\/\/lasprimeras.com.do\/index.php\/wp-json\/wp\/v2\/posts\/115962","targetHints":{"allow":["GET"]}}],"collection":[{"href":"https:\/\/lasprimeras.com.do\/index.php\/wp-json\/wp\/v2\/posts"}],"about":[{"href":"https:\/\/lasprimeras.com.do\/index.php\/wp-json\/wp\/v2\/types\/post"}],"author":[{"embeddable":true,"href":"https:\/\/lasprimeras.com.do\/index.php\/wp-json\/wp\/v2\/users\/10"}],"replies":[{"embeddable":true,"href":"https:\/\/lasprimeras.com.do\/index.php\/wp-json\/wp\/v2\/comments?post=115962"}],"version-history":[{"count":1,"href":"https:\/\/lasprimeras.com.do\/index.php\/wp-json\/wp\/v2\/posts\/115962\/revisions"}],"predecessor-version":[{"id":115964,"href":"https:\/\/lasprimeras.com.do\/index.php\/wp-json\/wp\/v2\/posts\/115962\/revisions\/115964"}],"wp:featuredmedia":[{"embeddable":true,"href":"https:\/\/lasprimeras.com.do\/index.php\/wp-json\/wp\/v2\/media\/115963"}],"wp:attachment":[{"href":"https:\/\/lasprimeras.com.do\/index.php\/wp-json\/wp\/v2\/media?parent=115962"}],"wp:term":[{"taxonomy":"category","embeddable":true,"href":"https:\/\/lasprimeras.com.do\/index.php\/wp-json\/wp\/v2\/categories?post=115962"},{"taxonomy":"post_tag","embeddable":true,"href":"https:\/\/lasprimeras.com.do\/index.php\/wp-json\/wp\/v2\/tags?post=115962"}],"curies":[{"name":"wp","href":"https:\/\/api.w.org\/{rel}","templated":true}]}}