{"id":115975,"date":"2025-11-26T13:00:59","date_gmt":"2025-11-26T17:00:59","guid":{"rendered":"https:\/\/lasprimeras.com.do\/?p=115975"},"modified":"2025-11-26T13:01:01","modified_gmt":"2025-11-26T17:01:01","slug":"fedomu-region-enriquillo-e-indesur-brindaran-apoyo-a-zonas-vulnerables","status":"publish","type":"post","link":"https:\/\/lasprimeras.com.do\/index.php\/2025\/11\/26\/fedomu-region-enriquillo-e-indesur-brindaran-apoyo-a-zonas-vulnerables\/","title":{"rendered":"Fedomu Regi\u00f3n Enriquillo e Indesur brindar\u00e1n apoyo a zonas vulnerables"},"content":{"rendered":"\n<p>Fedomu Regi\u00f3n Enriquillo y el Instituto para el Desarrollo del Suroeste (Indesur) firmaron un acuerdo de colaboraci\u00f3n con la finalidad de brindar apoyo en la intervenci\u00f3n de zonas geogr\u00e1ficas vulnerables, para mejorar las condiciones de vida de los residentes de las provincias Barahona, Bahoruco, Independencia y Pedernales y sus municipios.<\/p>\n\n\n\n<p>El convenio, suscrito por el presidente de la regional de la Federaci\u00f3n Dominicana de Municipios (Fedomu) y alcalde de Para\u00edso, Francisco Orlando Acosta, y el director de Indesur y exalcalde de Barahona, Noel Suberv\u00ed, establece las bases y condiciones bajo las cuales ambas instituciones se comprometen a reducir la pobreza y la inequidad en los municipios de esa regi\u00f3n.<\/p>\n\n\n\n<p>Participaron la gobernadora de Barahona, Oneida Feliz, y el coordinador t\u00e9cnico de esa regional, Raysel Aquino.<\/p>\n\n\n\n<p>Asimismo, tambi\u00e9n se realizar\u00e1n programas de capacitaci\u00f3n y orientaci\u00f3n, en un marco de corresponsabilidad social compartida, sobre la recolecci\u00f3n de residuos s\u00f3lidos, medio ambiente, ornato, salubridad e higiene.<\/p>\n\n\n\n<p>Entre las obligaciones de Fedomu Regi\u00f3n Enriquillo se citan canalizar la cooperaci\u00f3n de Indesur con los equipos de recolecci\u00f3n de residuos s\u00f3lidos de los ayuntamientos, como camiones compactadores, equipos pesados, volteos, as\u00ed como asistencia en los diferentes municipios.<\/p>\n\n\n\n<p>Brindar asesor\u00eda t\u00e9cnica y log\u00edstica, as\u00ed como capacitaciones en municipalidad, sobre al manejo integral de los residuos s\u00f3lidos y la gesti\u00f3n ambiental, y levantar un diagn\u00f3stico que identifique las comunidades, cascos urbanos y regiones que requieran revitalizaci\u00f3n de sus entornos, o la intervenci\u00f3n de Indesur para mejorar la calidad de vida de la poblaci\u00f3n afectada.<\/p>\n\n\n\n<p>Tambi\u00e9n, identificar las obras de impacto en los municipios y localidades, y el acompa\u00f1amiento a los ayuntamientos y distritos municipales, apoyo t\u00e9cnico y administrativo en cada municipio para la implementaci\u00f3n de las actividades y acciones que se ejecutar\u00e1n. <\/p>\n\n\n\n<p>Facilitar a Indesur los datos de contacto de las diferentes alcald\u00edas de la Regi\u00f3n Enriquillo que estar\u00edan apoyando las distintas acciones e iniciativas del \u00f3rgano constitucional.<\/p>\n\n\n\n<p>De su parte, el Indesur se encargar\u00e1 de realizar intervenciones de emergencia en los diferentes municipios y demarcaciones del pa\u00eds que ameriten atenci\u00f3n, limpieza y saneamiento, as\u00ed como la realizaci\u00f3n de operativos y lo relativo al fomento y promoci\u00f3n para la adecuada gesti\u00f3n y manejo integral de residuos s\u00f3lidos y la econom\u00eda circular.<\/p>\n\n\n\n<p>Adem\u00e1s, reforzar\u00e1 y brindar\u00e1 asistencia a los sistemas de recolecci\u00f3n de residuos s\u00f3lidos, en coordinaci\u00f3n con los ayuntamientos y juntas de distrito municipal, as\u00ed como remediar, mejorar o solucionar los problemas relacionados con el manejo de la disposici\u00f3n final de dichos residuos.<\/p>\n\n\n\n<p>Promover, impulsar y desarrollar soluciones ecol\u00f3gicamente sostenibles en infraestructura, ya sea de car\u00e1cter institucional, habitacional o de otra \u00edndole en los municipios de la Regi\u00f3n Enriquillo.<\/p>\n","protected":false},"excerpt":{"rendered":"<p>Fedomu Regi\u00f3n Enriquillo y el Instituto para el Desarrollo del Suroeste (Indesur) firmaron un acuerdo de colaboraci\u00f3n con la finalidad de brindar apoyo en la intervenci\u00f3n de zonas geogr\u00e1ficas vulnerables,&hellip;<\/p>\n","protected":false},"author":10,"featured_media":115976,"comment_status":"open","ping_status":"open","sticky":false,"template":"","format":"standard","meta":{"content-type":"","jetpack_post_was_ever_published":false,"_jetpack_newsletter_access":"","_jetpack_dont_email_post_to_subs":false,"_jetpack_newsletter_tier_id":0,"_jetpack_memberships_contains_paywalled_content":false,"_jetpack_memberships_contains_paid_content":false,"footnotes":""},"categories":[35],"tags":[1035],"class_list":["post-115975","post","type-post","status-publish","format-standard","has-post-thumbnail","hentry","category-nacionales","tag-fedomu"],"jetpack_featured_media_url":"https:\/\/lasprimeras.com.do\/wp-content\/uploads\/2025\/11\/Fedomu.jpg","jetpack-related-posts":[{"id":78897,"url":"https:\/\/lasprimeras.com.do\/index.php\/2024\/03\/21\/liga-municipal-fedomu-y-fedodim-orientan-alcaldes-y-alcaldesas-electos-de-la-region-enriquillo\/","url_meta":{"origin":115975,"position":0},"title":"Liga Municipal, Fedomu y Fedodim orientan alcaldes y alcaldesas electos de la Regi\u00f3n Enriquillo","author":"BIMARY DE JES\u00daS Matos","date":"21 de marzo de 2024","format":false,"excerpt":"Martin Restituyo Barahona.- La Liga Municipal Dominicana (LMD), la Federaci\u00f3n Dominicana de Municipios (Fedomu) y la Federaci\u00f3n Dominicana de Distritos Municipales (Fedodim) continuaron el programa de inducci\u00f3n-capacitaci\u00f3n dirigido a los alcaldes y alcaldesas municipales y distritales electos, con la organizaci\u00f3n del quinto taller desarrollado en la Regi\u00f3n Enriquillo. En sus\u2026","rel":"","context":"En \u00abPORTADA\u00bb","block_context":{"text":"PORTADA","link":"https:\/\/lasprimeras.com.do\/index.php\/category\/portada\/"},"img":{"alt_text":"","src":"https:\/\/i0.wp.com\/lasprimeras.com.do\/wp-content\/uploads\/2024\/03\/WhatsApp-Image-2024-03-21-at-9.36.17-AM.jpeg?resize=350%2C200&ssl=1","width":350,"height":200,"srcset":"https:\/\/i0.wp.com\/lasprimeras.com.do\/wp-content\/uploads\/2024\/03\/WhatsApp-Image-2024-03-21-at-9.36.17-AM.jpeg?resize=350%2C200&ssl=1 1x, https:\/\/i0.wp.com\/lasprimeras.com.do\/wp-content\/uploads\/2024\/03\/WhatsApp-Image-2024-03-21-at-9.36.17-AM.jpeg?resize=525%2C300&ssl=1 1.5x, https:\/\/i0.wp.com\/lasprimeras.com.do\/wp-content\/uploads\/2024\/03\/WhatsApp-Image-2024-03-21-at-9.36.17-AM.jpeg?resize=700%2C400&ssl=1 2x, https:\/\/i0.wp.com\/lasprimeras.com.do\/wp-content\/uploads\/2024\/03\/WhatsApp-Image-2024-03-21-at-9.36.17-AM.jpeg?resize=1050%2C600&ssl=1 3x"},"classes":[]},{"id":109473,"url":"https:\/\/lasprimeras.com.do\/index.php\/2025\/09\/18\/fedomu-agradece-entrega-de-camiones-a-municipios-y-dm-turisticos-con-mayor-impacto-de-sargazo\/","url_meta":{"origin":115975,"position":1},"title":"Fedomu agradece entrega de camiones a municipios y DM tur\u00edsticos con mayor impacto de sargazo","author":"Nelson Feliz","date":"18 de septiembre de 2025","format":false,"excerpt":"El presidente de la Federaci\u00f3n Dominicana de Municipios (Fedomu), Nelson N\u00fa\u00f1ez, agradeci\u00f3 al presidente Luis Abinader y al ministro de Turismo, David Collado, la entrega de 38 camiones volteo a municipios y distritos municipales, con el objetivo de reforzar la recogida de desechos s\u00f3lidos en municipios de alta densidad tur\u00edstica.\u2026","rel":"","context":"En \u00abNACIONALES\u00bb","block_context":{"text":"NACIONALES","link":"https:\/\/lasprimeras.com.do\/index.php\/category\/nacionales\/"},"img":{"alt_text":"","src":"https:\/\/i0.wp.com\/lasprimeras.com.do\/wp-content\/uploads\/2025\/09\/camiones.jpg?resize=350%2C200&ssl=1","width":350,"height":200,"srcset":"https:\/\/i0.wp.com\/lasprimeras.com.do\/wp-content\/uploads\/2025\/09\/camiones.jpg?resize=350%2C200&ssl=1 1x, https:\/\/i0.wp.com\/lasprimeras.com.do\/wp-content\/uploads\/2025\/09\/camiones.jpg?resize=525%2C300&ssl=1 1.5x, https:\/\/i0.wp.com\/lasprimeras.com.do\/wp-content\/uploads\/2025\/09\/camiones.jpg?resize=700%2C400&ssl=1 2x"},"classes":[]},{"id":78827,"url":"https:\/\/lasprimeras.com.do\/index.php\/2024\/03\/20\/entidades-municipales-orientan-alcaldes-y-alcaldesas-electos-de-la-region-enriquillo\/","url_meta":{"origin":115975,"position":2},"title":"Entidades municipales orientan alcaldes y alcaldesas electos de la Regi\u00f3n Enriquillo","author":"Nelson Feliz","date":"20 de marzo de 2024","format":false,"excerpt":"La Liga Municipal Dominicana, la Federaci\u00f3n de Municipio y la de Distritos Municipales continuaron el programa de inducci\u00f3n-capacitaci\u00f3n dirigido a los alcaldes y alcaldesas municipales y distritales electos, con la organizaci\u00f3n del quinto taller desarrollado en la Regi\u00f3n Enriquillo - Barahona. El alcalde M\u00edctor Fern\u00e1ndez, destac\u00f3 la importancia de esta\u2026","rel":"","context":"En \u00abNACIONALES\u00bb","block_context":{"text":"NACIONALES","link":"https:\/\/lasprimeras.com.do\/index.php\/category\/nacionales\/"},"img":{"alt_text":"Alcaldes","src":"https:\/\/i0.wp.com\/lasprimeras.com.do\/wp-content\/uploads\/2024\/03\/Alcaldes.jpg?resize=350%2C200&ssl=1","width":350,"height":200,"srcset":"https:\/\/i0.wp.com\/lasprimeras.com.do\/wp-content\/uploads\/2024\/03\/Alcaldes.jpg?resize=350%2C200&ssl=1 1x, https:\/\/i0.wp.com\/lasprimeras.com.do\/wp-content\/uploads\/2024\/03\/Alcaldes.jpg?resize=525%2C300&ssl=1 1.5x, https:\/\/i0.wp.com\/lasprimeras.com.do\/wp-content\/uploads\/2024\/03\/Alcaldes.jpg?resize=700%2C400&ssl=1 2x"},"classes":[]},{"id":106978,"url":"https:\/\/lasprimeras.com.do\/index.php\/2025\/08\/21\/presidente-de-fedomu-destaca-experiencia-puerto-rico-fortalece-lazos-entre-alcaldes-de-la-region\/","url_meta":{"origin":115975,"position":3},"title":"Presidente de Fedomu destaca experiencia Puerto Rico fortalece lazos entre alcaldes de la regi\u00f3n\u00a0","author":"Nelson Feliz","date":"21 de agosto de 2025","format":false,"excerpt":"Puerto Rico. El presidente de la Federaci\u00f3n Dominicana de Municipios (Fedomu) alcalde de Saman\u00e1, Nelson N\u00fa\u00f1ez, destac\u00f3 que Experiencia Puerto Rico 2025 es un encuentro para fortalecer los lazos entre los alcaldes de la regi\u00f3n y socializar sobre los temas que impactan en los territorios. El ejecutivo municipal tuvo una\u2026","rel":"","context":"En \u00abPOLITICA\u00bb","block_context":{"text":"POLITICA","link":"https:\/\/lasprimeras.com.do\/index.php\/category\/politica\/"},"img":{"alt_text":"","src":"https:\/\/i0.wp.com\/lasprimeras.com.do\/wp-content\/uploads\/2025\/08\/Nelson-Nunez.jpg?resize=350%2C200&ssl=1","width":350,"height":200,"srcset":"https:\/\/i0.wp.com\/lasprimeras.com.do\/wp-content\/uploads\/2025\/08\/Nelson-Nunez.jpg?resize=350%2C200&ssl=1 1x, https:\/\/i0.wp.com\/lasprimeras.com.do\/wp-content\/uploads\/2025\/08\/Nelson-Nunez.jpg?resize=525%2C300&ssl=1 1.5x, https:\/\/i0.wp.com\/lasprimeras.com.do\/wp-content\/uploads\/2025\/08\/Nelson-Nunez.jpg?resize=700%2C400&ssl=1 2x"},"classes":[]},{"id":104999,"url":"https:\/\/lasprimeras.com.do\/index.php\/2025\/07\/29\/fedomu-y-colegio-de-abogados-capacitaran-juristas-de-los-ayuntamientos\/","url_meta":{"origin":115975,"position":4},"title":"Fedomu y Colegio de Abogados capacitar\u00e1n juristas de los ayuntamientos","author":"Nelson Feliz","date":"29 de julio de 2025","format":false,"excerpt":"Ambas entidades firman acuerdo de colaboraci\u00f3n. La Federaci\u00f3n Dominicana de Municipios (Fedomu) y el Colegio de Abogados de la Rep\u00fablica Dominicana (CARD) desarrollar\u00e1n talleres de capacitaci\u00f3n t\u00e9cnica jur\u00eddica en las 10 regionales de municipios para los abogados de los ayuntamientos que sean previamente seleccionados por los alcaldes. Durante la firma\u2026","rel":"","context":"En \u00abNACIONALES\u00bb","block_context":{"text":"NACIONALES","link":"https:\/\/lasprimeras.com.do\/index.php\/category\/nacionales\/"},"img":{"alt_text":"","src":"https:\/\/i0.wp.com\/lasprimeras.com.do\/wp-content\/uploads\/2025\/07\/fedomu-1.jpg?resize=350%2C200&ssl=1","width":350,"height":200,"srcset":"https:\/\/i0.wp.com\/lasprimeras.com.do\/wp-content\/uploads\/2025\/07\/fedomu-1.jpg?resize=350%2C200&ssl=1 1x, https:\/\/i0.wp.com\/lasprimeras.com.do\/wp-content\/uploads\/2025\/07\/fedomu-1.jpg?resize=525%2C300&ssl=1 1.5x, https:\/\/i0.wp.com\/lasprimeras.com.do\/wp-content\/uploads\/2025\/07\/fedomu-1.jpg?resize=700%2C400&ssl=1 2x"},"classes":[]},{"id":100725,"url":"https:\/\/lasprimeras.com.do\/index.php\/2025\/06\/11\/fedomu-y-onaprep-buscan-insertar-internos-a-labores-comunitarias\/","url_meta":{"origin":115975,"position":5},"title":"Fedomu y Onaprep buscan insertar internos a labores comunitarias","author":"Nelson Feliz","date":"11 de junio de 2025","format":false,"excerpt":"La Federaci\u00f3n Dominicana de Municipios (Fedomu) y la Oficina Nacional de Apoyo a la Reforma Penitenciaria (Onaprep) firmaron un acuerdo de colaboraci\u00f3n con el inter\u00e9s de facilitar a los privados de libertad insertarse en labores comunitarias de los gobiernos locales. El convenio, que fue suscrito por el presidente de Fedomu\u2026","rel":"","context":"En \u00abNACIONALES\u00bb","block_context":{"text":"NACIONALES","link":"https:\/\/lasprimeras.com.do\/index.php\/category\/nacionales\/"},"img":{"alt_text":"","src":"https:\/\/i0.wp.com\/lasprimeras.com.do\/wp-content\/uploads\/2025\/06\/fedomu-1.jpg?resize=350%2C200&ssl=1","width":350,"height":200,"srcset":"https:\/\/i0.wp.com\/lasprimeras.com.do\/wp-content\/uploads\/2025\/06\/fedomu-1.jpg?resize=350%2C200&ssl=1 1x, https:\/\/i0.wp.com\/lasprimeras.com.do\/wp-content\/uploads\/2025\/06\/fedomu-1.jpg?resize=525%2C300&ssl=1 1.5x, https:\/\/i0.wp.com\/lasprimeras.com.do\/wp-content\/uploads\/2025\/06\/fedomu-1.jpg?resize=700%2C400&ssl=1 2x"},"classes":[]}],"jetpack_sharing_enabled":true,"_links":{"self":[{"href":"https:\/\/lasprimeras.com.do\/index.php\/wp-json\/wp\/v2\/posts\/115975","targetHints":{"allow":["GET"]}}],"collection":[{"href":"https:\/\/lasprimeras.com.do\/index.php\/wp-json\/wp\/v2\/posts"}],"about":[{"href":"https:\/\/lasprimeras.com.do\/index.php\/wp-json\/wp\/v2\/types\/post"}],"author":[{"embeddable":true,"href":"https:\/\/lasprimeras.com.do\/index.php\/wp-json\/wp\/v2\/users\/10"}],"replies":[{"embeddable":true,"href":"https:\/\/lasprimeras.com.do\/index.php\/wp-json\/wp\/v2\/comments?post=115975"}],"version-history":[{"count":1,"href":"https:\/\/lasprimeras.com.do\/index.php\/wp-json\/wp\/v2\/posts\/115975\/revisions"}],"predecessor-version":[{"id":115977,"href":"https:\/\/lasprimeras.com.do\/index.php\/wp-json\/wp\/v2\/posts\/115975\/revisions\/115977"}],"wp:featuredmedia":[{"embeddable":true,"href":"https:\/\/lasprimeras.com.do\/index.php\/wp-json\/wp\/v2\/media\/115976"}],"wp:attachment":[{"href":"https:\/\/lasprimeras.com.do\/index.php\/wp-json\/wp\/v2\/media?parent=115975"}],"wp:term":[{"taxonomy":"category","embeddable":true,"href":"https:\/\/lasprimeras.com.do\/index.php\/wp-json\/wp\/v2\/categories?post=115975"},{"taxonomy":"post_tag","embeddable":true,"href":"https:\/\/lasprimeras.com.do\/index.php\/wp-json\/wp\/v2\/tags?post=115975"}],"curies":[{"name":"wp","href":"https:\/\/api.w.org\/{rel}","templated":true}]}}