{"id":115999,"date":"2025-11-26T20:40:47","date_gmt":"2025-11-27T00:40:47","guid":{"rendered":"https:\/\/lasprimeras.com.do\/?p=115999"},"modified":"2025-11-26T20:40:49","modified_gmt":"2025-11-27T00:40:49","slug":"venezuela-llama-locura-imperial-que-rd-autorice-a-ee-uu-a-utilizar-aeropuertos","status":"publish","type":"post","link":"https:\/\/lasprimeras.com.do\/index.php\/2025\/11\/26\/venezuela-llama-locura-imperial-que-rd-autorice-a-ee-uu-a-utilizar-aeropuertos\/","title":{"rendered":"Venezuela llama &#8220;locura imperial&#8221; que RD autorice a EE. UU. a utilizar aeropuertos"},"content":{"rendered":"\n<p><strong>El presidente Luis Abinader anunci\u00f3 hoy un acuerdo con el secretario de Guerra estadounidense, Pete Hegseth, que autoriza a esa naci\u00f3n al uso temporal de dos aeropuertos para el combate del narcotr\u00e1fico en la regi\u00f3n<\/strong><\/p>\n\n\n\n<p><strong>Caracas, EFE- <\/strong>El ministro de Interior de Venezuela, Diosdado Cabello, consider\u00f3 este mi\u00e9rcoles como una &#8220;locura imperial&#8221; que Rep\u00fablica Dominicana autorice a Estados Unidos a utilizar de manera &#8220;provisional&#8221; dos aeropuertos en Santo Domingo como parte de la lucha contra el narcotr\u00e1fico en la regi\u00f3n a trav\u00e9s de la operaci\u00f3n estadounidense &#8216;Lanza del Sur&#8217;.<\/p>\n\n\n\n<p>&#8220;En las locuras imperiales, ellos todos los d\u00edas nos amenazan, todos los d\u00edas inventan una cosa y si no la inventan la reciclan. A m\u00ed me dan ganas de re\u00edr que hoy veo que el presidente de Rep\u00fablica Dominicana (Luis Abinader) autoriza los vuelos estadounidenses. No hab\u00edan nacido ustedes y ese aeropuerto le pertenece a los gringos. Pero ellos reciclan&#8221;, dijo Cabello en su programa semanal &#8216;Con el mazo dando&#8217;.<\/p>\n\n\n\n<p>El presidente Luis Abinader anunci\u00f3 un acuerdo con el secretario de Guerra estadounidense, Pete Hegseth, que autoriza a esa naci\u00f3n al uso temporal de dos aeropuertos para el combate del narcotr\u00e1fico en la regi\u00f3n.<\/p>\n\n\n\n<p>El alto mando estadounidense est\u00e1 de visita en el pa\u00eds. Hoy se reuni\u00f3 con el mandatario en el Palacio Nacional, tan pronto aterriz\u00f3 por el Aeropuerto Internacional de las Am\u00e9ricas (Aila).<\/p>\n","protected":false},"excerpt":{"rendered":"<p>El presidente Luis Abinader anunci\u00f3 hoy un acuerdo con el secretario de Guerra estadounidense, Pete Hegseth, que autoriza a esa naci\u00f3n al uso temporal de dos aeropuertos para el combate&hellip;<\/p>\n","protected":false},"author":10,"featured_media":89013,"comment_status":"open","ping_status":"open","sticky":false,"template":"","format":"standard","meta":{"content-type":"","jetpack_post_was_ever_published":false,"_jetpack_newsletter_access":"","_jetpack_dont_email_post_to_subs":false,"_jetpack_newsletter_tier_id":0,"_jetpack_memberships_contains_paywalled_content":false,"_jetpack_memberships_contains_paid_content":false,"footnotes":""},"categories":[16289],"tags":[26771,2831,27833,127,27834,420],"class_list":["post-115999","post","type-post","status-publish","format-standard","has-post-thumbnail","hentry","category-internacionales","tag-autorice","tag-ee-uu-2","tag-locura-imperial","tag-rd","tag-utilizar-aeropuertos","tag-venezuela"],"jetpack_featured_media_url":"https:\/\/lasprimeras.com.do\/wp-content\/uploads\/2024\/09\/Diosdado-Cabello.jpg","jetpack-related-posts":[{"id":116146,"url":"https:\/\/lasprimeras.com.do\/index.php\/2025\/11\/27\/leonel-fernandez-y-danilo-medina-estaban-enterados-del-acuerdo-a-firmar-de-rd-con-ee-uu\/","url_meta":{"origin":115999,"position":0},"title":"Leonel Fern\u00e1ndez y Danilo Medina estaban enterados del acuerdo a firmar de RD con EE.UU.","author":"Nelson Feliz","date":"27 de noviembre de 2025","format":false,"excerpt":"Las conversaciones se produjeron en l\u00ednea por la pol\u00edtica asumida por el presidente Luis Abinader desde el inicio de su gesti\u00f3n: discutir decisiones de alta trascendencia nacional con referentes pol\u00edticos del pa\u00eds. El Gobierno dominicano sostuvo conversaciones previas con los l\u00edderes de la oposici\u00f3n, los expresidentes Leonel Fern\u00e1ndez y Danilo\u2026","rel":"","context":"En \u00abPOLITICA\u00bb","block_context":{"text":"POLITICA","link":"https:\/\/lasprimeras.com.do\/index.php\/category\/politica\/"},"img":{"alt_text":"Leonel Fern\u00e1ndez y Danilo Medina","src":"https:\/\/i0.wp.com\/lasprimeras.com.do\/wp-content\/uploads\/2025\/11\/Leonel-Fernandez-y-Danilo-Medina-1.jpg?resize=350%2C200&ssl=1","width":350,"height":200},"classes":[]},{"id":114497,"url":"https:\/\/lasprimeras.com.do\/index.php\/2025\/11\/14\/nuevo-ataque-de-ee-uu-a-presunta-narcolancha-mata-a-cuatro-en-el-caribe-segun-medios\/","url_meta":{"origin":115999,"position":1},"title":"Nuevo ataque de EE. UU. a presunta narcolancha mata a cuatro en el Caribe, seg\u00fan medios","author":"Nelson Feliz","date":"14 de noviembre de 2025","format":false,"excerpt":"Ya son 21 las embarcaciones bombardeadas por las fuerzas estadounidenses con un saldo de al menos 80 muertos Washington,AFP- Estados Unidos destruy\u00f3 esta semana otra presunta embarcaci\u00f3n con drogas en el Caribe, matando a las cuatro personas que iban a bordo, seg\u00fan medios estadounidenses que citan a un funcionario del\u2026","rel":"","context":"En \u00abINTERNACIONALES\u00bb","block_context":{"text":"INTERNACIONALES","link":"https:\/\/lasprimeras.com.do\/index.php\/category\/sin-categoria\/internacionales\/"},"img":{"alt_text":"","src":"https:\/\/i0.wp.com\/lasprimeras.com.do\/wp-content\/uploads\/2025\/11\/narcolancha.jpg?resize=350%2C200&ssl=1","width":350,"height":200,"srcset":"https:\/\/i0.wp.com\/lasprimeras.com.do\/wp-content\/uploads\/2025\/11\/narcolancha.jpg?resize=350%2C200&ssl=1 1x, https:\/\/i0.wp.com\/lasprimeras.com.do\/wp-content\/uploads\/2025\/11\/narcolancha.jpg?resize=525%2C300&ssl=1 1.5x, https:\/\/i0.wp.com\/lasprimeras.com.do\/wp-content\/uploads\/2025\/11\/narcolancha.jpg?resize=700%2C400&ssl=1 2x"},"classes":[]},{"id":115984,"url":"https:\/\/lasprimeras.com.do\/index.php\/2025\/11\/26\/abinader-explica-razones-por-las-que-aprobo-uso-de-dos-aeropuertos-a-ee-uu\/","url_meta":{"origin":115999,"position":2},"title":"Abinader explica razones por las que aprob\u00f3 uso de dos aeropuertos a EE. UU.","author":"Nelson Feliz","date":"26 de noviembre de 2025","format":false,"excerpt":"El presidente asegur\u00f3 que el pa\u00eds est\u00e1 enfrentando \"una amenaza real que no reconoce fronteras\". El presidente Luis Abinader explic\u00f3 este mi\u00e9rcoles las razones que llevaron al Gobierno dominicano a autorizar, de manera temporal y bajo estrictas limitaciones, el uso de espacios en los aeropuertos de la Base A\u00e9rea de\u2026","rel":"","context":"En \u00abNACIONALES\u00bb","block_context":{"text":"NACIONALES","link":"https:\/\/lasprimeras.com.do\/index.php\/category\/nacionales\/"},"img":{"alt_text":"","src":"https:\/\/i0.wp.com\/lasprimeras.com.do\/wp-content\/uploads\/2025\/11\/Luis-Abinader-7-1.jpg?resize=350%2C200&ssl=1","width":350,"height":200,"srcset":"https:\/\/i0.wp.com\/lasprimeras.com.do\/wp-content\/uploads\/2025\/11\/Luis-Abinader-7-1.jpg?resize=350%2C200&ssl=1 1x, https:\/\/i0.wp.com\/lasprimeras.com.do\/wp-content\/uploads\/2025\/11\/Luis-Abinader-7-1.jpg?resize=525%2C300&ssl=1 1.5x, https:\/\/i0.wp.com\/lasprimeras.com.do\/wp-content\/uploads\/2025\/11\/Luis-Abinader-7-1.jpg?resize=700%2C400&ssl=1 2x"},"classes":[]},{"id":115978,"url":"https:\/\/lasprimeras.com.do\/index.php\/2025\/11\/26\/rd-permitira-a-ee-uu-usar-aeropuertos-de-san-isidro-y-las-americas-para-combatir-el-narco\/","url_meta":{"origin":115999,"position":3},"title":"RD permitir\u00e1 a EE. UU. usar aeropuertos de San Isidro y Las Am\u00e9ricas para combatir el narco","author":"Nelson Feliz","date":"26 de noviembre de 2025","format":false,"excerpt":"Avi\u00f3n de las fuerzas militares de los Estados Unidos en el Aeropuerto Internacional de Las Am\u00e9ricas. (NEAL CRUZ.)","rel":"","context":"En \u00abNACIONALES\u00bb","block_context":{"text":"NACIONALES","link":"https:\/\/lasprimeras.com.do\/index.php\/category\/nacionales\/"},"img":{"alt_text":"Avi\u00f3n de las fuerzas militares de los Estados Unidos en el Aeropuerto Internacional de Las Am\u00e9ricas. (NEAL CRUZ.)","src":"https:\/\/i0.wp.com\/lasprimeras.com.do\/wp-content\/uploads\/2025\/11\/Avion-de-las-fuerzas-militares-de-los-Estados-Unidos.jpg?resize=350%2C200&ssl=1","width":350,"height":200,"srcset":"https:\/\/i0.wp.com\/lasprimeras.com.do\/wp-content\/uploads\/2025\/11\/Avion-de-las-fuerzas-militares-de-los-Estados-Unidos.jpg?resize=350%2C200&ssl=1 1x, https:\/\/i0.wp.com\/lasprimeras.com.do\/wp-content\/uploads\/2025\/11\/Avion-de-las-fuerzas-militares-de-los-Estados-Unidos.jpg?resize=525%2C300&ssl=1 1.5x, https:\/\/i0.wp.com\/lasprimeras.com.do\/wp-content\/uploads\/2025\/11\/Avion-de-las-fuerzas-militares-de-los-Estados-Unidos.jpg?resize=700%2C400&ssl=1 2x"},"classes":[]},{"id":118766,"url":"https:\/\/lasprimeras.com.do\/index.php\/2026\/01\/03\/aeropuerto-de-san-juan-suspende-vuelos-tras-ataque-de-ee-uu-a-venezuela\/","url_meta":{"origin":115999,"position":4},"title":"Aeropuerto de San Juan suspende vuelos tras ataque de EE.UU. a Venezuela","author":"Nelson Feliz","date":"3 de enero de 2026","format":false,"excerpt":"\"El espacio a\u00e9reo que cubre a Puerto Rico se encuentra temporalmente restringido para las aerol\u00edneas de los Estados Unidos\". San Juan (EFE).- El Aeropuerto Luis Mu\u00f1oz Mar\u00edn, en San Juan, anunci\u00f3 este s\u00e1bado que suspendi\u00f3, por al menos 24 horas, la mayor\u00eda de los vuelos comerciales desde y hacia la\u2026","rel":"","context":"En \u00abINTERNACIONALES\u00bb","block_context":{"text":"INTERNACIONALES","link":"https:\/\/lasprimeras.com.do\/index.php\/category\/sin-categoria\/internacionales\/"},"img":{"alt_text":"","src":"https:\/\/i0.wp.com\/lasprimeras.com.do\/wp-content\/uploads\/2026\/01\/Aeropuerto-de-San-Juan.jpeg?resize=350%2C200&ssl=1","width":350,"height":200,"srcset":"https:\/\/i0.wp.com\/lasprimeras.com.do\/wp-content\/uploads\/2026\/01\/Aeropuerto-de-San-Juan.jpeg?resize=350%2C200&ssl=1 1x, https:\/\/i0.wp.com\/lasprimeras.com.do\/wp-content\/uploads\/2026\/01\/Aeropuerto-de-San-Juan.jpeg?resize=525%2C300&ssl=1 1.5x, https:\/\/i0.wp.com\/lasprimeras.com.do\/wp-content\/uploads\/2026\/01\/Aeropuerto-de-San-Juan.jpeg?resize=700%2C400&ssl=1 2x, https:\/\/i0.wp.com\/lasprimeras.com.do\/wp-content\/uploads\/2026\/01\/Aeropuerto-de-San-Juan.jpeg?resize=1050%2C600&ssl=1 3x"},"classes":[]},{"id":85403,"url":"https:\/\/lasprimeras.com.do\/index.php\/2024\/06\/29\/rd-extradita-dos-dominicanos-a-ee-uu-acusados-de-narcotrafico-y-asesinato\/","url_meta":{"origin":115999,"position":5},"title":"RD extradita dos dominicanos a EE.UU. acusados de narcotr\u00e1fico y asesinato","author":"Nelson Feliz","date":"29 de junio de 2024","format":false,"excerpt":"Las autoridades dominicanas, a trav\u00e9s de la Procuradur\u00eda General de la Rep\u00fablica (PGR) y la Direcci\u00f3n Nacional de Control de Drogas (DNCD), con la cooperaci\u00f3n del Servicio de Alguaciles de Estados Unidos, (U.S. Marshals), extraditaron a Estados Unidos a otros dos dominicanos, acusados de narcotr\u00e1fico, asesinato y otros delitos. Wascar\u2026","rel":"","context":"En \u00abMILITARES\u00bb","block_context":{"text":"MILITARES","link":"https:\/\/lasprimeras.com.do\/index.php\/category\/militares\/"},"img":{"alt_text":"","src":"https:\/\/i0.wp.com\/lasprimeras.com.do\/wp-content\/uploads\/2024\/06\/DOS-1.jpg?resize=350%2C200&ssl=1","width":350,"height":200,"srcset":"https:\/\/i0.wp.com\/lasprimeras.com.do\/wp-content\/uploads\/2024\/06\/DOS-1.jpg?resize=350%2C200&ssl=1 1x, https:\/\/i0.wp.com\/lasprimeras.com.do\/wp-content\/uploads\/2024\/06\/DOS-1.jpg?resize=525%2C300&ssl=1 1.5x, https:\/\/i0.wp.com\/lasprimeras.com.do\/wp-content\/uploads\/2024\/06\/DOS-1.jpg?resize=700%2C400&ssl=1 2x"},"classes":[]}],"jetpack_sharing_enabled":true,"_links":{"self":[{"href":"https:\/\/lasprimeras.com.do\/index.php\/wp-json\/wp\/v2\/posts\/115999","targetHints":{"allow":["GET"]}}],"collection":[{"href":"https:\/\/lasprimeras.com.do\/index.php\/wp-json\/wp\/v2\/posts"}],"about":[{"href":"https:\/\/lasprimeras.com.do\/index.php\/wp-json\/wp\/v2\/types\/post"}],"author":[{"embeddable":true,"href":"https:\/\/lasprimeras.com.do\/index.php\/wp-json\/wp\/v2\/users\/10"}],"replies":[{"embeddable":true,"href":"https:\/\/lasprimeras.com.do\/index.php\/wp-json\/wp\/v2\/comments?post=115999"}],"version-history":[{"count":1,"href":"https:\/\/lasprimeras.com.do\/index.php\/wp-json\/wp\/v2\/posts\/115999\/revisions"}],"predecessor-version":[{"id":116000,"href":"https:\/\/lasprimeras.com.do\/index.php\/wp-json\/wp\/v2\/posts\/115999\/revisions\/116000"}],"wp:featuredmedia":[{"embeddable":true,"href":"https:\/\/lasprimeras.com.do\/index.php\/wp-json\/wp\/v2\/media\/89013"}],"wp:attachment":[{"href":"https:\/\/lasprimeras.com.do\/index.php\/wp-json\/wp\/v2\/media?parent=115999"}],"wp:term":[{"taxonomy":"category","embeddable":true,"href":"https:\/\/lasprimeras.com.do\/index.php\/wp-json\/wp\/v2\/categories?post=115999"},{"taxonomy":"post_tag","embeddable":true,"href":"https:\/\/lasprimeras.com.do\/index.php\/wp-json\/wp\/v2\/tags?post=115999"}],"curies":[{"name":"wp","href":"https:\/\/api.w.org\/{rel}","templated":true}]}}