{"id":116009,"date":"2025-11-26T21:17:10","date_gmt":"2025-11-27T01:17:10","guid":{"rendered":"https:\/\/lasprimeras.com.do\/?p=116009"},"modified":"2025-11-26T21:17:12","modified_gmt":"2025-11-27T01:17:12","slug":"incendio-en-rascacielos-de-hong-kong-deja-al-menos-44-muertos-279-desaparecidos-y-tres-arrestados","status":"publish","type":"post","link":"https:\/\/lasprimeras.com.do\/index.php\/2025\/11\/26\/incendio-en-rascacielos-de-hong-kong-deja-al-menos-44-muertos-279-desaparecidos-y-tres-arrestados\/","title":{"rendered":"Incendio en rascacielos de Hong Kong deja al menos 44 muertos, 279 desaparecidos y tres arrestados"},"content":{"rendered":"\n<p>POR CHAN HO-HIM and KEN MORITSUGU<\/p>\n\n\n\n<p>HONG KONG (AP) \u2014 El peor incendio que se haya registrado en Hong Kong en varios a\u00f1os ardi\u00f3 durante toda la noche, dejando al menos 44 muertos y 279 personas desaparecidas, mientras los rescatistas segu\u00edan sacando a los residentes de los edificios en llamas.<\/p>\n\n\n\n<p>La polic\u00eda detuvo a tres hombres bajo sospecha de homicidio involuntario en relaci\u00f3n con el incendio, el cual comenz\u00f3 la tarde del mi\u00e9rcoles en un complejo residencial del distrito de Tai Po, un suburbio en los Nuevos Territorios, inform\u00f3 la prensa local. El incendio segu\u00eda ardiendo la ma\u00f1ana del jueves, mientras continuaban las labores de rescate.<\/p>\n\n\n\n<p>Cientos de residentes fueron evacuados mientras el incendio se propagaba por siete de los ocho edificios del complejo. Al menos otras 29 personas permanec\u00edan hospitalizadas. Al caer la noche se pod\u00edan ver las brillantes llamas y el humo que sal\u00edan por las ventanas de los apartamentos.<\/p>\n\n\n\n<p>Las autoridades se\u00f1alaron previamente que se investigar\u00edan diversos factores, incluyendo el cumplimento de los est\u00e1ndares de resistencia al fuego del material de recubrimiento de los muros exteriores, debido a la inusual velocidad con la que se propag\u00f3 el incendio.<\/p>\n\n\n\n<p>El director de Servicios de Bomberos, Andy Yeung, dijo que agentes hab\u00edan encontrado l\u00e1minas de espuma que son sumamente inflamables.<\/p>\n\n\n\n<p>Funcionarios se\u00f1alaron que el incendio comenz\u00f3 en el andamiaje externo de uno de los edificios, una torre de 32 pisos, y luego se extendi\u00f3 al interior y hacia edificios cercanos, probablemente instigado por el viento.<\/p>\n\n\n\n<p>El presidente chino Xi Jinping expres\u00f3 el mi\u00e9rcoles sus condolencias por la muerte de uno de los bomberos y extendi\u00f3 su p\u00e9same a las familias de las v\u00edctimas, seg\u00fan inform\u00f3 la emisora estatal CCTV. Tambi\u00e9n pidi\u00f3 que se hagan todos los esfuerzos posibles para minimizar las p\u00e9rdidas y n\u00famero de v\u00edctimas.<\/p>\n\n\n\n<p>John Lee, el jefe ejecutivo de la ciudad, dijo que el gobierno dar\u00e1 prioridad el desastre, pero suspender\u00e1 los esfuerzos p\u00fablicos para las elecciones legislativas del 7 de diciembre. No detall\u00f3 si los comicios podr\u00edan aplazarse, pero puntualiz\u00f3 que las decisiones se tomar\u00e1n en los pr\u00f3ximos d\u00edas.<\/p>\n\n\n\n<p>El incendio en tres de los edificios estaba \u201cbajo control\u201d poco despu\u00e9s de la medianoche, inform\u00f3 el Departamento de Servicios de Bomberos.<\/p>\n\n\n\n<p>Los registros muestran que el complejo habitacional constaba de ocho bloques con casi 2.000 apartamentos que albergaban a unas 4.800 personas, incluidas muchas personas mayores.<\/p>\n\n\n\n<p>El complejo habitacional fue construido en la d\u00e9cada de 1980 y recientemente ha estado sometido a una importante renovaci\u00f3n.<\/p>\n\n\n\n<p>Los bomberos indicaron que las altas temperaturas en el lugar dificultaban las operaciones de rescate.<\/p>\n\n\n\n<p>Una columna de llamas y denso humo se elevaba mientras el fuego se propagaba r\u00e1pidamente por el andamiaje de bamb\u00fa y la red de construcci\u00f3n instalada alrededor de la parte exterior de los edificios. Unas 900 personas fueron evacuadas a refugios temporales.<\/p>\n\n\n\n<p>Las autoridades dijeron que se desplegaron cientos de bomberos, polic\u00edas y param\u00e9dicos. Los bomberos dirigieron chorros de agua hacia las intensas llamas desde lo alto de camiones equipados con escaleras.<\/p>\n\n\n\n<p>El incendio comenz\u00f3 a media tarde, y despu\u00e9s del anochecer se elev\u00f3 el nivel de alarma a 5, el de mayor gravedad. Las autoridades dijeron que los bomberos segu\u00edan enfrentado condiciones muy dif\u00edciles.<\/p>\n\n\n\n<p>\u201cLos escombros y el andamiaje de los edificios afectados se vienen abajo\u201d, se\u00f1al\u00f3 Derek Armstrong Chan, subdirector del servicio de operaciones del cuerpo de bomberos.<\/p>\n\n\n\n<p>\u201cLa temperatura dentro de los edificios en cuesti\u00f3n es muy alta. Es dif\u00edcil para nosotros entrar al edificio y subir para realizar operaciones de extinci\u00f3n de incendios y rescate\u201d.<\/p>\n\n\n\n<p>El departamento apunt\u00f3 que recibi\u00f3 \u201cnumerosas\u201d llamadas solicitando asistencia. Sostuvo que, hasta la noche del mi\u00e9rcoles, algunos residentes segu\u00edan atrapados.<\/p>\n\n\n\n<p>Los bomberos desplegaron alrededor de 200 camiones de bomberos y m\u00e1s de 100 ambulancias hacia el lugar, seg\u00fan RTHK, el servicio p\u00fablico de radiodifusi\u00f3n local.<\/p>\n\n\n\n<p>Entre los muertos se encontraba un bombero de 37 a\u00f1os, mientras que otro recib\u00eda atenci\u00f3n m\u00e9dica por agotamiento por calor, inform\u00f3 Yeung.<\/p>\n\n\n\n<p>Las autoridades del distrito en Tai Po han abierto albergues temporales para las personas que quedaron sin hogar a causa del incendio.<\/p>\n\n\n\n<p>\u201cHe dejado de pensar en mi propiedad\u201d, declar\u00f3 a TVB un residente que s\u00f3lo se identific\u00f3 por su apellido, Wu. \u201cVerla arder as\u00ed fue realmente frustrante\u201d.<\/p>\n\n\n\n<p>Tai Po es un \u00e1rea suburbana en los Nuevos Territorios, en la parte norte de Hong Kong y cerca de la frontera con la ciudad china continental de Shenzhen.<\/p>\n\n\n\n<p>Los andamiajes de bamb\u00fa se pueden ver frecuentemente en los proyectos de construcci\u00f3n y renovaci\u00f3n de edificios en Hong Kong, aunque el gobierno indic\u00f3 a principios de este a\u00f1o que comenzar\u00eda a eliminarlo gradualmente para proyectos p\u00fablicos por cuestiones de seguridad.<\/p>\n\n\n\n<p>Se trata del incendio m\u00e1s mort\u00edfero en Hong Kong en a\u00f1os. En noviembre de 1996, 41 personas murieron en un edificio comercial en Kowloon en un incendio que dur\u00f3 alrededor de 20 horas y tambi\u00e9n fue clasificado como de nivel 5.<\/p>\n","protected":false},"excerpt":{"rendered":"<p>POR CHAN HO-HIM and KEN MORITSUGU HONG KONG (AP) \u2014 El peor incendio que se haya registrado en Hong Kong en varios a\u00f1os ardi\u00f3 durante toda la noche, dejando al&hellip;<\/p>\n","protected":false},"author":10,"featured_media":116010,"comment_status":"open","ping_status":"open","sticky":false,"template":"","format":"standard","meta":{"content-type":"","jetpack_post_was_ever_published":false,"_jetpack_newsletter_access":"","_jetpack_dont_email_post_to_subs":false,"_jetpack_newsletter_tier_id":0,"_jetpack_memberships_contains_paywalled_content":false,"_jetpack_memberships_contains_paid_content":false,"footnotes":""},"categories":[16289],"tags":[27840,27841,5591,1399,2549,27842],"class_list":["post-116009","post","type-post","status-publish","format-standard","has-post-thumbnail","hentry","category-internacionales","tag-279-desaparecidos","tag-44-muertos","tag-hong-kong","tag-incendio","tag-rascacielos","tag-tres-arrestados"],"jetpack_featured_media_url":"https:\/\/lasprimeras.com.do\/wp-content\/uploads\/2025\/11\/incendio.jpg","jetpack-related-posts":[{"id":116179,"url":"https:\/\/lasprimeras.com.do\/index.php\/2025\/11\/27\/al-menos-94-muertos-por-incendio-en-hong-kong-mientras-bomberos-luchan-contra-las-llamas-por-2do-dia\/","url_meta":{"origin":116009,"position":0},"title":"Al menos 94 muertos por incendio en Hong Kong mientras bomberos luchan contra las llamas por 2do d\u00eda","author":"Nelson Feliz","date":"27 de noviembre de 2025","format":false,"excerpt":"POR CHAN HO-HIM and HUIZHONG WU HONG KONG (AP) \u2014 La cifra de muertos por un enorme incendio en un complejo de apartamentos residenciales en Hong Kong aument\u00f3 a 94 el jueves, mientras los bomberos combat\u00edan las llamas por segundo d\u00eda. Se trata de uno de los incendios m\u00e1s mortales\u2026","rel":"","context":"En \u00abINTERNACIONALES\u00bb","block_context":{"text":"INTERNACIONALES","link":"https:\/\/lasprimeras.com.do\/index.php\/category\/sin-categoria\/internacionales\/"},"img":{"alt_text":"","src":"https:\/\/i0.wp.com\/lasprimeras.com.do\/wp-content\/uploads\/2025\/11\/torres-de-apartamentos-en-Hong-Kong.jpg?resize=350%2C200&ssl=1","width":350,"height":200,"srcset":"https:\/\/i0.wp.com\/lasprimeras.com.do\/wp-content\/uploads\/2025\/11\/torres-de-apartamentos-en-Hong-Kong.jpg?resize=350%2C200&ssl=1 1x, https:\/\/i0.wp.com\/lasprimeras.com.do\/wp-content\/uploads\/2025\/11\/torres-de-apartamentos-en-Hong-Kong.jpg?resize=525%2C300&ssl=1 1.5x, https:\/\/i0.wp.com\/lasprimeras.com.do\/wp-content\/uploads\/2025\/11\/torres-de-apartamentos-en-Hong-Kong.jpg?resize=700%2C400&ssl=1 2x"},"classes":[]},{"id":115898,"url":"https:\/\/lasprimeras.com.do\/index.php\/2025\/11\/26\/videos-incendio-devora-varios-rascacielos-residenciales-en-hong-kong\/","url_meta":{"origin":116009,"position":1},"title":"VIDEOS: Incendio devora varios rascacielos residenciales en Hong Kong","author":"Nelson Feliz","date":"26 de noviembre de 2025","format":false,"excerpt":"Seg\u00fan informes, cuatro personas, incluido un bombero, han muerto y al menos otras tres resultaron heridas. CHINA, RT.-.Un feroz incendio arras\u00f3 este mi\u00e9rcoles varios edificios de un complejo residencial del distrito de Tai Po, en el norte de Hong Kong. https:\/\/twitter.com\/i\/status\/1993623293270913495 Seg\u00fan informes, cuatro personas, incluido un bombero, han muerto\u2026","rel":"","context":"En \u00abINTERNACIONALES\u00bb","block_context":{"text":"INTERNACIONALES","link":"https:\/\/lasprimeras.com.do\/index.php\/category\/sin-categoria\/internacionales\/"},"img":{"alt_text":"","src":"https:\/\/i0.wp.com\/lasprimeras.com.do\/wp-content\/uploads\/2025\/11\/El-humo-se-eleva-despues-de-un-incendio-en-un-complejo-residencial-en-el-distrito-de-Tai-Po-Hong-Kong.jpg?resize=350%2C200&ssl=1","width":350,"height":200,"srcset":"https:\/\/i0.wp.com\/lasprimeras.com.do\/wp-content\/uploads\/2025\/11\/El-humo-se-eleva-despues-de-un-incendio-en-un-complejo-residencial-en-el-distrito-de-Tai-Po-Hong-Kong.jpg?resize=350%2C200&ssl=1 1x, https:\/\/i0.wp.com\/lasprimeras.com.do\/wp-content\/uploads\/2025\/11\/El-humo-se-eleva-despues-de-un-incendio-en-un-complejo-residencial-en-el-distrito-de-Tai-Po-Hong-Kong.jpg?resize=525%2C300&ssl=1 1.5x, https:\/\/i0.wp.com\/lasprimeras.com.do\/wp-content\/uploads\/2025\/11\/El-humo-se-eleva-despues-de-un-incendio-en-un-complejo-residencial-en-el-distrito-de-Tai-Po-Hong-Kong.jpg?resize=700%2C400&ssl=1 2x"},"classes":[]},{"id":116065,"url":"https:\/\/lasprimeras.com.do\/index.php\/2025\/11\/27\/el-incendio-en-torres-de-apartamentos-en-hong-kong-sigue-ardiendo-la-cifra-de-muertos-sube-a-55\/","url_meta":{"origin":116009,"position":2},"title":"El incendio en torres de apartamentos en Hong Kong sigue ardiendo. La cifra de muertos sube a 55","author":"Nelson Feliz","date":"27 de noviembre de 2025","format":false,"excerpt":"POR CHAN HO-HIM and HUIZHONG WU HONG KONG (AP) \u2014 La cifra de muertos por un enorme incendio en un complejo de apartamentos residenciales en Hong Kong ha aumentado a 55 mientras los bomberos contin\u00faan luchando contra el fuego, uno de los m\u00e1s mortales en la historia moderna de la\u2026","rel":"","context":"En \u00abINTERNACIONALES\u00bb","block_context":{"text":"INTERNACIONALES","link":"https:\/\/lasprimeras.com.do\/index.php\/category\/sin-categoria\/internacionales\/"},"img":{"alt_text":"","src":"https:\/\/i0.wp.com\/lasprimeras.com.do\/wp-content\/uploads\/2025\/11\/torres-de-apartamentos-en-Hong-Kong.jpg?resize=350%2C200&ssl=1","width":350,"height":200,"srcset":"https:\/\/i0.wp.com\/lasprimeras.com.do\/wp-content\/uploads\/2025\/11\/torres-de-apartamentos-en-Hong-Kong.jpg?resize=350%2C200&ssl=1 1x, https:\/\/i0.wp.com\/lasprimeras.com.do\/wp-content\/uploads\/2025\/11\/torres-de-apartamentos-en-Hong-Kong.jpg?resize=525%2C300&ssl=1 1.5x, https:\/\/i0.wp.com\/lasprimeras.com.do\/wp-content\/uploads\/2025\/11\/torres-de-apartamentos-en-Hong-Kong.jpg?resize=700%2C400&ssl=1 2x"},"classes":[]},{"id":116263,"url":"https:\/\/lasprimeras.com.do\/index.php\/2025\/11\/30\/hong-kong-llora-a-las-victimas-del-incendio-mientras-la-cifra-de-muertos-sube-a-146\/","url_meta":{"origin":116009,"position":3},"title":"Hong Kong llora a las v\u00edctimas del incendio mientras la cifra de muertos sube a 146","author":"Nelson Feliz","date":"30 de noviembre de 2025","format":false,"excerpt":"POR DAVID RISING HONG KONG (AP) \u2014 El n\u00famero de muertos por el incendio en un complejo de apartamentos en Hong Kong ha aumentado a 146 despu\u00e9s de que los investigadores encontraran m\u00e1s cuerpos en los edificios calcinados. Un flujo constante de personas ha llevado ramos de flores a un\u2026","rel":"","context":"En \u00abINTERNACIONALES\u00bb","block_context":{"text":"INTERNACIONALES","link":"https:\/\/lasprimeras.com.do\/index.php\/category\/sin-categoria\/internacionales\/"},"img":{"alt_text":"","src":"https:\/\/i0.wp.com\/lasprimeras.com.do\/wp-content\/uploads\/2025\/11\/Hong-Kong-llora-a-las-victimas-del-incendio.jpg?resize=350%2C200&ssl=1","width":350,"height":200,"srcset":"https:\/\/i0.wp.com\/lasprimeras.com.do\/wp-content\/uploads\/2025\/11\/Hong-Kong-llora-a-las-victimas-del-incendio.jpg?resize=350%2C200&ssl=1 1x, https:\/\/i0.wp.com\/lasprimeras.com.do\/wp-content\/uploads\/2025\/11\/Hong-Kong-llora-a-las-victimas-del-incendio.jpg?resize=525%2C300&ssl=1 1.5x, https:\/\/i0.wp.com\/lasprimeras.com.do\/wp-content\/uploads\/2025\/11\/Hong-Kong-llora-a-las-victimas-del-incendio.jpg?resize=700%2C400&ssl=1 2x"},"classes":[]},{"id":116541,"url":"https:\/\/lasprimeras.com.do\/index.php\/2025\/12\/02\/hong-kong-hara-una-investigacion-independiente-sobre-incendio-mortal-ante-la-presion-publica\/","url_meta":{"origin":116009,"position":4},"title":"Hong Kong har\u00e1 una investigaci\u00f3n independiente sobre incendio mortal ante la presi\u00f3n p\u00fablica","author":"Nelson Feliz","date":"2 de diciembre de 2025","format":false,"excerpt":"POR CHAN HO-HIM and KEN MORITSUGU HONG KONG (AP) \u2014 Hong Kong formar\u00e1 un comit\u00e9 independiente de investigaci\u00f3n encabezado por un juez para determinar la causa de un incendio mortal en un bloque de apartamentos que conmocion\u00f3 a la ciudad y para hacer recomendaciones que eviten que una tragedia similar\u2026","rel":"","context":"En \u00abINTERNACIONALES\u00bb","block_context":{"text":"INTERNACIONALES","link":"https:\/\/lasprimeras.com.do\/index.php\/category\/sin-categoria\/internacionales\/"},"img":{"alt_text":"","src":"https:\/\/i0.wp.com\/lasprimeras.com.do\/wp-content\/uploads\/2025\/12\/John-Lee.jpg?resize=350%2C200&ssl=1","width":350,"height":200,"srcset":"https:\/\/i0.wp.com\/lasprimeras.com.do\/wp-content\/uploads\/2025\/12\/John-Lee.jpg?resize=350%2C200&ssl=1 1x, https:\/\/i0.wp.com\/lasprimeras.com.do\/wp-content\/uploads\/2025\/12\/John-Lee.jpg?resize=525%2C300&ssl=1 1.5x, https:\/\/i0.wp.com\/lasprimeras.com.do\/wp-content\/uploads\/2025\/12\/John-Lee.jpg?resize=700%2C400&ssl=1 2x"},"classes":[]},{"id":92111,"url":"https:\/\/lasprimeras.com.do\/index.php\/2024\/12\/29\/pandas-en-el-cielo-hong-kong-realiza-espectaculo-de-drones-pirotecnicos\/","url_meta":{"origin":116009,"position":5},"title":"Pandas en el cielo: Hong Kong realiza espect\u00e1culo de drones pirot\u00e9cnicos","author":"Nelson Feliz","date":"29 de diciembre de 2024","format":false,"excerpt":"By ZEN SOO HONK KONG (AP) \u2014 Cientos de personas se reunieron en Hong Kong el s\u00e1bado para presenciar el primer espect\u00e1culo de drones pirot\u00e9cnicos de la ciudad, como parte de una campa\u00f1a para concientizar sobre la conservaci\u00f3n de los pandas. El espect\u00e1culo dur\u00f3 10 minutos e incluy\u00f3 1.000 drones,\u2026","rel":"","context":"En \u00abINTERNACIONALES\u00bb","block_context":{"text":"INTERNACIONALES","link":"https:\/\/lasprimeras.com.do\/index.php\/category\/sin-categoria\/internacionales\/"},"img":{"alt_text":"","src":"https:\/\/i0.wp.com\/lasprimeras.com.do\/wp-content\/uploads\/2024\/12\/pandas.jpg?resize=350%2C200&ssl=1","width":350,"height":200,"srcset":"https:\/\/i0.wp.com\/lasprimeras.com.do\/wp-content\/uploads\/2024\/12\/pandas.jpg?resize=350%2C200&ssl=1 1x, https:\/\/i0.wp.com\/lasprimeras.com.do\/wp-content\/uploads\/2024\/12\/pandas.jpg?resize=525%2C300&ssl=1 1.5x, https:\/\/i0.wp.com\/lasprimeras.com.do\/wp-content\/uploads\/2024\/12\/pandas.jpg?resize=700%2C400&ssl=1 2x"},"classes":[]}],"jetpack_sharing_enabled":true,"_links":{"self":[{"href":"https:\/\/lasprimeras.com.do\/index.php\/wp-json\/wp\/v2\/posts\/116009","targetHints":{"allow":["GET"]}}],"collection":[{"href":"https:\/\/lasprimeras.com.do\/index.php\/wp-json\/wp\/v2\/posts"}],"about":[{"href":"https:\/\/lasprimeras.com.do\/index.php\/wp-json\/wp\/v2\/types\/post"}],"author":[{"embeddable":true,"href":"https:\/\/lasprimeras.com.do\/index.php\/wp-json\/wp\/v2\/users\/10"}],"replies":[{"embeddable":true,"href":"https:\/\/lasprimeras.com.do\/index.php\/wp-json\/wp\/v2\/comments?post=116009"}],"version-history":[{"count":1,"href":"https:\/\/lasprimeras.com.do\/index.php\/wp-json\/wp\/v2\/posts\/116009\/revisions"}],"predecessor-version":[{"id":116011,"href":"https:\/\/lasprimeras.com.do\/index.php\/wp-json\/wp\/v2\/posts\/116009\/revisions\/116011"}],"wp:featuredmedia":[{"embeddable":true,"href":"https:\/\/lasprimeras.com.do\/index.php\/wp-json\/wp\/v2\/media\/116010"}],"wp:attachment":[{"href":"https:\/\/lasprimeras.com.do\/index.php\/wp-json\/wp\/v2\/media?parent=116009"}],"wp:term":[{"taxonomy":"category","embeddable":true,"href":"https:\/\/lasprimeras.com.do\/index.php\/wp-json\/wp\/v2\/categories?post=116009"},{"taxonomy":"post_tag","embeddable":true,"href":"https:\/\/lasprimeras.com.do\/index.php\/wp-json\/wp\/v2\/tags?post=116009"}],"curies":[{"name":"wp","href":"https:\/\/api.w.org\/{rel}","templated":true}]}}