{"id":116012,"date":"2025-11-26T21:21:02","date_gmt":"2025-11-27T01:21:02","guid":{"rendered":"https:\/\/lasprimeras.com.do\/?p=116012"},"modified":"2025-11-26T21:21:03","modified_gmt":"2025-11-27T01:21:03","slug":"gobierno-de-trump-ordena-enviar-500-soldados-mas-de-la-guardia-nacional-a-dc-tras-tiroteo","status":"publish","type":"post","link":"https:\/\/lasprimeras.com.do\/index.php\/2025\/11\/26\/gobierno-de-trump-ordena-enviar-500-soldados-mas-de-la-guardia-nacional-a-dc-tras-tiroteo\/","title":{"rendered":"Gobierno de Trump ordena enviar 500 soldados m\u00e1s de la Guardia Nacional a DC tras tiroteo"},"content":{"rendered":"\n<p>POR ALANNA DURKIN RICHER and GARY FIELDS<\/p>\n\n\n\n<p>WASHINGTON (AP) \u2014 Dos miembros de la Guardia Nacional de Virginia Occidental que fueron desplegados en la capital de Estados Unidos fueron baleados el mi\u00e9rcoles a s\u00f3lo unas cuadras de la Casa Blanca.<\/p>\n\n\n\n<p>El director del FBI, Kash Patel, y la alcaldesa de Washington, Muriel Bowser, dijeron que los efectivos fueron hospitalizados en estado cr\u00edtico.<\/p>\n\n\n\n<p>El gobernador de Virginia Occidental, Patrick Morrisey, inicialmente dijo que los soldados hab\u00edan muerto, pero luego rectific\u00f3 la declaraci\u00f3n para decir que su oficina estaba \u201crecibiendo informes contradictorios\u201d sobre su condici\u00f3n. La oficina del gobernador no respondi\u00f3 de momento a preguntas sobre el ataque y la condici\u00f3n de las tropas.<\/p>\n\n\n\n<p>Un sospechoso que estaba bajo custodia tambi\u00e9n fue baleado y ten\u00eda heridas que no se cre\u00eda que fueran potencialmente mortales, seg\u00fan un funcionario policial que no estaba autorizado a discutir el asunto p\u00fablicamente y que habl\u00f3 con The Associated Press bajo condici\u00f3n de anonimato.<\/p>\n\n\n\n<p>Tras el incidente, el gobierno del presidente Donald Trump ha ordenado el env\u00edo de otros 500 miembros de la Guardia Nacional a Washington. El secretario de Defensa, Pete Hegseth, indic\u00f3 que Trump le pidi\u00f3 enviar m\u00e1s elementos de la Guardia Nacional.<\/p>\n\n\n\n<p>Actualmente hay 2.188 soldados asignados a la fuerza de tarea conjunta que opera en la ciudad, seg\u00fan la \u00faltima actualizaci\u00f3n del gobierno.<\/p>\n\n\n\n<p>Las agencias policiales estaban revisando videos de vigilancia del lugar del tiroteo y cre\u00edan que el sospechoso se acerc\u00f3 a los soldados y sac\u00f3 un arma, dijo otro funcionario policial que no estaba autorizado a discutir el asunto p\u00fablicamente y habl\u00f3 con la AP bajo condici\u00f3n de anonimato.<\/p>\n\n\n\n<p>Al menos uno de los soldados intercambi\u00f3 disparos con el agresor, dijo el funcionario. Los investigadores estaban tratando de determinar el motivo del atacante, incluyendo si el sospechoso atac\u00f3 a los efectivos por alguna raz\u00f3n espec\u00edfica, dijo el funcionario.<\/p>\n\n\n\n<p>El tiroteo ocurri\u00f3 aproximadamente a dos cuadras al noroeste de la Casa Blanca.<\/p>\n\n\n\n<p>Un video en redes sociales compartido inmediatamente despu\u00e9s mostraba a los socorristas aplicando RCP a uno de los soldados y atendiendo al otro en una acera cubierta de vidrio. Pod\u00eda verse a otros agentes a pocos pasos sometiendo a un individuo en el piso.<\/p>\n\n\n\n<p>Stacy Walters dijo que estaba en un auto cerca del lugar de los hechos cuando escuch\u00f3 dos disparos y vio correr a la gente. Casi instant\u00e1neamente el \u00e1rea se llen\u00f3 de agentes.<\/p>\n\n\n\n<p>La presencia de la Guardia Nacional en la capital del pa\u00eds ha sido un tema pol\u00e9mico durante meses, alimentando una batalla judicial y un debate de pol\u00edtica p\u00fablica m\u00e1s amplio sobre el uso del ej\u00e9rcito por parte del gobierno federal para combatir lo que los funcionarios describen como un problema de crimen fuera de control.<\/p>\n\n\n\n<p>M\u00e1s de 300 miembros de la Guardia Nacional de Virginia Occidental fueron desplegados en Washington en agosto. La semana pasada, alrededor de 160 de ellos se ofrecieron como voluntarios para extender su despliegue hasta fin de a\u00f1o, mientras que los dem\u00e1s regresaron a Virginia Occidental hace poco m\u00e1s de una semana.<\/p>\n\n\n\n<p>Agentes del Servicio Secreto y de la Oficina de Alcohol, Tabaco, Armas de Fuego y Explosivos estaban en el lugar, mientras que las tropas de la Guardia Nacional vigilaban cerca. Al menos un helic\u00f3ptero aterriz\u00f3 en el complejo de monumentos National Mall.<\/p>\n\n\n\n<p>Trump, quien est\u00e1 en Florida para el feriado del D\u00eda de Acci\u00f3n de Gracias, advirti\u00f3 en un comunicado en redes sociales que el \u201canimal\u201d que dispar\u00f3 contra los efectivos \u201cpagar\u00e1 un precio muy alto\u201d.<\/p>\n\n\n\n<p>\u201cDios bendiga a nuestra gran Guardia Nacional, y a todos nuestros militares y polic\u00edas. Estas son grandes personas en verdad\u201d, escribi\u00f3 Trump en Truth Social . \u201cYo, como presidente de los Estados Unidos, y todos los asociados con la oficina de la Presidencia, estamos con ustedes\u201d.<\/p>\n\n\n\n<p>Trump emiti\u00f3 una orden de emergencia en agosto que federaliz\u00f3 la fuerza policial local y envi\u00f3 tropas de la Guardia Nacional de ocho estados y el Distrito de Columbia. La orden expir\u00f3 un mes despu\u00e9s, pero las tropas permanecieron.<\/p>\n\n\n\n<p>La semana pasada, un juez federal orden\u00f3 el fin del despliegue, pero tambi\u00e9n suspendi\u00f3 su orden por 21 d\u00edas para permitir que el gobierno federal tuviera tiempo de retirar las tropas o apelar la decisi\u00f3n.<\/p>\n\n\n\n<p>Los soldados han patrullado vecindarios, estaciones de tren y otros lugares, han participado en retenes en caminos y tambi\u00e9n han sido asignados a la recolecci\u00f3n de basura y a la vigilancia de eventos deportivos.<\/p>\n","protected":false},"excerpt":{"rendered":"<p>POR ALANNA DURKIN RICHER and GARY FIELDS WASHINGTON (AP) \u2014 Dos miembros de la Guardia Nacional de Virginia Occidental que fueron desplegados en la capital de Estados Unidos fueron baleados&hellip;<\/p>\n","protected":false},"author":10,"featured_media":116013,"comment_status":"open","ping_status":"open","sticky":false,"template":"","format":"standard","meta":{"content-type":"","jetpack_post_was_ever_published":false,"_jetpack_newsletter_access":"","_jetpack_dont_email_post_to_subs":false,"_jetpack_newsletter_tier_id":0,"_jetpack_memberships_contains_paywalled_content":false,"_jetpack_memberships_contains_paid_content":false,"footnotes":""},"categories":[16289],"tags":[27843,10517,1926,17462,20403,6444,70],"class_list":["post-116012","post","type-post","status-publish","format-standard","has-post-thumbnail","hentry","category-internacionales","tag-500-soldados","tag-dc","tag-enviar","tag-gobierno-de-trump","tag-guardia-nacional","tag-ordena","tag-tiroteo"],"jetpack_featured_media_url":"https:\/\/lasprimeras.com.do\/wp-content\/uploads\/2025\/11\/tiroteo.jpg","jetpack-related-posts":[{"id":116062,"url":"https:\/\/lasprimeras.com.do\/index.php\/2025\/11\/27\/un-afgano-detenido-tras-disparar-a-dos-guardias-nacionales-cerca-de-la-casa-blanca\/","url_meta":{"origin":116012,"position":0},"title":"Un afgano detenido tras disparar a dos guardias nacionales cerca de la Casa Blanca","author":"Nelson Feliz","date":"27 de noviembre de 2025","format":false,"excerpt":"POR ALANNA DURKIN RICHER and GARY FIELDS WASHINGTON (AP) \u2014 Un ciudadano afgano ha sido acusado de disparar a dos miembros de la Guardia Nacional de Virginia Occidental a solo unas cuadras de la Casa Blanca, en un acto de violencia flagrante en un momento en que la presencia de\u2026","rel":"","context":"En \u00abINTERNACIONALES\u00bb","block_context":{"text":"INTERNACIONALES","link":"https:\/\/lasprimeras.com.do\/index.php\/category\/sin-categoria\/internacionales\/"},"img":{"alt_text":"","src":"https:\/\/i0.wp.com\/lasprimeras.com.do\/wp-content\/uploads\/2025\/11\/Casa-Blanca.jpg?resize=350%2C200&ssl=1","width":350,"height":200,"srcset":"https:\/\/i0.wp.com\/lasprimeras.com.do\/wp-content\/uploads\/2025\/11\/Casa-Blanca.jpg?resize=350%2C200&ssl=1 1x, https:\/\/i0.wp.com\/lasprimeras.com.do\/wp-content\/uploads\/2025\/11\/Casa-Blanca.jpg?resize=525%2C300&ssl=1 1.5x, https:\/\/i0.wp.com\/lasprimeras.com.do\/wp-content\/uploads\/2025\/11\/Casa-Blanca.jpg?resize=700%2C400&ssl=1 2x"},"classes":[]},{"id":89871,"url":"https:\/\/lasprimeras.com.do\/index.php\/2024\/10\/06\/biden-ordena-el-envio-de-otros-500-soldados-para-las-labores-de-recuperacion-de-helene\/","url_meta":{"origin":116012,"position":1},"title":"Biden ordena el env\u00edo de otros 500 soldados para las labores de recuperaci\u00f3n de Helene","author":"Nelson Feliz","date":"6 de octubre de 2024","format":false,"excerpt":"Washington, (EFE).- El presidente estadounidense, Joe Biden, orden\u00f3 este domingo el env\u00edo de otros 500 soldados al oeste de Carolina del Norte para trabajar en las labores de recuperaci\u00f3n de la devastaci\u00f3n dejada por el hurac\u00e1n Helene. A trav\u00e9s de un comunicado, Biden inform\u00f3 que los efectivos se suman a\u2026","rel":"","context":"En \u00abSin categor\u00eda\u00bb","block_context":{"text":"Sin categor\u00eda","link":"https:\/\/lasprimeras.com.do\/index.php\/category\/sin-categoria\/"},"img":{"alt_text":"Roy Cooper","src":"https:\/\/i0.wp.com\/lasprimeras.com.do\/wp-content\/uploads\/2024\/10\/Roy-Cooper.jpg?resize=350%2C200&ssl=1","width":350,"height":200,"srcset":"https:\/\/i0.wp.com\/lasprimeras.com.do\/wp-content\/uploads\/2024\/10\/Roy-Cooper.jpg?resize=350%2C200&ssl=1 1x, https:\/\/i0.wp.com\/lasprimeras.com.do\/wp-content\/uploads\/2024\/10\/Roy-Cooper.jpg?resize=525%2C300&ssl=1 1.5x, https:\/\/i0.wp.com\/lasprimeras.com.do\/wp-content\/uploads\/2024\/10\/Roy-Cooper.jpg?resize=700%2C400&ssl=1 2x"},"classes":[]},{"id":114890,"url":"https:\/\/lasprimeras.com.do\/index.php\/2025\/11\/17\/cientos-de-soldados-de-la-guardia-nacional-desplegados-en-portland-y-chicago-regresaran-a-casa\/","url_meta":{"origin":116012,"position":2},"title":"Cientos de soldados de la Guardia Nacional desplegados en Portland y Chicago regresar\u00e1n a casa","author":"Nelson Feliz","date":"17 de noviembre de 2025","format":false,"excerpt":"POR JULIE WATSON Cientos de elementos de la Guardia Nacional desplegados en Chicago y Portland, Oregon, ser\u00e1n enviados de vuelta a casa, y aquellos que se queden se mantendr\u00e1n fuera de las calles en medio de batallas judiciales sobre su misi\u00f3n en territorio nacional ordenada por el gobierno de Donald\u2026","rel":"","context":"En \u00abINTERNACIONALES\u00bb","block_context":{"text":"INTERNACIONALES","link":"https:\/\/lasprimeras.com.do\/index.php\/category\/sin-categoria\/internacionales\/"},"img":{"alt_text":"","src":"https:\/\/i0.wp.com\/lasprimeras.com.do\/wp-content\/uploads\/2025\/11\/Cientos-de-soldados-de-la-Guardia-Nacional.jpg?resize=350%2C200&ssl=1","width":350,"height":200,"srcset":"https:\/\/i0.wp.com\/lasprimeras.com.do\/wp-content\/uploads\/2025\/11\/Cientos-de-soldados-de-la-Guardia-Nacional.jpg?resize=350%2C200&ssl=1 1x, https:\/\/i0.wp.com\/lasprimeras.com.do\/wp-content\/uploads\/2025\/11\/Cientos-de-soldados-de-la-Guardia-Nacional.jpg?resize=525%2C300&ssl=1 1.5x, https:\/\/i0.wp.com\/lasprimeras.com.do\/wp-content\/uploads\/2025\/11\/Cientos-de-soldados-de-la-Guardia-Nacional.jpg?resize=700%2C400&ssl=1 2x"},"classes":[]},{"id":110421,"url":"https:\/\/lasprimeras.com.do\/index.php\/2025\/09\/28\/funcionarios-de-oregon-dicen-que-trump-desplegara-a-200-soldados-de-la-guardia-nacional-en-el-estado\/","url_meta":{"origin":116012,"position":3},"title":"Funcionarios de Oregon dicen que Trump desplegar\u00e1 a 200 soldados de la Guardia Nacional en el estado","author":"Nelson Feliz","date":"28 de septiembre de 2025","format":false,"excerpt":"POR CHRIS MEGERIAN and KONSTANTIN TOROPIN WASHINGTON (AP) \u2014 El gobierno federal orden\u00f3 el despliegue de 200 miembros de la Guardia Nacional de Oregon para proteger a agentes de inmigraci\u00f3n e instalaciones gubernamentales, seg\u00fan un memorando del Departamento de Defensa que fue recibido por funcionarios estatales. El despliegue se llevar\u00e1\u2026","rel":"","context":"En \u00abINTERNACIONALES\u00bb","block_context":{"text":"INTERNACIONALES","link":"https:\/\/lasprimeras.com.do\/index.php\/category\/sin-categoria\/internacionales\/"},"img":{"alt_text":"","src":"https:\/\/i0.wp.com\/lasprimeras.com.do\/wp-content\/uploads\/2025\/09\/oregon-1.jpg?resize=350%2C200&ssl=1","width":350,"height":200,"srcset":"https:\/\/i0.wp.com\/lasprimeras.com.do\/wp-content\/uploads\/2025\/09\/oregon-1.jpg?resize=350%2C200&ssl=1 1x, https:\/\/i0.wp.com\/lasprimeras.com.do\/wp-content\/uploads\/2025\/09\/oregon-1.jpg?resize=525%2C300&ssl=1 1.5x, https:\/\/i0.wp.com\/lasprimeras.com.do\/wp-content\/uploads\/2025\/09\/oregon-1.jpg?resize=700%2C400&ssl=1 2x"},"classes":[]},{"id":83331,"url":"https:\/\/lasprimeras.com.do\/index.php\/2024\/05\/14\/las-primarias-del-senado-prepararon-una-carrera-importante-en-maryland-y-un-probable-giro-republicano-en-virginia-occidental\/","url_meta":{"origin":116012,"position":4},"title":"Las primarias del Senado prepararon una carrera importante en Maryland y un probable giro republicano en Virginia Occidental","author":"Nelson Feliz","date":"14 de mayo de 2024","format":false,"excerpt":"POR BRIAN WITTE, LEAH WILLINGHAM Y STEVE PEOPLES ANNAPOLIS, Maryland (AP) \u2014 Los votantes republicanos avanzaron el martes a fuertes contendientes al Senado en Maryland y Virginia Occidental, dando al Partido Republicano un gran impulso en su intento de reclamar el control de la c\u00e1mara alta del Congreso. El exgobernador\u2026","rel":"","context":"En \u00abSin categor\u00eda\u00bb","block_context":{"text":"Sin categor\u00eda","link":"https:\/\/lasprimeras.com.do\/index.php\/category\/sin-categoria\/"},"img":{"alt_text":"","src":"https:\/\/i0.wp.com\/lasprimeras.com.do\/wp-content\/uploads\/2024\/05\/Larry-Hogan-1.jpg?resize=350%2C200&ssl=1","width":350,"height":200,"srcset":"https:\/\/i0.wp.com\/lasprimeras.com.do\/wp-content\/uploads\/2024\/05\/Larry-Hogan-1.jpg?resize=350%2C200&ssl=1 1x, https:\/\/i0.wp.com\/lasprimeras.com.do\/wp-content\/uploads\/2024\/05\/Larry-Hogan-1.jpg?resize=525%2C300&ssl=1 1.5x, https:\/\/i0.wp.com\/lasprimeras.com.do\/wp-content\/uploads\/2024\/05\/Larry-Hogan-1.jpg?resize=700%2C400&ssl=1 2x"},"classes":[]},{"id":115987,"url":"https:\/\/lasprimeras.com.do\/index.php\/2025\/11\/26\/ee-uu-y-rd-refuerzan-cooperacion-antidrogas-secretario-de-guerra-anuncia-envio-adicional-de-tropas-a-washington-tras-ataque\/","url_meta":{"origin":116012,"position":5},"title":"EE. UU. y RD refuerzan cooperaci\u00f3n antidrogas; secretario de Guerra anuncia env\u00edo adicional de tropas a Washington tras ataque","author":"Nelson Feliz","date":"26 de noviembre de 2025","format":false,"excerpt":"El secretario anunci\u00f3 que, por instrucci\u00f3n del presidente Donald Trump, solicitar\u00e1 al Secretario del Ej\u00e9rcito el env\u00edo de 500 efectivos adicionales de la Guardia Nacional a la capital estadounidense. El secretario de Guerra de los Estados Unidos, Pete Hegseth, afirm\u00f3 este mi\u00e9rcoles que las reuniones sostenidas en el Palacio Nacional\u2026","rel":"","context":"En \u00abNACIONALES\u00bb","block_context":{"text":"NACIONALES","link":"https:\/\/lasprimeras.com.do\/index.php\/category\/nacionales\/"},"img":{"alt_text":"","src":"https:\/\/i0.wp.com\/lasprimeras.com.do\/wp-content\/uploads\/2025\/11\/Pete-Hegseth-2-1.jpg?resize=350%2C200&ssl=1","width":350,"height":200,"srcset":"https:\/\/i0.wp.com\/lasprimeras.com.do\/wp-content\/uploads\/2025\/11\/Pete-Hegseth-2-1.jpg?resize=350%2C200&ssl=1 1x, https:\/\/i0.wp.com\/lasprimeras.com.do\/wp-content\/uploads\/2025\/11\/Pete-Hegseth-2-1.jpg?resize=525%2C300&ssl=1 1.5x, https:\/\/i0.wp.com\/lasprimeras.com.do\/wp-content\/uploads\/2025\/11\/Pete-Hegseth-2-1.jpg?resize=700%2C400&ssl=1 2x"},"classes":[]}],"jetpack_sharing_enabled":true,"_links":{"self":[{"href":"https:\/\/lasprimeras.com.do\/index.php\/wp-json\/wp\/v2\/posts\/116012","targetHints":{"allow":["GET"]}}],"collection":[{"href":"https:\/\/lasprimeras.com.do\/index.php\/wp-json\/wp\/v2\/posts"}],"about":[{"href":"https:\/\/lasprimeras.com.do\/index.php\/wp-json\/wp\/v2\/types\/post"}],"author":[{"embeddable":true,"href":"https:\/\/lasprimeras.com.do\/index.php\/wp-json\/wp\/v2\/users\/10"}],"replies":[{"embeddable":true,"href":"https:\/\/lasprimeras.com.do\/index.php\/wp-json\/wp\/v2\/comments?post=116012"}],"version-history":[{"count":1,"href":"https:\/\/lasprimeras.com.do\/index.php\/wp-json\/wp\/v2\/posts\/116012\/revisions"}],"predecessor-version":[{"id":116014,"href":"https:\/\/lasprimeras.com.do\/index.php\/wp-json\/wp\/v2\/posts\/116012\/revisions\/116014"}],"wp:featuredmedia":[{"embeddable":true,"href":"https:\/\/lasprimeras.com.do\/index.php\/wp-json\/wp\/v2\/media\/116013"}],"wp:attachment":[{"href":"https:\/\/lasprimeras.com.do\/index.php\/wp-json\/wp\/v2\/media?parent=116012"}],"wp:term":[{"taxonomy":"category","embeddable":true,"href":"https:\/\/lasprimeras.com.do\/index.php\/wp-json\/wp\/v2\/categories?post=116012"},{"taxonomy":"post_tag","embeddable":true,"href":"https:\/\/lasprimeras.com.do\/index.php\/wp-json\/wp\/v2\/tags?post=116012"}],"curies":[{"name":"wp","href":"https:\/\/api.w.org\/{rel}","templated":true}]}}