{"id":116015,"date":"2025-11-26T21:25:40","date_gmt":"2025-11-27T01:25:40","guid":{"rendered":"https:\/\/lasprimeras.com.do\/?p=116015"},"modified":"2025-11-26T21:25:42","modified_gmt":"2025-11-27T01:25:42","slug":"militares-en-guinea-bisau-dicen-en-la-television-estatal-que-han-tomado-el-poder","status":"publish","type":"post","link":"https:\/\/lasprimeras.com.do\/index.php\/2025\/11\/26\/militares-en-guinea-bisau-dicen-en-la-television-estatal-que-han-tomado-el-poder\/","title":{"rendered":"Militares en Guinea-Bis\u00e1u dicen en la televisi\u00f3n estatal que han tomado el poder"},"content":{"rendered":"\n<p>POR ASSANA SAMBU and MARK BANCHEREAU<\/p>\n\n\n\n<p>BIS\u00c1U, Guinea Bis\u00e1u (AP) \u2014 Soldados de Guinea-Bis\u00e1u aparecieron en la televisi\u00f3n estatal el mi\u00e9rcoles diciendo que han tomado el poder en el pa\u00eds, luego de reportes de disparos cerca del palacio presidencial y tres d\u00edas despu\u00e9s de las elecciones nacionales. El presidente dijo a medios franceses que hab\u00eda sido depuesto y arrestado.<\/p>\n\n\n\n<p>\u201cEl Alto Mando Militar para el restablecimiento del orden nacional y p\u00fablico decide deponer inmediatamente al presidente de la Rep\u00fablica, suspender, hasta nuevas \u00f3rdenes, todas las instituciones de la Rep\u00fablica de Guinea-Bis\u00e1u\u201d, declar\u00f3 Dinis N\u2019Tchama, portavoz del alto mando militar del pa\u00eds, en un comunicado.<\/p>\n\n\n\n<p>Manifest\u00f3 que esto fue en reacci\u00f3n al \u201cdescubrimiento de un plan en curso\u201d que busca desestabilizar el pa\u00eds al intentar \u201cmanipular los resultados electorales\u201d.<\/p>\n\n\n\n<p>El \u201cplan fue organizado por algunos pol\u00edticos nacionales con la participaci\u00f3n de un conocido narcotraficante, y ciudadanos nacionales y extranjeros\u201d, a\u00f1adi\u00f3 N\u2019Tchama, sin dar detalles.<\/p>\n\n\n\n<p>Los soldados dijeron que suspender\u00edan inmediatamente el proceso electoral actual y las actividades de los medios de comunicaci\u00f3n, y que cerrar\u00edan todas las fronteras.<\/p>\n\n\n\n<p>Guinea-Bis\u00e1u ha experimentado cuatro golpes de Estado y numerosos intentos desde su independencia, incluido uno reportado el mes pasado. El pa\u00eds tambi\u00e9n ha surgido como lugar de tr\u00e1nsito para el contrabando de drogas entre Am\u00e9rica Latina y Europa.<\/p>\n\n\n\n<p>Las elecciones presidenciales y legislativas se llevaron a cabo el domingo. Tanto el actual presidente Umaro Sissoco Embal\u00f3 como el candidato de la oposici\u00f3n Fernando Dias da Costa se declararon ganadores el martes, aunque no se esperan resultados provisionales oficiales hasta el jueves.<\/p>\n\n\n\n<p>C\u00f3mo se desarroll\u00f3 el golpe<\/p>\n\n\n\n<p>Se escucharon disparos el mi\u00e9rcoles alrededor del mediod\u00eda cerca del palacio presidencial. Un periodista de The Associated Press vio cerrados los caminos que conducen al palacio , y puestos de control manejados por soldados fuertemente armados y enmascarados.<\/p>\n\n\n\n<p>Un funcionario del palacio presidencial relat\u00f3 que un grupo de hombres armados intent\u00f3 atacar el edificio, lo que llev\u00f3 a intercambios de disparos con los guardias. Otro funcionario del Ministerio del Interior dijo que tambi\u00e9n escucharon disparos cerca de la Comisi\u00f3n Electoral Nacional cerca del ministerio.<\/p>\n\n\n\n<p>Ambos hablaron bajo condici\u00f3n de anonimato porque no se les permit\u00eda hablar p\u00fablicamente sobre el asunto.<\/p>\n\n\n\n<p>Un miembro clave del grupo internacional de observadores electorales indic\u00f3 que el jefe de la comisi\u00f3n electoral fue arrestado y que la sede de la comisi\u00f3n fue sellada por el ej\u00e9rcito.<\/p>\n\n\n\n<p>\u201cEl presidente ha estado hablando con personas diciendo que est\u00e1 siendo detenido por el ej\u00e9rcito\u201d, dijo a la AP el miembro del grupo de observaci\u00f3n electoral. Habl\u00f3 bajo condici\u00f3n de anonimato ya que no se le permit\u00eda hablar p\u00fablicamente sobre el asunto.<\/p>\n\n\n\n<p>El medio de noticias franc\u00e9s Jeune Afrique cit\u00f3 el mi\u00e9rcoles a Embal\u00f3 diciendo que fue arrestado en lo que llam\u00f3 un golpe liderado por el jefe del Estado Mayor del Ej\u00e9rcito. Dijo que no fue sometido a violencia.<\/p>\n\n\n\n<p>\u201cHe sido depuesto\u201d, dijo Embal\u00f3 a la cadena de televisi\u00f3n francesa France 24.<\/p>\n\n\n\n<p>Embal\u00f3 hab\u00eda enfrentado una crisis de legitimidad luego de que la oposici\u00f3n indicara que su mandato hab\u00eda expirado hace tiempo y que no lo reconoc\u00eda como presidente.<\/p>\n\n\n\n<p>La Constituci\u00f3n de Guinea-Bis\u00e1u establece que el mandato presidencial es de cinco a\u00f1os. Embal\u00f3 lleg\u00f3 al poder por primera vez en febrero de 2020. La oposici\u00f3n dice que el mandato de Embal\u00f3 deber\u00eda haber terminado el 27 de febrero de este a\u00f1o, pero la Corte Suprema dictamin\u00f3 que deber\u00eda extenderse hasta el 4 de septiembre.<\/p>\n\n\n\n<p>Sin embargo, la elecci\u00f3n presidencial se retras\u00f3 hasta este mes.<\/p>\n\n\n\n<p>Los soldados arrestaron al rival de Embal\u00f3, Fernando Dias, as\u00ed como a Domingos Sim\u00f5es Pereira, el l\u00edder del principal partido de oposici\u00f3n: el Partido Africano para la Independencia de Guinea y Cabo Verde, seg\u00fan dijo el partido en un comunicado en Facebook el mi\u00e9rcoles.<\/p>\n\n\n\n<p>Domingos Sim\u00f5es Pereira, un ex primer ministro, era visto como el principal retador de Embal\u00f3, antes de que \u00e9l y su partido fueran excluidos de la elecci\u00f3n despu\u00e9s de que las autoridades dijeran que no presentaron su solicitud a tiempo. Posteriormente, respald\u00f3 a Dias para la elecci\u00f3n.<\/p>\n\n\n\n<p>Organismos exigen el retorno al orden constitucional<\/p>\n\n\n\n<p>Un funcionario de la ONU dijo el mi\u00e9rcoles que el organismo mundial estaba siguiendo la situaci\u00f3n en Guinea-Bis\u00e1u \u201ccon profunda preocupaci\u00f3n\u201d.<\/p>\n\n\n\n<p>El secretario general de la ONU, Ant\u00f3nio Guterres, \u201chace un llamado a todas las partes interesadas nacionales en Guinea-Bis\u00e1u para que ejerzan moderaci\u00f3n y respeten el Estado de derecho\u201d, dijo a los periodistas su portavoz, St\u00e9phane Dujarric.<\/p>\n\n\n\n<p>En una declaraci\u00f3n conjunta, las misiones de observaci\u00f3n electoral de la Uni\u00f3n Africana y del bloque regional conocido como CEDEAO, denunciaron un \u201cintento flagrante de interrumpir el proceso democr\u00e1tico\u201d y pidieron un retorno al \u201corden constitucional\u201d.<\/p>\n\n\n\n<p>Tambi\u00e9n instaron a la liberaci\u00f3n inmediata de los funcionarios electorales detenidos.<\/p>\n\n\n\n<p>La coalici\u00f3n de la sociedad civil Frente Popular acus\u00f3 a Embal\u00f3 y al ej\u00e9rcito de organizar un \u201cgolpe simulado\u201d para bloquear la publicaci\u00f3n de los resultados electorales y aferrarse al poder.<\/p>\n\n\n\n<p>\u201cEsta maniobra tiene como objetivo evitar la publicaci\u00f3n de los resultados electorales programados para ma\u00f1ana, 27 de noviembre\u201d, dijo el grupo en un comunicado el mi\u00e9rcoles.<\/p>\n\n\n\n<p>Afirm\u00f3 que Embal\u00f3 planea nombrar un nuevo presidente y primer ministro interino, y luego convocar nuevas elecciones en las que tiene la intenci\u00f3n de postularse nuevamente.<\/p>\n\n\n\n<p>\u00c1frica occidental ha registrado una ola de golpes desde 2020. Mali, N\u00edger y Burkina Faso ahora est\u00e1n gobernadas por l\u00edderes militares que han tomado el poder por la fuerza, con la promesa de proporcionar m\u00e1s seguridad a los ciudadanos contra una insurgencia de grupos armados .<\/p>\n\n\n\n<p>En la vecina Guinea, el general Mamadi Doumbouya, el l\u00edder de la junta, derroc\u00f3 al presidente en 2021, criticando al gobierno anterior por romper promesas.<\/p>\n\n\n\n<p>En Gab\u00f3n, soldados amotinados tomaron el poder en 2023, poco despu\u00e9s de que el presidente fuera declarado ganador de las elecciones de las que se hab\u00eda excluido a observadores internacionales. En abril, el l\u00edder del golpe, el general Brice Oligui Nguema, fue elegido presidente.<\/p>\n","protected":false},"excerpt":{"rendered":"<p>POR ASSANA SAMBU and MARK BANCHEREAU BIS\u00c1U, Guinea Bis\u00e1u (AP) \u2014 Soldados de Guinea-Bis\u00e1u aparecieron en la televisi\u00f3n estatal el mi\u00e9rcoles diciendo que han tomado el poder en el pa\u00eds,&hellip;<\/p>\n","protected":false},"author":10,"featured_media":116016,"comment_status":"open","ping_status":"open","sticky":false,"template":"","format":"standard","meta":{"content-type":"","jetpack_post_was_ever_published":false,"_jetpack_newsletter_access":"","_jetpack_dont_email_post_to_subs":false,"_jetpack_newsletter_tier_id":0,"_jetpack_memberships_contains_paywalled_content":false,"_jetpack_memberships_contains_paid_content":false,"footnotes":""},"categories":[16289],"tags":[27845,283,695,13068,27844],"class_list":["post-116015","post","type-post","status-publish","format-standard","has-post-thumbnail","hentry","category-internacionales","tag-guinea-bisau","tag-militares","tag-poder","tag-television-estatal","tag-tomado"],"jetpack_featured_media_url":"https:\/\/lasprimeras.com.do\/wp-content\/uploads\/2025\/11\/guinea.jpg","jetpack-related-posts":[{"id":125194,"url":"https:\/\/lasprimeras.com.do\/index.php\/2026\/03\/20\/dominicanos-en-ee-uu-agradecen-no-se-incluya-rd-en-la-lista-de-fianza-us15-mil-por-visas-de-turismo-y-negocios\/","url_meta":{"origin":116015,"position":0},"title":"Dominicanos en EE.UU. agradecen no se incluya RD en la lista de fianza US$15 mil por visas de turismo y negocios","author":"Nelson Feliz","date":"20 de marzo de 2026","format":false,"excerpt":"Por Ram\u00f3n Mercedes NUEVA YORK.- Dominicanos residentes en esta ciudad expresan su agradecimiento a las autoridades de Estados Unidos por no haber incluido a la Rep\u00fablica Dominicana en la lista de pa\u00edses cuyos ciudadanos tendr\u00e1n que pagar una fianza de 15 mil d\u00f3lares por visas de turismo y negocios (B1\u2026","rel":"","context":"En \u00abECONOM\u00cdA\u00bb","block_context":{"text":"ECONOM\u00cdA","link":"https:\/\/lasprimeras.com.do\/index.php\/category\/economia\/"},"img":{"alt_text":"","src":"https:\/\/i0.wp.com\/lasprimeras.com.do\/wp-content\/uploads\/2026\/03\/IMG-20260320-WA0007.jpg?resize=350%2C200&ssl=1","width":350,"height":200,"srcset":"https:\/\/i0.wp.com\/lasprimeras.com.do\/wp-content\/uploads\/2026\/03\/IMG-20260320-WA0007.jpg?resize=350%2C200&ssl=1 1x, https:\/\/i0.wp.com\/lasprimeras.com.do\/wp-content\/uploads\/2026\/03\/IMG-20260320-WA0007.jpg?resize=525%2C300&ssl=1 1.5x"},"classes":[]},{"id":82522,"url":"https:\/\/lasprimeras.com.do\/index.php\/2024\/05\/04\/gobierno-compra-mas-13-millones-guineos-a-adobanano\/","url_meta":{"origin":116015,"position":1},"title":"Gobierno compra m\u00e1s 13 millones guineos a ADOBANANO","author":"Esteffany Vargas","date":"4 de mayo de 2024","format":false,"excerpt":"El producto es comercializado en 23 mercados de productores a nivel nacional. El Gobierno dominicano a trav\u00e9s del Inespre compr\u00f3 13 millones 793 mil unidades de guineos verdes a miembros de la Asociaci\u00f3n Dominicana de Productores de Banano (ADOBANANO) con una inversi\u00f3n de m\u00e1s de 40 millones de pesos. Dicha\u2026","rel":"","context":"En \u00abECONOM\u00cdA\u00bb","block_context":{"text":"ECONOM\u00cdA","link":"https:\/\/lasprimeras.com.do\/index.php\/category\/economia\/"},"img":{"alt_text":"guineos","src":"https:\/\/i0.wp.com\/lasprimeras.com.do\/wp-content\/uploads\/2024\/05\/guineos-1.jpg?resize=350%2C200&ssl=1","width":350,"height":200,"srcset":"https:\/\/i0.wp.com\/lasprimeras.com.do\/wp-content\/uploads\/2024\/05\/guineos-1.jpg?resize=350%2C200&ssl=1 1x, https:\/\/i0.wp.com\/lasprimeras.com.do\/wp-content\/uploads\/2024\/05\/guineos-1.jpg?resize=525%2C300&ssl=1 1.5x"},"classes":[]},{"id":74647,"url":"https:\/\/lasprimeras.com.do\/index.php\/2024\/01\/25\/el-papa-francisco-visitara-papua-nueva-guinea-en-agosto\/","url_meta":{"origin":116015,"position":2},"title":"El papa Francisco visitar\u00e1 Pap\u00faa Nueva Guinea en agosto","author":"BIMARY DE JES\u00daS Matos","date":"25 de enero de 2024","format":false,"excerpt":"Bangkok.- El papa Francisco realizar\u00e1 una visita de tres d\u00edas a Pap\u00faa Nueva Guinea el pr\u00f3ximo agosto, seg\u00fan confirm\u00f3 este jueves a EFE la Conferencia Episcopal de este pa\u00eds del Ocean\u00eda. Un portavoz de la Conferencia Episcopal de Pap\u00faa Nueva Guinea y las Islas Salom\u00f3n indic\u00f3 a EFE por tel\u00e9fono\u2026","rel":"","context":"En \u00abSin categor\u00eda\u00bb","block_context":{"text":"Sin categor\u00eda","link":"https:\/\/lasprimeras.com.do\/index.php\/category\/sin-categoria\/"},"img":{"alt_text":"","src":"https:\/\/i0.wp.com\/lasprimeras.com.do\/wp-content\/uploads\/2024\/01\/Diseno-sin-titulo-7.webp?resize=350%2C200&ssl=1","width":350,"height":200,"srcset":"https:\/\/i0.wp.com\/lasprimeras.com.do\/wp-content\/uploads\/2024\/01\/Diseno-sin-titulo-7.webp?resize=350%2C200&ssl=1 1x, https:\/\/i0.wp.com\/lasprimeras.com.do\/wp-content\/uploads\/2024\/01\/Diseno-sin-titulo-7.webp?resize=525%2C300&ssl=1 1.5x"},"classes":[]},{"id":82393,"url":"https:\/\/lasprimeras.com.do\/index.php\/2024\/05\/02\/gobierno-compra-mas-de-13-millones-de-guineos-a-adobanano-y-los-vende-a-peso-a-traves-del-inespre\/","url_meta":{"origin":116015,"position":3},"title":"Gobierno compra m\u00e1s de 13 millones de guineos a Adobanano y los vende a peso a trav\u00e9s del Inespre","author":"BIMARY DE JES\u00daS Matos","date":"2 de mayo de 2024","format":false,"excerpt":"El producto es comercializado en 23 mercados de productores a nivel nacional Santo Domingo, Rep\u00fablica Dominicana. El Gobierno dominicano a trav\u00e9s del Inespre compr\u00f3 13 millones 793 mil unidades de guineos verdes a miembros de la Asociaci\u00f3n Dominicana de Productores de Banano (ADOBANANO) con una inversi\u00f3n de m\u00e1s de 40\u2026","rel":"","context":"En \u00abNACIONALES\u00bb","block_context":{"text":"NACIONALES","link":"https:\/\/lasprimeras.com.do\/index.php\/category\/nacionales\/"},"img":{"alt_text":"","src":"https:\/\/i0.wp.com\/lasprimeras.com.do\/wp-content\/uploads\/2024\/05\/IMG-20240502-WA0025.jpg?resize=350%2C200&ssl=1","width":350,"height":200,"srcset":"https:\/\/i0.wp.com\/lasprimeras.com.do\/wp-content\/uploads\/2024\/05\/IMG-20240502-WA0025.jpg?resize=350%2C200&ssl=1 1x, https:\/\/i0.wp.com\/lasprimeras.com.do\/wp-content\/uploads\/2024\/05\/IMG-20240502-WA0025.jpg?resize=525%2C300&ssl=1 1.5x, https:\/\/i0.wp.com\/lasprimeras.com.do\/wp-content\/uploads\/2024\/05\/IMG-20240502-WA0025.jpg?resize=700%2C400&ssl=1 2x, https:\/\/i0.wp.com\/lasprimeras.com.do\/wp-content\/uploads\/2024\/05\/IMG-20240502-WA0025.jpg?resize=1050%2C600&ssl=1 3x, https:\/\/i0.wp.com\/lasprimeras.com.do\/wp-content\/uploads\/2024\/05\/IMG-20240502-WA0025.jpg?resize=1400%2C800&ssl=1 4x"},"classes":[]},{"id":100640,"url":"https:\/\/lasprimeras.com.do\/index.php\/2025\/06\/09\/inoperancia-y-abandono-del-gobierno-decreta-del-desplome-de-la-produccion-de-guineos\/","url_meta":{"origin":116015,"position":4},"title":"Inoperancia y abandono del Gobierno decreta del desplome de la producci\u00f3n de guineos","author":"Nelson Feliz","date":"9 de junio de 2025","format":false,"excerpt":"El PLD propone medidas para rescatar el banano dominicano del colapso. En apenas tres a\u00f1os, las exportaciones de banano se han desplomado en un 44 por ciento, llevando a la desaparici\u00f3n cerca de 500 productores, equivalente al 20% del total, reduciendo la producci\u00f3n semanal de 400,000 cajas a casi la\u2026","rel":"","context":"En \u00abPOLITICA\u00bb","block_context":{"text":"POLITICA","link":"https:\/\/lasprimeras.com.do\/index.php\/category\/politica\/"},"img":{"alt_text":"","src":"https:\/\/i0.wp.com\/lasprimeras.com.do\/wp-content\/uploads\/2025\/06\/Adriano-Sanchez-Roa.jpg?resize=350%2C200&ssl=1","width":350,"height":200,"srcset":"https:\/\/i0.wp.com\/lasprimeras.com.do\/wp-content\/uploads\/2025\/06\/Adriano-Sanchez-Roa.jpg?resize=350%2C200&ssl=1 1x, https:\/\/i0.wp.com\/lasprimeras.com.do\/wp-content\/uploads\/2025\/06\/Adriano-Sanchez-Roa.jpg?resize=525%2C300&ssl=1 1.5x, https:\/\/i0.wp.com\/lasprimeras.com.do\/wp-content\/uploads\/2025\/06\/Adriano-Sanchez-Roa.jpg?resize=700%2C400&ssl=1 2x"},"classes":[]},{"id":117870,"url":"https:\/\/lasprimeras.com.do\/index.php\/2025\/12\/16\/senado-aprueba-presupuesto-general-del-estado-para-el-ano-2026\/","url_meta":{"origin":116015,"position":5},"title":"Senado aprueba Presupuesto General del Estado para el a\u00f1o 2026","author":"Nelson Feliz","date":"16 de diciembre de 2025","format":false,"excerpt":"El 35.4% del presupuesto aprobado ser\u00e1 enfocado a la articulaci\u00f3n de bienes y servicios p\u00fablicos relacionados con la Estrategia Nacional de Desarrollo. La C\u00e1mara Alta declar\u00f3 de urgencia y aprob\u00f3 en dos lecturas consecutivas el Proyecto de Ley de Presupuesto General del Estado correspondiente al a\u00f1o 2026, ascendente a un\u2026","rel":"","context":"En \u00abECONOM\u00cdA\u00bb","block_context":{"text":"ECONOM\u00cdA","link":"https:\/\/lasprimeras.com.do\/index.php\/category\/economia\/"},"img":{"alt_text":"Senado aprueba Presupuesto General del Estado para el a\u00f1o 2026","src":"https:\/\/i0.wp.com\/lasprimeras.com.do\/wp-content\/uploads\/2025\/12\/Senado-aprueba-Presupuesto-General-del-Estado-para-el-ano-2026.jpg?resize=350%2C200&ssl=1","width":350,"height":200,"srcset":"https:\/\/i0.wp.com\/lasprimeras.com.do\/wp-content\/uploads\/2025\/12\/Senado-aprueba-Presupuesto-General-del-Estado-para-el-ano-2026.jpg?resize=350%2C200&ssl=1 1x, https:\/\/i0.wp.com\/lasprimeras.com.do\/wp-content\/uploads\/2025\/12\/Senado-aprueba-Presupuesto-General-del-Estado-para-el-ano-2026.jpg?resize=525%2C300&ssl=1 1.5x, https:\/\/i0.wp.com\/lasprimeras.com.do\/wp-content\/uploads\/2025\/12\/Senado-aprueba-Presupuesto-General-del-Estado-para-el-ano-2026.jpg?resize=700%2C400&ssl=1 2x"},"classes":[]}],"jetpack_sharing_enabled":true,"_links":{"self":[{"href":"https:\/\/lasprimeras.com.do\/index.php\/wp-json\/wp\/v2\/posts\/116015","targetHints":{"allow":["GET"]}}],"collection":[{"href":"https:\/\/lasprimeras.com.do\/index.php\/wp-json\/wp\/v2\/posts"}],"about":[{"href":"https:\/\/lasprimeras.com.do\/index.php\/wp-json\/wp\/v2\/types\/post"}],"author":[{"embeddable":true,"href":"https:\/\/lasprimeras.com.do\/index.php\/wp-json\/wp\/v2\/users\/10"}],"replies":[{"embeddable":true,"href":"https:\/\/lasprimeras.com.do\/index.php\/wp-json\/wp\/v2\/comments?post=116015"}],"version-history":[{"count":1,"href":"https:\/\/lasprimeras.com.do\/index.php\/wp-json\/wp\/v2\/posts\/116015\/revisions"}],"predecessor-version":[{"id":116017,"href":"https:\/\/lasprimeras.com.do\/index.php\/wp-json\/wp\/v2\/posts\/116015\/revisions\/116017"}],"wp:featuredmedia":[{"embeddable":true,"href":"https:\/\/lasprimeras.com.do\/index.php\/wp-json\/wp\/v2\/media\/116016"}],"wp:attachment":[{"href":"https:\/\/lasprimeras.com.do\/index.php\/wp-json\/wp\/v2\/media?parent=116015"}],"wp:term":[{"taxonomy":"category","embeddable":true,"href":"https:\/\/lasprimeras.com.do\/index.php\/wp-json\/wp\/v2\/categories?post=116015"},{"taxonomy":"post_tag","embeddable":true,"href":"https:\/\/lasprimeras.com.do\/index.php\/wp-json\/wp\/v2\/tags?post=116015"}],"curies":[{"name":"wp","href":"https:\/\/api.w.org\/{rel}","templated":true}]}}