{"id":116018,"date":"2025-11-26T21:29:42","date_gmt":"2025-11-27T01:29:42","guid":{"rendered":"https:\/\/lasprimeras.com.do\/?p=116018"},"modified":"2025-11-26T21:29:44","modified_gmt":"2025-11-27T01:29:44","slug":"fiscalia-mexicana-investiga-a-dueno-de-miss-universo-por-presunto-trafico-de-drogas-y-armas","status":"publish","type":"post","link":"https:\/\/lasprimeras.com.do\/index.php\/2025\/11\/26\/fiscalia-mexicana-investiga-a-dueno-de-miss-universo-por-presunto-trafico-de-drogas-y-armas\/","title":{"rendered":"Fiscal\u00eda mexicana investiga a due\u00f1o de Miss Universo por presunto tr\u00e1fico de drogas y armas"},"content":{"rendered":"\n<p>POR FABIOLA S\u00c1NCHEZ<\/p>\n\n\n\n<p>CIUDAD DE M\u00c9XICO (AP) \u2014 El due\u00f1o del concurso Miss Universo, el empresario mexicano Ra\u00fal Rocha Cant\u00fa, es investigado por la Fiscal\u00eda General de M\u00e9xico por presunto tr\u00e1fico de drogas, armas y combustible, dijo el mi\u00e9rcoles a The Associated Press un funcionario federal.<\/p>\n\n\n\n<p>El proceso contra Rocha Cant\u00fa surge en medio de la controversia que se dio en la \u00faltima edici\u00f3n del certamen y la orden de arresto que emiti\u00f3 la v\u00edspera un tribunal de Tailandia contra la copropietaria de la Organizaci\u00f3n Miss Universo, Jakkaphong \u201cAnne\u201d Jakrajutatip, en relaci\u00f3n con un caso de fraude.<\/p>\n\n\n\n<p>La Fiscal\u00eda General de la Rep\u00fablica dijo en un comunicado que desde noviembre de 2024 abri\u00f3 una carpeta de investigaci\u00f3n por delincuencia organizada, en relaci\u00f3n con narcotr\u00e1fico, robo de combustible \u2014conocido localmente como huachicol\u2014 y tr\u00e1fico de armas.<\/p>\n\n\n\n<p>Se\u00f1al\u00f3 que se est\u00e1n obteniendo datos fundamentales para continuar y ahondar la investigaci\u00f3n contra una persona identificada como Ra\u00fal \u201cR\u201d. Un agente federal, que habl\u00f3 en condici\u00f3n de anonimato porque no est\u00e1 autorizado para hablar p\u00fablicamente del caso, dijo a la AP que el investigado es Rocha Cant\u00fa.<\/p>\n\n\n\n<p>La AP solicit\u00f3 una reacci\u00f3n a la Organizaci\u00f3n Miss Universo, pero no hubo respuesta de momento.<\/p>\n\n\n\n<p>Hace diez d\u00edas, un juez federal hab\u00eda emitido trece \u00f3rdenes de captura contra algunos de los implicados en el caso. La Fiscal\u00eda no inform\u00f3 la identidad de los procesados, pero detall\u00f3 que entre los detenidos est\u00e1 una funcionaria federal.<\/p>\n\n\n\n<p>El funcionario que habl\u00f3 con AP no confirm\u00f3 ni descart\u00f3 que el empresario mexicano est\u00e9 entre las trece personas que tienen orden de captura por el caso.<\/p>\n\n\n\n<p>Seg\u00fan medios locales, Rocha Cant\u00fa tambi\u00e9n se vio envuelto en el pol\u00e9mico caso del Casino Royale de la ciudad norte\u00f1a de Monterrey, en el estado de Nuevo Le\u00f3n, que sufri\u00f3 un atentado en agosto del 2011 donde murieron 52 personas.<\/p>\n\n\n\n<p>El casino era operado por las empresas CYMSA Corporation y Entertainment Enterprises of Mexico de las que Rocha Cant\u00fa era socio.<\/p>\n\n\n\n<p>Por el caso fue condenado en julio pasado a 135 a\u00f1os de prisi\u00f3n a Baltazar Saucedo Estrada, se\u00f1alado como narcotraficante y quien fue considerado el autor intelectual del ataque al casino.<\/p>\n\n\n\n<p>Jakrajutatip fue acusada de fraude y luego liberada bajo fianza en 2023. No se present\u00f3 como se requer\u00eda en un tribunal de Bangkok el martes. Dado que no notific\u00f3 al tribunal sobre su ausencia, se consider\u00f3 que exist\u00eda riesgo de fuga, seg\u00fan un comunicado del Tribunal del Distrito Sur de Bangkok.<\/p>\n\n\n\n<p>La copropietaria del concurso Miss Universo y su empresa, JKN Global Group Public Co. Ltd., fueron demandados por presuntamente defraudar a Raweewat Maschamadol al venderle bonos corporativos de la empresa en 2023. Este \u00faltimo afirma que la inversi\u00f3n le caus\u00f3 una p\u00e9rdida de unos 930.362 d\u00f3lares.<\/p>\n\n\n\n<p>JKN adquiri\u00f3 los derechos del certamen de Miss Universo de IMG Worldwide LLC en 2022. En 2023, vendi\u00f3 el 50% de sus acciones de Miss Universo a Legacy Holding Group USA, que es propiedad de Rocha Cant\u00fa.<\/p>\n\n\n\n<p>El paradero de la copropietaria de Miss Universo sigue siendo incierto. No se present\u00f3 en la 74\u00aa competencia que se celebr\u00f3 en Bangkok a principios de este mes.<\/p>\n\n\n\n<p>La \u00faltima edici\u00f3n del certamen estuvo marcada por la pol\u00e9mica, incluyendo una reprimenda mordaz por parte de un organizador tailand\u00e9s a F\u00e1tima Bosch de M\u00e9xico, quien fue coronada Miss Universo 2025 el 21 de noviembre.<\/p>\n\n\n\n<p>Se inform\u00f3 que dos jueces se retiraron, con uno sugiriendo que hab\u00eda un elemento de manipulaci\u00f3n en el concurso. Por separado, la polic\u00eda tailandesa investig\u00f3 acusaciones de que la publicidad del evento inclu\u00eda promoci\u00f3n ilegal de casinos en l\u00ednea.<\/p>\n","protected":false},"excerpt":{"rendered":"<p>POR FABIOLA S\u00c1NCHEZ CIUDAD DE M\u00c9XICO (AP) \u2014 El due\u00f1o del concurso Miss Universo, el empresario mexicano Ra\u00fal Rocha Cant\u00fa, es investigado por la Fiscal\u00eda General de M\u00e9xico por presunto&hellip;<\/p>\n","protected":false},"author":10,"featured_media":116019,"comment_status":"open","ping_status":"open","sticky":false,"template":"","format":"standard","meta":{"content-type":"","jetpack_post_was_ever_published":false,"_jetpack_newsletter_access":"","_jetpack_dont_email_post_to_subs":false,"_jetpack_newsletter_tier_id":0,"_jetpack_memberships_contains_paywalled_content":false,"_jetpack_memberships_contains_paid_content":false,"footnotes":""},"categories":[16289],"tags":[1923,2665,27846,3809,22906,24489],"class_list":["post-116018","post","type-post","status-publish","format-standard","has-post-thumbnail","hentry","category-internacionales","tag-armas","tag-dueno","tag-fiscalia-mexicana","tag-investiga","tag-miss-universo","tag-trafico-de-drogas"],"jetpack_featured_media_url":"https:\/\/lasprimeras.com.do\/wp-content\/uploads\/2025\/11\/Raul-Rocha-Cantu.jpg","jetpack-related-posts":[{"id":68026,"url":"https:\/\/lasprimeras.com.do\/index.php\/2023\/11\/21\/magali-anuncia-estan-abiertas-inscripciones-del-miss-rd-2024-para-las-chicas-que-quieran-vengarse\/","url_meta":{"origin":116018,"position":0},"title":"Magali anuncia est\u00e1n abiertas inscripciones del Miss RD 2024 para \u201clas chicas que quieran vengarse&#8221;","author":"BIMARY DE JES\u00daS Matos","date":"21 de noviembre de 2023","format":false,"excerpt":"Salvador.-La directora de la franquicia de Miss Rep\u00fablica Dominicana Universo, Magali Febles anunci\u00f3 que est\u00e1n abiertas las inscripciones para todas las \u201cchicas que quieran vengarse con su participaci\u00f3n para traer la corona\u201d. Durante una transmisi\u00f3n en vivo en su cuenta de Instagram, Febles expres\u00f3 que no se arrepiente del trabajo\u2026","rel":"","context":"En \u00abENTRETENIMIENTO\u00bb","block_context":{"text":"ENTRETENIMIENTO","link":"https:\/\/lasprimeras.com.do\/index.php\/category\/entretenimiento\/"},"img":{"alt_text":"","src":"","width":0,"height":0},"classes":[]},{"id":58200,"url":"https:\/\/lasprimeras.com.do\/index.php\/2023\/08\/21\/hay-un-dominicano-detenido-por-la-muerte-de-un-alcalde-en-ecuador\/","url_meta":{"origin":116018,"position":1},"title":"Hay un dominicano detenido por la muerte de un alcalde en Ecuador","author":"Nelson Feliz","date":"21 de agosto de 2023","format":false,"excerpt":"Un dominicano figura entre los nuevos detenidos como presuntos autores materiales del asesinato, ocurrido en julio pasado. Un dominicano figura entre los nuevos detenidos como presuntos autores materiales del asesinato, ocurrido en julio pasado, de Agust\u00edn Intriago, el alcalde de Manta, la tercera ciudad m\u00e1s poblada de Ecuador, seg\u00fan inform\u00f3\u2026","rel":"","context":"En \u00abSin categor\u00eda\u00bb","block_context":{"text":"Sin categor\u00eda","link":"https:\/\/lasprimeras.com.do\/index.php\/category\/sin-categoria\/"},"img":{"alt_text":"dominicano","src":"https:\/\/i0.wp.com\/lasprimeras.com.do\/wp-content\/uploads\/2023\/08\/dominicano.jpg?resize=350%2C200&ssl=1","width":350,"height":200},"classes":[]},{"id":62194,"url":"https:\/\/lasprimeras.com.do\/index.php\/2023\/10\/03\/solicita-prision-contra-traficantes-los-firaen-santiago\/","url_meta":{"origin":116018,"position":2},"title":"Solicita prisi\u00f3n contra traficantes \u00abLos Fira\u00bben Santiago","author":"BIMARY DE JES\u00daS Matos","date":"3 de octubre de 2023","format":false,"excerpt":"SANTIAGO .- La Fiscal\u00eda de Santiago le imputa cargos provisionales de violaci\u00f3n a varios art\u00edculos de la Ley 50-88 sobre Drogas y Sustancias Controladas, a la Ley 631-16 de Armas, Municiones y Materiales Relacionados y a la 155-17 sobre Lavado de Activos, a los traficantes de drogas, a quienes incaut\u00f3\u2026","rel":"","context":"En \u00abNACIONALES\u00bb","block_context":{"text":"NACIONALES","link":"https:\/\/lasprimeras.com.do\/index.php\/category\/nacionales\/"},"img":{"alt_text":"","src":"https:\/\/i0.wp.com\/lasprimeras.com.do\/wp-content\/uploads\/2023\/10\/WhatsApp-Image-2023-10-03-at-11.38.01-AM-4.jpeg?resize=350%2C200&ssl=1","width":350,"height":200,"srcset":"https:\/\/i0.wp.com\/lasprimeras.com.do\/wp-content\/uploads\/2023\/10\/WhatsApp-Image-2023-10-03-at-11.38.01-AM-4.jpeg?resize=350%2C200&ssl=1 1x, https:\/\/i0.wp.com\/lasprimeras.com.do\/wp-content\/uploads\/2023\/10\/WhatsApp-Image-2023-10-03-at-11.38.01-AM-4.jpeg?resize=525%2C300&ssl=1 1.5x, https:\/\/i0.wp.com\/lasprimeras.com.do\/wp-content\/uploads\/2023\/10\/WhatsApp-Image-2023-10-03-at-11.38.01-AM-4.jpeg?resize=700%2C400&ssl=1 2x"},"classes":[]},{"id":88142,"url":"https:\/\/lasprimeras.com.do\/index.php\/2024\/08\/22\/condena-de-15-anos-de-prision-contra-hombre-por-trafico-internacional-de-drogas\/","url_meta":{"origin":116018,"position":3},"title":"Condena de 15 a\u00f1os de prisi\u00f3n contra hombre por tr\u00e1fico internacional de drogas","author":"Nelson Feliz","date":"22 de agosto de 2024","format":false,"excerpt":"La Fiscal\u00eda de Santo Domingo Este y Norte logr\u00f3 que el Primer Tribunal Colegiado de esta jurisdicci\u00f3n condenar\u00e1 a 15 a\u00f1os de prisi\u00f3n a un hombre por tr\u00e1fico internacional de drogas. El Ministerio P\u00fablico, representado por el fiscal litigante Ignacio Rojas demostr\u00f3 ante los jueces Elizabeth Esperanza Rodr\u00edguez Espinal, Flor\u2026","rel":"","context":"En \u00abJUSTICIA\u00bb","block_context":{"text":"JUSTICIA","link":"https:\/\/lasprimeras.com.do\/index.php\/category\/justicia\/"},"img":{"alt_text":"FISCALIA SDE","src":"https:\/\/i0.wp.com\/lasprimeras.com.do\/wp-content\/uploads\/2023\/10\/FISCALIA-SDE.jpg?resize=350%2C200&ssl=1","width":350,"height":200,"srcset":"https:\/\/i0.wp.com\/lasprimeras.com.do\/wp-content\/uploads\/2023\/10\/FISCALIA-SDE.jpg?resize=350%2C200&ssl=1 1x, https:\/\/i0.wp.com\/lasprimeras.com.do\/wp-content\/uploads\/2023\/10\/FISCALIA-SDE.jpg?resize=525%2C300&ssl=1 1.5x, https:\/\/i0.wp.com\/lasprimeras.com.do\/wp-content\/uploads\/2023\/10\/FISCALIA-SDE.jpg?resize=700%2C400&ssl=1 2x"},"classes":[]},{"id":51370,"url":"https:\/\/lasprimeras.com.do\/index.php\/2023\/05\/30\/fiscalia-de-guatemala-pide-40-anos-de-prision-para-dueno-de-diario\/","url_meta":{"origin":116018,"position":4},"title":"Fiscal\u00eda de Guatemala pide 40 a\u00f1os de prisi\u00f3n para due\u00f1o de diario","author":"prenxa100","date":"30 de mayo de 2023","format":false,"excerpt":"La fiscal sostuvo que Jos\u00e9 Rub\u00e9n Zamora intent\u00f3 blanquear el equivalente a unos 37.500 d\u00f3lares de \"procedencia il\u00edcita\" y \"producto de chantajes y extorsiones\" a empresarios. Ciudad de Guatemala, AFP .-. La Fiscal\u00eda de Guatemala pidi\u00f3 este martes imponer una condena de 40 a\u00f1os de prisi\u00f3n al due\u00f1o de un\u2026","rel":"","context":"En \u00abSin categor\u00eda\u00bb","block_context":{"text":"Sin categor\u00eda","link":"https:\/\/lasprimeras.com.do\/index.php\/category\/sin-categoria\/"},"img":{"alt_text":"","src":"","width":0,"height":0},"classes":[]},{"id":75147,"url":"https:\/\/lasprimeras.com.do\/index.php\/2024\/01\/29\/melissa-nunez-es-la-primera-candidata-del-miss-rd-universo-en-ee-uu\/","url_meta":{"origin":116018,"position":5},"title":"Melissa N\u00fa\u00f1ez es la primera candidata del Miss RD Universo en EE.UU","author":"Nelson Feliz","date":"29 de enero de 2024","format":false,"excerpt":"Melissa N\u00fa\u00f1ez es oriunda de La Vega y migr\u00f3 a los Estados Unidos para estudiar. Melissa N\u00fa\u00f1ez, oriunda de La Vega, se coron\u00f3 el pasado octubre como Miss RD Comunidad USA y se convirti\u00f3 en la primera candidata seleccionada para participar en el Miss RD Universo de este a\u00f1o. N\u00fa\u00f1ez,\u2026","rel":"","context":"En \u00abENTRETENIMIENTO\u00bb","block_context":{"text":"ENTRETENIMIENTO","link":"https:\/\/lasprimeras.com.do\/index.php\/category\/entretenimiento\/"},"img":{"alt_text":"Melissa N\u00fa\u00f1ez, se coron\u00f3 en octubre pasado como Miss RD Comunidad USA. (FUENTE EXTERNA)","src":"https:\/\/i0.wp.com\/lasprimeras.com.do\/wp-content\/uploads\/2024\/01\/Melissa-Nunez.jpg?resize=350%2C200&ssl=1","width":350,"height":200,"srcset":"https:\/\/i0.wp.com\/lasprimeras.com.do\/wp-content\/uploads\/2024\/01\/Melissa-Nunez.jpg?resize=350%2C200&ssl=1 1x, https:\/\/i0.wp.com\/lasprimeras.com.do\/wp-content\/uploads\/2024\/01\/Melissa-Nunez.jpg?resize=525%2C300&ssl=1 1.5x, https:\/\/i0.wp.com\/lasprimeras.com.do\/wp-content\/uploads\/2024\/01\/Melissa-Nunez.jpg?resize=700%2C400&ssl=1 2x"},"classes":[]}],"jetpack_sharing_enabled":true,"_links":{"self":[{"href":"https:\/\/lasprimeras.com.do\/index.php\/wp-json\/wp\/v2\/posts\/116018","targetHints":{"allow":["GET"]}}],"collection":[{"href":"https:\/\/lasprimeras.com.do\/index.php\/wp-json\/wp\/v2\/posts"}],"about":[{"href":"https:\/\/lasprimeras.com.do\/index.php\/wp-json\/wp\/v2\/types\/post"}],"author":[{"embeddable":true,"href":"https:\/\/lasprimeras.com.do\/index.php\/wp-json\/wp\/v2\/users\/10"}],"replies":[{"embeddable":true,"href":"https:\/\/lasprimeras.com.do\/index.php\/wp-json\/wp\/v2\/comments?post=116018"}],"version-history":[{"count":1,"href":"https:\/\/lasprimeras.com.do\/index.php\/wp-json\/wp\/v2\/posts\/116018\/revisions"}],"predecessor-version":[{"id":116020,"href":"https:\/\/lasprimeras.com.do\/index.php\/wp-json\/wp\/v2\/posts\/116018\/revisions\/116020"}],"wp:featuredmedia":[{"embeddable":true,"href":"https:\/\/lasprimeras.com.do\/index.php\/wp-json\/wp\/v2\/media\/116019"}],"wp:attachment":[{"href":"https:\/\/lasprimeras.com.do\/index.php\/wp-json\/wp\/v2\/media?parent=116018"}],"wp:term":[{"taxonomy":"category","embeddable":true,"href":"https:\/\/lasprimeras.com.do\/index.php\/wp-json\/wp\/v2\/categories?post=116018"},{"taxonomy":"post_tag","embeddable":true,"href":"https:\/\/lasprimeras.com.do\/index.php\/wp-json\/wp\/v2\/tags?post=116018"}],"curies":[{"name":"wp","href":"https:\/\/api.w.org\/{rel}","templated":true}]}}