{"id":116021,"date":"2025-11-26T21:47:05","date_gmt":"2025-11-27T01:47:05","guid":{"rendered":"https:\/\/lasprimeras.com.do\/?p=116021"},"modified":"2025-11-26T21:47:07","modified_gmt":"2025-11-27T01:47:07","slug":"imponen-condena-de-casi-400-anos-de-carcel-a-lider-pandillero-en-el-salvador","status":"publish","type":"post","link":"https:\/\/lasprimeras.com.do\/index.php\/2025\/11\/26\/imponen-condena-de-casi-400-anos-de-carcel-a-lider-pandillero-en-el-salvador\/","title":{"rendered":"Imponen condena de casi 400 a\u00f1os de c\u00e1rcel a l\u00edder pandillero en El Salvador"},"content":{"rendered":"\n<p>SAN SALVADOR (AP) \u2014 Un tribunal de El Salvador declar\u00f3 culpables a 45 pandilleros de Barrios 18 Sure\u00f1os por varios delitos, entre ellos extorsi\u00f3n y homicidio, e impuso una condena de 397 a\u00f1os de prisi\u00f3n contra uno de los cabecillas de esa estructura criminal, en medio de un estado de excepci\u00f3n para combatir esos grupos impuesto desde 2022.<\/p>\n\n\n\n<p>La Fiscal\u00eda General de la Rep\u00fablica inform\u00f3 el mi\u00e9rcoles sobre esa cuantiosa condena impuesta contra el cabecilla Pedro Melara Romero, conocido con el alias de \u201cCaballo\u201d, as\u00ed como las sentencias a los dem\u00e1s miembros, que van desde 66 a 180 a\u00f1os.<\/p>\n\n\n\n<p>Indic\u00f3 que los pandilleros fueron procesados por los delitos de agrupaciones il\u00edcitas, extorsi\u00f3n agravada, homicidios, tr\u00e1fico il\u00edcito y privaci\u00f3n de libertad cometidos entre 2021 y 2022 en distintas zonas de la capital salvadore\u00f1a.<\/p>\n\n\n\n<p>En 2024 un tribunal conden\u00f3 a 1.420 a\u00f1os de c\u00e1rcel al pandillero de la Mara Salvatrucha \u00c1ngel Geovany Guzm\u00e1n Gonz\u00e1lez por siete homicidios y 37 casos de extorsiones agravadas, entre otros delitos.<\/p>\n\n\n\n<p>Desde marzo de 2022, luego que un solo d\u00eda las pandillas asesinaran a 62 personas en todo el pa\u00eds, el presidente Nayib Bukele declar\u00f3 la guerra a estas estructuras criminales y promovi\u00f3 que el Congreso declara un r\u00e9gimen de excepci\u00f3n que sigue vigente y que suspende varias garant\u00edas constitucionales.<\/p>\n\n\n\n<p>Las pol\u00edticas de mano dura de Bukele han recibido reiteradas cr\u00edticas de organismos nacionales e internacionales de derechos humanos que afirman que han derivado en graves violaciones a los derechos fundamentales de los ciudadanos.<\/p>\n\n\n\n<p>Desde el inicio del r\u00e9gimen de excepci\u00f3n, el gobierno asegura que van 1.060 d\u00edas sin homicidios y 90.200 personas capturadas se\u00f1aladas de pertenecer supuestamente a las pandillas o colaborar con estos grupos criminales.<\/p>\n\n\n\n<p>En 2015, El Salvador estaba considerado como uno de los pa\u00edses m\u00e1s peligrosos del mundo al registrar 6.656 asesinatos y una tasa de homicidios de 106 por 100.000 habitantes, pero en 2024 la naci\u00f3n centroamericana cerr\u00f3 con 114 homicidios, un promedio diario de 0,3, seg\u00fan cifras oficiales.<\/p>\n","protected":false},"excerpt":{"rendered":"<p>SAN SALVADOR (AP) \u2014 Un tribunal de El Salvador declar\u00f3 culpables a 45 pandilleros de Barrios 18 Sure\u00f1os por varios delitos, entre ellos extorsi\u00f3n y homicidio, e impuso una condena&hellip;<\/p>\n","protected":false},"author":10,"featured_media":97411,"comment_status":"open","ping_status":"open","sticky":false,"template":"","format":"standard","meta":{"content-type":"","jetpack_post_was_ever_published":false,"_jetpack_newsletter_access":"","_jetpack_dont_email_post_to_subs":false,"_jetpack_newsletter_tier_id":0,"_jetpack_memberships_contains_paywalled_content":false,"_jetpack_memberships_contains_paid_content":false,"footnotes":""},"categories":[16289],"tags":[27847,417,598,2714,27848],"class_list":["post-116021","post","type-post","status-publish","format-standard","has-post-thumbnail","hentry","category-internacionales","tag-400-anos-de-carcel","tag-condena","tag-el-salvador","tag-imponen","tag-lider-pandillero"],"jetpack_featured_media_url":"https:\/\/lasprimeras.com.do\/wp-content\/uploads\/2025\/04\/mallete.png","jetpack-related-posts":[{"id":85768,"url":"https:\/\/lasprimeras.com.do\/index.php\/2024\/07\/08\/condena-de-1-420-anos-de-carcel-para-un-pandillero-en-el-salvador-y-de-cientos-de-anos-para-otros\/","url_meta":{"origin":116021,"position":0},"title":"Condena de 1.420 a\u00f1os de c\u00e1rcel para un pandillero en El Salvador y de cientos de a\u00f1os para otros","author":"Nelson Feliz","date":"8 de julio de 2024","format":false,"excerpt":"SAN SALVADOR (AP) \u2014 Un tribunal de justicia de El Salvador impuso penas de hasta 1.420 a\u00f1os de prisi\u00f3n para una estructura criminal de la pandilla Mara Salvatrucha (MS-13), procesados por delitos cometidos entre 2018 y 2019, inform\u00f3 el lunes la Fiscal\u00eda General de la Rep\u00fablica. El pandillero \u00c1ngel Geovany\u2026","rel":"","context":"En \u00abSin categor\u00eda\u00bb","block_context":{"text":"Sin categor\u00eda","link":"https:\/\/lasprimeras.com.do\/index.php\/category\/sin-categoria\/"},"img":{"alt_text":"","src":"https:\/\/i0.wp.com\/lasprimeras.com.do\/wp-content\/uploads\/2024\/07\/Pandillero.jpg?resize=350%2C200&ssl=1","width":350,"height":200,"srcset":"https:\/\/i0.wp.com\/lasprimeras.com.do\/wp-content\/uploads\/2024\/07\/Pandillero.jpg?resize=350%2C200&ssl=1 1x, https:\/\/i0.wp.com\/lasprimeras.com.do\/wp-content\/uploads\/2024\/07\/Pandillero.jpg?resize=525%2C300&ssl=1 1.5x, https:\/\/i0.wp.com\/lasprimeras.com.do\/wp-content\/uploads\/2024\/07\/Pandillero.jpg?resize=700%2C400&ssl=1 2x"},"classes":[]},{"id":73067,"url":"https:\/\/lasprimeras.com.do\/index.php\/2024\/01\/05\/gobierno-de-bukele-dice-que-faltan-mas-de-20-mil-pandilleros-por-capturar-en-el-salvador\/","url_meta":{"origin":116021,"position":1},"title":"Gobierno de Bukele dice que faltan m\u00e1s de 20 mil pandilleros por capturar en El Salvador","author":"Nelson Feliz","date":"5 de enero de 2024","format":false,"excerpt":"En 2015, El Salvador registr\u00f3 103 homicidios por cada 100.000 habitantes y el dato ha venido descendiendo hasta una tasa de 2,4, seg\u00fan el Gobierno de Bukele. San Salvador, EFE.-.El ministro de Seguridad de El Salvador, Gustavo Villatoro, dijo este jueves que est\u00e1n \"pendientes de capturar\" entre 18.000 y 20.000\u2026","rel":"","context":"En \u00abSin categor\u00eda\u00bb","block_context":{"text":"Sin categor\u00eda","link":"https:\/\/lasprimeras.com.do\/index.php\/category\/sin-categoria\/"},"img":{"alt_text":"Hombres que fueron detenidos durante el estado de excepci\u00f3n son transportados en un cami\u00f3n de mercanc\u00edas, en Soyapango, El Salvador, el 7 de octubre de 2022MOIS\u00c9S CASTILLO \/ AP","src":"https:\/\/i0.wp.com\/lasprimeras.com.do\/wp-content\/uploads\/2024\/01\/presos.jpeg?resize=350%2C200&ssl=1","width":350,"height":200,"srcset":"https:\/\/i0.wp.com\/lasprimeras.com.do\/wp-content\/uploads\/2024\/01\/presos.jpeg?resize=350%2C200&ssl=1 1x, https:\/\/i0.wp.com\/lasprimeras.com.do\/wp-content\/uploads\/2024\/01\/presos.jpeg?resize=525%2C300&ssl=1 1.5x, https:\/\/i0.wp.com\/lasprimeras.com.do\/wp-content\/uploads\/2024\/01\/presos.jpeg?resize=700%2C400&ssl=1 2x"},"classes":[]},{"id":99125,"url":"https:\/\/lasprimeras.com.do\/index.php\/2025\/05\/18\/condenan-lider-banda-haitiana-secuestro-a-16-estadounidenses\/","url_meta":{"origin":116021,"position":2},"title":"Condenan l\u00edder banda haitiana secuestr\u00f3 a 16 estadounidenses","author":"Nelson Feliz","date":"18 de mayo de 2025","format":false,"excerpt":"MIAMI.- Joly Germine, alias \u00abYonyon\u00bb, un peligroso cabecilla de la banda haitiana 400 Mawozo, fue declarado culpable en Estados Unidos por su rol central en el secuestro de 16 estadounidenses, incluidos cinco ni\u00f1os, ocurrido en Hait\u00ed en octubre de 2021. El veredicto fue emitido ayer por un jurado federal del\u2026","rel":"","context":"En \u00abINTERNACIONALES\u00bb","block_context":{"text":"INTERNACIONALES","link":"https:\/\/lasprimeras.com.do\/index.php\/category\/sin-categoria\/internacionales\/"},"img":{"alt_text":"Germine Joly","src":"https:\/\/i0.wp.com\/lasprimeras.com.do\/wp-content\/uploads\/2025\/05\/Joly-Germine-alias-Yonyon.jpg?resize=350%2C200&ssl=1","width":350,"height":200,"srcset":"https:\/\/i0.wp.com\/lasprimeras.com.do\/wp-content\/uploads\/2025\/05\/Joly-Germine-alias-Yonyon.jpg?resize=350%2C200&ssl=1 1x, https:\/\/i0.wp.com\/lasprimeras.com.do\/wp-content\/uploads\/2025\/05\/Joly-Germine-alias-Yonyon.jpg?resize=525%2C300&ssl=1 1.5x, https:\/\/i0.wp.com\/lasprimeras.com.do\/wp-content\/uploads\/2025\/05\/Joly-Germine-alias-Yonyon.jpg?resize=700%2C400&ssl=1 2x"},"classes":[]},{"id":48928,"url":"https:\/\/lasprimeras.com.do\/index.php\/2023\/05\/05\/detenidos-mas-de-68-000-pandilleros-durante-el-regimen-de-excepcion-en-el-salvador\/","url_meta":{"origin":116021,"position":3},"title":"Detenidos m\u00e1s de 68.000 pandilleros durante el r\u00e9gimen de excepci\u00f3n en El Salvador","author":"prenxa100","date":"5 de mayo de 2023","format":false,"excerpt":"La medida fue introducida a finales de marzo del 2022 para combatir a las pandillas, consideradas como grupos terroristas en el pa\u00eds centroamericano. El Salvador, RT-. Desde que fuera impuesto el r\u00e9gimen de excepci\u00f3n en El Salvador para combatir a las pandillas m\u00e1s de 68.000 personas acusadas de pertenecer a\u2026","rel":"","context":"En \u00abSin categor\u00eda\u00bb","block_context":{"text":"Sin categor\u00eda","link":"https:\/\/lasprimeras.com.do\/index.php\/category\/sin-categoria\/"},"img":{"alt_text":"","src":"","width":0,"height":0},"classes":[]},{"id":51452,"url":"https:\/\/lasprimeras.com.do\/index.php\/2023\/05\/31\/bukele-cumple-cuatro-anos-de-gobierno-entre-apoyo-masivo-y-duras-criticas\/","url_meta":{"origin":116021,"position":4},"title":"Bukele cumple cuatro a\u00f1os de gobierno entre apoyo masivo y duras cr\u00edticas","author":"prenxa100","date":"31 de mayo de 2023","format":false,"excerpt":"San Salvador, RFI.-. El presidente Nayib Bukele cumple este jueves cuatro a\u00f1os en el poder en El Salvador con gran popularidad por su \"guerra\" contra las pandillas, pero con cr\u00edticas sobre la vigencia de los valores democr\u00e1ticos. Las encuestas se\u00f1alan que nueve de cada diez salvadore\u00f1os aprueban la gesti\u00f3n de\u2026","rel":"","context":"En \u00abSin categor\u00eda\u00bb","block_context":{"text":"Sin categor\u00eda","link":"https:\/\/lasprimeras.com.do\/index.php\/category\/sin-categoria\/"},"img":{"alt_text":"","src":"","width":0,"height":0},"classes":[]},{"id":75773,"url":"https:\/\/lasprimeras.com.do\/index.php\/2024\/02\/05\/nayib-bukele-el-carismatico-politico-de-la-mano-dura-que-volvera-a-gobernar-el-salvador\/","url_meta":{"origin":116021,"position":5},"title":"Nayib Bukele, el carism\u00e1tico pol\u00edtico de la &#8216;mano dura&#8217; que volver\u00e1 a gobernar El Salvador","author":"Nelson Feliz","date":"5 de febrero de 2024","format":false,"excerpt":"El joven mandatario, reelecto pese a que la Constituci\u00f3n lo prohib\u00eda, logr\u00f3 reducir la violencia pandillera al m\u00ednimo con sus cuestionados m\u00e9todos. El Salvador.-.Un inmenso mural de campa\u00f1a en una fachada de San Salvador con el rostro de Nayib Bukele, reelecto este domingo por una mayor\u00eda aplastante, lleva un lema\u2026","rel":"","context":"En \u00abSin categor\u00eda\u00bb","block_context":{"text":"Sin categor\u00eda","link":"https:\/\/lasprimeras.com.do\/index.php\/category\/sin-categoria\/"},"img":{"alt_text":"Nayib Bukele","src":"https:\/\/i0.wp.com\/lasprimeras.com.do\/wp-content\/uploads\/2024\/02\/Nayib-Bukele-1.jpg?resize=350%2C200&ssl=1","width":350,"height":200,"srcset":"https:\/\/i0.wp.com\/lasprimeras.com.do\/wp-content\/uploads\/2024\/02\/Nayib-Bukele-1.jpg?resize=350%2C200&ssl=1 1x, https:\/\/i0.wp.com\/lasprimeras.com.do\/wp-content\/uploads\/2024\/02\/Nayib-Bukele-1.jpg?resize=525%2C300&ssl=1 1.5x, https:\/\/i0.wp.com\/lasprimeras.com.do\/wp-content\/uploads\/2024\/02\/Nayib-Bukele-1.jpg?resize=700%2C400&ssl=1 2x"},"classes":[]}],"jetpack_sharing_enabled":true,"_links":{"self":[{"href":"https:\/\/lasprimeras.com.do\/index.php\/wp-json\/wp\/v2\/posts\/116021","targetHints":{"allow":["GET"]}}],"collection":[{"href":"https:\/\/lasprimeras.com.do\/index.php\/wp-json\/wp\/v2\/posts"}],"about":[{"href":"https:\/\/lasprimeras.com.do\/index.php\/wp-json\/wp\/v2\/types\/post"}],"author":[{"embeddable":true,"href":"https:\/\/lasprimeras.com.do\/index.php\/wp-json\/wp\/v2\/users\/10"}],"replies":[{"embeddable":true,"href":"https:\/\/lasprimeras.com.do\/index.php\/wp-json\/wp\/v2\/comments?post=116021"}],"version-history":[{"count":1,"href":"https:\/\/lasprimeras.com.do\/index.php\/wp-json\/wp\/v2\/posts\/116021\/revisions"}],"predecessor-version":[{"id":116022,"href":"https:\/\/lasprimeras.com.do\/index.php\/wp-json\/wp\/v2\/posts\/116021\/revisions\/116022"}],"wp:featuredmedia":[{"embeddable":true,"href":"https:\/\/lasprimeras.com.do\/index.php\/wp-json\/wp\/v2\/media\/97411"}],"wp:attachment":[{"href":"https:\/\/lasprimeras.com.do\/index.php\/wp-json\/wp\/v2\/media?parent=116021"}],"wp:term":[{"taxonomy":"category","embeddable":true,"href":"https:\/\/lasprimeras.com.do\/index.php\/wp-json\/wp\/v2\/categories?post=116021"},{"taxonomy":"post_tag","embeddable":true,"href":"https:\/\/lasprimeras.com.do\/index.php\/wp-json\/wp\/v2\/tags?post=116021"}],"curies":[{"name":"wp","href":"https:\/\/api.w.org\/{rel}","templated":true}]}}