{"id":116047,"date":"2025-11-26T23:16:16","date_gmt":"2025-11-27T03:16:16","guid":{"rendered":"https:\/\/lasprimeras.com.do\/?p=116047"},"modified":"2025-11-26T23:16:18","modified_gmt":"2025-11-27T03:16:18","slug":"camara-de-cuentas-fortalece-fiscalizacion-con-59-auditorias-en-solo-seis-meses","status":"publish","type":"post","link":"https:\/\/lasprimeras.com.do\/index.php\/2025\/11\/26\/camara-de-cuentas-fortalece-fiscalizacion-con-59-auditorias-en-solo-seis-meses\/","title":{"rendered":"C\u00e1mara de Cuentas fortalece fiscalizaci\u00f3n con 59 auditor\u00edas en solo seis meses"},"content":{"rendered":"\n<p>La C\u00e1mara de Cuentas de la Rep\u00fablica Dominicana (CCRD) aprob\u00f3 tres nuevos informes de fiscalizaci\u00f3n y control durante su vigesimotercera sesi\u00f3n ordinaria, celebrada el pasado 14 de noviembre de 2025.<\/p>\n\n\n\n<p>Con estas aprobaciones, la actual composici\u00f3n del \u00f3rgano constitucional alcanza 59 auditor\u00edas emitidas en apenas seis meses de gesti\u00f3n, consolidando su compromiso con la transparencia y la correcta administraci\u00f3n de los fondos p\u00fablicos.<\/p>\n\n\n\n<p>El primero de los informes corresponde a la auditor\u00eda realizada a las informaciones financieras contenidas en los estados de ejecuci\u00f3n presupuestaria del Ayuntamiento Municipal de Santo Domingo Oeste, provincia Santo Domingo, en el per\u00edodo comprendido entre el 1.\u00ba de enero de 2014 y el 31 de diciembre de 2016.<\/p>\n\n\n\n<p>El segundo informe aprobado recoge los resultados de la auditor\u00eda practicada a las informaciones financieras contenidas en la ejecuci\u00f3n presupuestaria del Instituto Nacional de Bienestar Estudiantil (INABIE), correspondiente al per\u00edodo del 1.\u00ba de enero de 2016 al 31 de diciembre de 2017.<\/p>\n\n\n\n<p>El tercer informe consiste en una auditor\u00eda financiera realizada al presupuesto del Ministerio de Interior y Polic\u00eda (MIP), por el per\u00edodo comprendido entre el 1.\u00ba de enero de 2015 y el 31 de diciembre de 2016.<\/p>\n\n\n\n<p>Cada auditor\u00eda incluye su respectivo informe legal y carta a la gerencia, conforme a las normas y procedimientos establecidos.<\/p>\n\n\n\n<p>Estos procesos de control fueron elaborados en estricta observancia y garant\u00eda de los derechos de los auditados, y en cumplimiento de la Constituci\u00f3n de la Rep\u00fablica Dominicana y de la Ley n\u00fam. 18-24, que regula el funcionamiento de la C\u00e1mara de Cuentas.<\/p>\n\n\n\n<p>Los informes \u00edntegros est\u00e1n disponibles en el portal institucional www.camaradecuentas.gob.do y en las redes sociales oficiales de la entidad.<\/p>\n","protected":false},"excerpt":{"rendered":"<p>La C\u00e1mara de Cuentas de la Rep\u00fablica Dominicana (CCRD) aprob\u00f3 tres nuevos informes de fiscalizaci\u00f3n y control durante su vigesimotercera sesi\u00f3n ordinaria, celebrada el pasado 14 de noviembre de 2025.&hellip;<\/p>\n","protected":false},"author":10,"featured_media":116048,"comment_status":"open","ping_status":"open","sticky":false,"template":"","format":"standard","meta":{"content-type":"","jetpack_post_was_ever_published":false,"_jetpack_newsletter_access":"","_jetpack_dont_email_post_to_subs":false,"_jetpack_newsletter_tier_id":0,"_jetpack_memberships_contains_paywalled_content":false,"_jetpack_memberships_contains_paid_content":false,"footnotes":""},"categories":[39],"tags":[27858,340,5297,3648,6390],"class_list":["post-116047","post","type-post","status-publish","format-standard","has-post-thumbnail","hentry","category-economia","tag-59-auditorias","tag-camara-de-cuentas","tag-fiscalizacion","tag-fortalece","tag-seis-meses"],"jetpack_featured_media_url":"https:\/\/lasprimeras.com.do\/wp-content\/uploads\/2025\/11\/Camara-de-Cuentas.jpeg","jetpack-related-posts":[{"id":113054,"url":"https:\/\/lasprimeras.com.do\/index.php\/2025\/10\/29\/camara-de-cuentas-alcanza-50-informes-de-auditoria-aprobados-tras-su-designacion\/","url_meta":{"origin":116047,"position":0},"title":"C\u00e1mara de Cuentas alcanza 50 informes de auditor\u00eda aprobados tras su designaci\u00f3n","author":"Nelson Feliz","date":"29 de octubre de 2025","format":false,"excerpt":"CCRD inicia publicaci\u00f3n de evaluaciones al Seguro Nacional de Salud (SeNaSa). La C\u00e1mara de Cuentas de la Rep\u00fablica Dominicana (CCRD), en cumplimiento de sus atribuciones constitucionales como \u00f3rgano superior de control externo de los fondos p\u00fablicos, aprob\u00f3 por unanimidad, en su sesi\u00f3n del pasado 17 de octubre, cuatro nuevos informes\u2026","rel":"","context":"En \u00abNACIONALES\u00bb","block_context":{"text":"NACIONALES","link":"https:\/\/lasprimeras.com.do\/index.php\/category\/nacionales\/"},"img":{"alt_text":"C\u00e1mara de Cuentas","src":"https:\/\/i0.wp.com\/lasprimeras.com.do\/wp-content\/uploads\/2025\/10\/Camara-de-Cuentas-3.jpg?resize=350%2C200&ssl=1","width":350,"height":200,"srcset":"https:\/\/i0.wp.com\/lasprimeras.com.do\/wp-content\/uploads\/2025\/10\/Camara-de-Cuentas-3.jpg?resize=350%2C200&ssl=1 1x, https:\/\/i0.wp.com\/lasprimeras.com.do\/wp-content\/uploads\/2025\/10\/Camara-de-Cuentas-3.jpg?resize=525%2C300&ssl=1 1.5x, https:\/\/i0.wp.com\/lasprimeras.com.do\/wp-content\/uploads\/2025\/10\/Camara-de-Cuentas-3.jpg?resize=700%2C400&ssl=1 2x"},"classes":[]},{"id":122433,"url":"https:\/\/lasprimeras.com.do\/index.php\/2026\/02\/17\/camara-de-cuentas-inicia-2026-con-auditoria-a-edeeste-superintendencia-de-seguros-y-apordom\/","url_meta":{"origin":116047,"position":1},"title":"C\u00e1mara de Cuentas inicia 2026 con auditor\u00eda a EDEESTE, Superintendencia de Seguros y APORDOM","author":"Nelson Feliz","date":"17 de febrero de 2026","format":false,"excerpt":"El Pleno de la C\u00e1mara de Cuentas de la Rep\u00fablica Dominicana (CCRD) aprob\u00f3 tres nuevos informes de auditor\u00eda durante la segunda y tercera sesiones ordinarias correspondientes al a\u00f1o 2026, celebradas los d\u00edas 29 de enero y 5 de febrero, respectivamente. \u00a0Con estas decisiones, el \u00f3rgano reafirma su compromiso con la\u2026","rel":"","context":"En \u00abECONOM\u00cdA\u00bb","block_context":{"text":"ECONOM\u00cdA","link":"https:\/\/lasprimeras.com.do\/index.php\/category\/economia\/"},"img":{"alt_text":"C\u00e1mara de Cuentas","src":"https:\/\/i0.wp.com\/lasprimeras.com.do\/wp-content\/uploads\/2026\/02\/Camara-de-Cuentas.jpg?resize=350%2C200&ssl=1","width":350,"height":200,"srcset":"https:\/\/i0.wp.com\/lasprimeras.com.do\/wp-content\/uploads\/2026\/02\/Camara-de-Cuentas.jpg?resize=350%2C200&ssl=1 1x, https:\/\/i0.wp.com\/lasprimeras.com.do\/wp-content\/uploads\/2026\/02\/Camara-de-Cuentas.jpg?resize=525%2C300&ssl=1 1.5x, https:\/\/i0.wp.com\/lasprimeras.com.do\/wp-content\/uploads\/2026\/02\/Camara-de-Cuentas.jpg?resize=700%2C400&ssl=1 2x"},"classes":[]},{"id":85318,"url":"https:\/\/lasprimeras.com.do\/index.php\/2024\/06\/28\/abinader-promulga-nueva-ley-de-camara-de-cuentas\/","url_meta":{"origin":116047,"position":2},"title":"Abinader promulga nueva Ley de C\u00e1mara de Cuentas","author":"Nelson Feliz","date":"28 de junio de 2024","format":false,"excerpt":"\u00a0La ley ahora promulgada hab\u00eda sido observada por el presidente anteriormente, para fortalecer la efectiva funcionalidad del \u00f3rgano.\u00a0El presidente de la Rep\u00fablica Dominicana, Luis Abinader, promulg\u00f3 hoy la Ley 18-24, que a partir de ahora regular\u00e1 el funcionamiento de la C\u00e1mara de Cuentas, el \u00f3rgano superior externo de control fiscal\u2026","rel":"","context":"En \u00abNACIONALES\u00bb","block_context":{"text":"NACIONALES","link":"https:\/\/lasprimeras.com.do\/index.php\/category\/nacionales\/"},"img":{"alt_text":"","src":"https:\/\/i0.wp.com\/lasprimeras.com.do\/wp-content\/uploads\/2024\/02\/FOTO-PRINCIPAL-PALACIO-NACIONAL-e1708074506177-1.jpg?resize=350%2C200&ssl=1","width":350,"height":200,"srcset":"https:\/\/i0.wp.com\/lasprimeras.com.do\/wp-content\/uploads\/2024\/02\/FOTO-PRINCIPAL-PALACIO-NACIONAL-e1708074506177-1.jpg?resize=350%2C200&ssl=1 1x, https:\/\/i0.wp.com\/lasprimeras.com.do\/wp-content\/uploads\/2024\/02\/FOTO-PRINCIPAL-PALACIO-NACIONAL-e1708074506177-1.jpg?resize=525%2C300&ssl=1 1.5x, https:\/\/i0.wp.com\/lasprimeras.com.do\/wp-content\/uploads\/2024\/02\/FOTO-PRINCIPAL-PALACIO-NACIONAL-e1708074506177-1.jpg?resize=700%2C400&ssl=1 2x, https:\/\/i0.wp.com\/lasprimeras.com.do\/wp-content\/uploads\/2024\/02\/FOTO-PRINCIPAL-PALACIO-NACIONAL-e1708074506177-1.jpg?resize=1050%2C600&ssl=1 3x"},"classes":[]},{"id":111820,"url":"https:\/\/lasprimeras.com.do\/index.php\/2025\/10\/13\/yvan-lorenzo-camara-de-cuentas-genera-suspicacia-y-desconfianza\/","url_meta":{"origin":116047,"position":3},"title":"Yvan Lorenzo: C\u00e1mara de Cuentas genera suspicacia y desconfianza","author":"Nelson Feliz","date":"13 de octubre de 2025","format":false,"excerpt":"El PLD deplora que el rol de control y fiscalizaci\u00f3n de la C\u00e1mara de Cuentas ha sido desplazado por la mala pr\u00e1ctica de filtrar investigaciones sobre funcionarios del gobierno anterior El Partido de la Liberaci\u00f3n Dominicana (PLD) cuestion\u00f3 la inercia de la C\u00e1mara de Cuentas como \u00f3rgano de control y\u2026","rel":"","context":"En \u00abPOLITICA\u00bb","block_context":{"text":"POLITICA","link":"https:\/\/lasprimeras.com.do\/index.php\/category\/politica\/"},"img":{"alt_text":"","src":"https:\/\/i0.wp.com\/lasprimeras.com.do\/wp-content\/uploads\/2025\/10\/Yvan-Lorenzo.jpg?resize=350%2C200&ssl=1","width":350,"height":200,"srcset":"https:\/\/i0.wp.com\/lasprimeras.com.do\/wp-content\/uploads\/2025\/10\/Yvan-Lorenzo.jpg?resize=350%2C200&ssl=1 1x, https:\/\/i0.wp.com\/lasprimeras.com.do\/wp-content\/uploads\/2025\/10\/Yvan-Lorenzo.jpg?resize=525%2C300&ssl=1 1.5x, https:\/\/i0.wp.com\/lasprimeras.com.do\/wp-content\/uploads\/2025\/10\/Yvan-Lorenzo.jpg?resize=700%2C400&ssl=1 2x"},"classes":[]},{"id":115259,"url":"https:\/\/lasprimeras.com.do\/index.php\/2025\/11\/20\/camara-de-cuentas-institucionaliza-la-mesa-de-control-y-amplia-su-composicion-con-nuevas-instituciones\/","url_meta":{"origin":116047,"position":4},"title":"C\u00e1mara de Cuentas institucionaliza la Mesa de Control y ampl\u00eda su composici\u00f3n con nuevas instituciones","author":"Nelson Feliz","date":"20 de noviembre de 2025","format":false,"excerpt":"La C\u00e1mara de Cuentas de la Rep\u00fablica Dominicana (CCRD) fortaleci\u00f3 y relanz\u00f3 el Sistema Nacional de Control y Fiscalizaci\u00f3n mediante la ampliaci\u00f3n del n\u00famero de instituciones que integran la Mesa de Control y Fiscalizaci\u00f3n. Durante el encuentro, la instituci\u00f3n tambi\u00e9n present\u00f3 el reglamento que regir\u00e1 este espacio de coordinaci\u00f3n interorg\u00e1nica,\u2026","rel":"","context":"En \u00abECONOM\u00cdA\u00bb","block_context":{"text":"ECONOM\u00cdA","link":"https:\/\/lasprimeras.com.do\/index.php\/category\/economia\/"},"img":{"alt_text":"","src":"https:\/\/i0.wp.com\/lasprimeras.com.do\/wp-content\/uploads\/2025\/11\/Camara-de-Cuentas-1.jpg?resize=350%2C200&ssl=1","width":350,"height":200,"srcset":"https:\/\/i0.wp.com\/lasprimeras.com.do\/wp-content\/uploads\/2025\/11\/Camara-de-Cuentas-1.jpg?resize=350%2C200&ssl=1 1x, https:\/\/i0.wp.com\/lasprimeras.com.do\/wp-content\/uploads\/2025\/11\/Camara-de-Cuentas-1.jpg?resize=525%2C300&ssl=1 1.5x, https:\/\/i0.wp.com\/lasprimeras.com.do\/wp-content\/uploads\/2025\/11\/Camara-de-Cuentas-1.jpg?resize=700%2C400&ssl=1 2x"},"classes":[]},{"id":124361,"url":"https:\/\/lasprimeras.com.do\/index.php\/2026\/03\/11\/camara-de-cuentas-intosai-resalta-impacto-social-de-la-fiscalizacion\/","url_meta":{"origin":116047,"position":5},"title":"C\u00e1mara de Cuentas: INTOSAI resalta impacto social de la fiscalizaci\u00f3n","author":"Nelson Feliz","date":"11 de marzo de 2026","format":false,"excerpt":"Conferencia magistral del experto internacional Luis Alonso Robas destaca la medici\u00f3n del desempe\u00f1o y la rendici\u00f3n de cuentas como pilares para mejorar el impacto de las Entidades Fiscalizadoras Superiores. Los miembros del Pleno de la C\u00e1mara de Cuentas (CCRD), encabezado por su presidenta, Emma Polanco Melo, realizaron la conferencia magistral\u2026","rel":"","context":"En \u00abECONOM\u00cdA\u00bb","block_context":{"text":"ECONOM\u00cdA","link":"https:\/\/lasprimeras.com.do\/index.php\/category\/economia\/"},"img":{"alt_text":"","src":"https:\/\/i0.wp.com\/lasprimeras.com.do\/wp-content\/uploads\/2026\/03\/camara-de-cuentas.jpg?resize=350%2C200&ssl=1","width":350,"height":200,"srcset":"https:\/\/i0.wp.com\/lasprimeras.com.do\/wp-content\/uploads\/2026\/03\/camara-de-cuentas.jpg?resize=350%2C200&ssl=1 1x, https:\/\/i0.wp.com\/lasprimeras.com.do\/wp-content\/uploads\/2026\/03\/camara-de-cuentas.jpg?resize=525%2C300&ssl=1 1.5x, https:\/\/i0.wp.com\/lasprimeras.com.do\/wp-content\/uploads\/2026\/03\/camara-de-cuentas.jpg?resize=700%2C400&ssl=1 2x"},"classes":[]}],"jetpack_sharing_enabled":true,"_links":{"self":[{"href":"https:\/\/lasprimeras.com.do\/index.php\/wp-json\/wp\/v2\/posts\/116047","targetHints":{"allow":["GET"]}}],"collection":[{"href":"https:\/\/lasprimeras.com.do\/index.php\/wp-json\/wp\/v2\/posts"}],"about":[{"href":"https:\/\/lasprimeras.com.do\/index.php\/wp-json\/wp\/v2\/types\/post"}],"author":[{"embeddable":true,"href":"https:\/\/lasprimeras.com.do\/index.php\/wp-json\/wp\/v2\/users\/10"}],"replies":[{"embeddable":true,"href":"https:\/\/lasprimeras.com.do\/index.php\/wp-json\/wp\/v2\/comments?post=116047"}],"version-history":[{"count":1,"href":"https:\/\/lasprimeras.com.do\/index.php\/wp-json\/wp\/v2\/posts\/116047\/revisions"}],"predecessor-version":[{"id":116049,"href":"https:\/\/lasprimeras.com.do\/index.php\/wp-json\/wp\/v2\/posts\/116047\/revisions\/116049"}],"wp:featuredmedia":[{"embeddable":true,"href":"https:\/\/lasprimeras.com.do\/index.php\/wp-json\/wp\/v2\/media\/116048"}],"wp:attachment":[{"href":"https:\/\/lasprimeras.com.do\/index.php\/wp-json\/wp\/v2\/media?parent=116047"}],"wp:term":[{"taxonomy":"category","embeddable":true,"href":"https:\/\/lasprimeras.com.do\/index.php\/wp-json\/wp\/v2\/categories?post=116047"},{"taxonomy":"post_tag","embeddable":true,"href":"https:\/\/lasprimeras.com.do\/index.php\/wp-json\/wp\/v2\/tags?post=116047"}],"curies":[{"name":"wp","href":"https:\/\/api.w.org\/{rel}","templated":true}]}}