{"id":116053,"date":"2025-11-27T07:21:53","date_gmt":"2025-11-27T11:21:53","guid":{"rendered":"https:\/\/lasprimeras.com.do\/?p=116053"},"modified":"2025-11-27T07:21:54","modified_gmt":"2025-11-27T11:21:54","slug":"trump-senala-politica-migratoria-laxa-como-la-mayor-amenaza-de-seguridad-tras-tiroteo-en-washington","status":"publish","type":"post","link":"https:\/\/lasprimeras.com.do\/index.php\/2025\/11\/27\/trump-senala-politica-migratoria-laxa-como-la-mayor-amenaza-de-seguridad-tras-tiroteo-en-washington\/","title":{"rendered":"Trump se\u00f1ala pol\u00edtica migratoria laxa como la mayor amenaza de seguridad tras tiroteo en Washington"},"content":{"rendered":"\n<p>POR CHRIS MEGERIAN and FARNOUSH AMIRI<\/p>\n\n\n\n<p>WASHINGTON (AP) \u2014 El presidente de Estados Unidos, Donald Trump, afirm\u00f3 que el \u201catroz ataque\u201d del mi\u00e9rcoles a dos miembros de la Guardia Nacional cerca de la Casa Blanca demuestra que las pol\u00edticas de migraci\u00f3n laxas son \u201cla mayor amenaza para la seguridad nacional que enfrenta nuestra naci\u00f3n\u201d.<\/p>\n\n\n\n<p>\u201cNing\u00fan pa\u00eds puede tolerar tal riesgo para nuestra propia supervivencia\u201d, expres\u00f3.<\/p>\n\n\n\n<p>Las declaraciones de Trump, difundidas en un video en redes sociales, subrayan su intenci\u00f3n de reformar el sistema de inmigraci\u00f3n del pa\u00eds y aumentar el escrutinio sobre los migrantes que ya est\u00e1n aqu\u00ed.<\/p>\n\n\n\n<p>Con esfuerzos agresivos de deportaci\u00f3n ya en marcha, su respuesta al tiroteo mostr\u00f3 que su estrategia se mantendr\u00e1.<\/p>\n\n\n\n<p>Se cree que el sospechoso del tiroteo es un ciudadano afgano, seg\u00fan Trump y dos funcionarios de las fuerzas del orden.<\/p>\n\n\n\n<p>Ingres\u00f3 a Estados Unidos en septiembre de 2021, tras el colapso ca\u00f3tico del gobierno en Kabul, cuando los estadounidenses evacuaban fren\u00e9ticamente a personas mientras los talibanes tomaban el control.<\/p>\n\n\n\n<p>El sospechoso de 29 a\u00f1os formaba parte de la Operaci\u00f3n Bienvenidos Aliados, el programa de la era Biden que reasent\u00f3 a decenas de miles de afganos tras la retirada de Estados Unidos del pa\u00eds, dijeron los funcionarios.<\/p>\n\n\n\n<p>La iniciativa trajo aproximadamente a 76.000 afganos a Estados Unidos, muchos de los cuales hab\u00edan trabajado junto a tropas y diplom\u00e1ticos estadounidenses como int\u00e9rpretes y traductores.<\/p>\n\n\n\n<p>Desde entonces, el programa ha enfrentado un intenso escrutinio por parte de Trump y sus aliados, republicanos del Congreso y algunos organismos de control gubernamentales debido a las lagunas en el proceso de verificaci\u00f3n y la rapidez de las admisiones, incluso cuando los defensores dicen que ofreci\u00f3 un salvavidas a personas en riesgo de represalias talibanes.<\/p>\n\n\n\n<p>Trump describi\u00f3 a Afganist\u00e1n como \u201cun infierno en la tierra\u201d y dijo que su gobierno revisar\u00eda a todos los que ingresaron desde el pa\u00eds bajo el mandato del presidente Joe Biden, una medida que su gobierno ya hab\u00eda planeado antes del incidente.<\/p>\n\n\n\n<p>Durante sus declaraciones, Trump tambi\u00e9n dirigi\u00f3 su atenci\u00f3n a Minnesota, donde se quej\u00f3 de \u201ccientos de miles de somal\u00edes\u201d que est\u00e1n \u201cdesgarrando ese estado que una vez fue grandioso\u201d.<\/p>\n\n\n\n<p>Minnesota tiene la comunidad somal\u00ed m\u00e1s grande del pa\u00eds, aproximadamente 87.000 personas. Muchos llegaron como refugiados a lo largo de los a\u00f1os.<\/p>\n\n\n\n<p>La referencia a inmigrantes sin conexi\u00f3n con los acontecimientos del mi\u00e9rcoles fue un recordatorio del alcance de las ambiciones de Trump para controlar la migraci\u00f3n.<\/p>\n\n\n\n<p>Los funcionarios del gobierno han incrementado las deportaciones de personas en el pa\u00eds ilegalmente, adem\u00e1s de restringir las admisiones de refugiados.<br>La estrategia ha implicado la reasignaci\u00f3n de recursos en agencias federales, generando preocupaci\u00f3n sobre la posible socavaci\u00f3n de otras prioridades de las fuerzas del orden.<\/p>\n\n\n\n<p>Sin embargo, las declaraciones de Trump fueron una se\u00f1al de que el escrutinio sobre los migrantes y las fronteras del pa\u00eds solo aumentar\u00e1. Dijo que quiere eliminar a cualquiera \u201cque no pertenezca aqu\u00ed o no aporte beneficios a nuestro pa\u00eds\u201d.<\/p>\n\n\n\n<p>\u201cSi no pueden amar a nuestro pa\u00eds, no los queremos\u201d, a\u00f1adi\u00f3 Trump.<\/p>\n\n\n\n<p>Posteriormente, el Servicio de Ciudadan\u00eda e Inmigraci\u00f3n de Estados Unidos anunci\u00f3 que detendr\u00eda indefinidamente el procesamiento de todas las solicitudes de inmigraci\u00f3n para ciudadanos afganos mientras se revisan los protocolos de seguridad y verificaci\u00f3n.<\/p>\n\n\n\n<p>Los partidarios de los evacuados afganos dijeron que tem\u00edan que las personas que escaparon del peligro de los talibanes ahora enfrentaran una renovada sospecha y escrutinio.<\/p>\n\n\n\n<p>\u201cNo quiero que la gente aproveche esta tragedia como un ardid pol\u00edtico\u201d, dijo Shawn VanDiver, presidente de #AfghanEvac.<\/p>\n\n\n\n<p>Se\u00f1al\u00f3 que el tiroteo del mi\u00e9rcoles no deber\u00eda arrojar una luz negativa sobre las decenas de miles de ciudadanos afganos que han pasado por las diversas v\u00edas legales para reasentarse en Estados Unidos y aquellos que esperan en la fila.<\/p>\n\n\n\n<p>Bajo la Operaci\u00f3n Bienvenidos Aliados, decenas de miles de afganos fueron llevados primero a bases militares estadounidenses en todo el pa\u00eds, donde completaron el procesamiento de inmigraci\u00f3n y evaluaciones m\u00e9dicas antes de establecerse en el pa\u00eds.<\/p>\n\n\n\n<p>Cuatro a\u00f1os despu\u00e9s, todav\u00eda hay numerosos afganos que fueron evacuados en puntos de tr\u00e1nsito en el Oriente Medio y Europa como parte del programa.<\/p>\n\n\n\n<p>Aquellos en pa\u00edses como Qatar y Albania, que han pasado por el riguroso proceso, han quedado en el limbo desde que Trump asumi\u00f3 su segundo mandato y paus\u00f3 el programa como parte de su serie de acciones ejecutivas para frenar la inmigraci\u00f3n.<\/p>\n\n\n\n<p>El vicepresidente, JD Vance, critic\u00f3 a Biden en redes sociales por \u201cabrir la compuerta a refugiados afganos no verificados\u201d, a\u00f1adiendo que \u201cno deber\u00edan haber estado en nuestro pa\u00eds\u201d.<\/p>\n\n\n\n<p>\u201cYa algunas voces en los medios corporativos dicen que nuestras pol\u00edticas de inmigraci\u00f3n son demasiado duras\u201d, afirm\u00f3. \u201cEsta noche es un recordatorio de por qu\u00e9 est\u00e1n equivocados\u201d.<\/p>\n","protected":false},"excerpt":{"rendered":"<p>El presidente de Estados Unidos, Donald Trump, se inclina hacia delante para escuchar una pregunta mientras habla con periodistas durante un vuelo en el Air Force One desde la Base Conjunta Andrews a su finca de Mar-a-Lago en Palm Beach, Florida, el martes 25 de noviembre de 2025. (AP Foto\/Alex Brandon)<\/p>\n","protected":false},"author":10,"featured_media":116054,"comment_status":"open","ping_status":"open","sticky":false,"template":"","format":"standard","meta":{"content-type":"","jetpack_post_was_ever_published":false,"_jetpack_newsletter_access":"","_jetpack_dont_email_post_to_subs":false,"_jetpack_newsletter_tier_id":0,"_jetpack_memberships_contains_paywalled_content":false,"_jetpack_memberships_contains_paid_content":false,"footnotes":""},"categories":[16289],"tags":[434,978,98,27859,20701,76,70,3652],"class_list":["post-116053","post","type-post","status-publish","format-standard","has-post-thumbnail","hentry","category-internacionales","tag-amenaza","tag-donald-trump","tag-estados-unidos","tag-laxa","tag-politica-migratoria","tag-seguridad","tag-tiroteo","tag-washington"],"jetpack_featured_media_url":"https:\/\/lasprimeras.com.do\/wp-content\/uploads\/2025\/11\/Donald-Trump-3.jpg","jetpack-related-posts":[{"id":49669,"url":"https:\/\/lasprimeras.com.do\/index.php\/2023\/05\/13\/biden-dice-que-el-supremacismo-blanco-es-la-mayor-amenaza-terrorista-en-eeuu\/","url_meta":{"origin":116053,"position":0},"title":"Biden dice que el supremacismo blanco es la mayor &#8220;amenaza terrorista&#8221; en EEUU","author":"prenxa100","date":"13 de mayo de 2023","format":false,"excerpt":"Washington, EEUU, EFE.-. El presidente de Estados Unidos, Joe Biden, dijo este s\u00e1bado que el supremacismo blanco es la \"amenaza terrorista\" m\u00e1s peligrosa del pa\u00eds e hizo un llamamiento a frenar la violencia pol\u00edtica ante las elecciones del pr\u00f3ximo a\u00f1o. As\u00ed se expres\u00f3 el mandatario en un acto de graduaci\u00f3n\u2026","rel":"","context":"En \u00abSin categor\u00eda\u00bb","block_context":{"text":"Sin categor\u00eda","link":"https:\/\/lasprimeras.com.do\/index.php\/category\/sin-categoria\/"},"img":{"alt_text":"","src":"","width":0,"height":0},"classes":[]},{"id":92902,"url":"https:\/\/lasprimeras.com.do\/index.php\/2025\/01\/19\/joe-biden-se-despide-con-amargura-y-un-legado-amenazado-por-trump\/","url_meta":{"origin":116053,"position":1},"title":"Joe Biden se despide con amargura y un legado amenazado por Trump","author":"Nelson Feliz","date":"19 de enero de 2025","format":false,"excerpt":"Por AGENCIAS WASHINGTON.- El presidente de EE.UU. Joe Biden, cerr\u00f3 la semana con emotivos discursos de despedida ante el cuerpo diplom\u00e1tico, los l\u00edderes militares e, incluso, un mensaje televisado a la naci\u00f3n. Sin embargo, sus palabras, cargadas de amargura, reflejaron una realidad ineludible: gran parte de su legado ser\u00e1 desmantelado\u2026","rel":"","context":"En \u00abINTERNACIONALES\u00bb","block_context":{"text":"INTERNACIONALES","link":"https:\/\/lasprimeras.com.do\/index.php\/category\/sin-categoria\/internacionales\/"},"img":{"alt_text":"","src":"https:\/\/i0.wp.com\/lasprimeras.com.do\/wp-content\/uploads\/2025\/01\/biden.jpg?resize=350%2C200&ssl=1","width":350,"height":200,"srcset":"https:\/\/i0.wp.com\/lasprimeras.com.do\/wp-content\/uploads\/2025\/01\/biden.jpg?resize=350%2C200&ssl=1 1x, https:\/\/i0.wp.com\/lasprimeras.com.do\/wp-content\/uploads\/2025\/01\/biden.jpg?resize=525%2C300&ssl=1 1.5x, https:\/\/i0.wp.com\/lasprimeras.com.do\/wp-content\/uploads\/2025\/01\/biden.jpg?resize=700%2C400&ssl=1 2x"},"classes":[]},{"id":85971,"url":"https:\/\/lasprimeras.com.do\/index.php\/2024\/07\/14\/biden-pide-unidad-nacional-tras-incidente-en-mitin-de-trump-pide-no-hacer-suposiciones-sobre-motivo\/","url_meta":{"origin":116053,"position":2},"title":"Biden pide unidad nacional tras incidente en mitin de Trump, pide no hacer suposiciones sobre motivo","author":"Nelson Feliz","date":"14 de julio de 2024","format":false,"excerpt":"BY WILL WEISSERT AND ZEKE MILLER WASHINGTON (AP) \u2014 El presidente Joe Biden pidi\u00f3 el domingo a todo Estados Unidos \u201cunirse como una sola naci\u00f3n\u201d tras el aparente atentado del s\u00e1bado contra el expresidente Donald Trump, y dijo que hab\u00eda ordenado una investigaci\u00f3n independiente de las medidas de seguridad previas\u2026","rel":"","context":"En \u00abSin categor\u00eda\u00bb","block_context":{"text":"Sin categor\u00eda","link":"https:\/\/lasprimeras.com.do\/index.php\/category\/sin-categoria\/"},"img":{"alt_text":"","src":"https:\/\/i0.wp.com\/lasprimeras.com.do\/wp-content\/uploads\/2024\/07\/Joe-Biden-4.jpg?resize=350%2C200&ssl=1","width":350,"height":200,"srcset":"https:\/\/i0.wp.com\/lasprimeras.com.do\/wp-content\/uploads\/2024\/07\/Joe-Biden-4.jpg?resize=350%2C200&ssl=1 1x, https:\/\/i0.wp.com\/lasprimeras.com.do\/wp-content\/uploads\/2024\/07\/Joe-Biden-4.jpg?resize=525%2C300&ssl=1 1.5x, https:\/\/i0.wp.com\/lasprimeras.com.do\/wp-content\/uploads\/2024\/07\/Joe-Biden-4.jpg?resize=700%2C400&ssl=1 2x"},"classes":[]},{"id":72018,"url":"https:\/\/lasprimeras.com.do\/index.php\/2023\/12\/26\/fbi-investiga-amenazas-a-jueces-excluyeron-a-trump-de-elecciones\/","url_meta":{"origin":116053,"position":3},"title":"FBI investiga amenazas a jueces excluyeron a Trump de elecciones","author":"BIMARY DE JES\u00daS Matos","date":"26 de diciembre de 2023","format":false,"excerpt":"WASHINGTON.- La Oficina Federal de Investigaci\u00f3n (FBI) de Estados Unidos ha anunciado que est\u00e1 investigando denuncias sobre amenazas violentas contra jueces del Tribunal Supremo de Colorado, que fallaron la semana pasada que el expresidente Donald Trump no pod\u00eda ser candidato presidencial debido a su papel en el asalto al Capitolio.\u2026","rel":"","context":"En \u00abSin categor\u00eda\u00bb","block_context":{"text":"Sin categor\u00eda","link":"https:\/\/lasprimeras.com.do\/index.php\/category\/sin-categoria\/"},"img":{"alt_text":"","src":"https:\/\/i0.wp.com\/lasprimeras.com.do\/wp-content\/uploads\/2023\/12\/WhatsApp-Image-2023-12-25-at-12.45.01-PM-9.jpeg?resize=350%2C200&ssl=1","width":350,"height":200,"srcset":"https:\/\/i0.wp.com\/lasprimeras.com.do\/wp-content\/uploads\/2023\/12\/WhatsApp-Image-2023-12-25-at-12.45.01-PM-9.jpeg?resize=350%2C200&ssl=1 1x, https:\/\/i0.wp.com\/lasprimeras.com.do\/wp-content\/uploads\/2023\/12\/WhatsApp-Image-2023-12-25-at-12.45.01-PM-9.jpeg?resize=525%2C300&ssl=1 1.5x"},"classes":[]},{"id":78290,"url":"https:\/\/lasprimeras.com.do\/index.php\/2024\/03\/01\/biden-invita-a-trump-a-trabajar-en-proyecto-migratorio\/","url_meta":{"origin":116053,"position":4},"title":"Biden invita a Trump a trabajar en proyecto migratorio","author":"BIMARY DE JES\u00daS Matos","date":"1 de marzo de 2024","format":false,"excerpt":"TEXAS.- El presidente de Estados Unidos, Joe Biden, ha invitado al expresidente Donald Trump a trabajar juntos en un proyecto de ley migratorio, en el marco de la visita de ambos durante la jornada de este jueves a la frontera sur estadounidense, en el estado de Texas, debido a la\u2026","rel":"","context":"En \u00abSin categor\u00eda\u00bb","block_context":{"text":"Sin categor\u00eda","link":"https:\/\/lasprimeras.com.do\/index.php\/category\/sin-categoria\/"},"img":{"alt_text":"","src":"https:\/\/i0.wp.com\/lasprimeras.com.do\/wp-content\/uploads\/2024\/03\/bidenfr.jpg?resize=350%2C200&ssl=1","width":350,"height":200,"srcset":"https:\/\/i0.wp.com\/lasprimeras.com.do\/wp-content\/uploads\/2024\/03\/bidenfr.jpg?resize=350%2C200&ssl=1 1x, https:\/\/i0.wp.com\/lasprimeras.com.do\/wp-content\/uploads\/2024\/03\/bidenfr.jpg?resize=525%2C300&ssl=1 1.5x, https:\/\/i0.wp.com\/lasprimeras.com.do\/wp-content\/uploads\/2024\/03\/bidenfr.jpg?resize=700%2C400&ssl=1 2x, https:\/\/i0.wp.com\/lasprimeras.com.do\/wp-content\/uploads\/2024\/03\/bidenfr.jpg?resize=1050%2C600&ssl=1 3x, https:\/\/i0.wp.com\/lasprimeras.com.do\/wp-content\/uploads\/2024\/03\/bidenfr.jpg?resize=1400%2C800&ssl=1 4x"},"classes":[]},{"id":89692,"url":"https:\/\/lasprimeras.com.do\/index.php\/2024\/10\/03\/que-proponen-trump-y-harris-sobre-inmigracion-y-seguridad-fronteriza\/","url_meta":{"origin":116053,"position":5},"title":"\u00bfQu\u00e9 proponen Trump y Harris sobre inmigraci\u00f3n y seguridad fronteriza?","author":"Paola Castillo","date":"3 de octubre de 2024","format":false,"excerpt":"WASHINGTON \u2014 La seguridad fronteriza y la inmigraci\u00f3n son un tema central en las elecciones de noviembre de 2024 en Estados Unidos. Las pol\u00edticas migratorias del republicano Donald Trump incluyen deportaciones masivas y la eliminaci\u00f3n de programas de migraci\u00f3n como el \u201cparole humanitario\u201d y la aplicaci\u00f3n de citas online CBP\u2026","rel":"","context":"En \u00abSin categor\u00eda\u00bb","block_context":{"text":"Sin categor\u00eda","link":"https:\/\/lasprimeras.com.do\/index.php\/category\/sin-categoria\/"},"img":{"alt_text":"","src":"","width":0,"height":0},"classes":[]}],"jetpack_sharing_enabled":true,"_links":{"self":[{"href":"https:\/\/lasprimeras.com.do\/index.php\/wp-json\/wp\/v2\/posts\/116053","targetHints":{"allow":["GET"]}}],"collection":[{"href":"https:\/\/lasprimeras.com.do\/index.php\/wp-json\/wp\/v2\/posts"}],"about":[{"href":"https:\/\/lasprimeras.com.do\/index.php\/wp-json\/wp\/v2\/types\/post"}],"author":[{"embeddable":true,"href":"https:\/\/lasprimeras.com.do\/index.php\/wp-json\/wp\/v2\/users\/10"}],"replies":[{"embeddable":true,"href":"https:\/\/lasprimeras.com.do\/index.php\/wp-json\/wp\/v2\/comments?post=116053"}],"version-history":[{"count":1,"href":"https:\/\/lasprimeras.com.do\/index.php\/wp-json\/wp\/v2\/posts\/116053\/revisions"}],"predecessor-version":[{"id":116055,"href":"https:\/\/lasprimeras.com.do\/index.php\/wp-json\/wp\/v2\/posts\/116053\/revisions\/116055"}],"wp:featuredmedia":[{"embeddable":true,"href":"https:\/\/lasprimeras.com.do\/index.php\/wp-json\/wp\/v2\/media\/116054"}],"wp:attachment":[{"href":"https:\/\/lasprimeras.com.do\/index.php\/wp-json\/wp\/v2\/media?parent=116053"}],"wp:term":[{"taxonomy":"category","embeddable":true,"href":"https:\/\/lasprimeras.com.do\/index.php\/wp-json\/wp\/v2\/categories?post=116053"},{"taxonomy":"post_tag","embeddable":true,"href":"https:\/\/lasprimeras.com.do\/index.php\/wp-json\/wp\/v2\/tags?post=116053"}],"curies":[{"name":"wp","href":"https:\/\/api.w.org\/{rel}","templated":true}]}}