{"id":116056,"date":"2025-11-27T07:34:20","date_gmt":"2025-11-27T11:34:20","guid":{"rendered":"https:\/\/lasprimeras.com.do\/?p=116056"},"modified":"2025-11-27T07:34:22","modified_gmt":"2025-11-27T11:34:22","slug":"leon-xiv-visita-turquia-en-su-primer-viaje-al-extranjero-destaca-lazos-religiosos-y-politicos","status":"publish","type":"post","link":"https:\/\/lasprimeras.com.do\/index.php\/2025\/11\/27\/leon-xiv-visita-turquia-en-su-primer-viaje-al-extranjero-destaca-lazos-religiosos-y-politicos\/","title":{"rendered":"Le\u00f3n XIV visita Turqu\u00eda en su primer viaje al extranjero, destaca lazos religiosos y pol\u00edticos"},"content":{"rendered":"\n<p>POR NICOLE WINFIELD, SERRA YEDIKARDES<br>and SUZAN FRASER<\/p>\n\n\n\n<p>ANKARA (AP) \u2014 El papa Le\u00f3n XIV lleg\u00f3 a Turqu\u00eda el jueves en su primer viaje al extranjero, cumpliendo los planes del papa Francisco de conmemorar un importante aniversario cristiano y llevar un mensaje de paz a la regi\u00f3n en un momento crucial en los esfuerzos por poner fin a la guerra en Ucrania y aliviar las tensiones en Oriente Medio.<\/p>\n\n\n\n<p>Le\u00f3n fue recibido en la pista del aeropuerto de Esenboga en Ankara por una guardia de honor militar. Caminando sobre una alfombra turquesa, estrech\u00f3 la mano del ministro de Cultura y Turismo, Mehmet Nuri Ersoy, otros funcionarios y altos representantes de la Iglesia en Turqu\u00eda.<\/p>\n\n\n\n<p>M\u00e1s tarde, ten\u00eda planeada una reuni\u00f3n con el presidente, Recep Tayyip Erdogan, y un discurso ante el cuerpo diplom\u00e1tico del pa\u00eds. Luego se trasladar\u00e1 el jueves por la noche a Estambul para tres d\u00edas de reuniones ecum\u00e9nicas e interreligiosas que ser\u00e1n seguidas por la etapa libanesa de su viaje.<\/p>\n\n\n\n<p>Hablando con los periodistas a bordo de su avi\u00f3n, Le\u00f3n reconoci\u00f3 la naturaleza hist\u00f3rica de su primer viaje al extranjero y dijo que lo esperaba con ansia por lo que significa para los cristianos y para la paz en el mundo.<\/p>\n\n\n\n<p>Le\u00f3n dijo que sabe que la visita para conmemorar un aniversario ecum\u00e9nico clave es importante para los cristianos. Pero expres\u00f3 su esperanza de que su mensaje m\u00e1s amplio de paz resuene en todo el mundo.<\/p>\n\n\n\n<p>\u201cEsperamos tambi\u00e9n anunciar, transmitir y proclamar cu\u00e1n importante es la paz en todo el mundo. E invitar a todas las personas a unirse para buscar una mayor unidad, una mayor armon\u00eda, y buscar las formas en que todos los hombres y mujeres puedan ser verdaderamente hermanos y hermanas a pesar de las diferencias, a pesar de las diferentes religiones, a pesar de las diferentes creencias\u201d.<\/p>\n\n\n\n<p>La visita de Le\u00f3n se produce mientras Turqu\u00eda, un pa\u00eds de m\u00e1s de 85 millones de personas, predominantemente musulmanes sun\u00edes, se ha presentado como un intermediario clave en las negociaciones de paz para los conflictos en Ucrania y Gaza.<\/p>\n\n\n\n<p>Ankara ha acogido rondas de conversaciones de bajo nivel entre Rusia y Ucrania y ha ofrecido participar en la fuerza de estabilizaci\u00f3n en Gaza para ayudar a mantener el fr\u00e1gil alto el fuego, compromisos que Le\u00f3n podr\u00eda aplaudir en su discurso de llegada.<\/p>\n\n\n\n<p>Reacci\u00f3n en Turqu\u00eda<\/p>\n\n\n\n<p>El creciente peso militar de Turqu\u00eda, como el mayor ej\u00e9rcito de la OTAN despu\u00e9s de Estados Unidos ha acercado a los l\u00edderes occidentales a Erdogan, incluso mientras los cr\u00edticos advierten sobre su represi\u00f3n al principal partido de oposici\u00f3n del pa\u00eds.<\/p>\n\n\n\n<p>Aunque el apoyo a los palestinos y el fin de la guerra en Ucrania es generalizado en Turqu\u00eda, para los turcos que enfrentan una crisis de costo de vida debido a la agitaci\u00f3n del mercado inducida por cambios en la pol\u00edtica interna, la pol\u00edtica internacional es una preocupaci\u00f3n secundaria.<\/p>\n\n\n\n<p>Eso podr\u00eda explicar por qu\u00e9 la visita de Le\u00f3n ha pasado en gran medida desapercibida para muchos en Turqu\u00eda, al menos fuera de la peque\u00f1a comunidad cristiana del pa\u00eds.<\/p>\n\n\n\n<p>\u201cNo sab\u00eda que ven\u00eda. Es bienvenido\u201d, dijo Sukran Celebi. \u201cSer\u00eda bueno si llamara a la paz en el mundo, pero no creo que cambie nada\u201d.<\/p>\n\n\n\n<p>Algunos dijeron que pensaban que la visita del primer papa estadounidense de la historia trataba de avanzar en los intereses de Estados Unidos, o quiz\u00e1s para presionar por la reapertura de un seminario religioso ortodoxo griego que se ha convertido en un punto focal en la lucha por las libertades religiosas en Turqu\u00eda.<\/p>\n\n\n\n<p>\u201cSi el papa est\u00e1 de visita, eso significa que Estados Unidos quiere algo de Turqu\u00eda\u201d, dijo Metin Erdem, due\u00f1o de una tienda de instrumentos musicales en el tur\u00edstico distrito de Galata en Estambul.<\/p>\n\n\n\n<p>Aniversario hist\u00f3rico<\/p>\n\n\n\n<p>El principal factor para que Le\u00f3n viaje a Turqu\u00eda es conmemorar el 1.700 aniversario del Concilio de Nicea, el primer concilio ecum\u00e9nico del cristianismo.<\/p>\n\n\n\n<p>Le\u00f3n rezar\u00e1 con el patriarca ecum\u00e9nico Bartolom\u00e9, l\u00edder espiritual de los cristianos ortodoxos del mundo, en el sitio de la reuni\u00f3n del 325 d.C., la actual Iznik en el noroeste de Turqu\u00eda, y firmar\u00e1 una declaraci\u00f3n conjunta como un signo visible de unidad cristiana.<\/p>\n\n\n\n<p>Las iglesias orientales y occidentales estuvieron unidas hasta el Gran Cisma de 1054, una divisi\u00f3n precipitada en gran medida por desacuerdos sobre la primac\u00eda del papa.<\/p>\n\n\n\n<p>Aunque la visita est\u00e1 programada para el importante aniversario cat\u00f3lico-ortodoxo, tambi\u00e9n permitir\u00e1 a Le\u00f3n reforzar las relaciones de la Iglesia con los musulmanes.<\/p>\n\n\n\n<p>Le\u00f3n tiene previsto visitar la mezquita Azul y presidir una reuni\u00f3n interreligiosa en Estambul.<\/p>\n\n\n\n<p>Asg\u0131n Tunca, un im\u00e1n de la mezquita Azul que recibir\u00e1 al papa, dijo que la visita ayudar\u00eda a avanzar en los lazos cristiano-musulmanes y disipar los prejuicios populares sobre el Islam.<\/p>\n\n\n\n<p>\u201cQueremos reflejar esa imagen mostrando la belleza de nuestra religi\u00f3n a trav\u00e9s de nuestra hospitalidad \u2014 ese es el mandato de Dios\u201d, dijo Tunca.<\/p>\n\n\n\n<p>Libertad religiosa en Turqu\u00eda<\/p>\n\n\n\n<p>Desde que lleg\u00f3 al poder en 2002, el gobierno de Erdogan ha promulgado reformas para mejorar los derechos de los grupos religiosos, incluyendo la apertura de lugares de culto y la devoluci\u00f3n de propiedades que fueron confiscadas.<\/p>\n\n\n\n<p>A\u00fan as\u00ed, algunos grupos cristianos enfrentan problemas legales y burocr\u00e1ticos al intentar registrar iglesias, seg\u00fan un informe del Departamento de Estado de Estados Unidos sobre libertades religiosas.<\/p>\n\n\n\n<p>La Iglesia cat\u00f3lica, que cuenta con alrededor de 33.000 miembros en Turqu\u00eda, no tiene reconocimiento legal formal en el pa\u00eds \u201cy esta es la fuente de muchos problemas\u201d, dijo el reverendo Paolo Pugliese, superior de los frailes capuchinos cat\u00f3licos en Turqu\u00eda.<\/p>\n\n\n\n<p>\u201cPero la Iglesia cat\u00f3lica goza de una importancia bastante notable porque tenemos un perfil internacional (\u2026) y tenemos al papa respald\u00e1ndonos\u201d, dijo.<\/p>\n\n\n\n<p>Posibles tensiones<\/p>\n\n\n\n<p>Uno de los momentos m\u00e1s delicados de la visita de Le\u00f3n ser\u00e1 el domingo, cuando visite la catedral apost\u00f3lica armenia en Estambul. La catedral ha acogido a todos los papas que han visitado Turqu\u00eda desde Pablo VI, con la excepci\u00f3n de Francisco, quien visit\u00f3 Turqu\u00eda en 2014 cuando su patriarca estaba enfermo.<\/p>\n\n\n\n<p>Francisco lo visit\u00f3 en el hospital, y unos meses despu\u00e9s enfureci\u00f3 enormemente a Turqu\u00eda en 2015 cuando declar\u00f3 que la matanza de armenios por los turcos otomanos fue \u201cel primer genocidio del siglo XX\u201d.<\/p>\n\n\n\n<p>Turqu\u00eda, que ha negado durante mucho tiempo que se haya producido un genocidio, retir\u00f3 a su embajador ante la Santa Sede en protesta.<\/p>\n\n\n\n<p>Le\u00f3n ha tendido a ser mucho m\u00e1s prudente que Francisco en sus comentarios p\u00fablicos, y usar esos t\u00e9rminos en suelo turco provocar\u00eda un incidente diplom\u00e1tico.<\/p>\n\n\n\n<p>Pero el Vaticano tambi\u00e9n est\u00e1 navegando un momento dif\u00edcil en sus relaciones con Armenia, despu\u00e9s de que sus acercamientos interreligiosos a Azerbaiy\u00e1n fueran criticados.<\/p>\n","protected":false},"excerpt":{"rendered":"<p>El papa Le\u00f3n XIV lleg\u00f3 a Turqu\u00eda el jueves en su primer viaje al extranjero<\/p>\n","protected":false},"author":10,"featured_media":116057,"comment_status":"open","ping_status":"open","sticky":false,"template":"","format":"standard","meta":{"content-type":"","jetpack_post_was_ever_published":false,"_jetpack_newsletter_access":"","_jetpack_dont_email_post_to_subs":false,"_jetpack_newsletter_tier_id":0,"_jetpack_memberships_contains_paywalled_content":false,"_jetpack_memberships_contains_paid_content":false,"footnotes":""},"categories":[16289],"tags":[6677,27860,19365,849,25675,1474,843],"class_list":["post-116056","post","type-post","status-publish","format-standard","has-post-thumbnail","hentry","category-internacionales","tag-extranjero","tag-lazos-religiosos","tag-leon-xiv","tag-politicos","tag-primer-viaje","tag-turquia","tag-visita"],"jetpack_featured_media_url":"https:\/\/lasprimeras.com.do\/wp-content\/uploads\/2025\/11\/Leon-XIV-visita-Turquia.jpg","jetpack-related-posts":[{"id":111263,"url":"https:\/\/lasprimeras.com.do\/index.php\/2025\/10\/07\/el-papa-leon-xiv-viajara-a-turquia-y-libano-el-proximo-mes-en-su-primer-viaje-al-extranjero\/","url_meta":{"origin":116056,"position":0},"title":"El papa Le\u00f3n XIV viajar\u00e1 a Turqu\u00eda y L\u00edbano el pr\u00f3ximo mes en su primer viaje al extranjero","author":"Nelson Feliz","date":"7 de octubre de 2025","format":false,"excerpt":"POR NICOLE WINFIELD CIUDAD DEL VATICANO (AP) \u2014 El papa Le\u00f3n XIV viajar\u00e1 a Turqu\u00eda y L\u00edbano el pr\u00f3ximo mes en el primer viaje al extranjero de su papado, haciendo un gesto importante tanto para cristianos como para musulmanes en una peregrinaci\u00f3n a dos pa\u00edses que el papa Francisco hab\u00eda\u2026","rel":"","context":"En \u00abINTERNACIONALES\u00bb","block_context":{"text":"INTERNACIONALES","link":"https:\/\/lasprimeras.com.do\/index.php\/category\/sin-categoria\/internacionales\/"},"img":{"alt_text":"","src":"https:\/\/i0.wp.com\/lasprimeras.com.do\/wp-content\/uploads\/2025\/10\/El-papa-Leon-XIV-saluda-desde-su-papamovil-tras-la-misa-por-el-Jubileo-de-los-Migrantes-y-Misioneros-en-la-plaza-de-San-Pedro-del-Vaticano.jpg?resize=350%2C200&ssl=1","width":350,"height":200,"srcset":"https:\/\/i0.wp.com\/lasprimeras.com.do\/wp-content\/uploads\/2025\/10\/El-papa-Leon-XIV-saluda-desde-su-papamovil-tras-la-misa-por-el-Jubileo-de-los-Migrantes-y-Misioneros-en-la-plaza-de-San-Pedro-del-Vaticano.jpg?resize=350%2C200&ssl=1 1x, https:\/\/i0.wp.com\/lasprimeras.com.do\/wp-content\/uploads\/2025\/10\/El-papa-Leon-XIV-saluda-desde-su-papamovil-tras-la-misa-por-el-Jubileo-de-los-Migrantes-y-Misioneros-en-la-plaza-de-San-Pedro-del-Vaticano.jpg?resize=525%2C300&ssl=1 1.5x, https:\/\/i0.wp.com\/lasprimeras.com.do\/wp-content\/uploads\/2025\/10\/El-papa-Leon-XIV-saluda-desde-su-papamovil-tras-la-misa-por-el-Jubileo-de-los-Migrantes-y-Misioneros-en-la-plaza-de-San-Pedro-del-Vaticano.jpg?resize=700%2C400&ssl=1 2x"},"classes":[]},{"id":115092,"url":"https:\/\/lasprimeras.com.do\/index.php\/2025\/11\/19\/el-papa-leon-xiv-respalda-a-los-obispos-de-eeuu-en-su-condena-a-la-politica-migratoria-de-trump\/","url_meta":{"origin":116056,"position":1},"title":"El papa Le\u00f3n XIV respalda a los obispos de EEUU en su condena a la pol\u00edtica migratoria de Trump","author":"Nelson Feliz","date":"19 de noviembre de 2025","format":false,"excerpt":"POR TRISHA THOMAS CASTEL GANDOLFO, Italia (AP) \u2014 El papa Le\u00f3n XIV respald\u00f3 firmemente el martes a los obispos de Estados Unidos que condenaron la ofensiva migratoria del gobierno del presidente Donald Trump, e inst\u00f3 al pueblo estadounidense a escucharlos y a tratar a los inmigrantes humanamente. El primer papa\u2026","rel":"","context":"En \u00abINTERNACIONALES\u00bb","block_context":{"text":"INTERNACIONALES","link":"https:\/\/lasprimeras.com.do\/index.php\/category\/sin-categoria\/internacionales\/"},"img":{"alt_text":"","src":"https:\/\/i0.wp.com\/lasprimeras.com.do\/wp-content\/uploads\/2025\/11\/El-papa-Leon-XIV.jpg?resize=350%2C200&ssl=1","width":350,"height":200,"srcset":"https:\/\/i0.wp.com\/lasprimeras.com.do\/wp-content\/uploads\/2025\/11\/El-papa-Leon-XIV.jpg?resize=350%2C200&ssl=1 1x, https:\/\/i0.wp.com\/lasprimeras.com.do\/wp-content\/uploads\/2025\/11\/El-papa-Leon-XIV.jpg?resize=525%2C300&ssl=1 1.5x, https:\/\/i0.wp.com\/lasprimeras.com.do\/wp-content\/uploads\/2025\/11\/El-papa-Leon-XIV.jpg?resize=700%2C400&ssl=1 2x"},"classes":[]},{"id":113666,"url":"https:\/\/lasprimeras.com.do\/index.php\/2025\/11\/05\/leon-xiv-pide-profunda-reflexion-sobre-trato-a-migrantes-detenidos-en-eeuu\/","url_meta":{"origin":116056,"position":2},"title":"Le\u00f3n XIV pide \u201cprofunda reflexi\u00f3n\u201d sobre trato a migrantes detenidos en EEUU","author":"Nelson Feliz","date":"5 de noviembre de 2025","format":false,"excerpt":"CIUDAD DEL VATICANO (AP) \u2014 Le\u00f3n XIV hizo un llamado a una \u201cprofunda reflexi\u00f3n\u201d en Estados Unidos sobre el trato que reciben los migrantes detenidos y afirm\u00f3 que \u201cmuchas personas que han vivido durante a\u00f1os y a\u00f1os, sin causar problemas, se han visto profundamente afectadas por lo que est\u00e1 sucediendo\u2026","rel":"","context":"En \u00abINTERNACIONALES\u00bb","block_context":{"text":"INTERNACIONALES","link":"https:\/\/lasprimeras.com.do\/index.php\/category\/sin-categoria\/internacionales\/"},"img":{"alt_text":"El papa Le\u00f3n XIV llega a la bas\u00edlica de San Pedro en el Vaticano para una misa por el difunto papa Francisco y los cardenales fallecidos","src":"https:\/\/i0.wp.com\/lasprimeras.com.do\/wp-content\/uploads\/2025\/11\/El-papa-Leon-XIV-llega-a-la-basilica-de-San-Pedro-en-el-Vaticano-para-una-misa-por-el-difunto-papa-Francisco-y-los-cardenales-fallecidos.jpg?resize=350%2C200&ssl=1","width":350,"height":200,"srcset":"https:\/\/i0.wp.com\/lasprimeras.com.do\/wp-content\/uploads\/2025\/11\/El-papa-Leon-XIV-llega-a-la-basilica-de-San-Pedro-en-el-Vaticano-para-una-misa-por-el-difunto-papa-Francisco-y-los-cardenales-fallecidos.jpg?resize=350%2C200&ssl=1 1x, https:\/\/i0.wp.com\/lasprimeras.com.do\/wp-content\/uploads\/2025\/11\/El-papa-Leon-XIV-llega-a-la-basilica-de-San-Pedro-en-el-Vaticano-para-una-misa-por-el-difunto-papa-Francisco-y-los-cardenales-fallecidos.jpg?resize=525%2C300&ssl=1 1.5x, https:\/\/i0.wp.com\/lasprimeras.com.do\/wp-content\/uploads\/2025\/11\/El-papa-Leon-XIV-llega-a-la-basilica-de-San-Pedro-en-el-Vaticano-para-una-misa-por-el-difunto-papa-Francisco-y-los-cardenales-fallecidos.jpg?resize=700%2C400&ssl=1 2x"},"classes":[]},{"id":98838,"url":"https:\/\/lasprimeras.com.do\/index.php\/2025\/05\/13\/el-papa-leon-xiv-visita-la-sede-de-su-orden-agustiniana\/","url_meta":{"origin":116056,"position":3},"title":"El papa Le\u00f3n XIV visita la sede de su orden agustiniana","author":"Nelson Feliz","date":"13 de mayo de 2025","format":false,"excerpt":"POR PAOLO SANTALUCIA ROMA (AP) \u2014 El papa Le\u00f3n XIV se reuni\u00f3 el martes con miembros de su orden religiosa agustiniana, en una visita a la sede de la congregaci\u00f3n cerca de la plaza de San Pedro. Le\u00f3n fue visto al llegar en un veh\u00edculo negro alrededor del mediod\u00eda al\u2026","rel":"","context":"En \u00abINTERNACIONALES\u00bb","block_context":{"text":"INTERNACIONALES","link":"https:\/\/lasprimeras.com.do\/index.php\/category\/sin-categoria\/internacionales\/"},"img":{"alt_text":"","src":"https:\/\/i0.wp.com\/lasprimeras.com.do\/wp-content\/uploads\/2025\/05\/auto.jpg?resize=350%2C200&ssl=1","width":350,"height":200,"srcset":"https:\/\/i0.wp.com\/lasprimeras.com.do\/wp-content\/uploads\/2025\/05\/auto.jpg?resize=350%2C200&ssl=1 1x, https:\/\/i0.wp.com\/lasprimeras.com.do\/wp-content\/uploads\/2025\/05\/auto.jpg?resize=525%2C300&ssl=1 1.5x, https:\/\/i0.wp.com\/lasprimeras.com.do\/wp-content\/uploads\/2025\/05\/auto.jpg?resize=700%2C400&ssl=1 2x"},"classes":[]},{"id":116281,"url":"https:\/\/lasprimeras.com.do\/index.php\/2025\/11\/30\/el-papa-cierra-su-visita-a-turquia-y-viaja-a-beirut-para-dar-esperanza-a-libano-tras-anos-de-crisis\/","url_meta":{"origin":116056,"position":4},"title":"El papa cierra su visita a Turqu\u00eda y viaja a Beirut para dar esperanza a L\u00edbano tras a\u00f1os de crisis","author":"Nelson Feliz","date":"30 de noviembre de 2025","format":false,"excerpt":"POR NICOLE WINFIELD and ABBY SEWELL ESTAMBUL, Turqu\u00eda (AP) \u2014 El papa Le\u00f3n XIV concluy\u00f3 el domingo su visita a Turqu\u00eda antes de dirigirse a L\u00edbano, donde esperaba llevar un mensaje de esperanza a un pueblo que ha sufrido durante mucho tiempo y fortalecer una comunidad cristiana crucial en Oriente\u2026","rel":"","context":"En \u00abINTERNACIONALES\u00bb","block_context":{"text":"INTERNACIONALES","link":"https:\/\/lasprimeras.com.do\/index.php\/category\/sin-categoria\/internacionales\/"},"img":{"alt_text":"","src":"https:\/\/i0.wp.com\/lasprimeras.com.do\/wp-content\/uploads\/2025\/11\/El-papa-Leon-XIV-1.jpg?resize=350%2C200&ssl=1","width":350,"height":200,"srcset":"https:\/\/i0.wp.com\/lasprimeras.com.do\/wp-content\/uploads\/2025\/11\/El-papa-Leon-XIV-1.jpg?resize=350%2C200&ssl=1 1x, https:\/\/i0.wp.com\/lasprimeras.com.do\/wp-content\/uploads\/2025\/11\/El-papa-Leon-XIV-1.jpg?resize=525%2C300&ssl=1 1.5x, https:\/\/i0.wp.com\/lasprimeras.com.do\/wp-content\/uploads\/2025\/11\/El-papa-Leon-XIV-1.jpg?resize=700%2C400&ssl=1 2x"},"classes":[]},{"id":115751,"url":"https:\/\/lasprimeras.com.do\/index.php\/2025\/11\/25\/la-visita-del-papa-leon-xiv-renueva-la-esperanza-en-un-libano-golpeado-por-la-guerra-y-la-crisis\/","url_meta":{"origin":116056,"position":5},"title":"La visita del papa Le\u00f3n XIV renueva la esperanza en un L\u00edbano golpeado por la guerra y la crisis","author":"Nelson Feliz","date":"25 de noviembre de 2025","format":false,"excerpt":"POR KAREEM CHEHAYEB and ABBY SEWELL BEIRUT (AP) \u2014 Mireille Khoury encendi\u00f3 una vela junto a un retrato de su difunto hijo, Elias, rodeado de im\u00e1genes de Jes\u00fas y la Virgen Mar\u00eda, como hace cada noche cuando regresa a su apartamento en Beirut despu\u00e9s del trabajo. Elias ten\u00eda solo 15\u2026","rel":"","context":"En \u00abINTERNACIONALES\u00bb","block_context":{"text":"INTERNACIONALES","link":"https:\/\/lasprimeras.com.do\/index.php\/category\/sin-categoria\/internacionales\/"},"img":{"alt_text":"","src":"https:\/\/i0.wp.com\/lasprimeras.com.do\/wp-content\/uploads\/2025\/11\/El-sacerdote-Maurice-El-Khoury.jpg?resize=350%2C200&ssl=1","width":350,"height":200,"srcset":"https:\/\/i0.wp.com\/lasprimeras.com.do\/wp-content\/uploads\/2025\/11\/El-sacerdote-Maurice-El-Khoury.jpg?resize=350%2C200&ssl=1 1x, https:\/\/i0.wp.com\/lasprimeras.com.do\/wp-content\/uploads\/2025\/11\/El-sacerdote-Maurice-El-Khoury.jpg?resize=525%2C300&ssl=1 1.5x, https:\/\/i0.wp.com\/lasprimeras.com.do\/wp-content\/uploads\/2025\/11\/El-sacerdote-Maurice-El-Khoury.jpg?resize=700%2C400&ssl=1 2x"},"classes":[]}],"jetpack_sharing_enabled":true,"_links":{"self":[{"href":"https:\/\/lasprimeras.com.do\/index.php\/wp-json\/wp\/v2\/posts\/116056","targetHints":{"allow":["GET"]}}],"collection":[{"href":"https:\/\/lasprimeras.com.do\/index.php\/wp-json\/wp\/v2\/posts"}],"about":[{"href":"https:\/\/lasprimeras.com.do\/index.php\/wp-json\/wp\/v2\/types\/post"}],"author":[{"embeddable":true,"href":"https:\/\/lasprimeras.com.do\/index.php\/wp-json\/wp\/v2\/users\/10"}],"replies":[{"embeddable":true,"href":"https:\/\/lasprimeras.com.do\/index.php\/wp-json\/wp\/v2\/comments?post=116056"}],"version-history":[{"count":1,"href":"https:\/\/lasprimeras.com.do\/index.php\/wp-json\/wp\/v2\/posts\/116056\/revisions"}],"predecessor-version":[{"id":116058,"href":"https:\/\/lasprimeras.com.do\/index.php\/wp-json\/wp\/v2\/posts\/116056\/revisions\/116058"}],"wp:featuredmedia":[{"embeddable":true,"href":"https:\/\/lasprimeras.com.do\/index.php\/wp-json\/wp\/v2\/media\/116057"}],"wp:attachment":[{"href":"https:\/\/lasprimeras.com.do\/index.php\/wp-json\/wp\/v2\/media?parent=116056"}],"wp:term":[{"taxonomy":"category","embeddable":true,"href":"https:\/\/lasprimeras.com.do\/index.php\/wp-json\/wp\/v2\/categories?post=116056"},{"taxonomy":"post_tag","embeddable":true,"href":"https:\/\/lasprimeras.com.do\/index.php\/wp-json\/wp\/v2\/tags?post=116056"}],"curies":[{"name":"wp","href":"https:\/\/api.w.org\/{rel}","templated":true}]}}