{"id":116059,"date":"2025-11-27T07:40:37","date_gmt":"2025-11-27T11:40:37","guid":{"rendered":"https:\/\/lasprimeras.com.do\/?p=116059"},"modified":"2025-11-27T07:40:39","modified_gmt":"2025-11-27T11:40:39","slug":"condenan-a-14-anos-de-prision-por-corrupcion-a-expresidente-peruano-martin-vizcarra","status":"publish","type":"post","link":"https:\/\/lasprimeras.com.do\/index.php\/2025\/11\/27\/condenan-a-14-anos-de-prision-por-corrupcion-a-expresidente-peruano-martin-vizcarra\/","title":{"rendered":"Condenan a 14 a\u00f1os de prisi\u00f3n por corrupci\u00f3n a expresidente peruano Mart\u00edn Vizcarra"},"content":{"rendered":"\n<p>POR DAVID PEREDA<\/p>\n\n\n\n<p>LIMA (AP) \u2014 Un tribunal de Per\u00fa conden\u00f3 el mi\u00e9rcoles a 14 a\u00f1os de prisi\u00f3n al expresidente Mart\u00edn Vizcarra tras considerar que recibi\u00f3 sobornos de empresas constructoras cuando era gobernador de la regi\u00f3n Moquegua, en el sur del pa\u00eds, y lo inhabilit\u00f3 por nueve a\u00f1os para ejercer cargos p\u00fablicos.<\/p>\n\n\n\n<p>El exmandatario (2018-2020) fue trasladado horas m\u00e1s tarde al penal de Barbadillo, el cual est\u00e1 reservado y donde han cumplido condena Ollanta Humala, Pedro Castillo y Alberto Fujimori.<\/p>\n\n\n\n<p>\u201cMe han sentenciado por enfrentar al pacto mafioso. No es justicia, es venganza. Pero no me van a doblegar. La respuesta est\u00e1 en las urnas. Mi hermano Mario Vizcarra continuar\u00e1 esta lucha por ustedes.<\/p>\n\n\n\n<p>El Per\u00fa es primero y nadie podr\u00e1 silenciarlo\u201d, dijo Vizcarra en X en referencia a la candidatura presidencial de su hermano por su partido Per\u00fa Primero de cara a las elecciones generales del 12 de abril de 2026.<\/p>\n\n\n\n<p>El exmandatario cuestion\u00f3 de esa manera a los grupos pol\u00edticos que controlan el Congreso, que son de derecha y entre los cuales tiene un gran peso la fuerza del fallecido expresidente Alberto Fujimori (1990-2000) a la que se enfrent\u00f3 en su gobierno.<\/p>\n\n\n\n<p>Su hermano dijo fuera de la sala de la audiencia que \u201choy es un d\u00eda de verg\u00fcenza. El poder judicial acaba de sentenciar a un hombre justo\u2026cuyo \u00fanico delito es haberse enfrentado toda la vida a los mafiosos\u201d. Agreg\u00f3 que la justicia \u201cque se dicta entre cuatro paredes de mafiosos\u2026no puede ser mayor que la justicia del pueblo peruano que va a ser demostrada con total contundencia el pr\u00f3ximo a\u00f1o el 12 de abril cuando le demos un puntapi\u00e9 a esos mafiosos en las \u00e1nforas\u201d.<\/p>\n\n\n\n<p>El abogado de Vizcarra anunci\u00f3 que apelar\u00e1 el fallo y pedir\u00e1 que se reval\u00fae la ejecuci\u00f3n inmediata de la sentencia ante una instancia judicial superior.<\/p>\n\n\n\n<p>El Cuarto Juzgado Penal Colegiado Nacional concluy\u00f3 que Vizcarra recibi\u00f3 pagos ilegales de empresas a cambio de adjudicarles contratos para un proyecto de irrigaci\u00f3n y la construcci\u00f3n de un hospital, dos de las obras m\u00e1s importantes ejecutadas durante su gesti\u00f3n como gobernador regional (2011-2014).<\/p>\n\n\n\n<p>Vizcarra estaba acusado de haber recibido unos 611.000 d\u00f3lares en sobornos. Dos empresarios aseguraron durante el proceso judicial que le pagaron para conseguir contratos. La Fiscal\u00eda hab\u00eda solicitado una pena de 15 a\u00f1os de prisi\u00f3n para el exmandatario, que se declar\u00f3 inocente.<\/p>\n\n\n\n<p>El delito que se le imput\u00f3 es cohecho pasivo propio, en relaci\u00f3n con los casos del proyecto de irrigaci\u00f3n Lomas de Ilo y la construcci\u00f3n del Hospital de Moquegua.<\/p>\n\n\n\n<p>El tribunal orden\u00f3 al exmandatario y a las empresas implicadas una reparaci\u00f3n civil de unos 692.763 d\u00f3lares.<\/p>\n\n\n\n<p>Ilich L\u00f3pez, tercer vicepresidente del Congreso y miembro de Acci\u00f3n Popular, se\u00f1al\u00f3 luego de conocerse la sentencia que \u201clas personas y los que hacen pol\u00edtica en el Per\u00fa deben saber que ac\u00e1 se debe cumplir las normas las leyes y la sentencia judicial es clara. Tiene que cumplir y asumir su responsabilidad\u201d.<\/p>\n\n\n\n<p>Vizcarra lleg\u00f3 a la presidencia luego de la renuncia de Pablo Kuczynski (2016-2018), de quien era vicepresidente.<\/p>\n\n\n\n<p>Otros exmandatarios actualmente en prisi\u00f3n son Alejandro Toledo (2001-2006), Ollanta Humala (2011-2016) y Pedro Castillo (2021-2022). Fujimori estuvo preso por m\u00e1s de 15 a\u00f1os; fue liberado en 2023 y muri\u00f3 en libertad al a\u00f1o siguiente, a los 86 a\u00f1os.<\/p>\n","protected":false},"excerpt":{"rendered":"<p>POR DAVID PEREDA LIMA (AP) \u2014 Un tribunal de Per\u00fa conden\u00f3 el mi\u00e9rcoles a 14 a\u00f1os de prisi\u00f3n al expresidente Mart\u00edn Vizcarra tras considerar que recibi\u00f3 sobornos de empresas constructoras&hellip;<\/p>\n","protected":false},"author":10,"featured_media":116060,"comment_status":"open","ping_status":"open","sticky":false,"template":"","format":"standard","meta":{"content-type":"","jetpack_post_was_ever_published":false,"_jetpack_newsletter_access":"","_jetpack_dont_email_post_to_subs":false,"_jetpack_newsletter_tier_id":0,"_jetpack_memberships_contains_paywalled_content":false,"_jetpack_memberships_contains_paid_content":false,"footnotes":""},"categories":[16289],"tags":[27861,1572,1841,4698,24197,27862],"class_list":["post-116059","post","type-post","status-publish","format-standard","has-post-thumbnail","hentry","category-internacionales","tag-14-anos-de-prision","tag-condenan","tag-corrupcion","tag-expresidente","tag-martin-vizcarra","tag-peruano"],"jetpack_featured_media_url":"https:\/\/lasprimeras.com.do\/wp-content\/uploads\/2025\/11\/Martin-Vizcarra.jpg","jetpack-related-posts":[{"id":108338,"url":"https:\/\/lasprimeras.com.do\/index.php\/2025\/09\/04\/excarcelan-al-expresidente-peruano-martin-vizcarra-pero-seguira-bajo-juicio-por-presunta-corrupcion\/","url_meta":{"origin":116059,"position":0},"title":"Excarcelan al expresidente peruano Mart\u00edn Vizcarra pero seguir\u00e1 bajo juicio por presunta corrupci\u00f3n","author":"Nelson Feliz","date":"4 de septiembre de 2025","format":false,"excerpt":"POR FRANKLIN BRICE\u00d1O LIMA (AP) \u2014 El expresidente peruano Mart\u00edn Vizcarra (2018-2020) fue puesto en libertad el jueves luego de que la justicia orden\u00f3 excarcelarlo al revocar una orden de prisi\u00f3n preventiva por cinco meses, mientras es juzgado por un caso de presunta corrupci\u00f3n cuando era gobernador regional en 2014.\u2026","rel":"","context":"En \u00abINTERNACIONALES\u00bb","block_context":{"text":"INTERNACIONALES","link":"https:\/\/lasprimeras.com.do\/index.php\/category\/sin-categoria\/internacionales\/"},"img":{"alt_text":"","src":"https:\/\/i0.wp.com\/lasprimeras.com.do\/wp-content\/uploads\/2025\/09\/Martin-Vizcarra.jpg?resize=350%2C200&ssl=1","width":350,"height":200,"srcset":"https:\/\/i0.wp.com\/lasprimeras.com.do\/wp-content\/uploads\/2025\/09\/Martin-Vizcarra.jpg?resize=350%2C200&ssl=1 1x, https:\/\/i0.wp.com\/lasprimeras.com.do\/wp-content\/uploads\/2025\/09\/Martin-Vizcarra.jpg?resize=525%2C300&ssl=1 1.5x, https:\/\/i0.wp.com\/lasprimeras.com.do\/wp-content\/uploads\/2025\/09\/Martin-Vizcarra.jpg?resize=700%2C400&ssl=1 2x"},"classes":[]},{"id":116176,"url":"https:\/\/lasprimeras.com.do\/index.php\/2025\/11\/27\/peru-expresidente-castillo-es-condenado-a-11-anos-de-prision-por-intento-de-cierre-del-congreso\/","url_meta":{"origin":116059,"position":1},"title":"Per\u00fa: expresidente Castillo es condenado a 11 a\u00f1os de prisi\u00f3n por intento de cierre del Congreso","author":"Nelson Feliz","date":"27 de noviembre de 2025","format":false,"excerpt":"LIMA (AP) \u2014 Un tribunal de Per\u00fa conden\u00f3 el jueves al expresidente Pedro Castillo a m\u00e1s de 11 a\u00f1os de prisi\u00f3n por el delito de conspiraci\u00f3n para una rebeli\u00f3n por su intento de cerrar el Congreso en 2022, lo que devino en su destituci\u00f3n. Tambi\u00e9n fueron condenados sus exministros Betssy\u2026","rel":"","context":"En \u00abINTERNACIONALES\u00bb","block_context":{"text":"INTERNACIONALES","link":"https:\/\/lasprimeras.com.do\/index.php\/category\/sin-categoria\/internacionales\/"},"img":{"alt_text":"","src":"https:\/\/i0.wp.com\/lasprimeras.com.do\/wp-content\/uploads\/2025\/11\/Pedro-Castillo.jpg?resize=350%2C200&ssl=1","width":350,"height":200,"srcset":"https:\/\/i0.wp.com\/lasprimeras.com.do\/wp-content\/uploads\/2025\/11\/Pedro-Castillo.jpg?resize=350%2C200&ssl=1 1x, https:\/\/i0.wp.com\/lasprimeras.com.do\/wp-content\/uploads\/2025\/11\/Pedro-Castillo.jpg?resize=525%2C300&ssl=1 1.5x, https:\/\/i0.wp.com\/lasprimeras.com.do\/wp-content\/uploads\/2025\/11\/Pedro-Castillo.jpg?resize=700%2C400&ssl=1 2x"},"classes":[]},{"id":88947,"url":"https:\/\/lasprimeras.com.do\/index.php\/2024\/09\/11\/muere-expresidente-de-peru-alberto-fujimori\/","url_meta":{"origin":116059,"position":2},"title":"Muere expresidente de Per\u00fa Alberto Fujimori","author":"Nelson Feliz","date":"11 de septiembre de 2024","format":false,"excerpt":"El controvertido expresidente de Per\u00fa polariz\u00f3 al pa\u00eds durante d\u00e9cadas y estuvo en prisi\u00f3n por violaciones a los derechos humanos. El expresidente de Per\u00fa Alberto Fujimori muri\u00f3 este mi\u00e9rcoles a los 86 a\u00f1os. As\u00ed lo comunic\u00f3 su hija Keiko a trav\u00e9s de la red X: \"Despu\u00e9s de una larga batalla\u2026","rel":"","context":"En \u00abSin categor\u00eda\u00bb","block_context":{"text":"Sin categor\u00eda","link":"https:\/\/lasprimeras.com.do\/index.php\/category\/sin-categoria\/"},"img":{"alt_text":"Alberto Fujimori","src":"https:\/\/i0.wp.com\/lasprimeras.com.do\/wp-content\/uploads\/2024\/09\/Alberto-Fujimori.jpg?resize=350%2C200&ssl=1","width":350,"height":200,"srcset":"https:\/\/i0.wp.com\/lasprimeras.com.do\/wp-content\/uploads\/2024\/09\/Alberto-Fujimori.jpg?resize=350%2C200&ssl=1 1x, https:\/\/i0.wp.com\/lasprimeras.com.do\/wp-content\/uploads\/2024\/09\/Alberto-Fujimori.jpg?resize=525%2C300&ssl=1 1.5x, https:\/\/i0.wp.com\/lasprimeras.com.do\/wp-content\/uploads\/2024\/09\/Alberto-Fujimori.jpg?resize=700%2C400&ssl=1 2x"},"classes":[]},{"id":118254,"url":"https:\/\/lasprimeras.com.do\/index.php\/2025\/12\/25\/peru-refuerza-vigilancia-a-embajada-de-mexico-que-asila-a-exministra-condenada-por-conspiracion\/","url_meta":{"origin":116059,"position":3},"title":"Per\u00fa: refuerza vigilancia a embajada de M\u00e9xico que asila a exministra condenada por conspiraci\u00f3n","author":"Nelson Feliz","date":"25 de diciembre de 2025","format":false,"excerpt":"POR DAVID PEREDA LIMA (AP) \u2014 Las autoridades peruanas reforzaron este jueves la vigilancia policial en los alrededores de la embajada de M\u00e9xico en Lima para impedir un posible escape de la ex primera ministra Betssy Ch\u00e1vez, asilada en esa sede diplom\u00e1tica desde noviembre y quien enfrenta cargos por su\u2026","rel":"","context":"En \u00abINTERNACIONALES\u00bb","block_context":{"text":"INTERNACIONALES","link":"https:\/\/lasprimeras.com.do\/index.php\/category\/sin-categoria\/internacionales\/"},"img":{"alt_text":"Un agente de polic\u00eda monta guardia frente a la embajada de M\u00e9xico despu\u00e9s de que la ex primera ministra peruana Betssy Ch\u00e1vez ingresara solicitando asilo, en Lima, Per\u00fa, el lunes 3 de noviembre de 2025. (Foto AP\/Mart\u00edn Mej\u00eda)","src":"https:\/\/i0.wp.com\/lasprimeras.com.do\/wp-content\/uploads\/2025\/12\/VIGILANCIA.jpg?resize=350%2C200&ssl=1","width":350,"height":200,"srcset":"https:\/\/i0.wp.com\/lasprimeras.com.do\/wp-content\/uploads\/2025\/12\/VIGILANCIA.jpg?resize=350%2C200&ssl=1 1x, https:\/\/i0.wp.com\/lasprimeras.com.do\/wp-content\/uploads\/2025\/12\/VIGILANCIA.jpg?resize=525%2C300&ssl=1 1.5x, https:\/\/i0.wp.com\/lasprimeras.com.do\/wp-content\/uploads\/2025\/12\/VIGILANCIA.jpg?resize=700%2C400&ssl=1 2x"},"classes":[]},{"id":59280,"url":"https:\/\/lasprimeras.com.do\/index.php\/2023\/09\/01\/condenan-a-10-anos-prision-a-otro-por-el-asalto-al-capitolio-en-ee-uu\/","url_meta":{"origin":116059,"position":4},"title":"Condenan a 10 a\u00f1os prisi\u00f3n a otro por el asalto al Capitolio en EE.UU.","author":"Nelson Feliz","date":"1 de septiembre de 2023","format":false,"excerpt":"Un exintegrante de la milicia ultraderechista Proud Boys, Dominic Pezzola, ha sido condenado este viernes a 10 a\u00f1os de prisi\u00f3n por \u00abconspiraci\u00f3n sediciosa\u00bb en el marco del asalto al Capitolio de Estados Unidos el 6 de enero de 2020. El juez de distrito Timothy Kelly ha condenado a Pezzola a\u2026","rel":"","context":"En \u00abSin categor\u00eda\u00bb","block_context":{"text":"Sin categor\u00eda","link":"https:\/\/lasprimeras.com.do\/index.php\/category\/sin-categoria\/"},"img":{"alt_text":"Capitolio de Estados Unidos","src":"https:\/\/i0.wp.com\/lasprimeras.com.do\/wp-content\/uploads\/2023\/09\/Capitolio-de-Estados-Unidos.jpeg?resize=350%2C200&ssl=1","width":350,"height":200,"srcset":"https:\/\/i0.wp.com\/lasprimeras.com.do\/wp-content\/uploads\/2023\/09\/Capitolio-de-Estados-Unidos.jpeg?resize=350%2C200&ssl=1 1x, https:\/\/i0.wp.com\/lasprimeras.com.do\/wp-content\/uploads\/2023\/09\/Capitolio-de-Estados-Unidos.jpeg?resize=525%2C300&ssl=1 1.5x, https:\/\/i0.wp.com\/lasprimeras.com.do\/wp-content\/uploads\/2023\/09\/Capitolio-de-Estados-Unidos.jpeg?resize=700%2C400&ssl=1 2x"},"classes":[]},{"id":69846,"url":"https:\/\/lasprimeras.com.do\/index.php\/2023\/12\/06\/tribunal-constitucional-de-peru-ordena-poner-en-libertad-al-expresidente-alberto-fujimori\/","url_meta":{"origin":116059,"position":5},"title":"Tribunal Constitucional de Per\u00fa ordena poner en libertad al expresidente Alberto Fujimori","author":"BIMARY DE JES\u00daS Matos","date":"6 de diciembre de 2023","format":false,"excerpt":"Lima.- El Tribunal Constitucional de Per\u00fa orden\u00f3 este martes la liberaci\u00f3n del expresidente Alberto Fujimori (1990-2000), a pesar de que la Corte Interamericana de Derechos Humanos (CorteIDH) orden\u00f3 lo contrario el a\u00f1o pasado. \u00abEste Tribunal Constitucional ordena que el Instituto Nacional Penitenciario (INPE) y el director del Penal de Barbadillo\u2026","rel":"","context":"En \u00abSin categor\u00eda\u00bb","block_context":{"text":"Sin categor\u00eda","link":"https:\/\/lasprimeras.com.do\/index.php\/category\/sin-categoria\/"},"img":{"alt_text":"","src":"https:\/\/i0.wp.com\/lasprimeras.com.do\/wp-content\/uploads\/2023\/12\/WhatsApp-Image-2023-12-04-at-12.35.37-PM-13.jpeg?resize=350%2C200&ssl=1","width":350,"height":200,"srcset":"https:\/\/i0.wp.com\/lasprimeras.com.do\/wp-content\/uploads\/2023\/12\/WhatsApp-Image-2023-12-04-at-12.35.37-PM-13.jpeg?resize=350%2C200&ssl=1 1x, https:\/\/i0.wp.com\/lasprimeras.com.do\/wp-content\/uploads\/2023\/12\/WhatsApp-Image-2023-12-04-at-12.35.37-PM-13.jpeg?resize=525%2C300&ssl=1 1.5x"},"classes":[]}],"jetpack_sharing_enabled":true,"_links":{"self":[{"href":"https:\/\/lasprimeras.com.do\/index.php\/wp-json\/wp\/v2\/posts\/116059","targetHints":{"allow":["GET"]}}],"collection":[{"href":"https:\/\/lasprimeras.com.do\/index.php\/wp-json\/wp\/v2\/posts"}],"about":[{"href":"https:\/\/lasprimeras.com.do\/index.php\/wp-json\/wp\/v2\/types\/post"}],"author":[{"embeddable":true,"href":"https:\/\/lasprimeras.com.do\/index.php\/wp-json\/wp\/v2\/users\/10"}],"replies":[{"embeddable":true,"href":"https:\/\/lasprimeras.com.do\/index.php\/wp-json\/wp\/v2\/comments?post=116059"}],"version-history":[{"count":1,"href":"https:\/\/lasprimeras.com.do\/index.php\/wp-json\/wp\/v2\/posts\/116059\/revisions"}],"predecessor-version":[{"id":116061,"href":"https:\/\/lasprimeras.com.do\/index.php\/wp-json\/wp\/v2\/posts\/116059\/revisions\/116061"}],"wp:featuredmedia":[{"embeddable":true,"href":"https:\/\/lasprimeras.com.do\/index.php\/wp-json\/wp\/v2\/media\/116060"}],"wp:attachment":[{"href":"https:\/\/lasprimeras.com.do\/index.php\/wp-json\/wp\/v2\/media?parent=116059"}],"wp:term":[{"taxonomy":"category","embeddable":true,"href":"https:\/\/lasprimeras.com.do\/index.php\/wp-json\/wp\/v2\/categories?post=116059"},{"taxonomy":"post_tag","embeddable":true,"href":"https:\/\/lasprimeras.com.do\/index.php\/wp-json\/wp\/v2\/tags?post=116059"}],"curies":[{"name":"wp","href":"https:\/\/api.w.org\/{rel}","templated":true}]}}