{"id":116065,"date":"2025-11-27T07:53:48","date_gmt":"2025-11-27T11:53:48","guid":{"rendered":"https:\/\/lasprimeras.com.do\/?p=116065"},"modified":"2025-11-27T07:53:50","modified_gmt":"2025-11-27T11:53:50","slug":"el-incendio-en-torres-de-apartamentos-en-hong-kong-sigue-ardiendo-la-cifra-de-muertos-sube-a-55","status":"publish","type":"post","link":"https:\/\/lasprimeras.com.do\/index.php\/2025\/11\/27\/el-incendio-en-torres-de-apartamentos-en-hong-kong-sigue-ardiendo-la-cifra-de-muertos-sube-a-55\/","title":{"rendered":"El incendio en torres de apartamentos en Hong Kong sigue ardiendo. La cifra de muertos sube a 55"},"content":{"rendered":"\n<p>POR CHAN HO-HIM and HUIZHONG WU<\/p>\n\n\n\n<p>HONG KONG (AP) \u2014 La cifra de muertos por un enorme incendio en un complejo de apartamentos residenciales en Hong Kong ha aumentado a 55 mientras los bomberos contin\u00faan luchando contra el fuego, uno de los m\u00e1s mortales en la historia moderna de la ciudad.<\/p>\n\n\n\n<p>Las autoridades de Hong Kong dijeron el jueves que se encontraron 51 personas muertas en el lugar, lo que elev\u00f3 la cifra de muertos a 55 al incluir a cuatro que fueron llevadas al hospital.<\/p>\n\n\n\n<p>Una densa humareda segu\u00eda saliendo del complejo Wang Fuk Court en el distrito de Tai Po, un suburbio al norte cerca de la frontera con la China continental.<\/p>\n\n\n\n<p>Los bomberos han tenido problemas por controlar las llamas desde que comenz\u00f3 el incendio a media tarde del mi\u00e9rcoles, antes de extenderse por siete de los ocho edificios del complejo.<\/p>\n\n\n\n<p>Los incendios en cuatro edificios estaban apagados en la pr\u00e1ctica y controlados en las otras tres torres, dijeron las autoridades el jueves por la tarde. La operaci\u00f3n podr\u00eda durar hasta la noche, se\u00f1alaron.<\/p>\n\n\n\n<p>Hab\u00eda un bombero entre los muertos confirmados, seg\u00fan las autoridades. M\u00e1s de 70 personas resultaron heridas, seg\u00fan la Autoridad Hospitalaria de la ciudad, muchas de ellas con quemaduras y lesiones por inhalaci\u00f3n.<\/p>\n\n\n\n<p>El residente Lawrence Lee estaba esperando noticias sobre su esposa, quien a\u00fan estaba atrapada en su apartamento.<\/p>\n\n\n\n<p>\u201cCuando comenz\u00f3 el incendio, le dije por tel\u00e9fono que escapara. Pero una vez que sali\u00f3 del apartamento, el pasillo y las escaleras estaban llenos de humo y todo estaba oscuro, as\u00ed que no tuvo m\u00e1s remedio que regresar al apartamento\u201d, dijo, mientras esperaba en uno de los refugios durante la noche.<\/p>\n\n\n\n<p>Winter y Sandy Chung, que viv\u00edan en una de las torres, dijeron que vieron chispas volar a su alrededor mientras evacuaban el mi\u00e9rcoles por la tarde. Aunque estaban a salvo, estaban preocupados por su hogar. \u201cNo pude dormir en toda la noche\u201d, dijo a la AP el jueves Winter Chung, de 75 a\u00f1os.<\/p>\n\n\n\n<p>Tres hombres, los directores y un consultor de ingenier\u00eda de una empresa de construcci\u00f3n, fueron arrestados bajo sospecha de homicidio involuntario. La polic\u00eda no ha nombrado directamente a la empresa donde trabajan.<\/p>\n\n\n\n<p>\u201cTenemos razones para creer que los responsables de la empresa de construcci\u00f3n fueron gravemente negligentes\u201d, dijo Eileen Chung, superintendente superior de polic\u00eda.<\/p>\n\n\n\n<p>El jueves, la polic\u00eda tambi\u00e9n registr\u00f3 la oficina de Prestige Construction &amp; Engineering Company, que The Associated Press confirm\u00f3 estaba a cargo de las renovaciones en el complejo de torres.<\/p>\n\n\n\n<p>La polic\u00eda incaut\u00f3 cajas de documentos como evidencia, seg\u00fan los medios locales. Las llamadas a tel\u00e9fonos de Prestige no tuvieron respuesta.<\/p>\n\n\n\n<p>Las autoridades sospechaban que algunos materiales en las paredes exteriores de los edificios de gran altura no cumpl\u00edan con los est\u00e1ndares de resistencia al fuego, lo que permiti\u00f3 la propagaci\u00f3n inusualmente r\u00e1pida del incendio.<\/p>\n\n\n\n<p>La polic\u00eda tambi\u00e9n dijo que encontraron espuma de poliestireno, que es altamente inflamable, adherida a las ventanas en todos los pisos cerca del vest\u00edbulo del ascensor de la \u00fanica torre no afectada. Se cre\u00eda que hab\u00eda sido instalada por la empresa de construcci\u00f3n, pero no estaba claro su prop\u00f3sito.<\/p>\n\n\n\n<p>El secretario de Seguridad, Chris Tang, dijo que investigar\u00edan m\u00e1s a fondo los materiales.<\/p>\n\n\n\n<p>El incendio comenz\u00f3 en el andamio exterior de una torre de 32 pisos, luego se extendi\u00f3 por el andamio de bamb\u00fa y la red de construcci\u00f3n hacia el interior del edificio y despu\u00e9s a los otros edificios, probablemente ayudado por el viento.<\/p>\n\n\n\n<p>Los bomberos dirigieron agua a las intensas llamas desde lo alto de camiones con escalera, pero las condiciones para combatir el fuego y rescatar a las personas segu\u00edan siendo complicadas.<\/p>\n\n\n\n<p>Un experto en seguridad contra incendios dijo que el incidente \u201ces bastante impactante\u201d, ya que las regulaciones en general requieren que los edificios est\u00e9n separados para evitar que los incendios se propaguen de un bloque a otro.<\/p>\n\n\n\n<p>\u201cNormalmente, no se propagan m\u00e1s all\u00e1 del edificio de origen\u201d, dijo Alex Webb, un ingeniero de seguridad contra incendios en CSIRO Infrastructure Technologies en Australia, que se\u00f1al\u00f3 que los materiales citados por la polic\u00eda podr\u00edan explicar por qu\u00e9 se propag\u00f3 el fuego.<\/p>\n\n\n\n<p>El andamio de bamb\u00fa es una imagen com\u00fan en Hong Kong en proyectos de construcci\u00f3n y renovaci\u00f3n de edificios, aunque el gobierno dijo a principios de este a\u00f1o que comenzar\u00eda a eliminarlo gradualmente para proyectos p\u00fablicos debido a preocupaciones de seguridad.<\/p>\n\n\n\n<p>El complejo de viviendas constaba de ocho edificios con casi 2.000 apartamentos para unos 4.800 residentes, incluidos muchos ancianos. Fue construido en la d\u00e9cada de 1980 y hab\u00eda estado sometido a una importante renovaci\u00f3n.<\/p>\n\n\n\n<p>Alrededor de 900 personas fueron evacuadas a refugios temporales durante la noche, y el l\u00edder de Hong Kong, John Lee, dijo alrededor de la medianoche que se hab\u00eda perdido contacto con 279 personas.<\/p>\n\n\n\n<p>Los rescates continuaban, pero no hab\u00eda una cifra actualizada disponible al mediod\u00eda del jueves.<\/p>\n\n\n\n<p>Lee dijo por separado el jueves que los funcionarios llevar\u00e1n a cabo inspecciones inmediatas de todas las viviendas de la ciudad que est\u00e1n en proceso de renovaci\u00f3n importante para garantizar que los andamios y los materiales de construcci\u00f3n cumplan con los est\u00e1ndares de seguridad.<\/p>\n\n\n\n<p>El l\u00edder chino, Xi Jinping, expres\u00f3 sus condolencias al bombero que muri\u00f3 y extendi\u00f3 sus simpat\u00edas a las familias de las v\u00edctimas, seg\u00fan la emisora estatal CCTV. Tambi\u00e9n inst\u00f3 a realizar esfuerzos para minimizar las bajas y las p\u00e9rdidas.<\/p>\n\n\n\n<p>El incendio fue el m\u00e1s mort\u00edfero en Hong Kong en d\u00e9cadas. En noviembre de 1996, 41 personas murieron en un edificio comercial en Kowloon en un incendio que dur\u00f3 alrededor de 20 horas.<\/p>\n","protected":false},"excerpt":{"rendered":"<p>POR CHAN HO-HIM and HUIZHONG WU HONG KONG (AP) \u2014 La cifra de muertos por un enorme incendio en un complejo de apartamentos residenciales en Hong Kong ha aumentado a&hellip;<\/p>\n","protected":false},"author":10,"featured_media":116066,"comment_status":"open","ping_status":"open","sticky":false,"template":"","format":"standard","meta":{"content-type":"","jetpack_post_was_ever_published":false,"_jetpack_newsletter_access":"","_jetpack_dont_email_post_to_subs":false,"_jetpack_newsletter_tier_id":0,"_jetpack_memberships_contains_paywalled_content":false,"_jetpack_memberships_contains_paid_content":false,"footnotes":""},"categories":[16289],"tags":[3879,27865,5591,1399,11833],"class_list":["post-116065","post","type-post","status-publish","format-standard","has-post-thumbnail","hentry","category-internacionales","tag-apartamentos","tag-ardiendo","tag-hong-kong","tag-incendio","tag-torres"],"jetpack_featured_media_url":"https:\/\/lasprimeras.com.do\/wp-content\/uploads\/2025\/11\/torres-de-apartamentos-en-Hong-Kong.jpg","jetpack-related-posts":[{"id":116179,"url":"https:\/\/lasprimeras.com.do\/index.php\/2025\/11\/27\/al-menos-94-muertos-por-incendio-en-hong-kong-mientras-bomberos-luchan-contra-las-llamas-por-2do-dia\/","url_meta":{"origin":116065,"position":0},"title":"Al menos 94 muertos por incendio en Hong Kong mientras bomberos luchan contra las llamas por 2do d\u00eda","author":"Nelson Feliz","date":"27 de noviembre de 2025","format":false,"excerpt":"POR CHAN HO-HIM and HUIZHONG WU HONG KONG (AP) \u2014 La cifra de muertos por un enorme incendio en un complejo de apartamentos residenciales en Hong Kong aument\u00f3 a 94 el jueves, mientras los bomberos combat\u00edan las llamas por segundo d\u00eda. Se trata de uno de los incendios m\u00e1s mortales\u2026","rel":"","context":"En \u00abINTERNACIONALES\u00bb","block_context":{"text":"INTERNACIONALES","link":"https:\/\/lasprimeras.com.do\/index.php\/category\/sin-categoria\/internacionales\/"},"img":{"alt_text":"","src":"https:\/\/i0.wp.com\/lasprimeras.com.do\/wp-content\/uploads\/2025\/11\/torres-de-apartamentos-en-Hong-Kong.jpg?resize=350%2C200&ssl=1","width":350,"height":200,"srcset":"https:\/\/i0.wp.com\/lasprimeras.com.do\/wp-content\/uploads\/2025\/11\/torres-de-apartamentos-en-Hong-Kong.jpg?resize=350%2C200&ssl=1 1x, https:\/\/i0.wp.com\/lasprimeras.com.do\/wp-content\/uploads\/2025\/11\/torres-de-apartamentos-en-Hong-Kong.jpg?resize=525%2C300&ssl=1 1.5x, https:\/\/i0.wp.com\/lasprimeras.com.do\/wp-content\/uploads\/2025\/11\/torres-de-apartamentos-en-Hong-Kong.jpg?resize=700%2C400&ssl=1 2x"},"classes":[]},{"id":116263,"url":"https:\/\/lasprimeras.com.do\/index.php\/2025\/11\/30\/hong-kong-llora-a-las-victimas-del-incendio-mientras-la-cifra-de-muertos-sube-a-146\/","url_meta":{"origin":116065,"position":1},"title":"Hong Kong llora a las v\u00edctimas del incendio mientras la cifra de muertos sube a 146","author":"Nelson Feliz","date":"30 de noviembre de 2025","format":false,"excerpt":"POR DAVID RISING HONG KONG (AP) \u2014 El n\u00famero de muertos por el incendio en un complejo de apartamentos en Hong Kong ha aumentado a 146 despu\u00e9s de que los investigadores encontraran m\u00e1s cuerpos en los edificios calcinados. Un flujo constante de personas ha llevado ramos de flores a un\u2026","rel":"","context":"En \u00abINTERNACIONALES\u00bb","block_context":{"text":"INTERNACIONALES","link":"https:\/\/lasprimeras.com.do\/index.php\/category\/sin-categoria\/internacionales\/"},"img":{"alt_text":"","src":"https:\/\/i0.wp.com\/lasprimeras.com.do\/wp-content\/uploads\/2025\/11\/Hong-Kong-llora-a-las-victimas-del-incendio.jpg?resize=350%2C200&ssl=1","width":350,"height":200,"srcset":"https:\/\/i0.wp.com\/lasprimeras.com.do\/wp-content\/uploads\/2025\/11\/Hong-Kong-llora-a-las-victimas-del-incendio.jpg?resize=350%2C200&ssl=1 1x, https:\/\/i0.wp.com\/lasprimeras.com.do\/wp-content\/uploads\/2025\/11\/Hong-Kong-llora-a-las-victimas-del-incendio.jpg?resize=525%2C300&ssl=1 1.5x, https:\/\/i0.wp.com\/lasprimeras.com.do\/wp-content\/uploads\/2025\/11\/Hong-Kong-llora-a-las-victimas-del-incendio.jpg?resize=700%2C400&ssl=1 2x"},"classes":[]},{"id":116009,"url":"https:\/\/lasprimeras.com.do\/index.php\/2025\/11\/26\/incendio-en-rascacielos-de-hong-kong-deja-al-menos-44-muertos-279-desaparecidos-y-tres-arrestados\/","url_meta":{"origin":116065,"position":2},"title":"Incendio en rascacielos de Hong Kong deja al menos 44 muertos, 279 desaparecidos y tres arrestados","author":"Nelson Feliz","date":"26 de noviembre de 2025","format":false,"excerpt":"POR CHAN HO-HIM and KEN MORITSUGU HONG KONG (AP) \u2014 El peor incendio que se haya registrado en Hong Kong en varios a\u00f1os ardi\u00f3 durante toda la noche, dejando al menos 44 muertos y 279 personas desaparecidas, mientras los rescatistas segu\u00edan sacando a los residentes de los edificios en llamas.\u2026","rel":"","context":"En \u00abINTERNACIONALES\u00bb","block_context":{"text":"INTERNACIONALES","link":"https:\/\/lasprimeras.com.do\/index.php\/category\/sin-categoria\/internacionales\/"},"img":{"alt_text":"","src":"https:\/\/i0.wp.com\/lasprimeras.com.do\/wp-content\/uploads\/2025\/11\/incendio.jpg?resize=350%2C200&ssl=1","width":350,"height":200,"srcset":"https:\/\/i0.wp.com\/lasprimeras.com.do\/wp-content\/uploads\/2025\/11\/incendio.jpg?resize=350%2C200&ssl=1 1x, https:\/\/i0.wp.com\/lasprimeras.com.do\/wp-content\/uploads\/2025\/11\/incendio.jpg?resize=525%2C300&ssl=1 1.5x, https:\/\/i0.wp.com\/lasprimeras.com.do\/wp-content\/uploads\/2025\/11\/incendio.jpg?resize=700%2C400&ssl=1 2x"},"classes":[]},{"id":56316,"url":"https:\/\/lasprimeras.com.do\/index.php\/2023\/07\/30\/muere-remi-lucidi-al-caer-desde-un-edificio-en-hong-kong\/","url_meta":{"origin":116065,"position":3},"title":"Muere Remi Lucidi al caer desde un edificio en Hong Kong","author":"Nelson Feliz","date":"30 de julio de 2023","format":false,"excerpt":"Las muertes por deportes extremos, aunque son poco comunes, suelen ocurrir ante la falta de precauci\u00f3n por parte de las personas que lo practican. Tal es el caso de un acr\u00f3bata franc\u00e9s reconocido por practicar deportes de aventura quien falleci\u00f3 despu\u00e9s de caerse de un edificio de gran altura en\u2026","rel":"","context":"En \u00abSin categor\u00eda\u00bb","block_context":{"text":"Sin categor\u00eda","link":"https:\/\/lasprimeras.com.do\/index.php\/category\/sin-categoria\/"},"img":{"alt_text":"Remi Lucidi","src":"https:\/\/i0.wp.com\/lasprimeras.com.do\/wp-content\/uploads\/2023\/07\/Remi-Lucidi.jpg?resize=350%2C200&ssl=1","width":350,"height":200,"srcset":"https:\/\/i0.wp.com\/lasprimeras.com.do\/wp-content\/uploads\/2023\/07\/Remi-Lucidi.jpg?resize=350%2C200&ssl=1 1x, https:\/\/i0.wp.com\/lasprimeras.com.do\/wp-content\/uploads\/2023\/07\/Remi-Lucidi.jpg?resize=525%2C300&ssl=1 1.5x, https:\/\/i0.wp.com\/lasprimeras.com.do\/wp-content\/uploads\/2023\/07\/Remi-Lucidi.jpg?resize=700%2C400&ssl=1 2x"},"classes":[]},{"id":115898,"url":"https:\/\/lasprimeras.com.do\/index.php\/2025\/11\/26\/videos-incendio-devora-varios-rascacielos-residenciales-en-hong-kong\/","url_meta":{"origin":116065,"position":4},"title":"VIDEOS: Incendio devora varios rascacielos residenciales en Hong Kong","author":"Nelson Feliz","date":"26 de noviembre de 2025","format":false,"excerpt":"Seg\u00fan informes, cuatro personas, incluido un bombero, han muerto y al menos otras tres resultaron heridas. CHINA, RT.-.Un feroz incendio arras\u00f3 este mi\u00e9rcoles varios edificios de un complejo residencial del distrito de Tai Po, en el norte de Hong Kong. https:\/\/twitter.com\/i\/status\/1993623293270913495 Seg\u00fan informes, cuatro personas, incluido un bombero, han muerto\u2026","rel":"","context":"En \u00abINTERNACIONALES\u00bb","block_context":{"text":"INTERNACIONALES","link":"https:\/\/lasprimeras.com.do\/index.php\/category\/sin-categoria\/internacionales\/"},"img":{"alt_text":"","src":"https:\/\/i0.wp.com\/lasprimeras.com.do\/wp-content\/uploads\/2025\/11\/El-humo-se-eleva-despues-de-un-incendio-en-un-complejo-residencial-en-el-distrito-de-Tai-Po-Hong-Kong.jpg?resize=350%2C200&ssl=1","width":350,"height":200,"srcset":"https:\/\/i0.wp.com\/lasprimeras.com.do\/wp-content\/uploads\/2025\/11\/El-humo-se-eleva-despues-de-un-incendio-en-un-complejo-residencial-en-el-distrito-de-Tai-Po-Hong-Kong.jpg?resize=350%2C200&ssl=1 1x, https:\/\/i0.wp.com\/lasprimeras.com.do\/wp-content\/uploads\/2025\/11\/El-humo-se-eleva-despues-de-un-incendio-en-un-complejo-residencial-en-el-distrito-de-Tai-Po-Hong-Kong.jpg?resize=525%2C300&ssl=1 1.5x, https:\/\/i0.wp.com\/lasprimeras.com.do\/wp-content\/uploads\/2025\/11\/El-humo-se-eleva-despues-de-un-incendio-en-un-complejo-residencial-en-el-distrito-de-Tai-Po-Hong-Kong.jpg?resize=700%2C400&ssl=1 2x"},"classes":[]},{"id":116541,"url":"https:\/\/lasprimeras.com.do\/index.php\/2025\/12\/02\/hong-kong-hara-una-investigacion-independiente-sobre-incendio-mortal-ante-la-presion-publica\/","url_meta":{"origin":116065,"position":5},"title":"Hong Kong har\u00e1 una investigaci\u00f3n independiente sobre incendio mortal ante la presi\u00f3n p\u00fablica","author":"Nelson Feliz","date":"2 de diciembre de 2025","format":false,"excerpt":"POR CHAN HO-HIM and KEN MORITSUGU HONG KONG (AP) \u2014 Hong Kong formar\u00e1 un comit\u00e9 independiente de investigaci\u00f3n encabezado por un juez para determinar la causa de un incendio mortal en un bloque de apartamentos que conmocion\u00f3 a la ciudad y para hacer recomendaciones que eviten que una tragedia similar\u2026","rel":"","context":"En \u00abINTERNACIONALES\u00bb","block_context":{"text":"INTERNACIONALES","link":"https:\/\/lasprimeras.com.do\/index.php\/category\/sin-categoria\/internacionales\/"},"img":{"alt_text":"","src":"https:\/\/i0.wp.com\/lasprimeras.com.do\/wp-content\/uploads\/2025\/12\/John-Lee.jpg?resize=350%2C200&ssl=1","width":350,"height":200,"srcset":"https:\/\/i0.wp.com\/lasprimeras.com.do\/wp-content\/uploads\/2025\/12\/John-Lee.jpg?resize=350%2C200&ssl=1 1x, https:\/\/i0.wp.com\/lasprimeras.com.do\/wp-content\/uploads\/2025\/12\/John-Lee.jpg?resize=525%2C300&ssl=1 1.5x, https:\/\/i0.wp.com\/lasprimeras.com.do\/wp-content\/uploads\/2025\/12\/John-Lee.jpg?resize=700%2C400&ssl=1 2x"},"classes":[]}],"jetpack_sharing_enabled":true,"_links":{"self":[{"href":"https:\/\/lasprimeras.com.do\/index.php\/wp-json\/wp\/v2\/posts\/116065","targetHints":{"allow":["GET"]}}],"collection":[{"href":"https:\/\/lasprimeras.com.do\/index.php\/wp-json\/wp\/v2\/posts"}],"about":[{"href":"https:\/\/lasprimeras.com.do\/index.php\/wp-json\/wp\/v2\/types\/post"}],"author":[{"embeddable":true,"href":"https:\/\/lasprimeras.com.do\/index.php\/wp-json\/wp\/v2\/users\/10"}],"replies":[{"embeddable":true,"href":"https:\/\/lasprimeras.com.do\/index.php\/wp-json\/wp\/v2\/comments?post=116065"}],"version-history":[{"count":1,"href":"https:\/\/lasprimeras.com.do\/index.php\/wp-json\/wp\/v2\/posts\/116065\/revisions"}],"predecessor-version":[{"id":116067,"href":"https:\/\/lasprimeras.com.do\/index.php\/wp-json\/wp\/v2\/posts\/116065\/revisions\/116067"}],"wp:featuredmedia":[{"embeddable":true,"href":"https:\/\/lasprimeras.com.do\/index.php\/wp-json\/wp\/v2\/media\/116066"}],"wp:attachment":[{"href":"https:\/\/lasprimeras.com.do\/index.php\/wp-json\/wp\/v2\/media?parent=116065"}],"wp:term":[{"taxonomy":"category","embeddable":true,"href":"https:\/\/lasprimeras.com.do\/index.php\/wp-json\/wp\/v2\/categories?post=116065"},{"taxonomy":"post_tag","embeddable":true,"href":"https:\/\/lasprimeras.com.do\/index.php\/wp-json\/wp\/v2\/tags?post=116065"}],"curies":[{"name":"wp","href":"https:\/\/api.w.org\/{rel}","templated":true}]}}