{"id":116071,"date":"2025-11-27T08:50:25","date_gmt":"2025-11-27T12:50:25","guid":{"rendered":"https:\/\/lasprimeras.com.do\/?p=116071"},"modified":"2025-11-27T08:50:27","modified_gmt":"2025-11-27T12:50:27","slug":"dgii-destaca-informe-del-fmi-sobre-reduccion-del-incumplimiento-tributario-del-itbis","status":"publish","type":"post","link":"https:\/\/lasprimeras.com.do\/index.php\/2025\/11\/27\/dgii-destaca-informe-del-fmi-sobre-reduccion-del-incumplimiento-tributario-del-itbis\/","title":{"rendered":"DGII destaca informe del FMI sobre reducci\u00f3n del incumplimiento tributario del Itbis"},"content":{"rendered":"\n<p><strong>El informe identifica los sectores econ\u00f3micos con mayores niveles de incumplimiento, entre ellos construcci\u00f3n-comercio, hoteles-restaurantes y servicios profesionales.<\/strong><\/p>\n\n\n\n<p>El Fondo Monetario Internacional (FMI) junto con la Direcci\u00f3n General de Impuestos Internos (DGII) dieron a conocer un informe que determina mejoras significativas en el desempe\u00f1o del Impuesto sobre Transferencias de Bienes Industrializados y Servicios (Itbis), tanto por un mayor peso en la recaudaci\u00f3n, as\u00ed como una reducci\u00f3n sostenida en los niveles de incumplimiento.<\/p>\n\n\n\n<p>El an\u00e1lisis titulado \u201cBrecha del Impuesto sobre Transferencias de Bienes Industrializados y Servicios (Itbis)\u201d indica que este tributo mostr\u00f3 una evoluci\u00f3n positiva como porcentaje del PIB al pasar de 4.6 a 5.0 % entre 2018 y 2023, reflejando una mejora gradual en la eficiencia de los procesos de la administraci\u00f3n tributaria.<\/p>\n\n\n\n<p>Asimismo, durante el periodo evaluado, el nivel de incumplimiento tributario se redujo de 41.6 % en 2020 a 36.5 % en 2023, gracias al fortalecimiento de los controles y las acciones de modernizaci\u00f3n implementadas en los \u00faltimos a\u00f1os.<\/p>\n\n\n\n<p>El informe destaca que estas mejoras en el Itbis son el resultado directo de iniciativas orientadas a optimizar la gesti\u00f3n tributaria, incrementar la transparencia y promover un mayor cumplimiento voluntario por parte de los contribuyentes.<\/p>\n\n\n\n<p>La metodolog\u00eda RA-GAP permite cuantificar la diferencia entre la recaudaci\u00f3n potencial (estimada asumiendo un cumplimiento pleno de las obligaciones fiscales) y la recaudaci\u00f3n efectiva observada. Esta brecha incorpora componentes como evasi\u00f3n, omisi\u00f3n, subdeclaraci\u00f3n, declaraci\u00f3n tard\u00eda y otras formas de incumplimiento tributario, lo que permiti\u00f3 obtener una visi\u00f3n m\u00e1s precisa del comportamiento de los contribuyentes y de las brechas existentes.<\/p>\n\n\n\n<p>Para la elaboraci\u00f3n de este estudio, adem\u00e1s de insumos tributarios, se utilizaron informaciones de Cuentas Nacionales proporcionadas por el Banco Central de la Rep\u00fablica Dominicana.<\/p>\n\n\n\n<p>El informe identifica los sectores econ\u00f3micos con mayores niveles de incumplimiento, entre ellos construcci\u00f3n-comercio, hoteles-restaurantes y servicios profesionales, los cuales representan \u00e1reas prioritarias para intervenciones focalizadas.<\/p>\n\n\n\n<p><strong>Cifras actualizadas<\/strong><\/p>\n\n\n\n<p>La DGII no contaba con cifras actualizadas del incumplimiento tributario en el Itbis desde el a\u00f1o 2017. Por ello, la publicaci\u00f3n de este estudio constituye un insumo t\u00e9cnico de alto valor para la Administraci\u00f3n Tributaria, al proporcionar evidencia s\u00f3lida que permitir\u00e1 orientar decisiones estrat\u00e9gicas, optimizar los esfuerzos de fiscalizaci\u00f3n y facilitar el cumplimiento voluntario, as\u00ed como dise\u00f1ar pol\u00edticas m\u00e1s efectivas para la reducci\u00f3n sostenible de la brecha del Itbis en el mediano plazo.<\/p>\n\n\n\n<p><strong>Sobre el informe<\/strong><\/p>\n\n\n\n<p>Este estudio fue realizado bajo la metodolog\u00eda del Programa de An\u00e1lisis de Brechas Tributarias en la Administraci\u00f3n de Ingresos P\u00fablicos (RA-GAP) y forma parte del programa de asistencia t\u00e9cnica del FMI, orientado a fortalecer las capacidades nacionales en materia de medici\u00f3n, an\u00e1lisis y gesti\u00f3n del cumplimiento tributario en la Rep\u00fablica Dominicana.<\/p>\n\n\n\n<p>El informe completo est\u00e1 disponible en el portal www.dgii.gov.do, en el siguiente enlace:<\/p>\n\n\n\n<p><a href=\"https:\/\/dgii.gov.do\/publicacionesOficiales\/estudios\/Documents\/2025\/Informe-Asitencia-Tecnica-RD-Jul-2025.pdf\">https:\/\/dgii.gov.do\/publicacionesOficiales\/estudios\/Documents\/2025\/Informe-Asitencia-Tecnica-RD-Jul-2025.pdf<\/a><\/p>\n","protected":false},"excerpt":{"rendered":"<p>El informe identifica los sectores econ\u00f3micos con mayores niveles de incumplimiento, entre ellos construcci\u00f3n-comercio, hoteles-restaurantes y servicios profesionales. El Fondo Monetario Internacional (FMI) junto con la Direcci\u00f3n General de Impuestos&hellip;<\/p>\n","protected":false},"author":10,"featured_media":116072,"comment_status":"open","ping_status":"open","sticky":false,"template":"","format":"standard","meta":{"content-type":"","jetpack_post_was_ever_published":false,"_jetpack_newsletter_access":"","_jetpack_dont_email_post_to_subs":false,"_jetpack_newsletter_tier_id":0,"_jetpack_memberships_contains_paywalled_content":false,"_jetpack_memberships_contains_paid_content":false,"footnotes":""},"categories":[39,25],"tags":[817,877,6381,455,1696,3178,13869],"class_list":["post-116071","post","type-post","status-publish","format-standard","has-post-thumbnail","hentry","category-economia","category-portada","tag-dgii","tag-fmi","tag-incumplimiento","tag-informe","tag-itbis","tag-reduccion","tag-tributario"],"jetpack_featured_media_url":"https:\/\/lasprimeras.com.do\/wp-content\/uploads\/2025\/11\/DGII.jpg","jetpack-related-posts":[{"id":99390,"url":"https:\/\/lasprimeras.com.do\/index.php\/2025\/05\/20\/dgii-aclara-que-la-retencion-del-2-del-itbis-por-pagos-con-tarjeta-se-aplica-desde-2004\/","url_meta":{"origin":116071,"position":0},"title":"DGII aclara que la retenci\u00f3n del 2 % del Itbis por pagos con tarjeta se aplica desde 2004","author":"Nelson Feliz","date":"20 de mayo de 2025","format":false,"excerpt":"Dijo que no es un tributo adicional, sino un pago anticipado del impuesto Identific\u00f3 30,529 comercios afiliados a empresas de adquirencia que fueron indebidamente exceptuados de la retenci\u00f3n del 2 % La Direcci\u00f3n General de Impuestos Internos (DGII) aclar\u00f3 hoy que la retenci\u00f3n del 2 % del impuesto sobre transferencias\u2026","rel":"","context":"En \u00abECONOM\u00cdA\u00bb","block_context":{"text":"ECONOM\u00cdA","link":"https:\/\/lasprimeras.com.do\/index.php\/category\/economia\/"},"img":{"alt_text":"DGII","src":"https:\/\/i0.wp.com\/lasprimeras.com.do\/wp-content\/uploads\/2023\/08\/DGII.jpg?resize=350%2C200&ssl=1","width":350,"height":200,"srcset":"https:\/\/i0.wp.com\/lasprimeras.com.do\/wp-content\/uploads\/2023\/08\/DGII.jpg?resize=350%2C200&ssl=1 1x, https:\/\/i0.wp.com\/lasprimeras.com.do\/wp-content\/uploads\/2023\/08\/DGII.jpg?resize=525%2C300&ssl=1 1.5x, https:\/\/i0.wp.com\/lasprimeras.com.do\/wp-content\/uploads\/2023\/08\/DGII.jpg?resize=700%2C400&ssl=1 2x"},"classes":[]},{"id":111350,"url":"https:\/\/lasprimeras.com.do\/index.php\/2025\/10\/08\/dgii-recauda-rd-67707-millones-en-septiembre-acumula-3-8-billones-recaudados-en-cinco-anos\/","url_meta":{"origin":116071,"position":1},"title":"DGII recauda RD 67,707 millones en septiembre; acumula 3.8 billones recaudados en cinco a\u00f1os","author":"Nelson Feliz","date":"8 de octubre de 2025","format":false,"excerpt":"La Direcci\u00f3n General de Impuestos Internos (DGII) inform\u00f3 que durante el mes de septiembre de 2025 recaud\u00f3 RD 67,707.4 millones, cifra que representa un crecimiento de 6.7% en comparaci\u00f3n con igual mes del a\u00f1o anterior, equivalente a RD 4,271.9 millones adicionales. El monto recaudado super\u00f3 en RD 527 millones la\u2026","rel":"","context":"En \u00abECONOM\u00cdA\u00bb","block_context":{"text":"ECONOM\u00cdA","link":"https:\/\/lasprimeras.com.do\/index.php\/category\/economia\/"},"img":{"alt_text":"","src":"https:\/\/i0.wp.com\/lasprimeras.com.do\/wp-content\/uploads\/2025\/10\/DGII.jpg?resize=350%2C200&ssl=1","width":350,"height":200,"srcset":"https:\/\/i0.wp.com\/lasprimeras.com.do\/wp-content\/uploads\/2025\/10\/DGII.jpg?resize=350%2C200&ssl=1 1x, https:\/\/i0.wp.com\/lasprimeras.com.do\/wp-content\/uploads\/2025\/10\/DGII.jpg?resize=525%2C300&ssl=1 1.5x, https:\/\/i0.wp.com\/lasprimeras.com.do\/wp-content\/uploads\/2025\/10\/DGII.jpg?resize=700%2C400&ssl=1 2x"},"classes":[]},{"id":124244,"url":"https:\/\/lasprimeras.com.do\/index.php\/2026\/03\/10\/dgii-recauda-rd-72096-8-millones-en-febrero-de-2026-y-supera-la-meta-presupuestaria\/","url_meta":{"origin":116071,"position":2},"title":"DGII recauda RD 72,096.8 millones en febrero de 2026 y supera la meta presupuestaria","author":"Nelson Feliz","date":"10 de marzo de 2026","format":false,"excerpt":"La Direcci\u00f3n General de Impuestos Internos (DGII) inform\u00f3 que durante el mes de febrero de 2026 logr\u00f3 una recaudaci\u00f3n total de RD 72,096.8 millones, lo que representa un incremento de RD 6,103.6 millones en comparaci\u00f3n con el mismo per\u00edodo del a\u00f1o anterior, equivalente a un crecimiento interanual de 9.2 %.\u2026","rel":"","context":"En \u00abECONOM\u00cdA\u00bb","block_context":{"text":"ECONOM\u00cdA","link":"https:\/\/lasprimeras.com.do\/index.php\/category\/economia\/"},"img":{"alt_text":"","src":"https:\/\/i0.wp.com\/lasprimeras.com.do\/wp-content\/uploads\/2025\/10\/DGII.jpg?resize=350%2C200&ssl=1","width":350,"height":200,"srcset":"https:\/\/i0.wp.com\/lasprimeras.com.do\/wp-content\/uploads\/2025\/10\/DGII.jpg?resize=350%2C200&ssl=1 1x, https:\/\/i0.wp.com\/lasprimeras.com.do\/wp-content\/uploads\/2025\/10\/DGII.jpg?resize=525%2C300&ssl=1 1.5x, https:\/\/i0.wp.com\/lasprimeras.com.do\/wp-content\/uploads\/2025\/10\/DGII.jpg?resize=700%2C400&ssl=1 2x"},"classes":[]},{"id":89913,"url":"https:\/\/lasprimeras.com.do\/index.php\/2024\/10\/08\/mantendran-exencion-a-alimentos-esenciales-pero-se-aplicara-itbis-a-los-de-lujo\/","url_meta":{"origin":116071,"position":3},"title":"Mantendr\u00e1n exenci\u00f3n a alimentos esenciales, pero se aplicar\u00e1 Itbis a los de lujo","author":"Paola Castillo","date":"8 de octubre de 2024","format":false,"excerpt":"El Gobierno dominicano present\u00f3 este lunes la reforma fiscal bajo el t\u00edtulo \"Modernizaci\u00f3n Fiscal\", en un evento encabezado por el presidente Luis Abinader, en donde el ministro de Hacienda, Jos\u00e9 Manuel \u2013Jochi\u2013 Vicente, expuso el alcance de la propuesta que ser\u00e1 sometida al Congreso. El funcionario explic\u00f3 que la iniciativa\u2026","rel":"","context":"En \u00abNACIONALES\u00bb","block_context":{"text":"NACIONALES","link":"https:\/\/lasprimeras.com.do\/index.php\/category\/nacionales\/"},"img":{"alt_text":"","src":"https:\/\/i0.wp.com\/lasprimeras.com.do\/wp-content\/uploads\/2024\/10\/jochi-vicente.jpg?resize=350%2C200&ssl=1","width":350,"height":200,"srcset":"https:\/\/i0.wp.com\/lasprimeras.com.do\/wp-content\/uploads\/2024\/10\/jochi-vicente.jpg?resize=350%2C200&ssl=1 1x, https:\/\/i0.wp.com\/lasprimeras.com.do\/wp-content\/uploads\/2024\/10\/jochi-vicente.jpg?resize=525%2C300&ssl=1 1.5x, https:\/\/i0.wp.com\/lasprimeras.com.do\/wp-content\/uploads\/2024\/10\/jochi-vicente.jpg?resize=700%2C400&ssl=1 2x"},"classes":[]},{"id":50074,"url":"https:\/\/lasprimeras.com.do\/index.php\/2023\/05\/16\/presentan-proyecto-de-ley-para-devolver-itbis-a-turistas-en-rd\/","url_meta":{"origin":116071,"position":4},"title":"Presentan proyecto de ley para devolver ITBIS a turistas en RD","author":"prenxa100","date":"16 de mayo de 2023","format":false,"excerpt":"SANTO DOMINGO. \u2013 Los diputados Orlando Jorge Villegas, Omar Fern\u00e1ndez y V\u00edctor Fadul, han presentado un proyecto de ley que busca estimular el consumo por parte de los turistas en el pa\u00eds, a trav\u00e9s de la devoluci\u00f3n del impuesto a la transferencia de bienes industrializados y servicios (ITBIS). La iniciativa\u2026","rel":"","context":"En \u00abSin categor\u00eda\u00bb","block_context":{"text":"Sin categor\u00eda","link":"https:\/\/lasprimeras.com.do\/index.php\/category\/sin-categoria\/"},"img":{"alt_text":"","src":"","width":0,"height":0},"classes":[]},{"id":57076,"url":"https:\/\/lasprimeras.com.do\/index.php\/2023\/08\/08\/senado-convierte-en-ley-el-proyecto-de-amnistia-fiscal-pasa-al-poder-ejecutivo\/","url_meta":{"origin":116071,"position":5},"title":"Senado convierte en ley el proyecto de amnist\u00eda fiscal; pasa al Poder Ejecutivo","author":"Nelson Feliz","date":"8 de agosto de 2023","format":false,"excerpt":"El Senado de la Rep\u00fablica aprob\u00f3 este martes en segunda lectura y en legislatura extraordinaria el Proyecto de Ley que Instaura un Tratamiento Especial Transitorio de Fiscalizaci\u00f3n, Gesti\u00f3n y Recuperaci\u00f3n de Deuda Tributaria (ley de amnist\u00eda fiscal), por lo que la pieza pasa a su proponente, el Poder Ejecutivo para\u2026","rel":"","context":"En \u00abECONOM\u00cdA\u00bb","block_context":{"text":"ECONOM\u00cdA","link":"https:\/\/lasprimeras.com.do\/index.php\/category\/economia\/"},"img":{"alt_text":"Senado","src":"https:\/\/i0.wp.com\/lasprimeras.com.do\/wp-content\/uploads\/2023\/08\/Senado.jpg?resize=350%2C200&ssl=1","width":350,"height":200,"srcset":"https:\/\/i0.wp.com\/lasprimeras.com.do\/wp-content\/uploads\/2023\/08\/Senado.jpg?resize=350%2C200&ssl=1 1x, https:\/\/i0.wp.com\/lasprimeras.com.do\/wp-content\/uploads\/2023\/08\/Senado.jpg?resize=525%2C300&ssl=1 1.5x, https:\/\/i0.wp.com\/lasprimeras.com.do\/wp-content\/uploads\/2023\/08\/Senado.jpg?resize=700%2C400&ssl=1 2x"},"classes":[]}],"jetpack_sharing_enabled":true,"_links":{"self":[{"href":"https:\/\/lasprimeras.com.do\/index.php\/wp-json\/wp\/v2\/posts\/116071","targetHints":{"allow":["GET"]}}],"collection":[{"href":"https:\/\/lasprimeras.com.do\/index.php\/wp-json\/wp\/v2\/posts"}],"about":[{"href":"https:\/\/lasprimeras.com.do\/index.php\/wp-json\/wp\/v2\/types\/post"}],"author":[{"embeddable":true,"href":"https:\/\/lasprimeras.com.do\/index.php\/wp-json\/wp\/v2\/users\/10"}],"replies":[{"embeddable":true,"href":"https:\/\/lasprimeras.com.do\/index.php\/wp-json\/wp\/v2\/comments?post=116071"}],"version-history":[{"count":1,"href":"https:\/\/lasprimeras.com.do\/index.php\/wp-json\/wp\/v2\/posts\/116071\/revisions"}],"predecessor-version":[{"id":116073,"href":"https:\/\/lasprimeras.com.do\/index.php\/wp-json\/wp\/v2\/posts\/116071\/revisions\/116073"}],"wp:featuredmedia":[{"embeddable":true,"href":"https:\/\/lasprimeras.com.do\/index.php\/wp-json\/wp\/v2\/media\/116072"}],"wp:attachment":[{"href":"https:\/\/lasprimeras.com.do\/index.php\/wp-json\/wp\/v2\/media?parent=116071"}],"wp:term":[{"taxonomy":"category","embeddable":true,"href":"https:\/\/lasprimeras.com.do\/index.php\/wp-json\/wp\/v2\/categories?post=116071"},{"taxonomy":"post_tag","embeddable":true,"href":"https:\/\/lasprimeras.com.do\/index.php\/wp-json\/wp\/v2\/tags?post=116071"}],"curies":[{"name":"wp","href":"https:\/\/api.w.org\/{rel}","templated":true}]}}