{"id":116074,"date":"2025-11-27T09:07:23","date_gmt":"2025-11-27T13:07:23","guid":{"rendered":"https:\/\/lasprimeras.com.do\/?p=116074"},"modified":"2025-11-27T09:07:25","modified_gmt":"2025-11-27T13:07:25","slug":"gobierno-reconoce-propuestas-innovadoras-postuladas-por-servidores-en-5-a-edicion-del-premio-a-la-innvacion-publica","status":"publish","type":"post","link":"https:\/\/lasprimeras.com.do\/index.php\/2025\/11\/27\/gobierno-reconoce-propuestas-innovadoras-postuladas-por-servidores-en-5-a-edicion-del-premio-a-la-innvacion-publica\/","title":{"rendered":"Gobierno reconoce propuestas innovadoras postuladas por servidores en 5. \u00aa edici\u00f3n del Premio a la Innvaci\u00f3n P\u00fablica"},"content":{"rendered":"\n<p><strong>La viceministra destaca el compromiso del Gobierno dominicano en apoyar proyectos \u00fatiles para la mejora de los servicios de los ciudadanos.<\/strong><\/p>\n\n\n\n<p>El Ministerio Administrativo de la Presidencia (Mapre) reconoci\u00f3 este mi\u00e9rcoles tres innovadores proyectos que se postularon en la 5. \u00aa edici\u00f3n del Premio Nacional a la Innovaci\u00f3n P\u00fablica, una iniciativa que reconoce ideas de servidores p\u00fablicos que busquen transformar la calidad de los servicios a la ciudadan\u00eda y establezcan mejoras en diversos sectores.<\/p>\n\n\n\n<p>Durante el acto, celebrado en el Sal\u00f3n Verde del Palacio Nacional, la viceministra de Innovaci\u00f3n, Transparencia y Atenci\u00f3n Ciudadana, Xiomara Guante, en representaci\u00f3n del ministro Andr\u00e9s Bautista, destac\u00f3 que el premio es una iniciativa del presidente Luis Abinader, que constituye una extraordinaria oportunidad para los servidores p\u00fablicos, de aportar al Estado y al Gobierno.<\/p>\n\n\n\n<p>Guante explic\u00f3 que el motivo de este premio es incentivar, estimular y apoyar a la juventud a investigar e innovar en un momento caracterizado por la b\u00fasqueda de nuevas tecnolog\u00edas para enfrentar los desaf\u00edos de un mundo m\u00e1s exigente en todos los \u00f3rdenes.<\/p>\n\n\n\n<p>Asimismo, la viceministra resalt\u00f3 el proceso de evaluaci\u00f3n de los jurados, quienes, apegados a la transparencia, evaluaron un total de 73 iniciativas presentadas en una primera fase, y finalmente, 53 propuestas presentadas en las dos jornadas de pruebas orales que constituy\u00f3 la segunda fase.<\/p>\n\n\n\n<p>Ganadores<\/p>\n\n\n\n<p>El primer lugar fue entregado al proyecto Red Vial Punto Seguro, postulado en la categor\u00eda Innovaci\u00f3n P\u00fablica Implementada, por la Comisi\u00f3n Militar y Policial del Ministerio de Obras P\u00fablicas, (Comipol).<\/p>\n\n\n\n<p>Esta idea propone garantizar seguridad vial y brindar asistencia a ciudadanos durante incidencias o emergencias en carreteras, adem\u00e1s de brindar espacios de descanso a conductores que lo requieran, asistencia de salud en 26 puntos en todo el territorio nacional.<\/p>\n\n\n\n<p>El segundo lugar lo obtuvo, Red Nacional de Centros Steam, postulado por el Ministerio de Educaci\u00f3n, en la categor\u00eda Innovaci\u00f3n en Pol\u00edticas P\u00fablicas y Servicios.<\/p>\n\n\n\n<p>Esta propuesta busca transformar la educaci\u00f3n secundaria dominicana, creando en cada provincia un liceo piloto con modalidad STEAM (Ciencia, Tecnolog\u00eda, Ingenier\u00eda, Artes y Matem\u00e1ticas) hasta construir la Red Nacional de Modalidad STEAM.<\/p>\n\n\n\n<p>El tercer premio fue conquistado por la idea Voz Educativa, postulada en la categor\u00eda Innovaci\u00f3n en Pol\u00edticas P\u00fablicas y Servicios, por el Instituto T\u00e9cnico Superior Comunitario (ITSC).<\/p>\n\n\n\n<p>Esta iniciativa est\u00e1 orientada a eliminar las barreras de comunicaci\u00f3n de estudiantes con discapacidad auditiva en la educaci\u00f3n superior, a trav\u00e9s de una plataforma integral de inteligencia artificial que permita transcripci\u00f3n en tiempo real.<\/p>\n\n\n\n<p>Adem\u00e1s de la estatuilla de reconocimiento, los equipos ganadores recibieron premios en efectivo: RD 350,000 para el primer lugar, RD 250,000 para el segundo y RD 150,000 para el tercero.<\/p>\n\n\n\n<p>Recibieron menci\u00f3n de honor en la categor\u00eda Innovaci\u00f3n en Procesos P\u00fablicos y Digitales el proyecto Sistema Inform\u00e1tico de Gesti\u00f3n para la \u00daltima Milla (SIG-UM), Cuidarte RD, Estoy Contigo, Sistema Integrado De Sinergya Gubernamental y Atenci\u00f3n Ciudadana (Sinergya) y DNCD Digital.<\/p>\n\n\n\n<p>En la categor\u00eda Innovaci\u00f3n en Pol\u00edticas P\u00fablicas y Servicios recibi\u00f3 menci\u00f3n de honor Inaipi-Creciendo Juntos, y en la categor\u00eda Innovaci\u00f3n P\u00fablica Implementada recibieron menci\u00f3n de honor Scoring Tributario y Prescribe.<\/p>\n\n\n\n<p>Sobre el premio<\/p>\n\n\n\n<p>EI Premio Nacional a la Innovaci\u00f3n P\u00fablica fue creado mediante el Decreto n\u00fam. 808-21, con la finalidad de reconocer ideas postuladas por servidores p\u00fablicos que favorezcan la transformaci\u00f3n de los servicios ofrecidos a la ciudadan\u00eda.<\/p>\n","protected":false},"excerpt":{"rendered":"<p>La viceministra destaca el compromiso del Gobierno dominicano en apoyar proyectos \u00fatiles para la mejora de los servicios de los ciudadanos. El Ministerio Administrativo de la Presidencia (Mapre) reconoci\u00f3 este&hellip;<\/p>\n","protected":false},"author":10,"featured_media":116075,"comment_status":"open","ping_status":"open","sticky":false,"template":"","format":"standard","meta":{"content-type":"","jetpack_post_was_ever_published":false,"_jetpack_newsletter_access":"","_jetpack_dont_email_post_to_subs":false,"_jetpack_newsletter_tier_id":0,"_jetpack_memberships_contains_paywalled_content":false,"_jetpack_memberships_contains_paid_content":false,"footnotes":""},"categories":[39],"tags":[171,8199,27866,27867,1329,4745],"class_list":["post-116074","post","type-post","status-publish","format-standard","has-post-thumbnail","hentry","category-economia","tag-gobierno","tag-innovadoras","tag-postuladas","tag-premio-a-la-innvacion-publica","tag-propuestas","tag-servidores"],"jetpack_featured_media_url":"https:\/\/lasprimeras.com.do\/wp-content\/uploads\/2025\/11\/Ministerio-Administrativo-de-la-Presidencia.jpg","jetpack-related-posts":[{"id":50149,"url":"https:\/\/lasprimeras.com.do\/index.php\/2023\/05\/17\/mapre-anuncia-tercera-edicion-del-premio-nacional-a-la-innovacion-publica-2023\/","url_meta":{"origin":116074,"position":0},"title":"MAPRE anuncia tercera edici\u00f3n del Premio Nacional a la Innovaci\u00f3n P\u00fablica 2023","author":"prenxa100","date":"17 de mayo de 2023","format":false,"excerpt":"Por Wilson P\u00e9rez SANTO DOMINGO, RD.- Como parte del compromiso del Ministerio Administrativo de la Presidencia de incentivar pol\u00edticas que promuevan la eficiencia de las instituciones p\u00fablicas, estimulando la participaci\u00f3n de agentes p\u00fablicos, privados, acad\u00e9micos y ciudadan\u00eda en general, el Viceministerio de Innovaci\u00f3n, Transparencia y Atenci\u00f3n Ciudadana lanz\u00f3 este mi\u00e9rcoles\u2026","rel":"","context":"En \u00abECONOM\u00cdA\u00bb","block_context":{"text":"ECONOM\u00cdA","link":"https:\/\/lasprimeras.com.do\/index.php\/category\/economia\/"},"img":{"alt_text":"","src":"","width":0,"height":0},"classes":[]},{"id":102316,"url":"https:\/\/lasprimeras.com.do\/index.php\/2025\/07\/03\/a-participar-mapre-anuncia-la-5ta-edicion-del-premio-a-la-innovacion-publica\/","url_meta":{"origin":116074,"position":1},"title":"\u00a1A participar! MAPRE anuncia la 5ta edici\u00f3n del Premio a la Innovaci\u00f3n P\u00fablica","author":"Nelson Feliz","date":"3 de julio de 2025","format":false,"excerpt":"El Ministerio Administrativo de la Presidencia anunci\u00f3 la 5ta Edici\u00f3n del Premio Nacional a la Innovaci\u00f3n P\u00fablica, una iniciativa que busca reconocer las ideas m\u00e1s transformadoras aplicadas al sector p\u00fablico creadas por colaboradores. A partir de este mes de julio los servidores p\u00fablicos, instituciones del gobierno central y local, entidades\u2026","rel":"","context":"En \u00abECONOM\u00cdA\u00bb","block_context":{"text":"ECONOM\u00cdA","link":"https:\/\/lasprimeras.com.do\/index.php\/category\/economia\/"},"img":{"alt_text":"","src":"https:\/\/i0.wp.com\/lasprimeras.com.do\/wp-content\/uploads\/2025\/07\/Andres-Bautista.jpg?resize=350%2C200&ssl=1","width":350,"height":200,"srcset":"https:\/\/i0.wp.com\/lasprimeras.com.do\/wp-content\/uploads\/2025\/07\/Andres-Bautista.jpg?resize=350%2C200&ssl=1 1x, https:\/\/i0.wp.com\/lasprimeras.com.do\/wp-content\/uploads\/2025\/07\/Andres-Bautista.jpg?resize=525%2C300&ssl=1 1.5x, https:\/\/i0.wp.com\/lasprimeras.com.do\/wp-content\/uploads\/2025\/07\/Andres-Bautista.jpg?resize=700%2C400&ssl=1 2x"},"classes":[]},{"id":88347,"url":"https:\/\/lasprimeras.com.do\/index.php\/2024\/08\/26\/ogtic-gana-5-estatuillas-en-premios-latam-digital-2024-en-la-categoria-gobierno-digital\/","url_meta":{"origin":116074,"position":2},"title":"OGTIC gana 5 estatuillas en &#8220;Premios LATAM Digital 2024&#8221; en la categor\u00eda Gobierno Digital","author":"Nelson Feliz","date":"26 de agosto de 2024","format":false,"excerpt":"Rep\u00fablica Dominicana es el pa\u00eds invitado de honor a los 11 Premios #LatamDigital 2023-2024 by Interlat, un reconocimiento a su compromiso con la innovaci\u00f3n, transformaci\u00f3n e inclusi\u00f3n digital. La Oficina Gubernamental de Tecnolog\u00edas de la Informaci\u00f3n y Comunicaci\u00f3n (OGTIC), result\u00f3 ser ganadora de 5 estatuillas en la categor\u00eda Gobierno Digital,\u2026","rel":"","context":"En \u00abPORTADA\u00bb","block_context":{"text":"PORTADA","link":"https:\/\/lasprimeras.com.do\/index.php\/category\/portada\/"},"img":{"alt_text":"OGTIC","src":"https:\/\/i0.wp.com\/lasprimeras.com.do\/wp-content\/uploads\/2024\/08\/ogtic-1.jpg?resize=350%2C200&ssl=1","width":350,"height":200,"srcset":"https:\/\/i0.wp.com\/lasprimeras.com.do\/wp-content\/uploads\/2024\/08\/ogtic-1.jpg?resize=350%2C200&ssl=1 1x, https:\/\/i0.wp.com\/lasprimeras.com.do\/wp-content\/uploads\/2024\/08\/ogtic-1.jpg?resize=525%2C300&ssl=1 1.5x, https:\/\/i0.wp.com\/lasprimeras.com.do\/wp-content\/uploads\/2024\/08\/ogtic-1.jpg?resize=700%2C400&ssl=1 2x"},"classes":[]},{"id":101160,"url":"https:\/\/lasprimeras.com.do\/index.php\/2025\/06\/17\/rd-destaca-a-nivel-global-con-el-reconocimiento-de-la-ogtic-en-los-premios-wsis-2025\/","url_meta":{"origin":116074,"position":3},"title":"RD destaca a nivel global con el reconocimiento de la OGTIC en los Premios WSIS 2025","author":"Nelson Feliz","date":"17 de junio de 2025","format":false,"excerpt":"La instituci\u00f3n fue reconocida como \u201cChampion WSIS 2025\u201d en la categor\u00eda C.6: \u201cEntorno Facilitador\u201d, por su modelo innovador de acceso a servicios p\u00fablicos a trav\u00e9s de los Puntos GOB. La Oficina Gubernamental de Tecnolog\u00edas de la Informaci\u00f3n y Comunicaci\u00f3n (OGTIC), logr\u00f3 posicionar a la Rep\u00fablica Dominicana entre las cinco mejores\u2026","rel":"","context":"En \u00abNACIONALES\u00bb","block_context":{"text":"NACIONALES","link":"https:\/\/lasprimeras.com.do\/index.php\/category\/nacionales\/"},"img":{"alt_text":"","src":"https:\/\/i0.wp.com\/lasprimeras.com.do\/wp-content\/uploads\/2025\/06\/OGTIC-1.jpg?resize=350%2C200&ssl=1","width":350,"height":200,"srcset":"https:\/\/i0.wp.com\/lasprimeras.com.do\/wp-content\/uploads\/2025\/06\/OGTIC-1.jpg?resize=350%2C200&ssl=1 1x, https:\/\/i0.wp.com\/lasprimeras.com.do\/wp-content\/uploads\/2025\/06\/OGTIC-1.jpg?resize=525%2C300&ssl=1 1.5x, https:\/\/i0.wp.com\/lasprimeras.com.do\/wp-content\/uploads\/2025\/06\/OGTIC-1.jpg?resize=700%2C400&ssl=1 2x"},"classes":[]},{"id":56020,"url":"https:\/\/lasprimeras.com.do\/index.php\/2023\/07\/27\/premian-el-desempeno-las-estrategias-y-la-innovacion-de-la-fabrica-de-cigarros-la-aurora\/","url_meta":{"origin":116074,"position":4},"title":"Premian el desempe\u00f1o, las estrategias y la innovaci\u00f3n de la f\u00e1brica de cigarros La Aurora","author":"Nelson Feliz","date":"27 de julio de 2023","format":false,"excerpt":"En el mes de julio, la primera f\u00e1brica de cigarros establecida en 1903 recibi\u00f3 tres importantes galardones. En el mes de Julio se ha resaltado la trayectoria de la f\u00e1brica de cigarros La Aurora con el reconocimiento de su desempe\u00f1o a nivel de estrategias e innovaci\u00f3n en los procesos que\u2026","rel":"","context":"En \u00abENTRETENIMIENTO\u00bb","block_context":{"text":"ENTRETENIMIENTO","link":"https:\/\/lasprimeras.com.do\/index.php\/category\/entretenimiento\/"},"img":{"alt_text":"Guillermo Le\u00f3n Herbert, agradeci\u00f3 los reconocimientos de entidades p\u00fablicas y privada","src":"https:\/\/i0.wp.com\/lasprimeras.com.do\/wp-content\/uploads\/2023\/07\/Guillermo-Leon-Herbert-agradecio-los-reconocimientos-de-entidades-publicas-y-privada.jpg?resize=350%2C200&ssl=1","width":350,"height":200},"classes":[]},{"id":69276,"url":"https:\/\/lasprimeras.com.do\/index.php\/2023\/12\/01\/mescyt-ocupa-cuarta-posicion-en-la-implementacion-de-gobierno-digital\/","url_meta":{"origin":116074,"position":5},"title":"MESCYT ocupa cuarta posici\u00f3n en la Implementaci\u00f3n de Gobierno Digital","author":"Nelson Feliz","date":"1 de diciembre de 2023","format":false,"excerpt":"Por Mart\u00edn Restituyo El Ministerio de Educaci\u00f3n Superior, Ciencia y Tecnolog\u00eda (MESCYT), fue reconocido por su mejora en los servicios a la ciudadan\u00eda aplicando las tecnolog\u00edas, durante la celebraci\u00f3n de la d\u00e9cima edici\u00f3n de los Premios \u00cdndice de Uso de TIC e Implementaci\u00f3n de Gobierno Digital en el Estado (iTICge).\u2026","rel":"","context":"En \u00abNACIONALES\u00bb","block_context":{"text":"NACIONALES","link":"https:\/\/lasprimeras.com.do\/index.php\/category\/nacionales\/"},"img":{"alt_text":"Franklin Garc\u00eda Ferm\u00edn","src":"https:\/\/i0.wp.com\/lasprimeras.com.do\/wp-content\/uploads\/2023\/12\/Franklin-Garcia-Fermin.jpg?resize=350%2C200&ssl=1","width":350,"height":200,"srcset":"https:\/\/i0.wp.com\/lasprimeras.com.do\/wp-content\/uploads\/2023\/12\/Franklin-Garcia-Fermin.jpg?resize=350%2C200&ssl=1 1x, https:\/\/i0.wp.com\/lasprimeras.com.do\/wp-content\/uploads\/2023\/12\/Franklin-Garcia-Fermin.jpg?resize=525%2C300&ssl=1 1.5x, https:\/\/i0.wp.com\/lasprimeras.com.do\/wp-content\/uploads\/2023\/12\/Franklin-Garcia-Fermin.jpg?resize=700%2C400&ssl=1 2x"},"classes":[]}],"jetpack_sharing_enabled":true,"_links":{"self":[{"href":"https:\/\/lasprimeras.com.do\/index.php\/wp-json\/wp\/v2\/posts\/116074","targetHints":{"allow":["GET"]}}],"collection":[{"href":"https:\/\/lasprimeras.com.do\/index.php\/wp-json\/wp\/v2\/posts"}],"about":[{"href":"https:\/\/lasprimeras.com.do\/index.php\/wp-json\/wp\/v2\/types\/post"}],"author":[{"embeddable":true,"href":"https:\/\/lasprimeras.com.do\/index.php\/wp-json\/wp\/v2\/users\/10"}],"replies":[{"embeddable":true,"href":"https:\/\/lasprimeras.com.do\/index.php\/wp-json\/wp\/v2\/comments?post=116074"}],"version-history":[{"count":1,"href":"https:\/\/lasprimeras.com.do\/index.php\/wp-json\/wp\/v2\/posts\/116074\/revisions"}],"predecessor-version":[{"id":116076,"href":"https:\/\/lasprimeras.com.do\/index.php\/wp-json\/wp\/v2\/posts\/116074\/revisions\/116076"}],"wp:featuredmedia":[{"embeddable":true,"href":"https:\/\/lasprimeras.com.do\/index.php\/wp-json\/wp\/v2\/media\/116075"}],"wp:attachment":[{"href":"https:\/\/lasprimeras.com.do\/index.php\/wp-json\/wp\/v2\/media?parent=116074"}],"wp:term":[{"taxonomy":"category","embeddable":true,"href":"https:\/\/lasprimeras.com.do\/index.php\/wp-json\/wp\/v2\/categories?post=116074"},{"taxonomy":"post_tag","embeddable":true,"href":"https:\/\/lasprimeras.com.do\/index.php\/wp-json\/wp\/v2\/tags?post=116074"}],"curies":[{"name":"wp","href":"https:\/\/api.w.org\/{rel}","templated":true}]}}