{"id":116114,"date":"2025-11-27T11:53:29","date_gmt":"2025-11-27T15:53:29","guid":{"rendered":"https:\/\/lasprimeras.com.do\/?p=116114"},"modified":"2025-11-27T11:53:31","modified_gmt":"2025-11-27T15:53:31","slug":"pld-celebrara-el-congresoescogera-direccion-de-la-corriente-dignidad-juridica","status":"publish","type":"post","link":"https:\/\/lasprimeras.com.do\/index.php\/2025\/11\/27\/pld-celebrara-el-congresoescogera-direccion-de-la-corriente-dignidad-juridica\/","title":{"rendered":"PLD celebrar\u00e1 el Congreso;escoger\u00e1 direcci\u00f3n de la corriente Dignidad Jur\u00eddica"},"content":{"rendered":"\n<p>El Partido de la Liberaci\u00f3n Dominicana (PLD) program\u00f3 para el fin de semana dos importantes actividades en el cumplimiento de su l\u00ednea estrat\u00e9gica de fortalecimiento institucional.<\/p>\n\n\n\n<p>El s\u00e1bado 29 de noviembre la Secretar\u00eda de Relaciones Laborales del PLD realizar\u00e1 el Congreso Fundacional de la Corriente Sindical Miguel Soto, mediante un acto programado para iniciar a las 9:30 de la ma\u00f1ana en el Sal\u00f3n Bienvenido Sandoval de la Casa Nacional Reinaldo Pared P\u00e9rez.<\/p>\n\n\n\n<p>La direcci\u00f3n de la Secretar\u00eda de Relaciones Laborales define el acto que program\u00f3 para este s\u00e1bado como \u201cun espacio hist\u00f3rico para fortalecer la participaci\u00f3n de los trabajadores en la vida pol\u00edtica y sindical del pa\u00eds\u201d.<\/p>\n\n\n\n<p>El domingo 30 de noviembre, la Secretar\u00eda de Asuntos Gremiales y Profesionales organiza las elecciones para escoger el pr\u00f3ximo presidente de la corriente Dignidad Jur\u00eddica para el periodo 2025- 2027.<\/p>\n\n\n\n<p>Los abogados y abogadas, miembros del PLD, podr\u00e1n ejercer su derecho al voto en ocho lugares regionales para propiciar la participaci\u00f3n de los profesionales del derecho.<\/p>\n\n\n\n<p>Las mesas de votaciones funcionar\u00e1n en Montecristi, para las provincias de la l\u00ednea Noroeste, en Santiago de Los Caballeros, para las provincias del Cibao Central, en San Francisco de Macor\u00eds, para las Provincias del Nordeste. Casa Nacional Reinaldo Pared P\u00e9rez, para el gran Santo Domingo, San Crist\u00f3bal y Monte Plata, en la Romana para las Provincias del Este, en Azua de Compostela, para las Provincias del denominado Sur Pr\u00f3ximo, En San Juan de La Maguana para las provincias San Juan y El\u00edas Pi\u00f1a y en Barahona, para las provincias de la denominada Regi\u00f3n Enriquillo.<\/p>\n\n\n\n<p>El proceso electoral de los abogados y abogadas pelede\u00edstas lo dirige una comisi\u00f3n nacional electoral compuesta por Bernardino Pichardo, quien la preside y la integran Domingo Mateo, Tom\u00e1s Valdez, H\u00e9ctor Rivera y Rafael Espaillat.<\/p>\n","protected":false},"excerpt":{"rendered":"<p>El Partido de la Liberaci\u00f3n Dominicana (PLD) program\u00f3 para el fin de semana dos importantes actividades en el cumplimiento de su l\u00ednea estrat\u00e9gica de fortalecimiento institucional. El s\u00e1bado 29 de&hellip;<\/p>\n","protected":false},"author":10,"featured_media":83887,"comment_status":"open","ping_status":"open","sticky":false,"template":"","format":"standard","meta":{"content-type":"","jetpack_post_was_ever_published":false,"_jetpack_newsletter_access":"","_jetpack_dont_email_post_to_subs":false,"_jetpack_newsletter_tier_id":0,"_jetpack_memberships_contains_paywalled_content":false,"_jetpack_memberships_contains_paid_content":false,"footnotes":""},"categories":[16559],"tags":[530,16012,19411,1443,3618,22065,269],"class_list":["post-116114","post","type-post","status-publish","format-standard","has-post-thumbnail","hentry","category-politica","tag-congreso","tag-corriente","tag-dignidad-juridica","tag-direccion","tag-estructuras","tag-fortaleciendo","tag-pld"],"jetpack_featured_media_url":"https:\/\/lasprimeras.com.do\/wp-content\/uploads\/2024\/05\/CN-PLD.jpg","jetpack-related-posts":[{"id":120408,"url":"https:\/\/lasprimeras.com.do\/index.php\/2026\/01\/23\/danilo-medina-juramentara-direccion-de-dignidad-juridica\/","url_meta":{"origin":116114,"position":0},"title":"Danilo Medina juramentar\u00e1 direcci\u00f3n de Dignidad Jur\u00eddica","author":"Nelson Feliz","date":"23 de enero de 2026","format":false,"excerpt":"Con la juramentaci\u00f3n de Dignidad Jur\u00eddica, el PLD fortalece su estructura gremial y defiende el ejercicio del derecho. Con la juramentaci\u00f3n de la nueva direcci\u00f3n nacional de la corriente gremial Dignidad Jur\u00eddica, el Partido de la Liberaci\u00f3n Dominicana fortalece su estructura gremial y se prepara para defender el ejercicio del\u2026","rel":"","context":"En \u00abPOLITICA\u00bb","block_context":{"text":"POLITICA","link":"https:\/\/lasprimeras.com.do\/index.php\/category\/politica\/"},"img":{"alt_text":"","src":"https:\/\/i0.wp.com\/lasprimeras.com.do\/wp-content\/uploads\/2025\/10\/Danilo-Medina-1.jpg?resize=350%2C200&ssl=1","width":350,"height":200,"srcset":"https:\/\/i0.wp.com\/lasprimeras.com.do\/wp-content\/uploads\/2025\/10\/Danilo-Medina-1.jpg?resize=350%2C200&ssl=1 1x, https:\/\/i0.wp.com\/lasprimeras.com.do\/wp-content\/uploads\/2025\/10\/Danilo-Medina-1.jpg?resize=525%2C300&ssl=1 1.5x, https:\/\/i0.wp.com\/lasprimeras.com.do\/wp-content\/uploads\/2025\/10\/Danilo-Medina-1.jpg?resize=700%2C400&ssl=1 2x"},"classes":[]},{"id":113598,"url":"https:\/\/lasprimeras.com.do\/index.php\/2025\/11\/04\/preparativos-de-la-eleccion-de-la-direccion-de-dignidad-juridica\/","url_meta":{"origin":116114,"position":1},"title":"Preparativos de la elecci\u00f3n de la Direcci\u00f3n de Dignidad Jur\u00eddica","author":"Nelson Feliz","date":"4 de noviembre de 2025","format":false,"excerpt":"Elecci\u00f3n del equipo de direcci\u00f3n de Dignidad Jur\u00eddica del PLD, ser\u00e1 el domingo 30 de noviembre. Ubicar\u00e1n centros de votaciones por regiones. La secretaria de Asuntos Gremiales y Profesionales del Partido de la Liberaci\u00f3n Dominicana (PLD) de manera conjunta con la comisi\u00f3n designada para organizar las elecciones de la direcci\u00f3n\u2026","rel":"","context":"En \u00abPOLITICA\u00bb","block_context":{"text":"POLITICA","link":"https:\/\/lasprimeras.com.do\/index.php\/category\/politica\/"},"img":{"alt_text":"","src":"https:\/\/i0.wp.com\/lasprimeras.com.do\/wp-content\/uploads\/2025\/11\/Imagen-1.jpg?resize=350%2C200&ssl=1","width":350,"height":200,"srcset":"https:\/\/i0.wp.com\/lasprimeras.com.do\/wp-content\/uploads\/2025\/11\/Imagen-1.jpg?resize=350%2C200&ssl=1 1x, https:\/\/i0.wp.com\/lasprimeras.com.do\/wp-content\/uploads\/2025\/11\/Imagen-1.jpg?resize=525%2C300&ssl=1 1.5x, https:\/\/i0.wp.com\/lasprimeras.com.do\/wp-content\/uploads\/2025\/11\/Imagen-1.jpg?resize=700%2C400&ssl=1 2x"},"classes":[]},{"id":98690,"url":"https:\/\/lasprimeras.com.do\/index.php\/2025\/05\/10\/profesionales-del-derecho-del-pld-en-la-region-norte-fortalecen-dignidad-juridica\/","url_meta":{"origin":116114,"position":2},"title":"Profesionales del Derecho del PLD en la regi\u00f3n Norte fortalecen Dignidad Jur\u00eddica","author":"Nelson Feliz","date":"10 de mayo de 2025","format":false,"excerpt":"Con una participaci\u00f3n masiva y entusiasta, el Partido de la Liberaci\u00f3n Dominicana (PLD) celebr\u00f3 en Santiago la Segunda Gran Asamblea Regional de Abogadas y Abogados pelede\u00edstas, encabezada por el secretario general del partido, Jhonny Pujols, la representaci\u00f3n de la Secretar\u00eda de Asuntos Gremiales y Profesionales y el Comit\u00e9 de Reestructuraci\u00f3n\u2026","rel":"","context":"En \u00abPOLITICA\u00bb","block_context":{"text":"POLITICA","link":"https:\/\/lasprimeras.com.do\/index.php\/category\/politica\/"},"img":{"alt_text":"Dignidad Jur\u00eddica","src":"https:\/\/i0.wp.com\/lasprimeras.com.do\/wp-content\/uploads\/2025\/05\/Dignidad-Juridica-2.jpg?resize=350%2C200&ssl=1","width":350,"height":200,"srcset":"https:\/\/i0.wp.com\/lasprimeras.com.do\/wp-content\/uploads\/2025\/05\/Dignidad-Juridica-2.jpg?resize=350%2C200&ssl=1 1x, https:\/\/i0.wp.com\/lasprimeras.com.do\/wp-content\/uploads\/2025\/05\/Dignidad-Juridica-2.jpg?resize=525%2C300&ssl=1 1.5x, https:\/\/i0.wp.com\/lasprimeras.com.do\/wp-content\/uploads\/2025\/05\/Dignidad-Juridica-2.jpg?resize=700%2C400&ssl=1 2x"},"classes":[]},{"id":129431,"url":"https:\/\/lasprimeras.com.do\/index.php\/2026\/05\/01\/pld-conmemora-el-dia-internacional-del-trabajo-y-respalda-reclamos-del-movimiento-sindical\/","url_meta":{"origin":116114,"position":3},"title":"PLD conmemora el &#8220;D\u00eda Internacional del Trabajo&#8221; y respalda reclamos del movimiento sindical","author":"Nelson Feliz","date":"1 de mayo de 2026","format":false,"excerpt":"Organizaci\u00f3n reafirma compromiso con la defensa del empleo digno, denuncia precariedad laboral y exige aumento salarial de emergencia El Partido de la Liberaci\u00f3n Dominicana (PLD), a trav\u00e9s de su Secretar\u00eda de Relaciones Laborales y la Corriente Sindical Pelede\u00edsta Miguel Soto, conmemor\u00f3 este 1 de mayo el D\u00eda Internacional del Trabajo\u2026","rel":"","context":"En \u00abSin categor\u00eda\u00bb","block_context":{"text":"Sin categor\u00eda","link":"https:\/\/lasprimeras.com.do\/index.php\/category\/sin-categoria\/"},"img":{"alt_text":"","src":"https:\/\/i0.wp.com\/lasprimeras.com.do\/wp-content\/uploads\/2026\/05\/Imagen-39.jpg?resize=350%2C200&ssl=1","width":350,"height":200,"srcset":"https:\/\/i0.wp.com\/lasprimeras.com.do\/wp-content\/uploads\/2026\/05\/Imagen-39.jpg?resize=350%2C200&ssl=1 1x, https:\/\/i0.wp.com\/lasprimeras.com.do\/wp-content\/uploads\/2026\/05\/Imagen-39.jpg?resize=525%2C300&ssl=1 1.5x, https:\/\/i0.wp.com\/lasprimeras.com.do\/wp-content\/uploads\/2026\/05\/Imagen-39.jpg?resize=700%2C400&ssl=1 2x"},"classes":[]},{"id":117857,"url":"https:\/\/lasprimeras.com.do\/index.php\/2025\/12\/16\/dignidad-juridica-del-pld-en-defensa-de-los-afectados-del-caso-senasa\/","url_meta":{"origin":116114,"position":4},"title":"Dignidad Jur\u00eddica del PLD en defensa de los afectados del caso SeNaSa","author":"Nelson Feliz","date":"16 de diciembre de 2025","format":false,"excerpt":"El PLD pone a disposici\u00f3n de los afectados el caso SeNaSa sus abogados y abogadas para la asistencia legal requerida sin costo alguno. La Corriente Gremial Dignidad Jur\u00eddica, orientada por el Partido de la Liberaci\u00f3n Dominicana, (PLD) pone a disposici\u00f3n de los afectados el caso SeNaSa los m\u00e1s de diez\u2026","rel":"","context":"En \u00abPOLITICA\u00bb","block_context":{"text":"POLITICA","link":"https:\/\/lasprimeras.com.do\/index.php\/category\/politica\/"},"img":{"alt_text":"","src":"https:\/\/i0.wp.com\/lasprimeras.com.do\/wp-content\/uploads\/2025\/12\/PLD.jpg?resize=350%2C200&ssl=1","width":350,"height":200,"srcset":"https:\/\/i0.wp.com\/lasprimeras.com.do\/wp-content\/uploads\/2025\/12\/PLD.jpg?resize=350%2C200&ssl=1 1x, https:\/\/i0.wp.com\/lasprimeras.com.do\/wp-content\/uploads\/2025\/12\/PLD.jpg?resize=525%2C300&ssl=1 1.5x, https:\/\/i0.wp.com\/lasprimeras.com.do\/wp-content\/uploads\/2025\/12\/PLD.jpg?resize=700%2C400&ssl=1 2x, https:\/\/i0.wp.com\/lasprimeras.com.do\/wp-content\/uploads\/2025\/12\/PLD.jpg?resize=1050%2C600&ssl=1 3x, https:\/\/i0.wp.com\/lasprimeras.com.do\/wp-content\/uploads\/2025\/12\/PLD.jpg?resize=1400%2C800&ssl=1 4x"},"classes":[]},{"id":111029,"url":"https:\/\/lasprimeras.com.do\/index.php\/2025\/10\/03\/dignidad-juridica-convoca-su-asamblea-nacional-para-el-9-de-noviembre-proximo\/","url_meta":{"origin":116114,"position":5},"title":"Dignidad Jur\u00eddica convoca su asamblea nacional para el 9 de noviembre pr\u00f3ximo","author":"Nelson Feliz","date":"3 de octubre de 2025","format":false,"excerpt":"El Comit\u00e9 Nacional de Reestructuraci\u00f3n de Dignidad Jur\u00eddica, orientada por el Partido de la Liberaci\u00f3n Dominicana (PLD), convoc\u00f3 para el domingo 9 de noviembre a la Gran Asamblea Nacional de Abogados Pelede\u00edstas con la misi\u00f3n de dejar consolidada la nueva estructura de esa corriente de profesionales del Derecho. \u201cQued\u00f3 aprobada\u2026","rel":"","context":"En \u00abPOLITICA\u00bb","block_context":{"text":"POLITICA","link":"https:\/\/lasprimeras.com.do\/index.php\/category\/politica\/"},"img":{"alt_text":"","src":"https:\/\/i0.wp.com\/lasprimeras.com.do\/wp-content\/uploads\/2025\/10\/Dignidad-Juridica.jpg?resize=350%2C200&ssl=1","width":350,"height":200,"srcset":"https:\/\/i0.wp.com\/lasprimeras.com.do\/wp-content\/uploads\/2025\/10\/Dignidad-Juridica.jpg?resize=350%2C200&ssl=1 1x, https:\/\/i0.wp.com\/lasprimeras.com.do\/wp-content\/uploads\/2025\/10\/Dignidad-Juridica.jpg?resize=525%2C300&ssl=1 1.5x, https:\/\/i0.wp.com\/lasprimeras.com.do\/wp-content\/uploads\/2025\/10\/Dignidad-Juridica.jpg?resize=700%2C400&ssl=1 2x"},"classes":[]}],"jetpack_sharing_enabled":true,"_links":{"self":[{"href":"https:\/\/lasprimeras.com.do\/index.php\/wp-json\/wp\/v2\/posts\/116114","targetHints":{"allow":["GET"]}}],"collection":[{"href":"https:\/\/lasprimeras.com.do\/index.php\/wp-json\/wp\/v2\/posts"}],"about":[{"href":"https:\/\/lasprimeras.com.do\/index.php\/wp-json\/wp\/v2\/types\/post"}],"author":[{"embeddable":true,"href":"https:\/\/lasprimeras.com.do\/index.php\/wp-json\/wp\/v2\/users\/10"}],"replies":[{"embeddable":true,"href":"https:\/\/lasprimeras.com.do\/index.php\/wp-json\/wp\/v2\/comments?post=116114"}],"version-history":[{"count":1,"href":"https:\/\/lasprimeras.com.do\/index.php\/wp-json\/wp\/v2\/posts\/116114\/revisions"}],"predecessor-version":[{"id":116115,"href":"https:\/\/lasprimeras.com.do\/index.php\/wp-json\/wp\/v2\/posts\/116114\/revisions\/116115"}],"wp:featuredmedia":[{"embeddable":true,"href":"https:\/\/lasprimeras.com.do\/index.php\/wp-json\/wp\/v2\/media\/83887"}],"wp:attachment":[{"href":"https:\/\/lasprimeras.com.do\/index.php\/wp-json\/wp\/v2\/media?parent=116114"}],"wp:term":[{"taxonomy":"category","embeddable":true,"href":"https:\/\/lasprimeras.com.do\/index.php\/wp-json\/wp\/v2\/categories?post=116114"},{"taxonomy":"post_tag","embeddable":true,"href":"https:\/\/lasprimeras.com.do\/index.php\/wp-json\/wp\/v2\/tags?post=116114"}],"curies":[{"name":"wp","href":"https:\/\/api.w.org\/{rel}","templated":true}]}}