{"id":116116,"date":"2025-11-27T23:10:54","date_gmt":"2025-11-28T03:10:54","guid":{"rendered":"https:\/\/lasprimeras.com.do\/?p=116116"},"modified":"2025-11-27T23:10:56","modified_gmt":"2025-11-28T03:10:56","slug":"consulado-dominicano-en-nueva-jersey-rinde-honores-a-miss-petite-internacional-2025-beatriz-perez-guenen","status":"publish","type":"post","link":"https:\/\/lasprimeras.com.do\/index.php\/2025\/11\/27\/consulado-dominicano-en-nueva-jersey-rinde-honores-a-miss-petite-internacional-2025-beatriz-perez-guenen\/","title":{"rendered":"Consulado Dominicano en Nueva Jersey rinde honores a &#8220;Miss Petite Internacional 2025&#8221; Beatriz P\u00e9rez Guenen"},"content":{"rendered":"\n<p>NEW JERSEY, USA, NJ.\u2014 El Consulado General de la Rep\u00fablica Dominicana en el Estado de Nueva Jersey llev\u00f3 a cabo un acto solemne para reconocer con honores a la reina Miss Petite Internacional 2025, Beatriz P\u00e9rez Guenen, por su destacada labor como representante de la belleza, la cultura y los valores dominicanos en el extranjero.<\/p>\n\n\n\n<p>El C\u00f3nsul General, Licenciado Jos\u00e9 F. Santana Suriel, presidi\u00f3 la ceremonia, donde se destac\u00f3 la trayectoria de P\u00e9rez Guenen y su impacto positivo en la di\u00e1spora dominicana.<\/p>\n\n\n<div class=\"wp-block-image\">\n<figure class=\"alignleft size-large is-resized\"><img decoding=\"async\" width=\"752\" height=\"1024\" src=\"https:\/\/lasprimeras.com.do\/wp-content\/uploads\/2025\/11\/Beatriz-Perez-Guenen-1-752x1024.jpg\" alt=\"\" class=\"wp-image-116118\" style=\"width:184px;height:auto\" srcset=\"https:\/\/lasprimeras.com.do\/wp-content\/uploads\/2025\/11\/Beatriz-Perez-Guenen-1-752x1024.jpg 752w, https:\/\/lasprimeras.com.do\/wp-content\/uploads\/2025\/11\/Beatriz-Perez-Guenen-1-220x300.jpg 220w, https:\/\/lasprimeras.com.do\/wp-content\/uploads\/2025\/11\/Beatriz-Perez-Guenen-1-768x1046.jpg 768w, https:\/\/lasprimeras.com.do\/wp-content\/uploads\/2025\/11\/Beatriz-Perez-Guenen-1.jpg 940w\" sizes=\"(max-width: 752px) 100vw, 752px\" \/><\/figure>\n<\/div>\n\n\n<p>El C\u00f3nsul Suriel elogi\u00f3 la forma en que la soberana ha sabido elevar el nombre del pa\u00eds en el escenario internacional con gracia, talento y un compromiso inquebrantable con sus ra\u00edces.<\/p>\n\n\n\n<p>&#8220;Beatriz no solo porta una corona, sino que lleva consigo la esencia de la mujer dominicana: trabajadora, resiliente y orgullosa de su identidad&#8221;, expres\u00f3 el C\u00f3nsul Santana Suriel durante el acto, resaltando c\u00f3mo su triunfo ha servido de inspiraci\u00f3n para la comunidad residente en los Estados Unidos.<\/p>\n\n\n\n<p>Durante la entrega del reconocimiento, se hizo hincapi\u00e9 en que su carisma, belleza y dedicaci\u00f3n han contribuido a reafirmar su papel como una aut\u00e9ntica embajadora de la cultura y el talento dominicano ante el mundo.<\/p>\n\n\n<div class=\"wp-block-image\">\n<figure class=\"alignright size-full is-resized\"><img decoding=\"async\" width=\"891\" height=\"897\" src=\"https:\/\/lasprimeras.com.do\/wp-content\/uploads\/2025\/11\/recon.jpg\" alt=\"\" class=\"wp-image-116119\" style=\"width:289px;height:auto\" srcset=\"https:\/\/lasprimeras.com.do\/wp-content\/uploads\/2025\/11\/recon.jpg 891w, https:\/\/lasprimeras.com.do\/wp-content\/uploads\/2025\/11\/recon-298x300.jpg 298w, https:\/\/lasprimeras.com.do\/wp-content\/uploads\/2025\/11\/recon-150x150.jpg 150w, https:\/\/lasprimeras.com.do\/wp-content\/uploads\/2025\/11\/recon-768x773.jpg 768w\" sizes=\"(max-width: 891px) 100vw, 891px\" \/><\/figure>\n<\/div>\n\n\n<p>La reina, quien ostenta el t\u00edtulo de Miss Petite Internacional Rep\u00fablica Dominicana 2025, agradeci\u00f3 al Consulado y a las autoridades por el gesto, y reiter\u00f3 su compromiso de seguir trabajando por causas nobles y representando dignamente a la naci\u00f3n quisqueyana en cada una de sus apariciones.<\/p>\n\n\n\n<p>La distinci\u00f3n fue recibida con entusiasmo por la comunidad dominicana presente, quienes ven en Beatriz P\u00e9rez Guenen un modelo a seguir y un motivo de orgullo que inspira a celebrar con fervor la identidad nacional en el exterior.<\/p>\n\n\n<div class=\"wp-block-image\">\n<figure class=\"alignleft size-large is-resized\"><img decoding=\"async\" width=\"940\" height=\"1024\" src=\"https:\/\/lasprimeras.com.do\/wp-content\/uploads\/2025\/11\/Beatriz-Perez-Guenen-y-familia-940x1024.jpg\" alt=\"\" class=\"wp-image-116120\" style=\"width:276px;height:auto\" srcset=\"https:\/\/lasprimeras.com.do\/wp-content\/uploads\/2025\/11\/Beatriz-Perez-Guenen-y-familia-940x1024.jpg 940w, https:\/\/lasprimeras.com.do\/wp-content\/uploads\/2025\/11\/Beatriz-Perez-Guenen-y-familia-275x300.jpg 275w, https:\/\/lasprimeras.com.do\/wp-content\/uploads\/2025\/11\/Beatriz-Perez-Guenen-y-familia-768x837.jpg 768w, https:\/\/lasprimeras.com.do\/wp-content\/uploads\/2025\/11\/Beatriz-Perez-Guenen-y-familia.jpg 960w\" sizes=\"(max-width: 940px) 100vw, 940px\" \/><\/figure>\n<\/div>\n\n\n<p>Durante el evento, la destacada reina de belleza Beatriz P\u00e9rez Guenen, estuvo acompa\u00f1ada de su madre Luz Guenen, su padre V\u00edctor P\u00e9rez, sus hermanos Gilbert Sain P\u00e9rez Guenen y V\u00edctor El\u00edas P\u00e9rez Guenen.<\/p>\n\n\n<div class=\"wp-block-image\">\n<figure class=\"alignright size-full is-resized\"><img decoding=\"async\" width=\"900\" height=\"859\" src=\"https:\/\/lasprimeras.com.do\/wp-content\/uploads\/2025\/11\/Beatriz-Perez-Guenen-sola.jpg\" alt=\"\" class=\"wp-image-116121\" style=\"width:232px;height:auto\" srcset=\"https:\/\/lasprimeras.com.do\/wp-content\/uploads\/2025\/11\/Beatriz-Perez-Guenen-sola.jpg 900w, https:\/\/lasprimeras.com.do\/wp-content\/uploads\/2025\/11\/Beatriz-Perez-Guenen-sola-300x286.jpg 300w, https:\/\/lasprimeras.com.do\/wp-content\/uploads\/2025\/11\/Beatriz-Perez-Guenen-sola-768x733.jpg 768w\" sizes=\"(max-width: 900px) 100vw, 900px\" \/><\/figure>\n<\/div>\n\n\n<p>El evento concluy\u00f3 con un llamado a la unidad de la di\u00e1spora y la promesa del Consulado General de continuar apoyando a los j\u00f3venes talentos dominicanos que, a trav\u00e9s de diversas disciplinas, ponen en alto el nombre de la Rep\u00fablica Dominicana m\u00e1s all\u00e1 de sus fronteras.<\/p>\n\n\n\n<figure class=\"wp-block-image size-full\"><img decoding=\"async\" width=\"991\" height=\"705\" src=\"https:\/\/lasprimeras.com.do\/wp-content\/uploads\/2025\/11\/boton.jpg\" alt=\"\" class=\"wp-image-116122\" srcset=\"https:\/\/lasprimeras.com.do\/wp-content\/uploads\/2025\/11\/boton.jpg 991w, https:\/\/lasprimeras.com.do\/wp-content\/uploads\/2025\/11\/boton-300x213.jpg 300w, https:\/\/lasprimeras.com.do\/wp-content\/uploads\/2025\/11\/boton-768x546.jpg 768w\" sizes=\"(max-width: 991px) 100vw, 991px\" \/><\/figure>\n\n\n\n<figure class=\"wp-block-image size-full\"><img decoding=\"async\" width=\"900\" height=\"859\" src=\"https:\/\/lasprimeras.com.do\/wp-content\/uploads\/2025\/11\/Beatriz-Perez-Guenen-sola-1.jpg\" alt=\"\" class=\"wp-image-116123\" srcset=\"https:\/\/lasprimeras.com.do\/wp-content\/uploads\/2025\/11\/Beatriz-Perez-Guenen-sola-1.jpg 900w, https:\/\/lasprimeras.com.do\/wp-content\/uploads\/2025\/11\/Beatriz-Perez-Guenen-sola-1-300x286.jpg 300w, https:\/\/lasprimeras.com.do\/wp-content\/uploads\/2025\/11\/Beatriz-Perez-Guenen-sola-1-768x733.jpg 768w\" sizes=\"(max-width: 900px) 100vw, 900px\" \/><\/figure>\n\n\n\n<figure class=\"wp-block-image size-full\"><img decoding=\"async\" width=\"900\" height=\"675\" src=\"https:\/\/lasprimeras.com.do\/wp-content\/uploads\/2025\/11\/consu.jpg\" alt=\"\" class=\"wp-image-116124\" srcset=\"https:\/\/lasprimeras.com.do\/wp-content\/uploads\/2025\/11\/consu.jpg 900w, https:\/\/lasprimeras.com.do\/wp-content\/uploads\/2025\/11\/consu-300x225.jpg 300w, https:\/\/lasprimeras.com.do\/wp-content\/uploads\/2025\/11\/consu-768x576.jpg 768w\" sizes=\"(max-width: 900px) 100vw, 900px\" \/><\/figure>\n\n\n\n<figure class=\"wp-block-image size-large is-resized\"><img decoding=\"async\" width=\"768\" height=\"1024\" src=\"https:\/\/lasprimeras.com.do\/wp-content\/uploads\/2025\/11\/Beatriz-Perez-Guenen-y-consul-768x1024.jpg\" alt=\"\" class=\"wp-image-116125\" style=\"width:840px;height:auto\" srcset=\"https:\/\/lasprimeras.com.do\/wp-content\/uploads\/2025\/11\/Beatriz-Perez-Guenen-y-consul-768x1024.jpg 768w, https:\/\/lasprimeras.com.do\/wp-content\/uploads\/2025\/11\/Beatriz-Perez-Guenen-y-consul-225x300.jpg 225w, https:\/\/lasprimeras.com.do\/wp-content\/uploads\/2025\/11\/Beatriz-Perez-Guenen-y-consul.jpg 900w\" sizes=\"(max-width: 768px) 100vw, 768px\" \/><\/figure>\n\n\n\n<figure class=\"wp-block-image size-large is-resized\"><img decoding=\"async\" width=\"768\" height=\"1024\" src=\"https:\/\/lasprimeras.com.do\/wp-content\/uploads\/2025\/11\/Beatriz-Perez-Guenen-y-consul-ult-768x1024.jpg\" alt=\"\" class=\"wp-image-116126\" style=\"width:840px;height:auto\" srcset=\"https:\/\/lasprimeras.com.do\/wp-content\/uploads\/2025\/11\/Beatriz-Perez-Guenen-y-consul-ult-768x1024.jpg 768w, https:\/\/lasprimeras.com.do\/wp-content\/uploads\/2025\/11\/Beatriz-Perez-Guenen-y-consul-ult-225x300.jpg 225w, https:\/\/lasprimeras.com.do\/wp-content\/uploads\/2025\/11\/Beatriz-Perez-Guenen-y-consul-ult.jpg 900w\" sizes=\"(max-width: 768px) 100vw, 768px\" \/><\/figure>\n","protected":false},"excerpt":{"rendered":"<p>NEW JERSEY, USA, NJ.\u2014 El Consulado General de la Rep\u00fablica Dominicana en el Estado de Nueva Jersey llev\u00f3 a cabo un acto solemne para reconocer con honores a la reina&hellip;<\/p>\n","protected":false},"author":10,"featured_media":116117,"comment_status":"open","ping_status":"open","sticky":false,"template":"","format":"standard","meta":{"content-type":"","jetpack_post_was_ever_published":false,"_jetpack_newsletter_access":"","_jetpack_dont_email_post_to_subs":false,"_jetpack_newsletter_tier_id":0,"_jetpack_memberships_contains_paywalled_content":false,"_jetpack_memberships_contains_paid_content":false,"footnotes":""},"categories":[84,25],"tags":[27887,4120,27886,2441,27885],"class_list":["post-116116","post","type-post","status-publish","format-standard","has-post-thumbnail","hentry","category-entretenimiento","category-portada","tag-beatriz-perez-guenen","tag-consulado-dominicano","tag-miss-petite-internacional-2025","tag-nueva-jersey","tag-rinde-honores"],"jetpack_featured_media_url":"https:\/\/lasprimeras.com.do\/wp-content\/uploads\/2025\/11\/Beatriz-Perez-Guenen.jpg","jetpack-related-posts":[{"id":109592,"url":"https:\/\/lasprimeras.com.do\/index.php\/2025\/09\/19\/prensa-hispana-en-nj-y-rd-se-hacen-eco-de-agresion-contra-vehiculo-consul-dominicano\/","url_meta":{"origin":116116,"position":0},"title":"Prensa hispana en NJ y RD se hacen eco de agresi\u00f3n contra veh\u00edculo c\u00f3nsul dominicano","author":"Nelson Feliz","date":"19 de septiembre de 2025","format":false,"excerpt":"https:\/\/www.youtube.com\/watch?v=vYTaFsmoSFw Por Ram\u00f3n Mercedes NUEVA JERSEY.- La esposa del c\u00f3nsul dominicano en Paterson, Jos\u00e9 -Bertico- Santana, fue captada lanzando piedras al veh\u00edculo del diplom\u00e1tico estacionado frente a la casa de su presunta amante, en un episodio que ya es tendencia en redes sociales. A parte de las redes sociales, tambi\u00e9n\u2026","rel":"","context":"En \u00abINTERNACIONALES\u00bb","block_context":{"text":"INTERNACIONALES","link":"https:\/\/lasprimeras.com.do\/index.php\/category\/sin-categoria\/internacionales\/"},"img":{"alt_text":"","src":"https:\/\/i0.wp.com\/lasprimeras.com.do\/wp-content\/uploads\/2025\/09\/WhatsApp-Image-2025-09-19-at-6.29.07-AM-2.jpeg?resize=350%2C200&ssl=1","width":350,"height":200},"classes":[]},{"id":51394,"url":"https:\/\/lasprimeras.com.do\/index.php\/2023\/05\/30\/direccion-de-cultura-y-el-consulado-dominicano-de-nueva-jersey-apoyaran-la-feria-internacional-del-libro\/","url_meta":{"origin":116116,"position":1},"title":"Cultura y el Consulado de Nueva Jersey apoyar\u00e1n Feria Internacional del Libro","author":"prenxa100","date":"30 de mayo de 2023","format":false,"excerpt":"NUEVA YORK.-. La Direcci\u00f3n de Cultura Dominicana en Estados Unidos, bajo el enlace del Dr. Rey And\u00fajar y el C\u00f3nsul General de la Rep\u00fablica Dominicana en New Jersey, Ing. \u00c1ngel Pichardo, pactaron acuerdos para respaldar la 7ma Edici\u00f3n de la Feria Internacional del Libro en el Estado de Nueva Jersey.\u2026","rel":"","context":"En \u00abSin categor\u00eda\u00bb","block_context":{"text":"Sin categor\u00eda","link":"https:\/\/lasprimeras.com.do\/index.php\/category\/sin-categoria\/"},"img":{"alt_text":"","src":"","width":0,"height":0},"classes":[]},{"id":107577,"url":"https:\/\/lasprimeras.com.do\/index.php\/2025\/08\/28\/interior-y-policia-y-consulado-en-nj-firman-historico-acuerdo-para-acercar-servicios-a-diaspora-dominicana\/","url_meta":{"origin":116116,"position":2},"title":"Interior y Polic\u00eda y consulado en NJ firman hist\u00f3rico acuerdo para acercar servicios a di\u00e1spora dominicana","author":"Nelson Feliz","date":"28 de agosto de 2025","format":false,"excerpt":"NEW JERSEY.- En un hecho sin precedentes, el Ministerio de Interior y Polic\u00eda (MIP) y el Consulado Dominicano en New Jersey firmaron un acuerdo de colaboraci\u00f3n que permitir\u00e1 a los dominicanos residentes en Estados Unidos acceder a servicios esenciales del Estado sin necesidad de viajar a la Rep\u00fablica Dominicana. El\u2026","rel":"","context":"En \u00abINTERNACIONALES\u00bb","block_context":{"text":"INTERNACIONALES","link":"https:\/\/lasprimeras.com.do\/index.php\/category\/sin-categoria\/internacionales\/"},"img":{"alt_text":"","src":"https:\/\/i0.wp.com\/lasprimeras.com.do\/wp-content\/uploads\/2025\/08\/Faride-Raful-y-Jose-Bertico-Santana.jpg?resize=350%2C200&ssl=1","width":350,"height":200},"classes":[]},{"id":113442,"url":"https:\/\/lasprimeras.com.do\/index.php\/2025\/11\/03\/dominicana-ny-participa-miss-word-2025-gana-primer-lugar-consulado-nego-logistica\/","url_meta":{"origin":116116,"position":3},"title":"Dominicana NY participa Miss Word 2025 gana primer lugar; consulado neg\u00f3 log\u00edstica","author":"Nelson Feliz","date":"3 de noviembre de 2025","format":false,"excerpt":"https:\/\/www.youtube.com\/watch?v=1ILHvn01haU Por Ram\u00f3n Mercedes NUEVA YORK.- La dominicana Birmania Estrada, residente en el condado de Queens desde hace d\u00e9cadas, gan\u00f3 el primer lugar en el concurso internacional \u00abMiss World Suprain International 2025\u00bb, celebrado recientemente en Per\u00fa. Participaron representantes de Colombia, Costa Rica, Ecuador, Espa\u00f1a, Italia, Brasil, Estados Unidos, Venezuela y\u2026","rel":"","context":"En \u00abLA VOZ DE LA DIASPORA\u00bb","block_context":{"text":"LA VOZ DE LA DIASPORA","link":"https:\/\/lasprimeras.com.do\/index.php\/category\/la-voz-de-la-diaspora\/"},"img":{"alt_text":"","src":"https:\/\/i0.wp.com\/lasprimeras.com.do\/wp-content\/uploads\/2025\/11\/Dominicana-NY-participa-Miss-Word-2025-gana-primer-lugar_-consulado-nego-logistica.jpg?resize=350%2C200&ssl=1","width":350,"height":200,"srcset":"https:\/\/i0.wp.com\/lasprimeras.com.do\/wp-content\/uploads\/2025\/11\/Dominicana-NY-participa-Miss-Word-2025-gana-primer-lugar_-consulado-nego-logistica.jpg?resize=350%2C200&ssl=1 1x, https:\/\/i0.wp.com\/lasprimeras.com.do\/wp-content\/uploads\/2025\/11\/Dominicana-NY-participa-Miss-Word-2025-gana-primer-lugar_-consulado-nego-logistica.jpg?resize=525%2C300&ssl=1 1.5x"},"classes":[]},{"id":88230,"url":"https:\/\/lasprimeras.com.do\/index.php\/2024\/08\/24\/presidente-abinader-realiza-nombramientos-en-el-servicio-exterior-dominicano\/","url_meta":{"origin":116116,"position":4},"title":"Presidente Abinader realiza nombramientos en el servicio exterior dominicano","author":"Nelson Feliz","date":"24 de agosto de 2024","format":false,"excerpt":"El presidente Luis Abinader, mediante el decreto 471-24, ha realizado varios nombramientos en el servicio exterior de la Rep\u00fablica Dominicana. En el referido decreto, se designa a Jos\u00e9 Francisco Santana Suriel como c\u00f3nsul general de la Rep\u00fablica Dominicana en Paterson, Nueva Jersey; a Juan Roberto Rodr\u00edguez Hern\u00e1ndez como c\u00f3nsul general\u2026","rel":"","context":"En \u00abNACIONALES\u00bb","block_context":{"text":"NACIONALES","link":"https:\/\/lasprimeras.com.do\/index.php\/category\/nacionales\/"},"img":{"alt_text":"presidencia","src":"https:\/\/i0.wp.com\/lasprimeras.com.do\/wp-content\/uploads\/2023\/10\/presidencia.jpg?resize=350%2C200&ssl=1","width":350,"height":200,"srcset":"https:\/\/i0.wp.com\/lasprimeras.com.do\/wp-content\/uploads\/2023\/10\/presidencia.jpg?resize=350%2C200&ssl=1 1x, https:\/\/i0.wp.com\/lasprimeras.com.do\/wp-content\/uploads\/2023\/10\/presidencia.jpg?resize=525%2C300&ssl=1 1.5x"},"classes":[]},{"id":120687,"url":"https:\/\/lasprimeras.com.do\/index.php\/2026\/01\/27\/vicepresidente-pld-califica-fraude-senasa-de-internacional-procuradora-general-rd-debe-investigar-afiliaciones-en-consulados-eua\/","url_meta":{"origin":116116,"position":5},"title":"Vicepresidente PLD califica fraude SeNaSa de internacional; procuradora general RD debe investigar afiliaciones en consulados EUA","author":"Nelson Feliz","date":"27 de enero de 2026","format":false,"excerpt":"https:\/\/www.youtube.com\/watch?v=xn8EoeQu9z0 Por Ram\u00f3n Mercedes SANTO DOMINGO.-El vicepresidente del Partido de la Liberaci\u00f3n Dominicana (PLD), Yv\u00e1n Lorenzo, expres\u00f3 que las autoridades gubernamentales utilizaron de manera inconsulta los datos de dominicanos residentes en el exterior para afiliarlos sin su conocimiento en el Seguro Nacional de Salud (SeNaSa) en Estados Unidos. \u201cEstamos demandando\u2026","rel":"","context":"En \u00abPOLITICA\u00bb","block_context":{"text":"POLITICA","link":"https:\/\/lasprimeras.com.do\/index.php\/category\/politica\/"},"img":{"alt_text":"","src":"https:\/\/i0.wp.com\/lasprimeras.com.do\/wp-content\/uploads\/2026\/01\/Vicepresidente-PLD-califica-fraude-SeNaSa-de-internacional.jpg?resize=350%2C200&ssl=1","width":350,"height":200,"srcset":"https:\/\/i0.wp.com\/lasprimeras.com.do\/wp-content\/uploads\/2026\/01\/Vicepresidente-PLD-califica-fraude-SeNaSa-de-internacional.jpg?resize=350%2C200&ssl=1 1x, https:\/\/i0.wp.com\/lasprimeras.com.do\/wp-content\/uploads\/2026\/01\/Vicepresidente-PLD-califica-fraude-SeNaSa-de-internacional.jpg?resize=525%2C300&ssl=1 1.5x"},"classes":[]}],"jetpack_sharing_enabled":true,"_links":{"self":[{"href":"https:\/\/lasprimeras.com.do\/index.php\/wp-json\/wp\/v2\/posts\/116116","targetHints":{"allow":["GET"]}}],"collection":[{"href":"https:\/\/lasprimeras.com.do\/index.php\/wp-json\/wp\/v2\/posts"}],"about":[{"href":"https:\/\/lasprimeras.com.do\/index.php\/wp-json\/wp\/v2\/types\/post"}],"author":[{"embeddable":true,"href":"https:\/\/lasprimeras.com.do\/index.php\/wp-json\/wp\/v2\/users\/10"}],"replies":[{"embeddable":true,"href":"https:\/\/lasprimeras.com.do\/index.php\/wp-json\/wp\/v2\/comments?post=116116"}],"version-history":[{"count":2,"href":"https:\/\/lasprimeras.com.do\/index.php\/wp-json\/wp\/v2\/posts\/116116\/revisions"}],"predecessor-version":[{"id":116195,"href":"https:\/\/lasprimeras.com.do\/index.php\/wp-json\/wp\/v2\/posts\/116116\/revisions\/116195"}],"wp:featuredmedia":[{"embeddable":true,"href":"https:\/\/lasprimeras.com.do\/index.php\/wp-json\/wp\/v2\/media\/116117"}],"wp:attachment":[{"href":"https:\/\/lasprimeras.com.do\/index.php\/wp-json\/wp\/v2\/media?parent=116116"}],"wp:term":[{"taxonomy":"category","embeddable":true,"href":"https:\/\/lasprimeras.com.do\/index.php\/wp-json\/wp\/v2\/categories?post=116116"},{"taxonomy":"post_tag","embeddable":true,"href":"https:\/\/lasprimeras.com.do\/index.php\/wp-json\/wp\/v2\/tags?post=116116"}],"curies":[{"name":"wp","href":"https:\/\/api.w.org\/{rel}","templated":true}]}}