{"id":116149,"date":"2025-11-27T18:31:24","date_gmt":"2025-11-27T22:31:24","guid":{"rendered":"https:\/\/lasprimeras.com.do\/?p=116149"},"modified":"2025-11-27T18:31:27","modified_gmt":"2025-11-27T22:31:27","slug":"salud-publica-en-rd-reporta-tres-casos-de-chikungunya-importados-desde-cuba","status":"publish","type":"post","link":"https:\/\/lasprimeras.com.do\/index.php\/2025\/11\/27\/salud-publica-en-rd-reporta-tres-casos-de-chikungunya-importados-desde-cuba\/","title":{"rendered":"Salud P\u00fablica en RD reporta tres casos de chikungunya &#8220;importados desde Cuba&#8221;"},"content":{"rendered":"\n<p><strong>\u00bfQu\u00e9 medidas se est\u00e1n implementando para prevenir la transmisi\u00f3n?<\/strong><\/p>\n\n\n\n<p>El Ministerio de Salud inform\u00f3 este jueves que en el pa\u00eds se han detectado tres casos importados de chikungunya, todos procedentes de Cuba, y aclar\u00f3 que hasta el momento no existe transmisi\u00f3n comunitaria en el territorio nacional.<\/p>\n\n\n\n<p>La instituci\u00f3n explic\u00f3 que los casos fueron identificados mediante el sistema nacional de vigilancia epidemiol\u00f3gica y confirmados a trav\u00e9s de pruebas realizadas en el Laboratorio Nacional de Referencia Dr. Defill\u00f3, como parte del protocolo rutinario para la detecci\u00f3n temprana de arbovirosis.<\/p>\n\n\n\n<p>El ministro de Salud, V\u00edctor Atallah se\u00f1al\u00f3 que este hallazgo confirma la efectividad del sistema de vigilancia y enfatiz\u00f3 que &#8220;no hay motivo de alarma, se trata de casos importados detectados oportunamente&#8221;.<\/p>\n\n\n\n<p>Ante el incremento sostenido de casos en la regi\u00f3n del Caribe, especialmente en Cuba, el MSP dispuso el fortalecimiento de las acciones de vigilancia epidemiol\u00f3gica, la b\u00fasqueda activa de febriles en comunidades y la intensificaci\u00f3n de las jornadas de control vectorial, que incluyen fumigaci\u00f3n, eliminaci\u00f3n de criaderos y orientaci\u00f3n comunitaria.<\/p>\n\n\n\n<p><strong>\u00bfQu\u00e9 medidas se est\u00e1n implementando para prevenir la transmisi\u00f3n?<\/strong><\/p>\n\n\n\n<p>Asimismo, se mantienen reforzadas las medidas de supervisi\u00f3n sanitaria en aeropuertos, puertos y pasos fronterizos.<\/p>\n\n\n\n<p>El Ministerio tambi\u00e9n inform\u00f3 que se han fortalecido los protocolos de preparaci\u00f3n y respuesta en los centros de salud, garantizando la capacidad diagn\u00f3stica, el manejo cl\u00ednico adecuado y la atenci\u00f3n oportuna en caso de ser necesario.<\/p>\n\n\n\n<p>Estas acciones siguen las recomendaciones de la Organizaci\u00f3n Panamericana y Mundial de la Salud (OPS\/OMS) ante el riesgo de reintroducci\u00f3n de chikungunya en pa\u00edses sin transmisi\u00f3n activa.<\/p>\n\n\n\n<p>El MSP reiter\u00f3 el llamado a la poblaci\u00f3n a mantener la prevenci\u00f3n desde el hogar, eliminando objetos que acumulen agua, tapando tanques, usando repelentes y colaborando con las jornadas comunitarias (descachatarrizaci\u00f3n, fumigaci\u00f3n y orientaci\u00f3n) coordinadas por las Direcciones Provinciales y \u00c1reas de Salud (DPS\/DAS).<\/p>\n\n\n\n<p>&#8220;La poblaci\u00f3n puede estar tranquila. Estamos monitoreando la situaci\u00f3n diariamente y contamos con equipos en terreno. Lo importante es redoblar la prevenci\u00f3n&#8221;, expres\u00f3 el ministro Atallah.<\/p>\n\n\n\n<p>El Ministerio de Salud indic\u00f3 que continuar\u00e1 ofreciendo informaci\u00f3n actualizada a trav\u00e9s de sus canales oficiales y reiter\u00f3 la importancia de mantenerse aplicando las medidas de prevenci\u00f3n.<\/p>\n\n\n\n<p>Fuente Diario Libre<\/p>\n","protected":false},"excerpt":{"rendered":"<p>\u00bfQu\u00e9 medidas se est\u00e1n implementando para prevenir la transmisi\u00f3n? El Ministerio de Salud inform\u00f3 este jueves que en el pa\u00eds se han detectado tres casos importados de chikungunya, todos procedentes&hellip;<\/p>\n","protected":false},"author":10,"featured_media":116150,"comment_status":"open","ping_status":"open","sticky":false,"template":"","format":"standard","meta":{"content-type":"","jetpack_post_was_ever_published":false,"_jetpack_newsletter_access":"","_jetpack_dont_email_post_to_subs":false,"_jetpack_newsletter_tier_id":0,"_jetpack_memberships_contains_paywalled_content":false,"_jetpack_memberships_contains_paid_content":false,"footnotes":""},"categories":[16558],"tags":[27748,27898,127,27896,2227,27897],"class_list":["post-116149","post","type-post","status-publish","format-standard","has-post-thumbnail","hentry","category-salud","tag-chikungunya","tag-importados-desde-cuba","tag-rd","tag-reporta","tag-salud-publica","tag-tres-casos"],"jetpack_featured_media_url":"https:\/\/lasprimeras.com.do\/wp-content\/uploads\/2025\/11\/Aedes-aegypti.jpg","jetpack-related-posts":[{"id":115777,"url":"https:\/\/lasprimeras.com.do\/index.php\/2025\/11\/25\/ministerio-de-salud-refuerza-vigilancia-epidemiologica-ante-circulacion-de-chikungunya-en-cuba\/","url_meta":{"origin":116149,"position":0},"title":"Ministerio de Salud refuerza vigilancia epidemiol\u00f3gica ante circulaci\u00f3n de chikungunya en Cuba","author":"Nelson Feliz","date":"25 de noviembre de 2025","format":false,"excerpt":"El Ministerio de Salud, inform\u00f3 que ha intensificado las acciones de vigilancia epidemiol\u00f3gica y control de vectores en todo el territorio nacional, como parte de la estrategia permanente de prevenci\u00f3n y respuesta ante el brote de chikungunya reportado en Cuba y otros pa\u00edses del Caribe. La instituci\u00f3n explic\u00f3 que estas\u2026","rel":"","context":"En \u00abSALUD\u00bb","block_context":{"text":"SALUD","link":"https:\/\/lasprimeras.com.do\/index.php\/category\/salud\/"},"img":{"alt_text":"","src":"https:\/\/i0.wp.com\/lasprimeras.com.do\/wp-content\/uploads\/2025\/11\/chikungunya-1.jpg?resize=350%2C200&ssl=1","width":350,"height":200,"srcset":"https:\/\/i0.wp.com\/lasprimeras.com.do\/wp-content\/uploads\/2025\/11\/chikungunya-1.jpg?resize=350%2C200&ssl=1 1x, https:\/\/i0.wp.com\/lasprimeras.com.do\/wp-content\/uploads\/2025\/11\/chikungunya-1.jpg?resize=525%2C300&ssl=1 1.5x, https:\/\/i0.wp.com\/lasprimeras.com.do\/wp-content\/uploads\/2025\/11\/chikungunya-1.jpg?resize=700%2C400&ssl=1 2x"},"classes":[]},{"id":116504,"url":"https:\/\/lasprimeras.com.do\/index.php\/2025\/12\/01\/ministerio-de-salud-de-cuba-reporta-33-muertes-por-virus-de-dengue-y-chikungunya\/","url_meta":{"origin":116149,"position":1},"title":"Ministerio de Salud de Cuba reporta 33 muertes por virus de dengue y chikungunya","author":"Nelson Feliz","date":"1 de diciembre de 2025","format":false,"excerpt":"LA HABANA (AP) \u2014 El Ministerio de Salud de Cuba confirm\u00f3 el lunes 33 muertes ocurridas en los \u00faltimos cinco meses debido a contagios de virus de dengue y chikungunya, ambos transmitidos por mosquitos, en medio de lo que reconoci\u00f3 como una \u201csituaci\u00f3n epidemiol\u00f3gica compleja\u201d. La viceministra del \u00e1rea, Carilda\u2026","rel":"","context":"En \u00abSALUD\u00bb","block_context":{"text":"SALUD","link":"https:\/\/lasprimeras.com.do\/index.php\/category\/salud\/"},"img":{"alt_text":"brote de dengue","src":"https:\/\/i0.wp.com\/lasprimeras.com.do\/wp-content\/uploads\/2023\/09\/Dengue.jpg?resize=350%2C200&ssl=1","width":350,"height":200,"srcset":"https:\/\/i0.wp.com\/lasprimeras.com.do\/wp-content\/uploads\/2023\/09\/Dengue.jpg?resize=350%2C200&ssl=1 1x, https:\/\/i0.wp.com\/lasprimeras.com.do\/wp-content\/uploads\/2023\/09\/Dengue.jpg?resize=525%2C300&ssl=1 1.5x, https:\/\/i0.wp.com\/lasprimeras.com.do\/wp-content\/uploads\/2023\/09\/Dengue.jpg?resize=700%2C400&ssl=1 2x"},"classes":[]},{"id":117186,"url":"https:\/\/lasprimeras.com.do\/index.php\/2025\/12\/08\/suben-a-44-los-muertos-por-chikungunya-y-dengue-en-cuba\/","url_meta":{"origin":116149,"position":2},"title":"Suben a 44 los muertos por chikungunya y dengue en Cuba","author":"Nelson Feliz","date":"8 de diciembre de 2025","format":false,"excerpt":"LA HABANA (AP) \u2014 Las autoridades cubanas informaron el lunes que se elev\u00f3 a 44 la cifra de personas fallecidas en todo el pa\u00eds por dengue y chikungunya, dos enfermedades virales transmitidas por mosquitos y cuya incidencia est\u00e1 golpeando a la isla. La viceministra de Salud, Carilda Pe\u00f1a Garc\u00eda, dijo\u2026","rel":"","context":"En \u00abSALUD\u00bb","block_context":{"text":"SALUD","link":"https:\/\/lasprimeras.com.do\/index.php\/category\/salud\/"},"img":{"alt_text":"dengue","src":"https:\/\/i0.wp.com\/lasprimeras.com.do\/wp-content\/uploads\/2023\/09\/Aedes-aegypti.jpg?resize=350%2C200&ssl=1","width":350,"height":200,"srcset":"https:\/\/i0.wp.com\/lasprimeras.com.do\/wp-content\/uploads\/2023\/09\/Aedes-aegypti.jpg?resize=350%2C200&ssl=1 1x, https:\/\/i0.wp.com\/lasprimeras.com.do\/wp-content\/uploads\/2023\/09\/Aedes-aegypti.jpg?resize=525%2C300&ssl=1 1.5x, https:\/\/i0.wp.com\/lasprimeras.com.do\/wp-content\/uploads\/2023\/09\/Aedes-aegypti.jpg?resize=700%2C400&ssl=1 2x"},"classes":[]},{"id":112115,"url":"https:\/\/lasprimeras.com.do\/index.php\/2025\/10\/17\/sarampion-se-dispara-en-eua-primer-caso-en-nyc-de-virus-chikungunya\/","url_meta":{"origin":116149,"position":3},"title":"Sarampi\u00f3n se dispara en EUA; primer caso en NYC de virus Chikungunya","author":"Nelson Feliz","date":"17 de octubre de 2025","format":false,"excerpt":"Por Ram\u00f3n Mercedes NUEVA YORK.- Los dominicanos residentes en los Estados Unidos, principalmente en NYC, entre otras etnias, deben estar prevenidos ante los brotes de sarampi\u00f3n que han aumentado a nivel nacional y los casos se disparan un 448% en territorio estadounidense. Hay m\u00e1s de 1.500 casos reportados, seg\u00fan los\u2026","rel":"","context":"En \u00abSALUD\u00bb","block_context":{"text":"SALUD","link":"https:\/\/lasprimeras.com.do\/index.php\/category\/salud\/"},"img":{"alt_text":"","src":"https:\/\/i0.wp.com\/lasprimeras.com.do\/wp-content\/uploads\/2025\/10\/Sarampion.jpeg?resize=350%2C200&ssl=1","width":350,"height":200,"srcset":"https:\/\/i0.wp.com\/lasprimeras.com.do\/wp-content\/uploads\/2025\/10\/Sarampion.jpeg?resize=350%2C200&ssl=1 1x, https:\/\/i0.wp.com\/lasprimeras.com.do\/wp-content\/uploads\/2025\/10\/Sarampion.jpeg?resize=525%2C300&ssl=1 1.5x, https:\/\/i0.wp.com\/lasprimeras.com.do\/wp-content\/uploads\/2025\/10\/Sarampion.jpeg?resize=700%2C400&ssl=1 2x"},"classes":[]},{"id":88066,"url":"https:\/\/lasprimeras.com.do\/index.php\/2024\/08\/21\/gobierno-cubano-confirma-mas-de-400-casos-del-virus-oropouche-en-menos-de-3-meses\/","url_meta":{"origin":116149,"position":4},"title":"Gobierno cubano confirma m\u00e1s de 400 casos del virus Oropouche en menos de 3 meses","author":"Nelson Feliz","date":"21 de agosto de 2024","format":false,"excerpt":"Maykel Gonzalez El gobierno cubano ha confirmado m\u00e1s de 400 casos del raro virus de Oropouche hasta principios de agosto, desde que fuera identificada su presencia en la isla el pasado 27 de mayo. Durante una intervenci\u00f3n en el 18vo Curso Internacional de Dengue y otros arbovirus emergentes, celebrado en\u2026","rel":"","context":"En \u00abSin categor\u00eda\u00bb","block_context":{"text":"Sin categor\u00eda","link":"https:\/\/lasprimeras.com.do\/index.php\/category\/sin-categoria\/"},"img":{"alt_text":"virus Oropouche","src":"https:\/\/i0.wp.com\/lasprimeras.com.do\/wp-content\/uploads\/2024\/08\/virus-Oropouche.jpg?resize=350%2C200&ssl=1","width":350,"height":200,"srcset":"https:\/\/i0.wp.com\/lasprimeras.com.do\/wp-content\/uploads\/2024\/08\/virus-Oropouche.jpg?resize=350%2C200&ssl=1 1x, https:\/\/i0.wp.com\/lasprimeras.com.do\/wp-content\/uploads\/2024\/08\/virus-Oropouche.jpg?resize=525%2C300&ssl=1 1.5x, https:\/\/i0.wp.com\/lasprimeras.com.do\/wp-content\/uploads\/2024\/08\/virus-Oropouche.jpg?resize=700%2C400&ssl=1 2x"},"classes":[]},{"id":71595,"url":"https:\/\/lasprimeras.com.do\/index.php\/2023\/12\/21\/los-casos-de-dengue-llegan-a-los-23-mil-928\/","url_meta":{"origin":116149,"position":5},"title":"Los casos de dengue llegan a los 23 mil 928","author":"BIMARY DE JES\u00daS Matos","date":"21 de diciembre de 2023","format":false,"excerpt":"Santo Domingo.- En la \u00faltima semana en el pa\u00eds se registraron 888 casos nuevos de dengue, alcanzando un total de 23,928 contagios, para terminar el a\u00f1o en un margen de seguridad. De acuerdo con el viceministro de Salud Colectiva, Eladio P\u00e9rez, se mantienen vigilantes con la aparici\u00f3n de otras arbovirosis\u2026","rel":"","context":"En \u00abNACIONALES\u00bb","block_context":{"text":"NACIONALES","link":"https:\/\/lasprimeras.com.do\/index.php\/category\/nacionales\/"},"img":{"alt_text":"","src":"https:\/\/i0.wp.com\/lasprimeras.com.do\/wp-content\/uploads\/2023\/12\/WhatsApp-Image-2023-12-20-at-3.59.43-PM-1.webp?resize=350%2C200&ssl=1","width":350,"height":200,"srcset":"https:\/\/i0.wp.com\/lasprimeras.com.do\/wp-content\/uploads\/2023\/12\/WhatsApp-Image-2023-12-20-at-3.59.43-PM-1.webp?resize=350%2C200&ssl=1 1x, https:\/\/i0.wp.com\/lasprimeras.com.do\/wp-content\/uploads\/2023\/12\/WhatsApp-Image-2023-12-20-at-3.59.43-PM-1.webp?resize=525%2C300&ssl=1 1.5x"},"classes":[]}],"jetpack_sharing_enabled":true,"_links":{"self":[{"href":"https:\/\/lasprimeras.com.do\/index.php\/wp-json\/wp\/v2\/posts\/116149","targetHints":{"allow":["GET"]}}],"collection":[{"href":"https:\/\/lasprimeras.com.do\/index.php\/wp-json\/wp\/v2\/posts"}],"about":[{"href":"https:\/\/lasprimeras.com.do\/index.php\/wp-json\/wp\/v2\/types\/post"}],"author":[{"embeddable":true,"href":"https:\/\/lasprimeras.com.do\/index.php\/wp-json\/wp\/v2\/users\/10"}],"replies":[{"embeddable":true,"href":"https:\/\/lasprimeras.com.do\/index.php\/wp-json\/wp\/v2\/comments?post=116149"}],"version-history":[{"count":1,"href":"https:\/\/lasprimeras.com.do\/index.php\/wp-json\/wp\/v2\/posts\/116149\/revisions"}],"predecessor-version":[{"id":116151,"href":"https:\/\/lasprimeras.com.do\/index.php\/wp-json\/wp\/v2\/posts\/116149\/revisions\/116151"}],"wp:featuredmedia":[{"embeddable":true,"href":"https:\/\/lasprimeras.com.do\/index.php\/wp-json\/wp\/v2\/media\/116150"}],"wp:attachment":[{"href":"https:\/\/lasprimeras.com.do\/index.php\/wp-json\/wp\/v2\/media?parent=116149"}],"wp:term":[{"taxonomy":"category","embeddable":true,"href":"https:\/\/lasprimeras.com.do\/index.php\/wp-json\/wp\/v2\/categories?post=116149"},{"taxonomy":"post_tag","embeddable":true,"href":"https:\/\/lasprimeras.com.do\/index.php\/wp-json\/wp\/v2\/tags?post=116149"}],"curies":[{"name":"wp","href":"https:\/\/api.w.org\/{rel}","templated":true}]}}