{"id":116152,"date":"2025-11-27T18:43:38","date_gmt":"2025-11-27T22:43:38","guid":{"rendered":"https:\/\/lasprimeras.com.do\/?p=116152"},"modified":"2025-11-27T18:43:40","modified_gmt":"2025-11-27T22:43:40","slug":"ee-uu-revisara-tarjetas-de-residente-de-todos-los-migrantes-de-paises-de-preocupacion","status":"publish","type":"post","link":"https:\/\/lasprimeras.com.do\/index.php\/2025\/11\/27\/ee-uu-revisara-tarjetas-de-residente-de-todos-los-migrantes-de-paises-de-preocupacion\/","title":{"rendered":"EE.UU. revisar\u00e1 tarjetas de residente de &#8220;todos&#8221; los migrantes de pa\u00edses de &#8220;preocupaci\u00f3n&#8221;"},"content":{"rendered":"\n<p><strong>Las autoridades no detallaron los pa\u00edses afectados por la nueva medida<\/strong><\/p>\n\n\n\n<p><strong>Washington, EFE &#8211;<\/strong>El Gobierno de Estados Unidos anunci\u00f3 este jueves una &#8220;revisi\u00f3n rigurosa&#8221; de las tarjetas de residente, o &#8220;green cards&#8221;, de &#8220;todos&#8221; los migrantes que provengan de &#8220;pa\u00edses de preocupaci\u00f3n&#8221; tras el tiroteo que dej\u00f3 a dos agentes de la Guardia Nacional heridos en Washington.<\/p>\n\n\n\n<p>&#8220;Bajo la direcci\u00f3n del @POTUS (el presidente estadounidense, Donald Trump), he ordenado una revisi\u00f3n rigurosa, a gran escala, de cada tarjeta de residente de cada extranjero de cada pa\u00eds de preocupaci\u00f3n&#8221;, inform\u00f3 el director del Servicio de Ciudadan\u00eda e Inmigraci\u00f3n de Estados Unidos (USCIS), Joseph B. Edlow, en X.<\/p>\n\n\n\n<p>La orden de USCIS, que no precisa las naciones de &#8220;preocupaci\u00f3n&#8221;, ocurre tras revelarse que un ciudadano afgano de 29 a\u00f1os, Rahmanullah Lakanwal, fue el presunto atacante cerca de la Casa Blanca de dos agentes de la Guardia Nacional, quienes permanecen en estado cr\u00edtico.<\/p>\n\n\n\n<p><strong>Medida contra afganos<\/strong><\/p>\n\n\n\n<p>La misma dependencia hab\u00eda anunciado la suspensi\u00f3n de las solicitudes de inmigraci\u00f3n de afganos el mi\u00e9rcoles, minutos despu\u00e9s de un mensaje a la naci\u00f3n de Trump, quien culp\u00f3 a las pol\u00edticas migratorias de su predecesor, Joe Biden (2021-2025), por el ingreso de Lakanwal y el subsecuente ataque.<\/p>\n\n\n\n<p>&#8220;La protecci\u00f3n de este pa\u00eds y del pueblo estadounidense sigue siendo primordial, y el pueblo estadounidense no cargar\u00e1 con el costo de las imprudentes pol\u00edticas de reasentamiento de la anterior administraci\u00f3n. La seguridad estadounidense no es negociable&#8221;, concluy\u00f3 ahora Edlow en su pronunciamiento de dos p\u00e1rrafos.<\/p>\n\n\n\n<p>Aunque las autoridades no detallaron los pa\u00edses afectados, Trump prohibi\u00f3 en junio la entrada a Estados Unidos de ciudadanos de 12 naciones para proteger la &#8220;seguridad nacional&#8221;: Afganist\u00e1n, Birmania, Chad, Rep\u00fablica del Congo, Guinea Ecuatorial, Eritrea, Hait\u00ed, Ir\u00e1n, Libia, Somalia, Sud\u00e1n y Yemen.<\/p>\n\n\n\n<p>Tambi\u00e9n restringi\u00f3 el ingreso desde otros siete pa\u00edses: Burundi, Cuba, Laos, Sierra Leona, Togo, Turkmenist\u00e1n y Venezuela.<\/p>\n\n\n\n<p>En su mensaje a la naci\u00f3n del mi\u00e9rcoles, Trump calific\u00f3 el tiroteo como &#8220;un acto de odio&#8221; y prometi\u00f3 endurecer las medidas migratorias contra los afganos, adem\u00e1s de llamar al sospechoso &#8220;un animal&#8221;.<\/p>\n\n\n\n<p>Las autoridades identificaron la ma\u00f1ana de este jueves a los agentes heridos como Sarah Beckstrom, de 20 a\u00f1os, y Andrew Wolfe, de 24, adem\u00e1s de revelar que el presunto atacante viv\u00eda con su esposa y sus cinco hijos en el estado de Washington, desde donde se desplaz\u00f3 en su veh\u00edculo hasta la capital nacional.<\/p>\n\n\n\n<p>El director del FBI, Kash Patel, confirm\u00f3 que Lakanwal trabaj\u00f3 para una unidad militar respaldada por la CIA en Afganist\u00e1n y se traslad\u00f3 a Estados Unidos en 2021 con programa &#8216;Operation Allies Welcome&#8217;, destinado a apoyar a ciudadanos afganos tras la retirada militar estadounidense del pa\u00eds.<\/p>\n","protected":false},"excerpt":{"rendered":"<p>Las autoridades no detallaron los pa\u00edses afectados por la nueva medida Washington, EFE &#8211;El Gobierno de Estados Unidos anunci\u00f3 este jueves una &#8220;revisi\u00f3n rigurosa&#8221; de las tarjetas de residente, o&hellip;<\/p>\n","protected":false},"author":10,"featured_media":116153,"comment_status":"open","ping_status":"open","sticky":false,"template":"","format":"standard","meta":{"content-type":"","jetpack_post_was_ever_published":false,"_jetpack_newsletter_access":"","_jetpack_dont_email_post_to_subs":false,"_jetpack_newsletter_tier_id":0,"_jetpack_memberships_contains_paywalled_content":false,"_jetpack_memberships_contains_paid_content":false,"footnotes":""},"categories":[16289],"tags":[206,907,829,5382,27899,1799],"class_list":["post-116152","post","type-post","status-publish","format-standard","has-post-thumbnail","hentry","category-internacionales","tag-ee-uu","tag-migrantes","tag-preocupacion","tag-residente","tag-revisara","tag-tarjetas"],"jetpack_featured_media_url":"https:\/\/lasprimeras.com.do\/wp-content\/uploads\/2025\/11\/green-card.jpg","jetpack-related-posts":[{"id":58017,"url":"https:\/\/lasprimeras.com.do\/index.php\/2023\/08\/18\/eeuu-reabrira-oficina-en-la-habana-para-tramites-de-reunificacion-familiar\/","url_meta":{"origin":116152,"position":0},"title":"EEUU reabrir\u00e1 oficina en La Habana para tr\u00e1mites de reunificaci\u00f3n familiar","author":"Nelson Feliz","date":"18 de agosto de 2023","format":false,"excerpt":"Eva RODRIGUEZ LORENZO Estados Unidos anunci\u00f3 que reabrir\u00e1 una oficina en La Habana que se encargar\u00e1 de los tr\u00e1mites para la reunificaci\u00f3n familiar y las solicitudes de parientes de refugiados. En un comunicado el Departamento de Seguridad Interior (DHS) inform\u00f3 que la oficina de los Servicios de Ciudadan\u00eda e Inmigraci\u00f3n\u2026","rel":"","context":"En \u00abSin categor\u00eda\u00bb","block_context":{"text":"Sin categor\u00eda","link":"https:\/\/lasprimeras.com.do\/index.php\/category\/sin-categoria\/"},"img":{"alt_text":"estados unidos","src":"https:\/\/i0.wp.com\/lasprimeras.com.do\/wp-content\/uploads\/2023\/08\/estados-unidos.jpg?resize=350%2C200&ssl=1","width":350,"height":200,"srcset":"https:\/\/i0.wp.com\/lasprimeras.com.do\/wp-content\/uploads\/2023\/08\/estados-unidos.jpg?resize=350%2C200&ssl=1 1x, https:\/\/i0.wp.com\/lasprimeras.com.do\/wp-content\/uploads\/2023\/08\/estados-unidos.jpg?resize=525%2C300&ssl=1 1.5x, https:\/\/i0.wp.com\/lasprimeras.com.do\/wp-content\/uploads\/2023\/08\/estados-unidos.jpg?resize=700%2C400&ssl=1 2x"},"classes":[]},{"id":66650,"url":"https:\/\/lasprimeras.com.do\/index.php\/2023\/11\/08\/ee-uu-expresa-preocupacion-por-aumento-vuelos-haiti-a-nicaragua-2\/","url_meta":{"origin":116152,"position":1},"title":"EE.UU. expresa preocupaci\u00f3n por aumento vuelos Hait\u00ed a Nicaragua","author":"BIMARY DE JES\u00daS Matos","date":"8 de noviembre de 2023","format":false,"excerpt":"WASHINGTON.- Estados Unidos expres\u00f3 este lunes su preocupaci\u00f3n por el considerable aumento de vuelos ch\u00e1rter desde Hait\u00ed a Nicaragua con inmigrantes que buscan llegar hacia el pa\u00eds norteamericano en medio de la delicada crisis que atraviesa la naci\u00f3n caribe\u00f1a. En un video divulgado en la red X (antigua Twitter), el\u2026","rel":"","context":"En \u00abSin categor\u00eda\u00bb","block_context":{"text":"Sin categor\u00eda","link":"https:\/\/lasprimeras.com.do\/index.php\/category\/sin-categoria\/"},"img":{"alt_text":"","src":"https:\/\/i0.wp.com\/lasprimeras.com.do\/wp-content\/uploads\/2023\/11\/valentin-11.jpg?resize=350%2C200&ssl=1","width":350,"height":200,"srcset":"https:\/\/i0.wp.com\/lasprimeras.com.do\/wp-content\/uploads\/2023\/11\/valentin-11.jpg?resize=350%2C200&ssl=1 1x, https:\/\/i0.wp.com\/lasprimeras.com.do\/wp-content\/uploads\/2023\/11\/valentin-11.jpg?resize=525%2C300&ssl=1 1.5x"},"classes":[]},{"id":66504,"url":"https:\/\/lasprimeras.com.do\/index.php\/2023\/11\/07\/ee-uu-expresa-preocupacion-por-aumento-vuelos-haiti-a-nicaragua\/","url_meta":{"origin":116152,"position":2},"title":"EE.UU. expresa preocupaci\u00f3n por aumento vuelos Hait\u00ed a Nicaragua","author":"BIMARY DE JES\u00daS Matos","date":"7 de noviembre de 2023","format":false,"excerpt":"WASHINGTON.- Estados Unidos expres\u00f3 este lunes su preocupaci\u00f3n por el considerable aumento de vuelos ch\u00e1rter desde Hait\u00ed a Nicaragua con inmigrantes que buscan llegar hacia el pa\u00eds norteamericano en medio de la delicada crisis que atraviesa la naci\u00f3n caribe\u00f1a. En un video divulgado en la red X (antigua Twitter), el\u2026","rel":"","context":"En \u00abSin categor\u00eda\u00bb","block_context":{"text":"Sin categor\u00eda","link":"https:\/\/lasprimeras.com.do\/index.php\/category\/sin-categoria\/"},"img":{"alt_text":"","src":"https:\/\/i0.wp.com\/lasprimeras.com.do\/wp-content\/uploads\/2023\/11\/654a450abc091-1.jpeg?resize=350%2C200&ssl=1","width":350,"height":200,"srcset":"https:\/\/i0.wp.com\/lasprimeras.com.do\/wp-content\/uploads\/2023\/11\/654a450abc091-1.jpeg?resize=350%2C200&ssl=1 1x, https:\/\/i0.wp.com\/lasprimeras.com.do\/wp-content\/uploads\/2023\/11\/654a450abc091-1.jpeg?resize=525%2C300&ssl=1 1.5x"},"classes":[]},{"id":97241,"url":"https:\/\/lasprimeras.com.do\/index.php\/2025\/04\/17\/migrantes-suspenden-transito-a-ee-uu-y-viacrucis-por-inseguridad-y-politicas-restrictivas\/","url_meta":{"origin":116152,"position":3},"title":"Migrantes suspenden tr\u00e1nsito a EE. UU. y viacrucis por inseguridad y pol\u00edticas restrictivas","author":"Nelson Feliz","date":"17 de abril de 2025","format":false,"excerpt":"TAPACHULA, EFE.\u2014 El \u2018viacrucis migrante\u2019, una manifestaci\u00f3n simb\u00f3lica que por a\u00f1os visibiliz\u00f3 el sufrimiento de miles de personas en tr\u00e1nsito hacia Estados Unidos, fue suspendido este 2025 en la frontera sur de M\u00e9xico debido al miedo de los migrantes a ser v\u00edctimas del crimen organizado y a las pol\u00edticas migratorias\u2026","rel":"","context":"En \u00abINTERNACIONALES\u00bb","block_context":{"text":"INTERNACIONALES","link":"https:\/\/lasprimeras.com.do\/index.php\/category\/sin-categoria\/internacionales\/"},"img":{"alt_text":"","src":"","width":0,"height":0},"classes":[]},{"id":98560,"url":"https:\/\/lasprimeras.com.do\/index.php\/2025\/05\/08\/real-id-entro-en-vigor-en-eua-no-poseerlo-significa-no-poder-abordar-vuelos-domesticos\/","url_meta":{"origin":116152,"position":4},"title":"REAL ID entr\u00f3 en vigor en EUA; no poseerlo significa no poder abordar vuelos dom\u00e9sticos","author":"Nelson Feliz","date":"8 de mayo de 2025","format":false,"excerpt":"Por Ram\u00f3n Mercedes NUEVA YORK.- Este mi\u00e9rcoles entr\u00f3 en vigor en Estados Unidos el documento de identificaci\u00f3n REAL ID y no poseerlo significa no poder abordar un vuelo a\u00e9reo a lo interno del territorio estadounidense, ni entrar a ciertas instalaciones federales. El REAL ID es una licencia de conducir o\u2026","rel":"","context":"En \u00abINTERNACIONALES\u00bb","block_context":{"text":"INTERNACIONALES","link":"https:\/\/lasprimeras.com.do\/index.php\/category\/sin-categoria\/internacionales\/"},"img":{"alt_text":"","src":"https:\/\/i0.wp.com\/lasprimeras.com.do\/wp-content\/uploads\/2025\/05\/WhatsApp-Image-2025-05-08-at-9.22.26-AM.jpeg?resize=350%2C200&ssl=1","width":350,"height":200,"srcset":"https:\/\/i0.wp.com\/lasprimeras.com.do\/wp-content\/uploads\/2025\/05\/WhatsApp-Image-2025-05-08-at-9.22.26-AM.jpeg?resize=350%2C200&ssl=1 1x, https:\/\/i0.wp.com\/lasprimeras.com.do\/wp-content\/uploads\/2025\/05\/WhatsApp-Image-2025-05-08-at-9.22.26-AM.jpeg?resize=525%2C300&ssl=1 1.5x"},"classes":[]},{"id":93423,"url":"https:\/\/lasprimeras.com.do\/index.php\/2025\/02\/09\/embajadora-sonia-guzman-califica-como-normal-repatriaciones-de-dominicanos-desde-ee-uu\/","url_meta":{"origin":116152,"position":5},"title":"Embajadora Sonia Guzm\u00e1n califica como normal repatriaciones de dominicanos desde EE.UU","author":"Nelson Feliz","date":"9 de febrero de 2025","format":false,"excerpt":"Los vuelos de ciento y pico de repatriados de EEUU hacia RD se realizan semanalmente desde hace a\u00f1os y en algunos casos han llegado hasta tres y cuatro vuelos por semana. La embajadora dominicana en los Estados Unidos, Sonia Guzm\u00e1n, inform\u00f3 que las deportaciones de migrantes dominicanos irregulares que realiza\u2026","rel":"","context":"En \u00abNACIONALES\u00bb","block_context":{"text":"NACIONALES","link":"https:\/\/lasprimeras.com.do\/index.php\/category\/nacionales\/"},"img":{"alt_text":"Sonia Guzm\u00e1n","src":"https:\/\/i0.wp.com\/lasprimeras.com.do\/wp-content\/uploads\/2025\/02\/Sonia-Guzman.jpg?resize=350%2C200&ssl=1","width":350,"height":200,"srcset":"https:\/\/i0.wp.com\/lasprimeras.com.do\/wp-content\/uploads\/2025\/02\/Sonia-Guzman.jpg?resize=350%2C200&ssl=1 1x, https:\/\/i0.wp.com\/lasprimeras.com.do\/wp-content\/uploads\/2025\/02\/Sonia-Guzman.jpg?resize=525%2C300&ssl=1 1.5x, https:\/\/i0.wp.com\/lasprimeras.com.do\/wp-content\/uploads\/2025\/02\/Sonia-Guzman.jpg?resize=700%2C400&ssl=1 2x"},"classes":[]}],"jetpack_sharing_enabled":true,"_links":{"self":[{"href":"https:\/\/lasprimeras.com.do\/index.php\/wp-json\/wp\/v2\/posts\/116152","targetHints":{"allow":["GET"]}}],"collection":[{"href":"https:\/\/lasprimeras.com.do\/index.php\/wp-json\/wp\/v2\/posts"}],"about":[{"href":"https:\/\/lasprimeras.com.do\/index.php\/wp-json\/wp\/v2\/types\/post"}],"author":[{"embeddable":true,"href":"https:\/\/lasprimeras.com.do\/index.php\/wp-json\/wp\/v2\/users\/10"}],"replies":[{"embeddable":true,"href":"https:\/\/lasprimeras.com.do\/index.php\/wp-json\/wp\/v2\/comments?post=116152"}],"version-history":[{"count":1,"href":"https:\/\/lasprimeras.com.do\/index.php\/wp-json\/wp\/v2\/posts\/116152\/revisions"}],"predecessor-version":[{"id":116154,"href":"https:\/\/lasprimeras.com.do\/index.php\/wp-json\/wp\/v2\/posts\/116152\/revisions\/116154"}],"wp:featuredmedia":[{"embeddable":true,"href":"https:\/\/lasprimeras.com.do\/index.php\/wp-json\/wp\/v2\/media\/116153"}],"wp:attachment":[{"href":"https:\/\/lasprimeras.com.do\/index.php\/wp-json\/wp\/v2\/media?parent=116152"}],"wp:term":[{"taxonomy":"category","embeddable":true,"href":"https:\/\/lasprimeras.com.do\/index.php\/wp-json\/wp\/v2\/categories?post=116152"},{"taxonomy":"post_tag","embeddable":true,"href":"https:\/\/lasprimeras.com.do\/index.php\/wp-json\/wp\/v2\/tags?post=116152"}],"curies":[{"name":"wp","href":"https:\/\/api.w.org\/{rel}","templated":true}]}}