{"id":116176,"date":"2025-11-27T20:38:03","date_gmt":"2025-11-28T00:38:03","guid":{"rendered":"https:\/\/lasprimeras.com.do\/?p=116176"},"modified":"2025-11-27T20:38:06","modified_gmt":"2025-11-28T00:38:06","slug":"peru-expresidente-castillo-es-condenado-a-11-anos-de-prision-por-intento-de-cierre-del-congreso","status":"publish","type":"post","link":"https:\/\/lasprimeras.com.do\/index.php\/2025\/11\/27\/peru-expresidente-castillo-es-condenado-a-11-anos-de-prision-por-intento-de-cierre-del-congreso\/","title":{"rendered":"Per\u00fa: expresidente Castillo es condenado a 11 a\u00f1os de prisi\u00f3n por intento de cierre del Congreso"},"content":{"rendered":"\n<p>LIMA (AP) \u2014 Un tribunal de Per\u00fa conden\u00f3 el jueves al expresidente Pedro Castillo a m\u00e1s de 11 a\u00f1os de prisi\u00f3n por el delito de conspiraci\u00f3n para una rebeli\u00f3n por su intento de cerrar el Congreso en 2022, lo que devino en su destituci\u00f3n.<\/p>\n\n\n\n<p>Tambi\u00e9n fueron condenados sus exministros Betssy Ch\u00e1vez, asilada en la embajada de M\u00e9xico en Lima, y Willy Huerta y se impuso una pena menor a quien era su jefe del gabinete de asesores, An\u00edbal Torres. Otros dos acusados fueron absueltos por falta de pruebas.<\/p>\n\n\n\n<p>Castillo (2021-2022) y Ch\u00e1vez recibieron una pena de 11 a\u00f1os, 5 meses y 15 d\u00edas de prisi\u00f3n, adem\u00e1s de dos a\u00f1os de inhabilitaci\u00f3n para ejercer cargos p\u00fablicos. En ambos casos la Sala Penal Especial de la Corte Suprema dispuso que la pena se ejecute de manera efectiva, aunque Ch\u00e1vez tiene asilo diplom\u00e1tico. El fallo puede ser apelado.<\/p>\n\n\n\n<p>La Fiscal\u00eda hab\u00eda pedido 34 a\u00f1os de prisi\u00f3n para Castillo y 25 a\u00f1os para Ch\u00e1vez.<\/p>\n\n\n\n<p>Huerta recibi\u00f3 la misma pena, pero la sala dispuso que quede en suspensi\u00f3n al igual que la condena de 6 a\u00f1os y 8 meses de prisi\u00f3n para Torres. El tribunal tambi\u00e9n impuso a los cuatro una reparaci\u00f3n civil total de 12 millones de soles (3,5 millones de d\u00f3lares) .<\/p>\n\n\n\n<p>Castillo era juzgado desde marzo por haber anunciado el 7 de diciembre de 2022 la disoluci\u00f3n del Congreso, la instauraci\u00f3n de un gobierno de excepci\u00f3n y la intervenci\u00f3n del Poder Judicial, lo que fue calificado por la Fiscal\u00eda como un intento de quiebre del orden constitucional.<\/p>\n\n\n\n<p>Con el cierre del Parlamento Castillo intentaba evitar una votaci\u00f3n que buscaba su remoci\u00f3n por \u201cincapacidad moral permanente\u201d.<\/p>\n\n\n\n<p>Ese mismo d\u00eda el entonces mandatario fue detenido por la polic\u00eda tras salir del Palacio de Gobierno cuando se dirig\u00eda con su familia hacia la embajada de M\u00e9xico, seg\u00fan la reconstrucci\u00f3n de los hechos recogida en el expediente judicial. Inmediatamente el Congreso lo destituy\u00f3.<\/p>\n\n\n\n<p>Castillo ya hab\u00eda sobrevivido a otros dos intentos previos de remoci\u00f3n. Apenas estuvo 16 meses en el gobierno y modific\u00f3 cinco veces su gabinete con m\u00e1s de 60 cambios de secretarios, lo que provoc\u00f3 una par\u00e1lisis interna.<\/p>\n\n\n\n<p>El juicio incluy\u00f3 testimonios de exfuncionarios, mandos policiales y miembros de la escolta presidencial que detallaron las \u00f3rdenes de Castillo y las circunstancias de su detenci\u00f3n. El exgobernante afronta adem\u00e1s otras investigaciones por presunta corrupci\u00f3n.<\/p>\n\n\n\n<p>Maestro rural y sindicalista, Castillo gan\u00f3 la elecci\u00f3n de 2021 en segunda vuelta contra Keiko Fujimori, hija del exmandatario Alberto Fujimori (1990-2000).<\/p>\n\n\n\n<p>La condena a Castillo se produjo un d\u00eda despu\u00e9s de la sentencia a 14 a\u00f1os de prisi\u00f3n del expresidente Mart\u00edn Vizcarra (2018-2020) por recibir sobornos de empresas constructoras cuando era gobernador de la regi\u00f3n Moquegua, en el sur del pa\u00eds. Vizcarra tambi\u00e9n fue inhabilitado por nueve a\u00f1os para ejercer cargos p\u00fablicos.<\/p>\n\n\n\n<p>Adem\u00e1s de Castillo y Vizcarra, en Per\u00fa hay otros dos exmandatarios presos. Alejandro Toledo (2001-2006) fue condenado a 20 a\u00f1os por lavado de activos de la constructora Odebrecht.<\/p>\n\n\n\n<p>En tanto, Ollanta Humala (2011-2016) tambi\u00e9n cumple una condena de 15 a\u00f1os de c\u00e1rcel por lavado de dinero de esa firma brasile\u00f1a. Fujimori estuvo preso por m\u00e1s de 15 a\u00f1os, fue liberado en 2023 y muri\u00f3 en libertad al a\u00f1o siguiente.<\/p>\n","protected":false},"excerpt":{"rendered":"<p>LIMA (AP) \u2014 Un tribunal de Per\u00fa conden\u00f3 el jueves al expresidente Pedro Castillo a m\u00e1s de 11 a\u00f1os de prisi\u00f3n por el delito de conspiraci\u00f3n para una rebeli\u00f3n por&hellip;<\/p>\n","protected":false},"author":10,"featured_media":116177,"comment_status":"open","ping_status":"open","sticky":false,"template":"","format":"standard","meta":{"content-type":"","jetpack_post_was_ever_published":false,"_jetpack_newsletter_access":"","_jetpack_dont_email_post_to_subs":false,"_jetpack_newsletter_tier_id":0,"_jetpack_memberships_contains_paywalled_content":false,"_jetpack_memberships_contains_paid_content":false,"footnotes":""},"categories":[16289],"tags":[27908,1612,3198,530,418,27909,3769],"class_list":["post-116176","post","type-post","status-publish","format-standard","has-post-thumbnail","hentry","category-internacionales","tag-11-anos-de-prision","tag-cierre","tag-condenado","tag-congreso","tag-intento","tag-pedro-castillo","tag-peru"],"jetpack_featured_media_url":"https:\/\/lasprimeras.com.do\/wp-content\/uploads\/2025\/11\/Pedro-Castillo.jpg","jetpack-related-posts":[{"id":118254,"url":"https:\/\/lasprimeras.com.do\/index.php\/2025\/12\/25\/peru-refuerza-vigilancia-a-embajada-de-mexico-que-asila-a-exministra-condenada-por-conspiracion\/","url_meta":{"origin":116176,"position":0},"title":"Per\u00fa: refuerza vigilancia a embajada de M\u00e9xico que asila a exministra condenada por conspiraci\u00f3n","author":"Nelson Feliz","date":"25 de diciembre de 2025","format":false,"excerpt":"POR DAVID PEREDA LIMA (AP) \u2014 Las autoridades peruanas reforzaron este jueves la vigilancia policial en los alrededores de la embajada de M\u00e9xico en Lima para impedir un posible escape de la ex primera ministra Betssy Ch\u00e1vez, asilada en esa sede diplom\u00e1tica desde noviembre y quien enfrenta cargos por su\u2026","rel":"","context":"En \u00abINTERNACIONALES\u00bb","block_context":{"text":"INTERNACIONALES","link":"https:\/\/lasprimeras.com.do\/index.php\/category\/sin-categoria\/internacionales\/"},"img":{"alt_text":"Un agente de polic\u00eda monta guardia frente a la embajada de M\u00e9xico despu\u00e9s de que la ex primera ministra peruana Betssy Ch\u00e1vez ingresara solicitando asilo, en Lima, Per\u00fa, el lunes 3 de noviembre de 2025. (Foto AP\/Mart\u00edn Mej\u00eda)","src":"https:\/\/i0.wp.com\/lasprimeras.com.do\/wp-content\/uploads\/2025\/12\/VIGILANCIA.jpg?resize=350%2C200&ssl=1","width":350,"height":200,"srcset":"https:\/\/i0.wp.com\/lasprimeras.com.do\/wp-content\/uploads\/2025\/12\/VIGILANCIA.jpg?resize=350%2C200&ssl=1 1x, https:\/\/i0.wp.com\/lasprimeras.com.do\/wp-content\/uploads\/2025\/12\/VIGILANCIA.jpg?resize=525%2C300&ssl=1 1.5x, https:\/\/i0.wp.com\/lasprimeras.com.do\/wp-content\/uploads\/2025\/12\/VIGILANCIA.jpg?resize=700%2C400&ssl=1 2x"},"classes":[]},{"id":116059,"url":"https:\/\/lasprimeras.com.do\/index.php\/2025\/11\/27\/condenan-a-14-anos-de-prision-por-corrupcion-a-expresidente-peruano-martin-vizcarra\/","url_meta":{"origin":116176,"position":1},"title":"Condenan a 14 a\u00f1os de prisi\u00f3n por corrupci\u00f3n a expresidente peruano Mart\u00edn Vizcarra","author":"Nelson Feliz","date":"27 de noviembre de 2025","format":false,"excerpt":"POR DAVID PEREDA LIMA (AP) \u2014 Un tribunal de Per\u00fa conden\u00f3 el mi\u00e9rcoles a 14 a\u00f1os de prisi\u00f3n al expresidente Mart\u00edn Vizcarra tras considerar que recibi\u00f3 sobornos de empresas constructoras cuando era gobernador de la regi\u00f3n Moquegua, en el sur del pa\u00eds, y lo inhabilit\u00f3 por nueve a\u00f1os para ejercer\u2026","rel":"","context":"En \u00abINTERNACIONALES\u00bb","block_context":{"text":"INTERNACIONALES","link":"https:\/\/lasprimeras.com.do\/index.php\/category\/sin-categoria\/internacionales\/"},"img":{"alt_text":"Mart\u00edn Vizcarra","src":"https:\/\/i0.wp.com\/lasprimeras.com.do\/wp-content\/uploads\/2025\/11\/Martin-Vizcarra.jpg?resize=350%2C200&ssl=1","width":350,"height":200,"srcset":"https:\/\/i0.wp.com\/lasprimeras.com.do\/wp-content\/uploads\/2025\/11\/Martin-Vizcarra.jpg?resize=350%2C200&ssl=1 1x, https:\/\/i0.wp.com\/lasprimeras.com.do\/wp-content\/uploads\/2025\/11\/Martin-Vizcarra.jpg?resize=525%2C300&ssl=1 1.5x, https:\/\/i0.wp.com\/lasprimeras.com.do\/wp-content\/uploads\/2025\/11\/Martin-Vizcarra.jpg?resize=700%2C400&ssl=1 2x"},"classes":[]},{"id":108338,"url":"https:\/\/lasprimeras.com.do\/index.php\/2025\/09\/04\/excarcelan-al-expresidente-peruano-martin-vizcarra-pero-seguira-bajo-juicio-por-presunta-corrupcion\/","url_meta":{"origin":116176,"position":2},"title":"Excarcelan al expresidente peruano Mart\u00edn Vizcarra pero seguir\u00e1 bajo juicio por presunta corrupci\u00f3n","author":"Nelson Feliz","date":"4 de septiembre de 2025","format":false,"excerpt":"POR FRANKLIN BRICE\u00d1O LIMA (AP) \u2014 El expresidente peruano Mart\u00edn Vizcarra (2018-2020) fue puesto en libertad el jueves luego de que la justicia orden\u00f3 excarcelarlo al revocar una orden de prisi\u00f3n preventiva por cinco meses, mientras es juzgado por un caso de presunta corrupci\u00f3n cuando era gobernador regional en 2014.\u2026","rel":"","context":"En \u00abINTERNACIONALES\u00bb","block_context":{"text":"INTERNACIONALES","link":"https:\/\/lasprimeras.com.do\/index.php\/category\/sin-categoria\/internacionales\/"},"img":{"alt_text":"","src":"https:\/\/i0.wp.com\/lasprimeras.com.do\/wp-content\/uploads\/2025\/09\/Martin-Vizcarra.jpg?resize=350%2C200&ssl=1","width":350,"height":200,"srcset":"https:\/\/i0.wp.com\/lasprimeras.com.do\/wp-content\/uploads\/2025\/09\/Martin-Vizcarra.jpg?resize=350%2C200&ssl=1 1x, https:\/\/i0.wp.com\/lasprimeras.com.do\/wp-content\/uploads\/2025\/09\/Martin-Vizcarra.jpg?resize=525%2C300&ssl=1 1.5x, https:\/\/i0.wp.com\/lasprimeras.com.do\/wp-content\/uploads\/2025\/09\/Martin-Vizcarra.jpg?resize=700%2C400&ssl=1 2x"},"classes":[]},{"id":88947,"url":"https:\/\/lasprimeras.com.do\/index.php\/2024\/09\/11\/muere-expresidente-de-peru-alberto-fujimori\/","url_meta":{"origin":116176,"position":3},"title":"Muere expresidente de Per\u00fa Alberto Fujimori","author":"Nelson Feliz","date":"11 de septiembre de 2024","format":false,"excerpt":"El controvertido expresidente de Per\u00fa polariz\u00f3 al pa\u00eds durante d\u00e9cadas y estuvo en prisi\u00f3n por violaciones a los derechos humanos. El expresidente de Per\u00fa Alberto Fujimori muri\u00f3 este mi\u00e9rcoles a los 86 a\u00f1os. As\u00ed lo comunic\u00f3 su hija Keiko a trav\u00e9s de la red X: \"Despu\u00e9s de una larga batalla\u2026","rel":"","context":"En \u00abSin categor\u00eda\u00bb","block_context":{"text":"Sin categor\u00eda","link":"https:\/\/lasprimeras.com.do\/index.php\/category\/sin-categoria\/"},"img":{"alt_text":"Alberto Fujimori","src":"https:\/\/i0.wp.com\/lasprimeras.com.do\/wp-content\/uploads\/2024\/09\/Alberto-Fujimori.jpg?resize=350%2C200&ssl=1","width":350,"height":200,"srcset":"https:\/\/i0.wp.com\/lasprimeras.com.do\/wp-content\/uploads\/2024\/09\/Alberto-Fujimori.jpg?resize=350%2C200&ssl=1 1x, https:\/\/i0.wp.com\/lasprimeras.com.do\/wp-content\/uploads\/2024\/09\/Alberto-Fujimori.jpg?resize=525%2C300&ssl=1 1.5x, https:\/\/i0.wp.com\/lasprimeras.com.do\/wp-content\/uploads\/2024\/09\/Alberto-Fujimori.jpg?resize=700%2C400&ssl=1 2x"},"classes":[]},{"id":58746,"url":"https:\/\/lasprimeras.com.do\/index.php\/2023\/08\/28\/declaran-en-rebeldia-a-quirinitocondenado-por-asesinato-en-2013\/","url_meta":{"origin":116176,"position":4},"title":"Declaran en rebeld\u00eda a Quirinito,condenado por asesinato en 2013","author":"Nelson Feliz","date":"28 de agosto de 2023","format":false,"excerpt":"La C\u00e1mara Penal de la Corte de Apelaci\u00f3n de San Francisco de Macor\u00eds declar\u00f3 en rebeld\u00eda al imputado Pedro Alejandro Castillo Paniagua (alias Quirinito), condenado por el asesinato de un ciudadano espa\u00f1ol y fugado cuando se encontraba en prisi\u00f3n domiciliaria. La decisi\u00f3n, amparada que el art\u00edculo 100 del C\u00f3digo Procesal\u2026","rel":"","context":"En \u00abJUSTICIA\u00bb","block_context":{"text":"JUSTICIA","link":"https:\/\/lasprimeras.com.do\/index.php\/category\/justicia\/"},"img":{"alt_text":"Pedro Alejandro Castillo Paniagua","src":"https:\/\/i0.wp.com\/lasprimeras.com.do\/wp-content\/uploads\/2023\/08\/Pedro-Alejandro-Castillo-Paniagua-Quirinito.jpg?resize=350%2C200&ssl=1","width":350,"height":200,"srcset":"https:\/\/i0.wp.com\/lasprimeras.com.do\/wp-content\/uploads\/2023\/08\/Pedro-Alejandro-Castillo-Paniagua-Quirinito.jpg?resize=350%2C200&ssl=1 1x, https:\/\/i0.wp.com\/lasprimeras.com.do\/wp-content\/uploads\/2023\/08\/Pedro-Alejandro-Castillo-Paniagua-Quirinito.jpg?resize=525%2C300&ssl=1 1.5x"},"classes":[]},{"id":56382,"url":"https:\/\/lasprimeras.com.do\/index.php\/2023\/07\/31\/prm-prsc-buscan-cambiar-pena-de-tony-adames-para-promoverlo-como-candidato\/","url_meta":{"origin":116176,"position":5},"title":"PRM-PRSC buscan cambiar pena de Tony Adames para promoverlo como candidato","author":"Nelson Feliz","date":"31 de julio de 2023","format":false,"excerpt":"La pena de dos a\u00f1os de prisi\u00f3n que cumple el alcalde suspendido del municipio cabecera de La Romana, Juan Antonio Adames (Tony Adames), podr\u00eda ser variada a mediados del mes de agosto. De acuerdo a un documento al que tuvo acceso N Digital, el Tribunal de la Ejecuci\u00f3n de la\u2026","rel":"","context":"En \u00abPORTADA\u00bb","block_context":{"text":"PORTADA","link":"https:\/\/lasprimeras.com.do\/index.php\/category\/portada\/"},"img":{"alt_text":"Tony Adames","src":"https:\/\/i0.wp.com\/lasprimeras.com.do\/wp-content\/uploads\/2023\/07\/Tony-Adames.jpeg?resize=350%2C200&ssl=1","width":350,"height":200,"srcset":"https:\/\/i0.wp.com\/lasprimeras.com.do\/wp-content\/uploads\/2023\/07\/Tony-Adames.jpeg?resize=350%2C200&ssl=1 1x, https:\/\/i0.wp.com\/lasprimeras.com.do\/wp-content\/uploads\/2023\/07\/Tony-Adames.jpeg?resize=525%2C300&ssl=1 1.5x, https:\/\/i0.wp.com\/lasprimeras.com.do\/wp-content\/uploads\/2023\/07\/Tony-Adames.jpeg?resize=700%2C400&ssl=1 2x, https:\/\/i0.wp.com\/lasprimeras.com.do\/wp-content\/uploads\/2023\/07\/Tony-Adames.jpeg?resize=1050%2C600&ssl=1 3x"},"classes":[]}],"jetpack_sharing_enabled":true,"_links":{"self":[{"href":"https:\/\/lasprimeras.com.do\/index.php\/wp-json\/wp\/v2\/posts\/116176","targetHints":{"allow":["GET"]}}],"collection":[{"href":"https:\/\/lasprimeras.com.do\/index.php\/wp-json\/wp\/v2\/posts"}],"about":[{"href":"https:\/\/lasprimeras.com.do\/index.php\/wp-json\/wp\/v2\/types\/post"}],"author":[{"embeddable":true,"href":"https:\/\/lasprimeras.com.do\/index.php\/wp-json\/wp\/v2\/users\/10"}],"replies":[{"embeddable":true,"href":"https:\/\/lasprimeras.com.do\/index.php\/wp-json\/wp\/v2\/comments?post=116176"}],"version-history":[{"count":1,"href":"https:\/\/lasprimeras.com.do\/index.php\/wp-json\/wp\/v2\/posts\/116176\/revisions"}],"predecessor-version":[{"id":116178,"href":"https:\/\/lasprimeras.com.do\/index.php\/wp-json\/wp\/v2\/posts\/116176\/revisions\/116178"}],"wp:featuredmedia":[{"embeddable":true,"href":"https:\/\/lasprimeras.com.do\/index.php\/wp-json\/wp\/v2\/media\/116177"}],"wp:attachment":[{"href":"https:\/\/lasprimeras.com.do\/index.php\/wp-json\/wp\/v2\/media?parent=116176"}],"wp:term":[{"taxonomy":"category","embeddable":true,"href":"https:\/\/lasprimeras.com.do\/index.php\/wp-json\/wp\/v2\/categories?post=116176"},{"taxonomy":"post_tag","embeddable":true,"href":"https:\/\/lasprimeras.com.do\/index.php\/wp-json\/wp\/v2\/tags?post=116176"}],"curies":[{"name":"wp","href":"https:\/\/api.w.org\/{rel}","templated":true}]}}