{"id":116188,"date":"2025-11-27T21:27:34","date_gmt":"2025-11-28T01:27:34","guid":{"rendered":"https:\/\/lasprimeras.com.do\/?p=116188"},"modified":"2025-11-27T21:27:37","modified_gmt":"2025-11-28T01:27:37","slug":"jairon-severino-renuncia-como-miembro-y-directivo-de-adompretur","status":"publish","type":"post","link":"https:\/\/lasprimeras.com.do\/index.php\/2025\/11\/27\/jairon-severino-renuncia-como-miembro-y-directivo-de-adompretur\/","title":{"rendered":"Jairon Severino renuncia como miembro y directivo de Adompretur"},"content":{"rendered":"\n<p><strong>El director de elDinero entreg\u00f3 carta a la presidente del gremio, Sarah Hern\u00e1ndez, el 30 de octubre de este a\u00f1o.<\/strong><\/p>\n\n\n\n<p>El director y fundador del peri\u00f3dico econ\u00f3mico y financiero elDinero, Jairon Severino, renunci\u00f3 como miembro y directivo de la Asociaci\u00f3n Dominicana de Prensa Tur\u00edstica (Adompretur) a trav\u00e9s de una carta entregada a la presidente del gremio, Sarah Hern\u00e1ndez.<\/p>\n\n\n\n<p>De acuerdo con Severino, la carta est\u00e1 fechada el 29 de octubre, pero con acuse de recibo el d\u00eda 30 del mismo mes. Hern\u00e1ndez recibi\u00f3 la comunicaci\u00f3n durante una visita a elDinero para procurar una firma de quien fuera, hasta ese momento, el director de Relaciones Institucionales de la entidad que agrupa a los periodistas, comunicadores y generadores de contenido tur\u00edstico de Rep\u00fablica Dominicana.<\/p>\n\n\n\n<p>Severino expres\u00f3 a Hern\u00e1ndez su agradecimiento por haberlo tomado en cuenta para pertenecer a su directiva, propuesta que acept\u00f3 luego de una visita que ella y su esposo, Jos\u00e9 Tejada G\u00f3mez, le hicieran semanas antes al peri\u00f3dico para explicarles los planes de renovaci\u00f3n y fortalecimiento institucional para el per\u00edodo que encabezar\u00eda.<\/p>\n\n\n\n<p>Luego de una conversaci\u00f3n caracterizada por el respeto y una explicaci\u00f3n sobre los planes, Severino le expres\u00f3 que su agenda de trabajo como director del peri\u00f3dico est\u00e1 muy cargada, as\u00ed como por los otros compromisos profesionales que tiene. Al final, Hern\u00e1ndez y Tejada G\u00f3mez lograron la respuesta positiva, aceptando ser parte de la directiva.<\/p>\n\n\n\n<p>\u201cRenuncio como miembro de este gremio\u201d, dice el texto y \u00fanica oraci\u00f3n en la carta entregada a Hern\u00e1ndez, sin dar m\u00e1s detalles de las razones que lo llevaron a tomar la decisi\u00f3n de salir de la instituci\u00f3n, de la cual hab\u00eda sido director de Finanzas durante la gesti\u00f3n de Jos\u00e9 Mar\u00eda Reyes, con quien mantuvo y mantiene relaciones armoniosas y de respeto.<\/p>\n\n\n\n<p>Paso a explicar en primera persona las razones por las que renuncio de Adompretur:<br>Ante todo, la Asociaci\u00f3n Dominicana de Prensa Tur\u00edstica (Adompretur) es un gremio que debe prevalecer y fortalecerse desde el punto de vista institucional.<\/p>\n\n\n\n<p>Posiblemente est\u00e1 anquilos\u00e1ndose. Esta organizaci\u00f3n ha jugado un papel hist\u00f3rico de aportes al desarrollo del turismo, visibilizando las actividades de este sector, su importancia en la econom\u00eda dominicana y como generador de valor agregado.<\/p>\n\n\n\n<p>En este momento, independientemente de las buenas intenciones de su dirigencia, porque s\u00e9 que realmente es as\u00ed, hay una crisis de credibilidad institucional que requiere la urgente intervenci\u00f3n y renovaci\u00f3n de su filosof\u00eda, as\u00ed como el enfoque como entidad de suma importancia para el correcto desempe\u00f1o de un ejercicio period\u00edstico \u00e9tico, transparente y con calidad profesional.<\/p>\n\n\n\n<p>La renovaci\u00f3n gremial no s\u00f3lo debe darse desde el punto de vista del enfoque y respeto de las razones que dieron origen a Adompretur, sino que debe darse una profunda profilaxis para apostar a la calidad y no a la cantidad.<\/p>\n\n\n\n<p>Es un imperativo respetar los criterios m\u00ednimos de profesionalidad y de calidad en la toma de decisiones. Repito: apostar a la cantidad, y no a la calidad, est\u00e1 llevando a Adompretur a un nivel que pone en dudas el criterio e intenciones sanas de su dirigencia.<\/p>\n\n\n\n<p>Perfectamente podr\u00eda entender la intenci\u00f3n de impulsar la generaci\u00f3n de contenidos tur\u00edsticos en todo el pa\u00eds y fuera de nuestras fronteras, pero, en m\u00e1s de un caso, se ha relajado este objetivo. No todo el que habla de turismo o haya escrito un art\u00edculo deber\u00eda calificar para ser miembro de Adompretur.<\/p>\n\n\n\n<p>Todos sabemos que los principios y valores no son similares en todos los casos. Aqu\u00ed vuelvo a hacer \u00e9nfasis en la calidad, una de las principales v\u00edctimas en la valoraci\u00f3n de los trabajos, algunos de ellos reconocidos en el Premio Tur\u00edstico Epifanio Lantigua.<\/p>\n\n\n\n<p>No s\u00f3lo defiendo la profesionalidad y el valor que tienen todos los periodistas y comunicadores que hacen un trabajo con \u00e9tica, transparencia y calidad; alzo la voz de alerta para que la dirigencia de Adompretur entienda que, de no hacer los correctivos de lugar, habr\u00e1 m\u00e1s dificultades en el futuro inmediato.<\/p>\n\n\n\n<p>La \u201ccualquierizaci\u00f3n\u201d no s\u00f3lo alejar\u00e1 la calidad, sino tambi\u00e9n el apoyo econ\u00f3mico y financiero que necesita este gremio para seguir brindando un servicio \u00fatil al pa\u00eds, independientemente de que tambi\u00e9n sirva para otros prop\u00f3sitos.<\/p>\n\n\n\n<p>Un mea culpa, una introspecci\u00f3n institucional y una aceptaci\u00f3n de responsabilidades en este proceso delicado que transita Adompretur, podr\u00eda ser el primer paso para garantizar no s\u00f3lo su alta valoraci\u00f3n y el respeto de las autoridades gubernamentales de turno, sino de las marcas relacionadas con el sector turismo.<\/p>\n\n\n\n<p>El Premio Epifanio Lantigua es la principal actividad de este gremio. Es m\u00e1s, es, sin quiz\u00e1, el alma de Adompretur desde el punto de vista financiero y de exposici\u00f3n institucional.<\/p>\n\n\n\n<p>En lo particular, porque lo he visto y sufrido en carne propia, considero que se han tomado decisiones equivocadas y que no han respondido al criterio de calidad. Da pena y mucha l\u00e1stima ver las deficiencias de algunos de los trabajos premiados, en algunos casos con faltas vergonzosas y debilidades de redacci\u00f3n que, en primera instancia, no entrar\u00edan ni siquiera a la etapa de evaluaci\u00f3n.<\/p>\n\n\n\n<p>Debo ser cr\u00edtico y directo para que se corrija lo que est\u00e1 mal. Mi objetivo es que Adompretur no pierda el buen nombre ganado durante tantos a\u00f1os. Invito a los directivos a analizar cada uno de los trabajos premiados o reconocidos durante los \u00faltimos dos a\u00f1os y compararlos con los que compitieron en cada categor\u00eda.<\/p>\n\n\n\n<p>En el jurado del Premio de Adompretur hay mucha gente valiosa y de alt\u00edsimo respeto. Hay gente que merece toda mi admiraci\u00f3n. La directiva, seg\u00fan las normas, no interviene.<\/p>\n\n\n\n<p>Sin embargo, tomando en cuenta el elevado nivel profesional de los miembros del jurado, da la impresi\u00f3n de que, aparentemente, no est\u00e1n evaluando esos trabajos con la rigurosidad requerida. Es la imagen de la instituci\u00f3n la que est\u00e1 en juego y pierde valor ante la opini\u00f3n p\u00fablica. Repito: invito a desplegar todos los trabajos participantes en los \u00faltimos dos a\u00f1os y sabr\u00e1n de lo que hablo.<\/p>\n\n\n\n<p>Algunos dir\u00e1n que mi actitud es irreverente y que deb\u00ed llevarla al seno de Adompretur; otros quiz\u00e1 calificar\u00e1n mi posici\u00f3n como \u201cpuro pataleo\u201d porque el medio que dirijo, elDinero, no recibi\u00f3 el trato que cre\u00edamos merecer; pero otros, m\u00e1s conscientes y conocedores del problema, admitir\u00e1n que es necesaria una revisi\u00f3n profunda de la estructura y los procesos, por lo que es urgente llamar a una jornada de reflexi\u00f3n para fortalecer la imagen institucional de Adompretur.<\/p>\n\n\n\n<p>Reconocer nuestros errores nos engrandece. Admito que soy imperfecto, pero necesito levantar la bandera del respeto.<\/p>\n\n\n\n<p>Jairon Severino<\/p>\n\n\n\n<p>Director peri\u00f3dico elDinero<\/p>\n\n\n\n<figure class=\"wp-block-image size-full\"><img decoding=\"async\" width=\"365\" height=\"480\" src=\"https:\/\/lasprimeras.com.do\/wp-content\/uploads\/2025\/11\/Escaneo0115-copy-365x480-1.jpg\" alt=\"\" class=\"wp-image-116190\" srcset=\"https:\/\/lasprimeras.com.do\/wp-content\/uploads\/2025\/11\/Escaneo0115-copy-365x480-1.jpg 365w, https:\/\/lasprimeras.com.do\/wp-content\/uploads\/2025\/11\/Escaneo0115-copy-365x480-1-228x300.jpg 228w\" sizes=\"(max-width: 365px) 100vw, 365px\" \/><\/figure>\n","protected":false},"excerpt":{"rendered":"<p>El director de elDinero entreg\u00f3 carta a la presidente del gremio, Sarah Hern\u00e1ndez, el 30 de octubre de este a\u00f1o. El director y fundador del peri\u00f3dico econ\u00f3mico y financiero elDinero,&hellip;<\/p>\n","protected":false},"author":10,"featured_media":116189,"comment_status":"open","ping_status":"open","sticky":false,"template":"","format":"standard","meta":{"content-type":"","jetpack_post_was_ever_published":false,"_jetpack_newsletter_access":"","_jetpack_dont_email_post_to_subs":false,"_jetpack_newsletter_tier_id":0,"_jetpack_memberships_contains_paywalled_content":false,"_jetpack_memberships_contains_paid_content":false,"footnotes":""},"categories":[25,376],"tags":[27919],"class_list":["post-116188","post","type-post","status-publish","format-standard","has-post-thumbnail","hentry","category-portada","category-turismo","tag-jairon-severino"],"jetpack_featured_media_url":"https:\/\/lasprimeras.com.do\/wp-content\/uploads\/2025\/11\/Jairon-Severino.jpeg","jetpack-related-posts":[{"id":102459,"url":"https:\/\/lasprimeras.com.do\/index.php\/2025\/07\/05\/innovacion-y-conexion-una-propuesta-fresca-y-estrategica-para-adompretur\/","url_meta":{"origin":116188,"position":0},"title":"&#8220;Innovaci\u00f3n y Conexi\u00f3n&#8221; una propuesta fresca y estrat\u00e9gica para ADOMPRETUR","author":"Nelson Feliz","date":"5 de julio de 2025","format":false,"excerpt":"La plancha de Sarah Hern\u00e1ndez apuesta por una instituci\u00f3n m\u00e1s integrada, con visi\u00f3n moderna y un liderazgo que conecte realidades y transforme el gremio. La periodista y abogada Sarah Hern\u00e1ndez oficializ\u00f3 su candidatura a la presidencia de la Asociaci\u00f3n Dominicana de Prensa Tur\u00edstica (ADOMPRETUR) para el per\u00edodo 2025-2027, con una\u2026","rel":"","context":"En \u00abPORTADA\u00bb","block_context":{"text":"PORTADA","link":"https:\/\/lasprimeras.com.do\/index.php\/category\/portada\/"},"img":{"alt_text":"","src":"https:\/\/i0.wp.com\/lasprimeras.com.do\/wp-content\/uploads\/2025\/07\/ADOMPRETUR.jpg?resize=350%2C200&ssl=1","width":350,"height":200,"srcset":"https:\/\/i0.wp.com\/lasprimeras.com.do\/wp-content\/uploads\/2025\/07\/ADOMPRETUR.jpg?resize=350%2C200&ssl=1 1x, https:\/\/i0.wp.com\/lasprimeras.com.do\/wp-content\/uploads\/2025\/07\/ADOMPRETUR.jpg?resize=525%2C300&ssl=1 1.5x, https:\/\/i0.wp.com\/lasprimeras.com.do\/wp-content\/uploads\/2025\/07\/ADOMPRETUR.jpg?resize=700%2C400&ssl=1 2x"},"classes":[]},{"id":107234,"url":"https:\/\/lasprimeras.com.do\/index.php\/2025\/08\/24\/nueva-directiva-liderada-por-sarah-hernandez-asume-presidencia-de-adompretur\/","url_meta":{"origin":116188,"position":1},"title":"Nueva directiva liderada por Sarah Hern\u00e1ndez asume presidencia de Adompretur","author":"Nelson Feliz","date":"24 de agosto de 2025","format":false,"excerpt":"La periodista y abogada anuncia planes de modernizaci\u00f3n, formaci\u00f3n y que trabajar\u00e1 por creaci\u00f3n de un museo del turismo La Asociaci\u00f3n Dominicana de Prensa Tur\u00edstica (Adompretur) inici\u00f3 una nueva etapa bajo el liderazgo de la periodista y abogada Sarah Hern\u00e1ndez, juramentada este martes como presidenta de la instituci\u00f3n junto a\u2026","rel":"","context":"En \u00abTURISMO\u00bb","block_context":{"text":"TURISMO","link":"https:\/\/lasprimeras.com.do\/index.php\/category\/turismo\/"},"img":{"alt_text":"","src":"https:\/\/i0.wp.com\/lasprimeras.com.do\/wp-content\/uploads\/2025\/08\/Sarah-Hernandez.jpg?resize=350%2C200&ssl=1","width":350,"height":200,"srcset":"https:\/\/i0.wp.com\/lasprimeras.com.do\/wp-content\/uploads\/2025\/08\/Sarah-Hernandez.jpg?resize=350%2C200&ssl=1 1x, https:\/\/i0.wp.com\/lasprimeras.com.do\/wp-content\/uploads\/2025\/08\/Sarah-Hernandez.jpg?resize=525%2C300&ssl=1 1.5x, https:\/\/i0.wp.com\/lasprimeras.com.do\/wp-content\/uploads\/2025\/08\/Sarah-Hernandez.jpg?resize=700%2C400&ssl=1 2x"},"classes":[]},{"id":112734,"url":"https:\/\/lasprimeras.com.do\/index.php\/2025\/10\/27\/premio-pel-2025-celebrara-el-martes-el-periodismo-turistico-dominicano\/","url_meta":{"origin":116188,"position":2},"title":"Premio PEL 2025 celebrar\u00e1 el martes el periodismo tur\u00edstico dominicano","author":"Nelson Feliz","date":"27 de octubre de 2025","format":false,"excerpt":"M\u00e1s de 50 periodistas y comunicadores compiten en las diferentes categor\u00edas de este galard\u00f3n de Adompretur, que ser\u00e1 entregado el martes 28 de octubre. Todo est\u00e1 preparado para la entrega del Premio Nacional de Periodismo Tur\u00edstico Epifanio Lantigua (PEL) 2025, el reconocimiento m\u00e1s importante del periodismo tur\u00edstico dominicano. La gala\u2026","rel":"","context":"En \u00abTURISMO\u00bb","block_context":{"text":"TURISMO","link":"https:\/\/lasprimeras.com.do\/index.php\/category\/turismo\/"},"img":{"alt_text":"","src":"https:\/\/i0.wp.com\/lasprimeras.com.do\/wp-content\/uploads\/2025\/08\/Sarah-Hernandez.jpg?resize=350%2C200&ssl=1","width":350,"height":200,"srcset":"https:\/\/i0.wp.com\/lasprimeras.com.do\/wp-content\/uploads\/2025\/08\/Sarah-Hernandez.jpg?resize=350%2C200&ssl=1 1x, https:\/\/i0.wp.com\/lasprimeras.com.do\/wp-content\/uploads\/2025\/08\/Sarah-Hernandez.jpg?resize=525%2C300&ssl=1 1.5x, https:\/\/i0.wp.com\/lasprimeras.com.do\/wp-content\/uploads\/2025\/08\/Sarah-Hernandez.jpg?resize=700%2C400&ssl=1 2x"},"classes":[]},{"id":53180,"url":"https:\/\/lasprimeras.com.do\/index.php\/2023\/06\/24\/yenny-polanco-presenta-plancha-integridad-y-compromiso-para-las-elecciones-de-adompretur-2023-2025\/","url_meta":{"origin":116188,"position":3},"title":"Yenny Polanco presenta plancha \u201cIntegridad y Compromiso\u201d para las elecciones de Adompretur 2023-2025","author":"Nelson Feliz","date":"24 de junio de 2023","format":false,"excerpt":"La periodista Yenny Polanco Lovera present\u00f3 los miembros que integran la plancha \u201cIntegridad y compromiso\u201d, que participar\u00e1 en las pr\u00f3ximas elecciones de la Asociaci\u00f3n Dominicana de Prensa Tur\u00edstica (Adompretur), durante un acto realizado en el hotel Crowne Plaza, en Santo Domingo. Las palabras de bienvenida fueron pronunciadas por Jos\u00e9 Mar\u00eda\u2026","rel":"","context":"En \u00abTURISMO\u00bb","block_context":{"text":"TURISMO","link":"https:\/\/lasprimeras.com.do\/index.php\/category\/turismo\/"},"img":{"alt_text":"La periodista Yenny Polanco Lovera present\u00f3 los miembros que integran la plancha \u201cIntegridad y compromiso\u201d","src":"https:\/\/i0.wp.com\/lasprimeras.com.do\/wp-content\/uploads\/2023\/06\/1.-Yenny-Polanco-Lovera-candidata-a-un-segundo-periodo-en-la-presidencia-de-Adompretur.jpg?resize=350%2C200&ssl=1","width":350,"height":200,"srcset":"https:\/\/i0.wp.com\/lasprimeras.com.do\/wp-content\/uploads\/2023\/06\/1.-Yenny-Polanco-Lovera-candidata-a-un-segundo-periodo-en-la-presidencia-de-Adompretur.jpg?resize=350%2C200&ssl=1 1x, https:\/\/i0.wp.com\/lasprimeras.com.do\/wp-content\/uploads\/2023\/06\/1.-Yenny-Polanco-Lovera-candidata-a-un-segundo-periodo-en-la-presidencia-de-Adompretur.jpg?resize=525%2C300&ssl=1 1.5x, https:\/\/i0.wp.com\/lasprimeras.com.do\/wp-content\/uploads\/2023\/06\/1.-Yenny-Polanco-Lovera-candidata-a-un-segundo-periodo-en-la-presidencia-de-Adompretur.jpg?resize=700%2C400&ssl=1 2x"},"classes":[]},{"id":108707,"url":"https:\/\/lasprimeras.com.do\/index.php\/2025\/09\/09\/adompretur-anuncia-seminario-taller-para-iniciar-proceso-de-redefinicion-institucional\/","url_meta":{"origin":116188,"position":4},"title":"Adompretur anuncia seminario-taller para iniciar proceso de redefinici\u00f3n institucional","author":"Nelson Feliz","date":"9 de septiembre de 2025","format":false,"excerpt":"La jornada se efectuar\u00e1 este s\u00e1bado 13 de septiembre, 8:30 a.m., 4:00 p.m., con la participaci\u00f3n de sus directivos nacionales, de filiales, as\u00ed como con los representantes de sus comisiones de trabajo. La Asociaci\u00f3n Dominicana de Prensa Tur\u00edstica (Adompretur) anunci\u00f3 que este s\u00e1bado 13 de septiembre iniciar\u00e1 su proceso de\u2026","rel":"","context":"En \u00abTURISMO\u00bb","block_context":{"text":"TURISMO","link":"https:\/\/lasprimeras.com.do\/index.php\/category\/turismo\/"},"img":{"alt_text":"","src":"https:\/\/i0.wp.com\/lasprimeras.com.do\/wp-content\/uploads\/2025\/09\/Eduardo-Valcarcel.jpg?resize=350%2C200&ssl=1","width":350,"height":200,"srcset":"https:\/\/i0.wp.com\/lasprimeras.com.do\/wp-content\/uploads\/2025\/09\/Eduardo-Valcarcel.jpg?resize=350%2C200&ssl=1 1x, https:\/\/i0.wp.com\/lasprimeras.com.do\/wp-content\/uploads\/2025\/09\/Eduardo-Valcarcel.jpg?resize=525%2C300&ssl=1 1.5x"},"classes":[]},{"id":108548,"url":"https:\/\/lasprimeras.com.do\/index.php\/2025\/09\/08\/adompretur-agradece-al-abinader-y-collado-entrega-de-casa-propia-para-su-filial-en-puerto-plata\/","url_meta":{"origin":116188,"position":5},"title":"Adompretur agradece al Abinader y Collado entrega de casa propia para su filial en Puerto Plata","author":"Nelson Feliz","date":"8 de septiembre de 2025","format":false,"excerpt":"Junior Garc\u00eda y Sarah Hern\u00e1ndez destacan el valor simb\u00f3lico de la nueva sede del gremio. El presidente Luis Abinader y el ministro de Turismo David Collado entregaron a la Asociaci\u00f3n Dominicana de Prensa Tur\u00edstica (Adompretur) su primera casa propia: una moderna edificaci\u00f3n de dos niveles que acoger\u00e1 la filial del\u2026","rel":"","context":"En \u00abTURISMO\u00bb","block_context":{"text":"TURISMO","link":"https:\/\/lasprimeras.com.do\/index.php\/category\/turismo\/"},"img":{"alt_text":"","src":"https:\/\/i0.wp.com\/lasprimeras.com.do\/wp-content\/uploads\/2025\/09\/Momento-de-corte-de-la-cinta-que-sella-formalmente-la-entrega-de-la-Casa-Adompretur-Puerto-Plata.jpg?resize=350%2C200&ssl=1","width":350,"height":200,"srcset":"https:\/\/i0.wp.com\/lasprimeras.com.do\/wp-content\/uploads\/2025\/09\/Momento-de-corte-de-la-cinta-que-sella-formalmente-la-entrega-de-la-Casa-Adompretur-Puerto-Plata.jpg?resize=350%2C200&ssl=1 1x, https:\/\/i0.wp.com\/lasprimeras.com.do\/wp-content\/uploads\/2025\/09\/Momento-de-corte-de-la-cinta-que-sella-formalmente-la-entrega-de-la-Casa-Adompretur-Puerto-Plata.jpg?resize=525%2C300&ssl=1 1.5x, https:\/\/i0.wp.com\/lasprimeras.com.do\/wp-content\/uploads\/2025\/09\/Momento-de-corte-de-la-cinta-que-sella-formalmente-la-entrega-de-la-Casa-Adompretur-Puerto-Plata.jpg?resize=700%2C400&ssl=1 2x"},"classes":[]}],"jetpack_sharing_enabled":true,"_links":{"self":[{"href":"https:\/\/lasprimeras.com.do\/index.php\/wp-json\/wp\/v2\/posts\/116188","targetHints":{"allow":["GET"]}}],"collection":[{"href":"https:\/\/lasprimeras.com.do\/index.php\/wp-json\/wp\/v2\/posts"}],"about":[{"href":"https:\/\/lasprimeras.com.do\/index.php\/wp-json\/wp\/v2\/types\/post"}],"author":[{"embeddable":true,"href":"https:\/\/lasprimeras.com.do\/index.php\/wp-json\/wp\/v2\/users\/10"}],"replies":[{"embeddable":true,"href":"https:\/\/lasprimeras.com.do\/index.php\/wp-json\/wp\/v2\/comments?post=116188"}],"version-history":[{"count":1,"href":"https:\/\/lasprimeras.com.do\/index.php\/wp-json\/wp\/v2\/posts\/116188\/revisions"}],"predecessor-version":[{"id":116191,"href":"https:\/\/lasprimeras.com.do\/index.php\/wp-json\/wp\/v2\/posts\/116188\/revisions\/116191"}],"wp:featuredmedia":[{"embeddable":true,"href":"https:\/\/lasprimeras.com.do\/index.php\/wp-json\/wp\/v2\/media\/116189"}],"wp:attachment":[{"href":"https:\/\/lasprimeras.com.do\/index.php\/wp-json\/wp\/v2\/media?parent=116188"}],"wp:term":[{"taxonomy":"category","embeddable":true,"href":"https:\/\/lasprimeras.com.do\/index.php\/wp-json\/wp\/v2\/categories?post=116188"},{"taxonomy":"post_tag","embeddable":true,"href":"https:\/\/lasprimeras.com.do\/index.php\/wp-json\/wp\/v2\/tags?post=116188"}],"curies":[{"name":"wp","href":"https:\/\/api.w.org\/{rel}","templated":true}]}}