{"id":116193,"date":"2025-11-27T23:01:39","date_gmt":"2025-11-28T03:01:39","guid":{"rendered":"https:\/\/lasprimeras.com.do\/?p=116193"},"modified":"2025-11-27T23:01:40","modified_gmt":"2025-11-28T03:01:40","slug":"presidente-de-la-jce-encabezara-mision-de-observacion-electoral-en-elecciones-de-honduras","status":"publish","type":"post","link":"https:\/\/lasprimeras.com.do\/index.php\/2025\/11\/27\/presidente-de-la-jce-encabezara-mision-de-observacion-electoral-en-elecciones-de-honduras\/","title":{"rendered":"Presidente de la JCE encabezar\u00e1 misi\u00f3n de observaci\u00f3n electoral en elecciones de Honduras"},"content":{"rendered":"\n<p><strong>Dolores Fern\u00e1ndez participar\u00e1 en representaci\u00f3n de la AMEA; Samir Chami Isa y Vallejo Santelises integran la misi\u00f3n de UNIORE<\/strong><\/p>\n\n\n\n<p>El presidente de la Junta Central Electoral (JCE) participar\u00e1 como jefe de la Misi\u00f3n de Observaci\u00f3n Electoral de la Uni\u00f3n Interamericana de Organismos Electorales (UNIORE) en las elecciones generales de Honduras que se realizar\u00e1n este domingo 30 de noviembre, fecha en la que los hondure\u00f1os decidir\u00e1n por las nuevas autoridades para el per\u00edodo 2026-2030.<\/p>\n\n\n\n<p>La Misi\u00f3n de observaci\u00f3n electoral de UNIORE tambi\u00e9n la integran los miembros titulares del Pleno de la JCE Samir Chami Isa y Rafael Armando Vallejo Santelises.<\/p>\n\n\n\n<p>Mientras que la miembro titular del Pleno de la JCE, Dolores Altagracia Fern\u00e1ndez S\u00e1nchez, ir\u00e1 como observadora de estas elecciones generales hondure\u00f1as, en representaci\u00f3n de la Asociaci\u00f3n de Magistradas Electorales de las Am\u00e9ricas (AMEA).<\/p>\n\n\n\n<p>Los integrantes de las misiones que viajar\u00e1n para formar parte de este proceso electoral que vivir\u00e1n los hondure\u00f1os este fin de semana, agotar\u00e1n una agenda de trabajo con las autoridades electorales, partidos pol\u00edticos y sociedad civil, conforme a lo que se establece en los protocolos de observaci\u00f3n electoral.<\/p>\n\n\n\n<p>Se recuerda que la Rep\u00fablica Dominicana es miembro de la UNIORE y de la AMEA, representados por la Junta Central Electoral y otras entidades del pa\u00eds.<\/p>\n","protected":false},"excerpt":{"rendered":"<p>Dolores Fern\u00e1ndez participar\u00e1 en representaci\u00f3n de la AMEA; Samir Chami Isa y Vallejo Santelises integran la misi\u00f3n de UNIORE El presidente de la Junta Central Electoral (JCE) participar\u00e1 como jefe&hellip;<\/p>\n","protected":false},"author":10,"featured_media":101903,"comment_status":"open","ping_status":"open","sticky":false,"template":"","format":"standard","meta":{"content-type":"","jetpack_post_was_ever_published":false,"_jetpack_newsletter_access":"","_jetpack_dont_email_post_to_subs":false,"_jetpack_newsletter_tier_id":0,"_jetpack_memberships_contains_paywalled_content":false,"_jetpack_memberships_contains_paid_content":false,"footnotes":""},"categories":[35,25],"tags":[182,68,183,2170,11136,935],"class_list":["post-116193","post","type-post","status-publish","format-standard","has-post-thumbnail","hentry","category-nacionales","category-portada","tag-elecciones","tag-honduras","tag-jce","tag-mision","tag-observacion-electoral","tag-presidente"],"jetpack_featured_media_url":"https:\/\/lasprimeras.com.do\/wp-content\/uploads\/2025\/06\/jce-2.jpg","jetpack-related-posts":[{"id":116614,"url":"https:\/\/lasprimeras.com.do\/index.php\/2025\/12\/02\/jaquez-liranzo-uniore-aboga-elecciones-de-honduras-concluyan-exitosamente\/","url_meta":{"origin":116193,"position":0},"title":"J\u00e1quez Liranzo: UNIORE aboga elecciones de Honduras concluyan exitosamente","author":"Nelson Feliz","date":"2 de diciembre de 2025","format":false,"excerpt":"El jefe de la Misi\u00f3n de Observaci\u00f3n Electoral del organismo y presidente de la JCE entrega informe preliminar El presidente de la Junta Central Electoral, Rom\u00e1n Andr\u00e9s J\u00e1quez Liranzo, en su calidad de jefe de la Misi\u00f3n de Observaci\u00f3n Electoral de la Uni\u00f3n Interamericana de Organismos Electorales (UNIORE), entreg\u00f3 este\u2026","rel":"","context":"En \u00abNACIONALES\u00bb","block_context":{"text":"NACIONALES","link":"https:\/\/lasprimeras.com.do\/index.php\/category\/nacionales\/"},"img":{"alt_text":"","src":"https:\/\/i0.wp.com\/lasprimeras.com.do\/wp-content\/uploads\/2025\/12\/UNIORE.jpg?resize=350%2C200&ssl=1","width":350,"height":200,"srcset":"https:\/\/i0.wp.com\/lasprimeras.com.do\/wp-content\/uploads\/2025\/12\/UNIORE.jpg?resize=350%2C200&ssl=1 1x, https:\/\/i0.wp.com\/lasprimeras.com.do\/wp-content\/uploads\/2025\/12\/UNIORE.jpg?resize=525%2C300&ssl=1 1.5x, https:\/\/i0.wp.com\/lasprimeras.com.do\/wp-content\/uploads\/2025\/12\/UNIORE.jpg?resize=700%2C400&ssl=1 2x"},"classes":[]},{"id":48548,"url":"https:\/\/lasprimeras.com.do\/index.php\/2023\/05\/01\/delegacion-de-la-jce-participa-como-observadora-en-las-elecciones-de-paraguay\/","url_meta":{"origin":116193,"position":1},"title":"Delegaci\u00f3n de la JCE participa como observadora en las elecciones de Paraguay","author":"prenxa100","date":"1 de mayo de 2023","format":false,"excerpt":"\u00a0Paraguay.- Una delegaci\u00f3n de la Junta Central Electoral (JCE), encabezada por su presidente Rom\u00e1n Andres J\u00e1quez Liranzo, \u00a0particip\u00f3 en la misi\u00f3n de observaci\u00f3n electoral de la Uni\u00f3n Interamericana de Organismos Electorales (UNIORE) para las elecciones nacionales y departamentales de Paraguay celebradas este domingo 30 de abril.\u00a0J\u00e1quez Liranzo en su calidad\u2026","rel":"","context":"En \u00abNACIONALES\u00bb","block_context":{"text":"NACIONALES","link":"https:\/\/lasprimeras.com.do\/index.php\/category\/nacionales\/"},"img":{"alt_text":"","src":"","width":0,"height":0},"classes":[]},{"id":58110,"url":"https:\/\/lasprimeras.com.do\/index.php\/2023\/08\/19\/presidente-de-la-jce-encabeza-mision-que-supervisa-servicios-y-organizacion-del-voto-en-el-exterior\/","url_meta":{"origin":116193,"position":2},"title":"Presidente de la JCE encabeza misi\u00f3n que supervisa servicios y organizaci\u00f3n del voto en el exterior","author":"Nelson Feliz","date":"19 de agosto de 2023","format":false,"excerpt":"Misiones de observaci\u00f3n electoral de la JCE en Guatemala y Ecuador por elecciones de este domingo. El presidente de la Junta Central Electoral (JCE), Rom\u00e1n Andr\u00e9s J\u00e1quez Liranzo, realiza una ruta de trabajo en los Estados Unidos, donde supervisa los servicios que ofrece la instituci\u00f3n en el exterior, as\u00ed como\u2026","rel":"","context":"En \u00abNACIONALES\u00bb","block_context":{"text":"NACIONALES","link":"https:\/\/lasprimeras.com.do\/index.php\/category\/nacionales\/"},"img":{"alt_text":"Rom\u00e1n Andr\u00e9s J\u00e1quez Liranzo","src":"https:\/\/i0.wp.com\/lasprimeras.com.do\/wp-content\/uploads\/2023\/08\/Roman-Andres-Jaquez-Liranzo-1.jpg?resize=350%2C200&ssl=1","width":350,"height":200,"srcset":"https:\/\/i0.wp.com\/lasprimeras.com.do\/wp-content\/uploads\/2023\/08\/Roman-Andres-Jaquez-Liranzo-1.jpg?resize=350%2C200&ssl=1 1x, https:\/\/i0.wp.com\/lasprimeras.com.do\/wp-content\/uploads\/2023\/08\/Roman-Andres-Jaquez-Liranzo-1.jpg?resize=525%2C300&ssl=1 1.5x, https:\/\/i0.wp.com\/lasprimeras.com.do\/wp-content\/uploads\/2023\/08\/Roman-Andres-Jaquez-Liranzo-1.jpg?resize=700%2C400&ssl=1 2x"},"classes":[]},{"id":76922,"url":"https:\/\/lasprimeras.com.do\/index.php\/2024\/02\/15\/jce-deja-abierto-proceso-de-observacion-electoral-con-miras-a-elecciones-de-este-domingo\/","url_meta":{"origin":116193,"position":3},"title":"JCE deja abierto proceso de observaci\u00f3n electoral con miras a elecciones de este domingo","author":"Nelson Feliz","date":"15 de febrero de 2024","format":false,"excerpt":"Presidente del \u00f3rgano electoral resalta importante de la observaci\u00f3n electoral y da garant\u00edas de elecciones \u00edntegras y transparentes. La Junta Central Electoral (JCE) dio inicio al ciclo de conferencias y actividades para el despliegue territorial de las misiones de observaci\u00f3n electoral internacional que se encuentran en el pa\u00eds de cara\u2026","rel":"","context":"En \u00abNACIONALES\u00bb","block_context":{"text":"NACIONALES","link":"https:\/\/lasprimeras.com.do\/index.php\/category\/nacionales\/"},"img":{"alt_text":"JCE","src":"https:\/\/i0.wp.com\/lasprimeras.com.do\/wp-content\/uploads\/2024\/02\/JCE-4.jpg?resize=350%2C200&ssl=1","width":350,"height":200,"srcset":"https:\/\/i0.wp.com\/lasprimeras.com.do\/wp-content\/uploads\/2024\/02\/JCE-4.jpg?resize=350%2C200&ssl=1 1x, https:\/\/i0.wp.com\/lasprimeras.com.do\/wp-content\/uploads\/2024\/02\/JCE-4.jpg?resize=525%2C300&ssl=1 1.5x, https:\/\/i0.wp.com\/lasprimeras.com.do\/wp-content\/uploads\/2024\/02\/JCE-4.jpg?resize=700%2C400&ssl=1 2x"},"classes":[]},{"id":83414,"url":"https:\/\/lasprimeras.com.do\/index.php\/2024\/05\/16\/jce-oficializa-la-observacion-electoral-internacional-de-cara-a-las-elecciones-de-este-domingo\/","url_meta":{"origin":116193,"position":4},"title":"JCE oficializa la observaci\u00f3n electoral internacional de cara a las elecciones de este domingo","author":"Nelson Feliz","date":"16 de mayo de 2024","format":false,"excerpt":"M\u00e1s de 400 representantes de misiones internacionales observar\u00e1n comicios de este domingo. La Junta Central Electoral (JCE) inici\u00f3 este jueves la jornada de trabajo que da paso a la observaci\u00f3n electoral internacional con el inicio de un ciclo de conferencias y actividades para el despliegue territorial de las 21 misiones\u2026","rel":"","context":"En \u00abNACIONALES\u00bb","block_context":{"text":"NACIONALES","link":"https:\/\/lasprimeras.com.do\/index.php\/category\/nacionales\/"},"img":{"alt_text":"Junta Central Electoral","src":"https:\/\/i0.wp.com\/lasprimeras.com.do\/wp-content\/uploads\/2024\/05\/Junta-Central-Electoral.jpg?resize=350%2C200&ssl=1","width":350,"height":200,"srcset":"https:\/\/i0.wp.com\/lasprimeras.com.do\/wp-content\/uploads\/2024\/05\/Junta-Central-Electoral.jpg?resize=350%2C200&ssl=1 1x, https:\/\/i0.wp.com\/lasprimeras.com.do\/wp-content\/uploads\/2024\/05\/Junta-Central-Electoral.jpg?resize=525%2C300&ssl=1 1.5x, https:\/\/i0.wp.com\/lasprimeras.com.do\/wp-content\/uploads\/2024\/05\/Junta-Central-Electoral.jpg?resize=700%2C400&ssl=1 2x"},"classes":[]},{"id":76831,"url":"https:\/\/lasprimeras.com.do\/index.php\/2024\/02\/14\/jce-14-misiones-internacionales-observaran-elecciones-a-nivel-nacional\/","url_meta":{"origin":116193,"position":5},"title":"JCE: 14 misiones internacionales observaran elecciones a nivel nacional","author":"Nelson Feliz","date":"14 de febrero de 2024","format":false,"excerpt":"La Junta Central Electoral (JCE), con el objetivo de celebrar unas elecciones libres, justas y transparentes para el fortalecimiento de la democracia, contar\u00e1 con la observaci\u00f3n de 14 misiones de observaci\u00f3n electoral de diferentes pa\u00edses para las elecciones municipales de este domingo 18 de febrero. La OEA design\u00f3 a Eladio\u2026","rel":"","context":"En \u00abNACIONALES\u00bb","block_context":{"text":"NACIONALES","link":"https:\/\/lasprimeras.com.do\/index.php\/category\/nacionales\/"},"img":{"alt_text":"JCE","src":"https:\/\/i0.wp.com\/lasprimeras.com.do\/wp-content\/uploads\/2024\/02\/Obs.-4.jpg?resize=350%2C200&ssl=1","width":350,"height":200,"srcset":"https:\/\/i0.wp.com\/lasprimeras.com.do\/wp-content\/uploads\/2024\/02\/Obs.-4.jpg?resize=350%2C200&ssl=1 1x, https:\/\/i0.wp.com\/lasprimeras.com.do\/wp-content\/uploads\/2024\/02\/Obs.-4.jpg?resize=525%2C300&ssl=1 1.5x, https:\/\/i0.wp.com\/lasprimeras.com.do\/wp-content\/uploads\/2024\/02\/Obs.-4.jpg?resize=700%2C400&ssl=1 2x"},"classes":[]}],"jetpack_sharing_enabled":true,"_links":{"self":[{"href":"https:\/\/lasprimeras.com.do\/index.php\/wp-json\/wp\/v2\/posts\/116193","targetHints":{"allow":["GET"]}}],"collection":[{"href":"https:\/\/lasprimeras.com.do\/index.php\/wp-json\/wp\/v2\/posts"}],"about":[{"href":"https:\/\/lasprimeras.com.do\/index.php\/wp-json\/wp\/v2\/types\/post"}],"author":[{"embeddable":true,"href":"https:\/\/lasprimeras.com.do\/index.php\/wp-json\/wp\/v2\/users\/10"}],"replies":[{"embeddable":true,"href":"https:\/\/lasprimeras.com.do\/index.php\/wp-json\/wp\/v2\/comments?post=116193"}],"version-history":[{"count":1,"href":"https:\/\/lasprimeras.com.do\/index.php\/wp-json\/wp\/v2\/posts\/116193\/revisions"}],"predecessor-version":[{"id":116194,"href":"https:\/\/lasprimeras.com.do\/index.php\/wp-json\/wp\/v2\/posts\/116193\/revisions\/116194"}],"wp:featuredmedia":[{"embeddable":true,"href":"https:\/\/lasprimeras.com.do\/index.php\/wp-json\/wp\/v2\/media\/101903"}],"wp:attachment":[{"href":"https:\/\/lasprimeras.com.do\/index.php\/wp-json\/wp\/v2\/media?parent=116193"}],"wp:term":[{"taxonomy":"category","embeddable":true,"href":"https:\/\/lasprimeras.com.do\/index.php\/wp-json\/wp\/v2\/categories?post=116193"},{"taxonomy":"post_tag","embeddable":true,"href":"https:\/\/lasprimeras.com.do\/index.php\/wp-json\/wp\/v2\/tags?post=116193"}],"curies":[{"name":"wp","href":"https:\/\/api.w.org\/{rel}","templated":true}]}}