{"id":116197,"date":"2025-11-28T07:29:22","date_gmt":"2025-11-28T11:29:22","guid":{"rendered":"https:\/\/lasprimeras.com.do\/?p=116197"},"modified":"2025-11-28T07:29:24","modified_gmt":"2025-11-28T11:29:24","slug":"dida-lanza-el-premio-a-las-buenas-practicas-en-seguridad-social","status":"publish","type":"post","link":"https:\/\/lasprimeras.com.do\/index.php\/2025\/11\/28\/dida-lanza-el-premio-a-las-buenas-practicas-en-seguridad-social\/","title":{"rendered":"DIDA lanza el &#8220;Premio a las Buenas Pr\u00e1cticas en Seguridad Social&#8221;"},"content":{"rendered":"\n<p><strong>La instituci\u00f3n ha realizado m\u00e1s de 1,700 encuestas a afiliados y alrededor de 600 visitas de monitoreo a cl\u00ednicas, hospitales, farmacias, laboratorios para medir calidad en servicios en un a\u00f1o.<\/strong><\/p>\n\n\n\n<p>La Direcci\u00f3n General de Informaci\u00f3n y Defensa de los Afiliados a la Seguridad Social (DIDA) lanz\u00f3 el &#8220;Premio a las Buenas Pr\u00e1cticas en Seguridad Social&#8221;, una iniciativa dise\u00f1ada para reconocer y promover a las instituciones del Sistema Dominicano de Seguridad Social (SDSS) que demuestren un compromiso excepcional con la calidad, la innovaci\u00f3n y el trato humano.<\/p>\n\n\n\n<p>En el acto de lanzamiento asistieron Jos\u00e9 Vargas, presidente ejecutivo de la Asociaci\u00f3n Dominicana de Administradoras de Riesgos de Salud (ADARS); Alba Holgu\u00edn, directora ejecutiva de la Asociaci\u00f3n Dominicana de Igualas M\u00e9dicas y ARS (ADIMARS); Juan Est\u00e9vez, viceministro de Trabajo y suplente del presidente del Consejo Nacional de la Seguridad Social; Samuel Sena, presidente del Consejo de Desarrollo Econ\u00f3mico y Social de Santo Domingo (CODESSD) y miembro del CNSS.<\/p>\n\n\n\n<p>Tambi\u00e9n participaron Augusto de los Santos, director de Sistema \u00danico de Beneficiarios (SIUBEN); Hadeline Matos, viceministra del Ministerio de Administraci\u00f3n P\u00fablica; Ketty Wanda Quezada, directora de Investigaci\u00f3n, Monitoreo de la DIDA y coordinadora del premio; Kinller Moquete, asesor del premio y otros miembros del sector.<\/p>\n\n\n<div class=\"wp-block-image\">\n<figure class=\"alignleft size-full is-resized\"><img decoding=\"async\" width=\"900\" height=\"599\" src=\"https:\/\/lasprimeras.com.do\/wp-content\/uploads\/2025\/11\/2.-FOTO-ELIAS-BAEZ-DIRECTOR-DE-LA-DIDA.jpg\" alt=\"\" class=\"wp-image-116198\" style=\"width:394px;height:auto\" srcset=\"https:\/\/lasprimeras.com.do\/wp-content\/uploads\/2025\/11\/2.-FOTO-ELIAS-BAEZ-DIRECTOR-DE-LA-DIDA.jpg 900w, https:\/\/lasprimeras.com.do\/wp-content\/uploads\/2025\/11\/2.-FOTO-ELIAS-BAEZ-DIRECTOR-DE-LA-DIDA-300x200.jpg 300w, https:\/\/lasprimeras.com.do\/wp-content\/uploads\/2025\/11\/2.-FOTO-ELIAS-BAEZ-DIRECTOR-DE-LA-DIDA-768x511.jpg 768w\" sizes=\"(max-width: 900px) 100vw, 900px\" \/><\/figure>\n<\/div>\n\n\n<p>El\u00edas B\u00e1ez, director de la DIDA, inform\u00f3 que en esta primera edici\u00f3n tiene como objetivo visibilizar y galardonar los esfuerzos de Prestadoras de Servicios de Salud (PSS), Administradoras de Riesgos de Salud (ARS), m\u00e9dicos y entidades independientes que implementan modelos de gesti\u00f3n eficientes y resilientes en favor de los usuarios del sistema.<\/p>\n\n\n\n<p>Ba\u00e9z explic\u00f3 que ser\u00e1n evaluados siete renglones de Humanizaci\u00f3n de los Servicios de Salud, Gesti\u00f3n de Riesgos, Detecci\u00f3n y Prevenci\u00f3n de Irregularidades, Gesti\u00f3n Integral del Paciente, Experiencia del Usuario\/Afiliado, Protecci\u00f3n Financiera y Acceso para Poblaciones Vulnerables y Promoci\u00f3n y Prevenci\u00f3n de Salud.<\/p>\n\n\n\n<p>\u201cHoy lanzamos este Premio a las Buenas Pr\u00e1cticas en Seguridad Social porque creemos que las buenas acciones deben ser reconocidas, visibilizadas y convertidas en referentes de calidad y buena prestaci\u00f3n de servicio, porque cada esfuerzo por eficientizar los servicios en salud beneficia a millones de personas\u201d, expres\u00f3 el director.<\/p>\n\n\n\n<p>Destac\u00f3 que parte de la funci\u00f3n de la DIDA adem\u00e1s de orientar, informar y defender los derechos de los afiliados del Sistema Dominicano de Seguridad Social, tambi\u00e9n es el de promover, medir y monitorear la calidad de los servicios en salud, pensiones y riesgos laborales, por lo que han realizado m\u00e1s de 1,700 encuestas a afiliados y alrededor de 600 visita a cl\u00ednicas, hospitales, farmacias, laboratorios, cuyos resultados han permitido realizar recomendaciones de mejoras o ejecutar acciones de defensor\u00edas en favor de los afiliados.<\/p>\n\n\n\n<p>El funcionario dijo que los interesados pueden postularse desde el 27 de noviembre del 2025 hasta el 28 de febrero del 2026 en la p\u00e1gina https:\/\/www.dida.gob.do.<\/p>\n\n\n<div class=\"wp-block-image\">\n<figure class=\"alignright size-full is-resized\"><img decoding=\"async\" width=\"900\" height=\"599\" src=\"https:\/\/lasprimeras.com.do\/wp-content\/uploads\/2025\/11\/3.-FOTO-KETTY-WANDA-QUEZADA-DIRECTORA-DE-MONITOREO-INVESTIGACION-Y-COORDINADORA-DEL-PREMIO.jpg\" alt=\"\" class=\"wp-image-116199\" style=\"width:410px;height:auto\" srcset=\"https:\/\/lasprimeras.com.do\/wp-content\/uploads\/2025\/11\/3.-FOTO-KETTY-WANDA-QUEZADA-DIRECTORA-DE-MONITOREO-INVESTIGACION-Y-COORDINADORA-DEL-PREMIO.jpg 900w, https:\/\/lasprimeras.com.do\/wp-content\/uploads\/2025\/11\/3.-FOTO-KETTY-WANDA-QUEZADA-DIRECTORA-DE-MONITOREO-INVESTIGACION-Y-COORDINADORA-DEL-PREMIO-300x200.jpg 300w, https:\/\/lasprimeras.com.do\/wp-content\/uploads\/2025\/11\/3.-FOTO-KETTY-WANDA-QUEZADA-DIRECTORA-DE-MONITOREO-INVESTIGACION-Y-COORDINADORA-DEL-PREMIO-768x511.jpg 768w\" sizes=\"(max-width: 900px) 100vw, 900px\" \/><\/figure>\n<\/div>\n\n\n<p>Mientras que Ketty Wanda Quezada, coordinadora del premio, indic\u00f3 que participar en este premio es una oportunidad para destacar el trabajo bien hecho, para recibir retroalimentaci\u00f3n t\u00e9cnica, y para que los participantes se posicionen como referentes comprometido con el bienestar de los afiliados.<\/p>\n\n\n\n<p>En tanto que Kinller Moquete, consultor l\u00edder de la firma Agencia Multimedios Sociedad de la Informaci\u00f3n, SRL, destac\u00f3 que \u201cel Premio, sus renglones y sus criterios de evaluaci\u00f3n han sido dise\u00f1ados para asegurar la excelencia en el servicio a los afiliados, promover una sana competencia entre las instituciones y fortalecer de manera sostenible el Sistema Dominicano de Seguridad Social, reconociendo pr\u00e1cticas ejemplares y motivando la mejora continua en beneficio de la ciudadan\u00eda.<\/p>\n\n\n\n<figure class=\"wp-block-image size-full\"><img decoding=\"async\" width=\"900\" height=\"599\" src=\"https:\/\/lasprimeras.com.do\/wp-content\/uploads\/2025\/11\/4.-KINLLER-MOQUETE-ASESOR-DEL-PREMIO.jpg\" alt=\"\" class=\"wp-image-116200\" srcset=\"https:\/\/lasprimeras.com.do\/wp-content\/uploads\/2025\/11\/4.-KINLLER-MOQUETE-ASESOR-DEL-PREMIO.jpg 900w, https:\/\/lasprimeras.com.do\/wp-content\/uploads\/2025\/11\/4.-KINLLER-MOQUETE-ASESOR-DEL-PREMIO-300x200.jpg 300w, https:\/\/lasprimeras.com.do\/wp-content\/uploads\/2025\/11\/4.-KINLLER-MOQUETE-ASESOR-DEL-PREMIO-768x511.jpg 768w\" sizes=\"(max-width: 900px) 100vw, 900px\" \/><\/figure>\n","protected":false},"excerpt":{"rendered":"<p>La instituci\u00f3n ha realizado m\u00e1s de 1,700 encuestas a afiliados y alrededor de 600 visitas de monitoreo a cl\u00ednicas, hospitales, farmacias, laboratorios para medir calidad en servicios en un a\u00f1o.&hellip;<\/p>\n","protected":false},"author":10,"featured_media":0,"comment_status":"open","ping_status":"open","sticky":false,"template":"","format":"standard","meta":{"content-type":"","jetpack_post_was_ever_published":false,"_jetpack_newsletter_access":"","_jetpack_dont_email_post_to_subs":false,"_jetpack_newsletter_tier_id":0,"_jetpack_memberships_contains_paywalled_content":false,"_jetpack_memberships_contains_paid_content":false,"footnotes":""},"categories":[84,25],"tags":[9736,872,27920],"class_list":["post-116197","post","type-post","status-publish","format-standard","hentry","category-entretenimiento","category-portada","tag-dida","tag-lanza","tag-premio-a-las-buenas-practicas-en-seguridad-social"],"jetpack_featured_media_url":"","jetpack-related-posts":[{"id":114307,"url":"https:\/\/lasprimeras.com.do\/index.php\/2025\/11\/12\/dida-ofrece-mas-1-millon-de-asistencias-en-primer-ano-de-gestion-de-elias-baez\/","url_meta":{"origin":116197,"position":0},"title":"DIDA ofrece m\u00e1s 1 mill\u00f3n de asistencias en primer a\u00f1o de gesti\u00f3n de El\u00edas B\u00e1ez","author":"Nelson Feliz","date":"12 de noviembre de 2025","format":false,"excerpt":"Instituci\u00f3n ha ahorrado e identificado m\u00e1s de 500 millones de pesos a los afiliados del Sistema Dominicano de Seguridad Social. Lanza Premio a las Buenas Pr\u00e1cticas. La Direcci\u00f3n General de Informaci\u00f3n y Defensa de los Afiliados a la Seguridad Social (DIDA) ofreci\u00f3 m\u00e1s de 1 mill\u00f3n 243 mil asistencias en\u2026","rel":"","context":"En \u00abECONOM\u00cdA\u00bb","block_context":{"text":"ECONOM\u00cdA","link":"https:\/\/lasprimeras.com.do\/index.php\/category\/economia\/"},"img":{"alt_text":"","src":"https:\/\/i0.wp.com\/lasprimeras.com.do\/wp-content\/uploads\/2025\/11\/ELIAS-BAEZ.jpg?resize=350%2C200&ssl=1","width":350,"height":200,"srcset":"https:\/\/i0.wp.com\/lasprimeras.com.do\/wp-content\/uploads\/2025\/11\/ELIAS-BAEZ.jpg?resize=350%2C200&ssl=1 1x, https:\/\/i0.wp.com\/lasprimeras.com.do\/wp-content\/uploads\/2025\/11\/ELIAS-BAEZ.jpg?resize=525%2C300&ssl=1 1.5x, https:\/\/i0.wp.com\/lasprimeras.com.do\/wp-content\/uploads\/2025\/11\/ELIAS-BAEZ.jpg?resize=700%2C400&ssl=1 2x"},"classes":[]},{"id":96086,"url":"https:\/\/lasprimeras.com.do\/index.php\/2025\/03\/25\/presidente-de-sociedades-medicas-cuestiona-a-director-de-la-dida-por-sus-declaraciones-contra-los-medicos\/","url_meta":{"origin":116197,"position":1},"title":"Presidente de Sociedades M\u00e9dicas cuestiona a director de la DIDA por sus declaraciones contra los m\u00e9dicos","author":"Nelson Feliz","date":"25 de marzo de 2025","format":false,"excerpt":"El presidente del Consejo Nacional de Sociedades M\u00e9dicas Especializadas, doctor Luis Farington, calific\u00f3 como infundadas las recientes declaraciones del director general de la Direcci\u00f3n General de Informaci\u00f3n y Defensa de los Afiliados a la Seguridad Social (DIDA), El\u00edas B\u00e1ez, quien en los \u00faltimos meses ha emitido comentarios en contra de\u2026","rel":"","context":"En \u00abSALUD\u00bb","block_context":{"text":"SALUD","link":"https:\/\/lasprimeras.com.do\/index.php\/category\/salud\/"},"img":{"alt_text":"Luis Farington","src":"https:\/\/i0.wp.com\/lasprimeras.com.do\/wp-content\/uploads\/2025\/03\/Luis-Farington.jpg?resize=350%2C200&ssl=1","width":350,"height":200,"srcset":"https:\/\/i0.wp.com\/lasprimeras.com.do\/wp-content\/uploads\/2025\/03\/Luis-Farington.jpg?resize=350%2C200&ssl=1 1x, https:\/\/i0.wp.com\/lasprimeras.com.do\/wp-content\/uploads\/2025\/03\/Luis-Farington.jpg?resize=525%2C300&ssl=1 1.5x, https:\/\/i0.wp.com\/lasprimeras.com.do\/wp-content\/uploads\/2025\/03\/Luis-Farington.jpg?resize=700%2C400&ssl=1 2x"},"classes":[]},{"id":91828,"url":"https:\/\/lasprimeras.com.do\/index.php\/2024\/12\/03\/la-dida-solicita-sanciones-contra-prestadores-de-servicios-de-salud\/","url_meta":{"origin":116197,"position":2},"title":"La DIDA solicita sanciones contra Prestadores de Servicios de Salud","author":"Nelson Feliz","date":"3 de diciembre de 2024","format":false,"excerpt":"La Direcci\u00f3n General de Informaci\u00f3n y Defensa de los Afiliados a la Seguridad Social (DIDA) remiti\u00f3 a la Superintendencia de Salud y Riesgos Laborales (SISALRIL) incidencias ocurridas en varios Prestadores de Servicios de Salud y que fueron reportadas por afiliados ante la entidad. El objetivo es que se inicien investigaciones\u2026","rel":"","context":"En \u00abECONOM\u00cdA\u00bb","block_context":{"text":"ECONOM\u00cdA","link":"https:\/\/lasprimeras.com.do\/index.php\/category\/economia\/"},"img":{"alt_text":"","src":"https:\/\/i0.wp.com\/lasprimeras.com.do\/wp-content\/uploads\/2024\/12\/dida.jpg?resize=350%2C200&ssl=1","width":350,"height":200,"srcset":"https:\/\/i0.wp.com\/lasprimeras.com.do\/wp-content\/uploads\/2024\/12\/dida.jpg?resize=350%2C200&ssl=1 1x, https:\/\/i0.wp.com\/lasprimeras.com.do\/wp-content\/uploads\/2024\/12\/dida.jpg?resize=525%2C300&ssl=1 1.5x, https:\/\/i0.wp.com\/lasprimeras.com.do\/wp-content\/uploads\/2024\/12\/dida.jpg?resize=700%2C400&ssl=1 2x"},"classes":[]},{"id":68274,"url":"https:\/\/lasprimeras.com.do\/index.php\/2023\/11\/22\/dida-convoca-comite-interinstitucional\/","url_meta":{"origin":116197,"position":3},"title":"DIDA convoca Comit\u00e9 Interinstitucional","author":"Nelson Feliz","date":"22 de noviembre de 2023","format":false,"excerpt":"Iniciar Procesos Aprobaci\u00f3n Traspaso Sistema de Reparto Servidores P\u00fablicos Afiliados a una AFP. Por Martin Restituyo La Titular de la Direcci\u00f3n General de Informaci\u00f3n y Defensa de los Afiliados a la Seguridad Social (DIDA) Carolina Serrata M\u00e9ndez convoc\u00f3 la Comisi\u00f3n Interinstitucional de Traspasos de Cuenta de Capitalizaci\u00f3n Individual al Sistema\u2026","rel":"","context":"En \u00abECONOM\u00cdA\u00bb","block_context":{"text":"ECONOM\u00cdA","link":"https:\/\/lasprimeras.com.do\/index.php\/category\/economia\/"},"img":{"alt_text":"Carolina Serrata M\u00e9ndez","src":"https:\/\/i0.wp.com\/lasprimeras.com.do\/wp-content\/uploads\/2023\/11\/Carolina-Serrata-Mendez.jpg?resize=350%2C200&ssl=1","width":350,"height":200,"srcset":"https:\/\/i0.wp.com\/lasprimeras.com.do\/wp-content\/uploads\/2023\/11\/Carolina-Serrata-Mendez.jpg?resize=350%2C200&ssl=1 1x, https:\/\/i0.wp.com\/lasprimeras.com.do\/wp-content\/uploads\/2023\/11\/Carolina-Serrata-Mendez.jpg?resize=525%2C300&ssl=1 1.5x, https:\/\/i0.wp.com\/lasprimeras.com.do\/wp-content\/uploads\/2023\/11\/Carolina-Serrata-Mendez.jpg?resize=700%2C400&ssl=1 2x"},"classes":[]},{"id":109913,"url":"https:\/\/lasprimeras.com.do\/index.php\/2025\/09\/23\/lanzan-nuevo-programa-radial-la-dida-te-informa-para-orientar-a-la-poblacion\/","url_meta":{"origin":116197,"position":4},"title":"Lanzan nuevo programa radial \u201cLa DIDA Te Informa\u201d para orientar a la poblaci\u00f3n","author":"Nelson Feliz","date":"23 de septiembre de 2025","format":false,"excerpt":"La Direcci\u00f3n General de Informaci\u00f3n y Defensa de los Afiliados a la Seguridad Social(DIDA) inici\u00f3 un nuevo programa de radio \u201cLa DIDA Te Informa\u201d, un espacio creado con el prop\u00f3sito de orientar, defender e informar a los afiliados al Sistema Dominicano de Seguridad Social (SDSS) sobre sus derechos y deberes\u2026","rel":"","context":"En \u00abENTRETENIMIENTO\u00bb","block_context":{"text":"ENTRETENIMIENTO","link":"https:\/\/lasprimeras.com.do\/index.php\/category\/entretenimiento\/"},"img":{"alt_text":"","src":"https:\/\/i0.wp.com\/lasprimeras.com.do\/wp-content\/uploads\/2025\/09\/Elias-Baez-1.jpg?resize=350%2C200&ssl=1","width":350,"height":200,"srcset":"https:\/\/i0.wp.com\/lasprimeras.com.do\/wp-content\/uploads\/2025\/09\/Elias-Baez-1.jpg?resize=350%2C200&ssl=1 1x, https:\/\/i0.wp.com\/lasprimeras.com.do\/wp-content\/uploads\/2025\/09\/Elias-Baez-1.jpg?resize=525%2C300&ssl=1 1.5x, https:\/\/i0.wp.com\/lasprimeras.com.do\/wp-content\/uploads\/2025\/09\/Elias-Baez-1.jpg?resize=700%2C400&ssl=1 2x"},"classes":[]},{"id":118627,"url":"https:\/\/lasprimeras.com.do\/index.php\/2026\/01\/01\/identifican-mas-de-rd1000-millones-en-cuentas-de-afiliados-fallecidos-y-llama-a-reclamarlos\/","url_meta":{"origin":116197,"position":5},"title":"Identifican m\u00e1s de RD$1,000 millones en cuentas de afiliados fallecidos y llama a reclamarlos","author":"Nelson Feliz","date":"1 de enero de 2026","format":false,"excerpt":"Tambi\u00e9n hay m\u00e1s de 6,000 pensiones disponibles para ser reclamadas. La Direcci\u00f3n General de Informaci\u00f3n y Defensa de los Afiliados a la Seguridad Social (Dida) inform\u00f3 este mi\u00e9rcoles que identific\u00f3 m\u00e1s de 1,000 millones de pesos depositados en cuentas de afiliados fallecidos en las Administradoras de Fondos de Pensiones (AFP).\u2026","rel":"","context":"En \u00abECONOM\u00cdA\u00bb","block_context":{"text":"ECONOM\u00cdA","link":"https:\/\/lasprimeras.com.do\/index.php\/category\/economia\/"},"img":{"alt_text":"Dida","src":"https:\/\/i0.wp.com\/lasprimeras.com.do\/wp-content\/uploads\/2026\/01\/Dida.jpg?resize=350%2C200&ssl=1","width":350,"height":200,"srcset":"https:\/\/i0.wp.com\/lasprimeras.com.do\/wp-content\/uploads\/2026\/01\/Dida.jpg?resize=350%2C200&ssl=1 1x, https:\/\/i0.wp.com\/lasprimeras.com.do\/wp-content\/uploads\/2026\/01\/Dida.jpg?resize=525%2C300&ssl=1 1.5x, https:\/\/i0.wp.com\/lasprimeras.com.do\/wp-content\/uploads\/2026\/01\/Dida.jpg?resize=700%2C400&ssl=1 2x"},"classes":[]}],"jetpack_sharing_enabled":true,"_links":{"self":[{"href":"https:\/\/lasprimeras.com.do\/index.php\/wp-json\/wp\/v2\/posts\/116197","targetHints":{"allow":["GET"]}}],"collection":[{"href":"https:\/\/lasprimeras.com.do\/index.php\/wp-json\/wp\/v2\/posts"}],"about":[{"href":"https:\/\/lasprimeras.com.do\/index.php\/wp-json\/wp\/v2\/types\/post"}],"author":[{"embeddable":true,"href":"https:\/\/lasprimeras.com.do\/index.php\/wp-json\/wp\/v2\/users\/10"}],"replies":[{"embeddable":true,"href":"https:\/\/lasprimeras.com.do\/index.php\/wp-json\/wp\/v2\/comments?post=116197"}],"version-history":[{"count":1,"href":"https:\/\/lasprimeras.com.do\/index.php\/wp-json\/wp\/v2\/posts\/116197\/revisions"}],"predecessor-version":[{"id":116201,"href":"https:\/\/lasprimeras.com.do\/index.php\/wp-json\/wp\/v2\/posts\/116197\/revisions\/116201"}],"wp:attachment":[{"href":"https:\/\/lasprimeras.com.do\/index.php\/wp-json\/wp\/v2\/media?parent=116197"}],"wp:term":[{"taxonomy":"category","embeddable":true,"href":"https:\/\/lasprimeras.com.do\/index.php\/wp-json\/wp\/v2\/categories?post=116197"},{"taxonomy":"post_tag","embeddable":true,"href":"https:\/\/lasprimeras.com.do\/index.php\/wp-json\/wp\/v2\/tags?post=116197"}],"curies":[{"name":"wp","href":"https:\/\/api.w.org\/{rel}","templated":true}]}}