{"id":116211,"date":"2025-11-28T09:21:10","date_gmt":"2025-11-28T13:21:10","guid":{"rendered":"https:\/\/lasprimeras.com.do\/?p=116211"},"modified":"2025-11-28T09:21:12","modified_gmt":"2025-11-28T13:21:12","slug":"tobias-crespo-anuncia-aspiraciones-a-la-alcaldia-del-dn-critica-al-prm-por-narcotrafico-y-corrupcion","status":"publish","type":"post","link":"https:\/\/lasprimeras.com.do\/index.php\/2025\/11\/28\/tobias-crespo-anuncia-aspiraciones-a-la-alcaldia-del-dn-critica-al-prm-por-narcotrafico-y-corrupcion\/","title":{"rendered":"Tob\u00edas Crespo anuncia aspiraciones a la Alcald\u00eda del DN; critica al PRM por narcotr\u00e1fico y corrupci\u00f3n"},"content":{"rendered":"\n<p><strong>-El experimentado legislador, tras 18 a\u00f1os en el Congreso, se encuentra en un proceso de consulta popular antes de formalizar su candidatura por La Fuerza del Pueblo.<\/strong><\/p>\n\n\n\n<p>El miembro prominente de La Fuerza del Pueblo (FP), diputado Rafael Tob\u00edas Crespo, ha anunciado su intenci\u00f3n de postularse para la Alcald\u00eda del Distrito Nacional.<\/p>\n\n\n\n<p>Confirm\u00f3 que, tras concluir su cuarto per\u00edodo como legislador, su etapa en el Congreso ha finalizado y ahora se enfoca en dirigir y organizar la capital.<\/p>\n\n\n\n<p>Actualmente, se encuentra en un proceso de consulta sobre sus posibles aspiraciones en las diferentes circunscripciones.<\/p>\n\n\n\n<p>Durante una entrevista en el programa A Diario, Crespo fue enf\u00e1tico al abordar temas de pol\u00edtica nacional, cargando duramente contra el Partido Revolucionario Moderno (PRM) y su dirigencia.<\/p>\n\n\n\n<p>Sostuvo que el PRM, en lugar de implementar filtros, &#8220;puso puentes para que el narcotr\u00e1fico entrara a la pol\u00edtica&#8221;, y que varios de sus dirigentes han sido fotografiados con narcotraficantes.<\/p>\n\n\n\n<p>Asegur\u00f3 que en el partido de gobierno &#8220;brota la pus de la corrupci\u00f3n&#8221;.<\/p>\n\n\n\n<p>Crespo pidi\u00f3 al presidente del PRM, Jos\u00e9 Ignacio Paliza, disculparse con el pueblo dominicano por la situaci\u00f3n.<\/p>\n\n\n\n<p>Adem\u00e1s, hizo un llamado a la Junta Central Electoral (JCE) para que establezca mecanismos efectivos para evitar que personas vinculadas al crimen organizado puedan ser candidatos, aunque reconoci\u00f3 las limitaciones legales actuales de la JCE para anular candidaturas.<\/p>\n\n\n\n<p>Finalmente, el legislador invit\u00f3 al pueblo dominicano a unirse masivamente a la marcha de La Fuerza del Pueblo, programada para el pr\u00f3ximo domingo a las 10 a.m. desde la Albert Thomas con Nicol\u00e1s de Ovando, asegurando que &#8220;nadie la detiene.<\/p>\n","protected":false},"excerpt":{"rendered":"<p>-El experimentado legislador, tras 18 a\u00f1os en el Congreso, se encuentra en un proceso de consulta popular antes de formalizar su candidatura por La Fuerza del Pueblo. El miembro prominente&hellip;<\/p>\n","protected":false},"author":10,"featured_media":116212,"comment_status":"open","ping_status":"open","sticky":false,"template":"","format":"standard","meta":{"content-type":"","jetpack_post_was_ever_published":false,"_jetpack_newsletter_access":"","_jetpack_dont_email_post_to_subs":false,"_jetpack_newsletter_tier_id":0,"_jetpack_memberships_contains_paywalled_content":false,"_jetpack_memberships_contains_paid_content":false,"footnotes":""},"categories":[16559,25],"tags":[869,2133,1841,2492,5724,31,14761],"class_list":["post-116211","post","type-post","status-publish","format-standard","has-post-thumbnail","hentry","category-politica","category-portada","tag-alcaldia","tag-aspiraciones","tag-corrupcion","tag-distrito-nacional","tag-narcotrafico","tag-prm","tag-tobias-crespo-2"],"jetpack_featured_media_url":"https:\/\/lasprimeras.com.do\/wp-content\/uploads\/2025\/11\/Rafael-Tobias-Crespo.jpeg","jetpack-related-posts":[{"id":103035,"url":"https:\/\/lasprimeras.com.do\/index.php\/2025\/07\/10\/a-los-presidenciables-del-prm-si-les-quitan-el-cargo-se-ponen-mas-chiquito-que-un-raton-tobias-crespo\/","url_meta":{"origin":116211,"position":0},"title":"&#8220;A los presidenciables del PRM, si les quitan el cargo se ponen m\u00e1s chiquito que un rat\u00f3n&#8221;, Tob\u00edas Crespo","author":"Nelson Feliz","date":"10 de julio de 2025","format":false,"excerpt":"\"A los presidenciables del PRM, si les quitan el cargo se ponen m\u00e1s chiquito que un rat\u00f3n\", as\u00ed lo consider\u00f3 este lunes el diputado de la circunscripci\u00f3n 2, del Distrito Nacional por la Fuerza del Pueblo (FP), Tob\u00edas Crespo, al ser cuestionado sobre la violaci\u00f3n a la ley de r\u00e9gimen\u2026","rel":"","context":"En \u00abPOLITICA\u00bb","block_context":{"text":"POLITICA","link":"https:\/\/lasprimeras.com.do\/index.php\/category\/politica\/"},"img":{"alt_text":"","src":"https:\/\/i0.wp.com\/lasprimeras.com.do\/wp-content\/uploads\/2023\/11\/Tobias-Crespo.jpg?resize=350%2C200&ssl=1","width":350,"height":200,"srcset":"https:\/\/i0.wp.com\/lasprimeras.com.do\/wp-content\/uploads\/2023\/11\/Tobias-Crespo.jpg?resize=350%2C200&ssl=1 1x, https:\/\/i0.wp.com\/lasprimeras.com.do\/wp-content\/uploads\/2023\/11\/Tobias-Crespo.jpg?resize=525%2C300&ssl=1 1.5x, https:\/\/i0.wp.com\/lasprimeras.com.do\/wp-content\/uploads\/2023\/11\/Tobias-Crespo.jpg?resize=700%2C400&ssl=1 2x"},"classes":[]},{"id":122458,"url":"https:\/\/lasprimeras.com.do\/index.php\/2026\/02\/17\/tobias-crespo-alcaldia-del-dn-ignora-ley-de-movilidad-ante-crisis-de-transito\/","url_meta":{"origin":116211,"position":1},"title":"Tob\u00edas Crespo : Alcald\u00eda del DN ignora Ley de Movilidad ante crisis de tr\u00e1nsito","author":"Nelson Feliz","date":"17 de febrero de 2026","format":false,"excerpt":"El diputado del partido Fuerza del Pueblo (FP), Rafael Tob\u00edas Crespo, afirm\u00f3 que el trabajo y la colaboraci\u00f3n de la alcald\u00eda, es fundamental para contribuir con el mejoramiento del tr\u00e1nsito vehicular en el Distrito Nacional, donde impera un caos permanente en sus principales calles y avenidas. \u201cLa alcald\u00eda del DN\u2026","rel":"","context":"En \u00abPOLITICA\u00bb","block_context":{"text":"POLITICA","link":"https:\/\/lasprimeras.com.do\/index.php\/category\/politica\/"},"img":{"alt_text":"","src":"https:\/\/i0.wp.com\/lasprimeras.com.do\/wp-content\/uploads\/2026\/02\/tobias.jpg?resize=350%2C200&ssl=1","width":350,"height":200,"srcset":"https:\/\/i0.wp.com\/lasprimeras.com.do\/wp-content\/uploads\/2026\/02\/tobias.jpg?resize=350%2C200&ssl=1 1x, https:\/\/i0.wp.com\/lasprimeras.com.do\/wp-content\/uploads\/2026\/02\/tobias.jpg?resize=525%2C300&ssl=1 1.5x, https:\/\/i0.wp.com\/lasprimeras.com.do\/wp-content\/uploads\/2026\/02\/tobias.jpg?resize=700%2C400&ssl=1 2x"},"classes":[]},{"id":95860,"url":"https:\/\/lasprimeras.com.do\/index.php\/2025\/03\/21\/tobias-crespo-gobierno-esta-relajando-con-problema-del-transito-en-la-republica-dominicana\/","url_meta":{"origin":116211,"position":2},"title":"Tob\u00edas Crespo: \u201cGobierno est\u00e1 relajando\u201d con problema del tr\u00e1nsito en la Rep\u00fablica Dominicana","author":"Nelson Feliz","date":"21 de marzo de 2025","format":false,"excerpt":"El diputado de la Circunscripci\u00f3n 2 del Distrito Nacional de la Fuerza del Pueblo, Rafael Tob\u00edas Crespo, afirma que el \u201cGobierno est\u00e1 relajando\u201d con problema del tr\u00e1nsito en la Rep\u00fablica Dominicana. El legislador ve al Gobierno \u201ccomo una locura-seg\u00fan indic\u00f3-, porque est\u00e1 fideicomisando el Estado completo\u201d. Tob\u00edas Crespo reiter\u00f3 que\u2026","rel":"","context":"En \u00abPOLITICA\u00bb","block_context":{"text":"POLITICA","link":"https:\/\/lasprimeras.com.do\/index.php\/category\/politica\/"},"img":{"alt_text":"","src":"https:\/\/i0.wp.com\/lasprimeras.com.do\/wp-content\/uploads\/2023\/11\/Tobias-Crespo.jpg?resize=350%2C200&ssl=1","width":350,"height":200,"srcset":"https:\/\/i0.wp.com\/lasprimeras.com.do\/wp-content\/uploads\/2023\/11\/Tobias-Crespo.jpg?resize=350%2C200&ssl=1 1x, https:\/\/i0.wp.com\/lasprimeras.com.do\/wp-content\/uploads\/2023\/11\/Tobias-Crespo.jpg?resize=525%2C300&ssl=1 1.5x, https:\/\/i0.wp.com\/lasprimeras.com.do\/wp-content\/uploads\/2023\/11\/Tobias-Crespo.jpg?resize=700%2C400&ssl=1 2x"},"classes":[]},{"id":87522,"url":"https:\/\/lasprimeras.com.do\/index.php\/2024\/08\/13\/fp-escoge-a-omar-fernandez-y-tobias-crespo-como-representantes-en-el-cnm\/","url_meta":{"origin":116211,"position":3},"title":"FP escoge a Omar Fern\u00e1ndez y Tob\u00edas Crespo como representantes en el CNM","author":"Nelson Feliz","date":"13 de agosto de 2024","format":false,"excerpt":"El senador Omar Fern\u00e1ndez y el diputado Tob\u00edas Crespo ser\u00e1n los representantes del partido Fuerza del Pueblo (FP) en el Consejo Nacional de la Magistratura (CNM), debido a que esta organizaci\u00f3n pol\u00edtica ostenta la segunda mayor\u00eda en el Senado de la Rep\u00fablica y en la C\u00e1mara de Diputados. La decisi\u00f3n\u2026","rel":"","context":"En \u00abSin categor\u00eda\u00bb","block_context":{"text":"Sin categor\u00eda","link":"https:\/\/lasprimeras.com.do\/index.php\/category\/sin-categoria\/"},"img":{"alt_text":"Omar Fern\u00e1ndez y Tob\u00edas Crespo","src":"https:\/\/i0.wp.com\/lasprimeras.com.do\/wp-content\/uploads\/2024\/08\/Omar-Fernandez-y-Tobias-Crespo.jpeg?resize=350%2C200&ssl=1","width":350,"height":200,"srcset":"https:\/\/i0.wp.com\/lasprimeras.com.do\/wp-content\/uploads\/2024\/08\/Omar-Fernandez-y-Tobias-Crespo.jpeg?resize=350%2C200&ssl=1 1x, https:\/\/i0.wp.com\/lasprimeras.com.do\/wp-content\/uploads\/2024\/08\/Omar-Fernandez-y-Tobias-Crespo.jpeg?resize=525%2C300&ssl=1 1.5x, https:\/\/i0.wp.com\/lasprimeras.com.do\/wp-content\/uploads\/2024\/08\/Omar-Fernandez-y-Tobias-Crespo.jpeg?resize=700%2C400&ssl=1 2x, https:\/\/i0.wp.com\/lasprimeras.com.do\/wp-content\/uploads\/2024\/08\/Omar-Fernandez-y-Tobias-Crespo.jpeg?resize=1050%2C600&ssl=1 3x"},"classes":[]},{"id":66521,"url":"https:\/\/lasprimeras.com.do\/index.php\/2023\/11\/07\/diputados-opositores-solicitan-interpelacion-de-hugo-beras\/","url_meta":{"origin":116211,"position":4},"title":"Diputados opositores solicitan interpelaci\u00f3n de Hugo Beras","author":"Nelson Feliz","date":"7 de noviembre de 2023","format":false,"excerpt":"Tob\u00edas Crespo, explic\u00f3 que el funcionario supuestamente viol\u00f3 el art\u00edculo 146 de la Carta Magna. Los diputados del Partido Fuerza del Pueblo (FP) solicitaron a la C\u00e1mara Baja la interpelaci\u00f3n del director ejecutivo del Instituto Nacional de Tr\u00e1nsito y Transporte Terrestre (Intrant), Hugo Beras, por violar varios art\u00edculos de la\u2026","rel":"","context":"En \u00abPORTADA\u00bb","block_context":{"text":"PORTADA","link":"https:\/\/lasprimeras.com.do\/index.php\/category\/portada\/"},"img":{"alt_text":"Tobias Crespo","src":"https:\/\/i0.wp.com\/lasprimeras.com.do\/wp-content\/uploads\/2023\/11\/Tobias-Crespo-1.jpg?resize=350%2C200&ssl=1","width":350,"height":200,"srcset":"https:\/\/i0.wp.com\/lasprimeras.com.do\/wp-content\/uploads\/2023\/11\/Tobias-Crespo-1.jpg?resize=350%2C200&ssl=1 1x, https:\/\/i0.wp.com\/lasprimeras.com.do\/wp-content\/uploads\/2023\/11\/Tobias-Crespo-1.jpg?resize=525%2C300&ssl=1 1.5x, https:\/\/i0.wp.com\/lasprimeras.com.do\/wp-content\/uploads\/2023\/11\/Tobias-Crespo-1.jpg?resize=700%2C400&ssl=1 2x"},"classes":[]},{"id":95026,"url":"https:\/\/lasprimeras.com.do\/index.php\/2025\/03\/09\/tobias-crespo-inicia-entrega-documento-para-agilizar-obtencion-titulos-propiedad\/","url_meta":{"origin":116211,"position":5},"title":"Tob\u00edas Crespo inicia entrega documento para agilizar obtenci\u00f3n t\u00edtulos propiedad","author":"Nelson Feliz","date":"9 de marzo de 2025","format":false,"excerpt":"El presidente de la Comisi\u00f3n Permanente de Contratos de la C\u00e1mara de Diputados, Rafael Tob\u00edas Crespo, inici\u00f3 la entrega de cartas a pobladores del Distrito Nacional para que puedan agilizar y realizar los tr\u00e1mites para obtener sus t\u00edtulos de propiedad de sus respectivas viviendas de manera definitiva. \u201cEstamos entregamos una\u2026","rel":"","context":"En \u00abPOLITICA\u00bb","block_context":{"text":"POLITICA","link":"https:\/\/lasprimeras.com.do\/index.php\/category\/politica\/"},"img":{"alt_text":"","src":"https:\/\/i0.wp.com\/lasprimeras.com.do\/wp-content\/uploads\/2025\/03\/Tobias-Crespo.jpg?resize=350%2C200&ssl=1","width":350,"height":200,"srcset":"https:\/\/i0.wp.com\/lasprimeras.com.do\/wp-content\/uploads\/2025\/03\/Tobias-Crespo.jpg?resize=350%2C200&ssl=1 1x, https:\/\/i0.wp.com\/lasprimeras.com.do\/wp-content\/uploads\/2025\/03\/Tobias-Crespo.jpg?resize=525%2C300&ssl=1 1.5x"},"classes":[]}],"jetpack_sharing_enabled":true,"_links":{"self":[{"href":"https:\/\/lasprimeras.com.do\/index.php\/wp-json\/wp\/v2\/posts\/116211","targetHints":{"allow":["GET"]}}],"collection":[{"href":"https:\/\/lasprimeras.com.do\/index.php\/wp-json\/wp\/v2\/posts"}],"about":[{"href":"https:\/\/lasprimeras.com.do\/index.php\/wp-json\/wp\/v2\/types\/post"}],"author":[{"embeddable":true,"href":"https:\/\/lasprimeras.com.do\/index.php\/wp-json\/wp\/v2\/users\/10"}],"replies":[{"embeddable":true,"href":"https:\/\/lasprimeras.com.do\/index.php\/wp-json\/wp\/v2\/comments?post=116211"}],"version-history":[{"count":1,"href":"https:\/\/lasprimeras.com.do\/index.php\/wp-json\/wp\/v2\/posts\/116211\/revisions"}],"predecessor-version":[{"id":116213,"href":"https:\/\/lasprimeras.com.do\/index.php\/wp-json\/wp\/v2\/posts\/116211\/revisions\/116213"}],"wp:featuredmedia":[{"embeddable":true,"href":"https:\/\/lasprimeras.com.do\/index.php\/wp-json\/wp\/v2\/media\/116212"}],"wp:attachment":[{"href":"https:\/\/lasprimeras.com.do\/index.php\/wp-json\/wp\/v2\/media?parent=116211"}],"wp:term":[{"taxonomy":"category","embeddable":true,"href":"https:\/\/lasprimeras.com.do\/index.php\/wp-json\/wp\/v2\/categories?post=116211"},{"taxonomy":"post_tag","embeddable":true,"href":"https:\/\/lasprimeras.com.do\/index.php\/wp-json\/wp\/v2\/tags?post=116211"}],"curies":[{"name":"wp","href":"https:\/\/api.w.org\/{rel}","templated":true}]}}