{"id":116218,"date":"2025-11-28T09:44:44","date_gmt":"2025-11-28T13:44:44","guid":{"rendered":"https:\/\/lasprimeras.com.do\/?p=116218"},"modified":"2025-11-28T09:44:45","modified_gmt":"2025-11-28T13:44:45","slug":"catalina-olea-salazar-asume-presidencia-del-parlacen","status":"publish","type":"post","link":"https:\/\/lasprimeras.com.do\/index.php\/2025\/11\/28\/catalina-olea-salazar-asume-presidencia-del-parlacen\/","title":{"rendered":"Catalina Olea Salazar asume presidencia del PARLACEN"},"content":{"rendered":"\n<p>El Parlamento Centroamericano (PARLACEN) inform\u00f3 la juramentaci\u00f3n de la diputada dominicana Catalina Olea Salazar, representante del Partido Justicia Social (JS), como presidenta de la Comisi\u00f3n de Asuntos Municipales y Desarrollo de Ciudadan\u00eda para el actual per\u00edodo legislativo.<\/p>\n\n\n\n<p>La diputada Olea Salazar asume este compromiso con la determinaci\u00f3n de impulsar la construcci\u00f3n y consolidaci\u00f3n progresiva de la integraci\u00f3n de Am\u00e9rica Central y El Caribe desde los territorios, atendiendo sus distintas modalidades de divisi\u00f3n pol\u00edtica y fortaleciendo el car\u00e1cter soberano de los pueblos de la Regi\u00f3n.<\/p>\n\n\n\n<figure class=\"wp-block-image size-full\"><img decoding=\"async\" width=\"900\" height=\"599\" src=\"https:\/\/lasprimeras.com.do\/wp-content\/uploads\/2025\/11\/Catalina-Olea-Salazar-1.jpg\" alt=\"\" class=\"wp-image-116220\" srcset=\"https:\/\/lasprimeras.com.do\/wp-content\/uploads\/2025\/11\/Catalina-Olea-Salazar-1.jpg 900w, https:\/\/lasprimeras.com.do\/wp-content\/uploads\/2025\/11\/Catalina-Olea-Salazar-1-300x200.jpg 300w, https:\/\/lasprimeras.com.do\/wp-content\/uploads\/2025\/11\/Catalina-Olea-Salazar-1-768x511.jpg 768w\" sizes=\"(max-width: 900px) 100vw, 900px\" \/><\/figure>\n\n\n\n<p>En su agenda de trabajo, la nueva presidenta se propone revitalizar la ruralidad, valorar de manera estrat\u00e9gica los recursos naturales e incentivar su armon\u00eda con la vida urbana inteligente, con el prop\u00f3sito de promover un desarrollo sostenible aut\u00e9ntico, orientado al bienestar de las presentes y futuras generaciones, bajo los principios de equidad y justicia social.<\/p>\n\n\n\n<p>El PARLACEN reafirma as\u00ed su compromiso con el fortalecimiento democr\u00e1tico, la participaci\u00f3n ciudadana y la integraci\u00f3n regional a partir de la gesti\u00f3n eficaz de los gobiernos locales y las comunidades.<\/p>\n","protected":false},"excerpt":{"rendered":"<p>El Parlamento Centroamericano (PARLACEN) inform\u00f3 la juramentaci\u00f3n de la diputada dominicana Catalina Olea Salazar, representante del Partido Justicia Social (JS), como presidenta de la Comisi\u00f3n de Asuntos Municipales y Desarrollo&hellip;<\/p>\n","protected":false},"author":10,"featured_media":116219,"comment_status":"open","ping_status":"open","sticky":false,"template":"","format":"standard","meta":{"content-type":"","jetpack_post_was_ever_published":false,"_jetpack_newsletter_access":"","_jetpack_dont_email_post_to_subs":false,"_jetpack_newsletter_tier_id":0,"_jetpack_memberships_contains_paywalled_content":false,"_jetpack_memberships_contains_paid_content":false,"footnotes":""},"categories":[16559,25],"tags":[27927,27926,9111,950,363,2138,94],"class_list":["post-116218","post","type-post","status-publish","format-standard","has-post-thumbnail","hentry","category-politica","category-portada","tag-asuntos-municipales","tag-catalina-olea-salazar","tag-ciudadania","tag-comision","tag-desarrollo","tag-parlacen","tag-presidencia"],"jetpack_featured_media_url":"https:\/\/lasprimeras.com.do\/wp-content\/uploads\/2025\/11\/Catalina-Olea-Salazar.jpg","jetpack-related-posts":[{"id":98187,"url":"https:\/\/lasprimeras.com.do\/index.php\/2025\/05\/02\/parlacen-acoge-pronunciamiento-sobre-tragedia-del-jet-set\/","url_meta":{"origin":116218,"position":0},"title":"Parlacen acoge pronunciamiento sobre tragedia del Jet Set","author":"Nelson Feliz","date":"2 de mayo de 2025","format":false,"excerpt":"El Parlamento Centroamericano (Parlacen), aprob\u00f3 un pronunciamiento de solidaridad con el pueblo dominicano y con las v\u00edctimas de la tragedia ocurrida en la discoteca Jet Set, a solicitud de la diputada dominicana Esmeralda Mancebo, vocera del Partido Fuerza del Pueblo (FP), ante el organismo regional.El colapso del techo del emblem\u00e1tico\u2026","rel":"","context":"En \u00abPOLITICA\u00bb","block_context":{"text":"POLITICA","link":"https:\/\/lasprimeras.com.do\/index.php\/category\/politica\/"},"img":{"alt_text":"Esmeralda Mancebo","src":"https:\/\/i0.wp.com\/lasprimeras.com.do\/wp-content\/uploads\/2025\/05\/Esmeralda-Mancebo.jpg?resize=350%2C200&ssl=1","width":350,"height":200,"srcset":"https:\/\/i0.wp.com\/lasprimeras.com.do\/wp-content\/uploads\/2025\/05\/Esmeralda-Mancebo.jpg?resize=350%2C200&ssl=1 1x, https:\/\/i0.wp.com\/lasprimeras.com.do\/wp-content\/uploads\/2025\/05\/Esmeralda-Mancebo.jpg?resize=525%2C300&ssl=1 1.5x, https:\/\/i0.wp.com\/lasprimeras.com.do\/wp-content\/uploads\/2025\/05\/Esmeralda-Mancebo.jpg?resize=700%2C400&ssl=1 2x"},"classes":[]},{"id":91584,"url":"https:\/\/lasprimeras.com.do\/index.php\/2024\/11\/28\/diputadas-del-parlacen-lideran-jornada-por-la-erradicacion-de-la-violencia-de-genero\/","url_meta":{"origin":116218,"position":1},"title":"Diputadas del Parlacen lideran jornada por la erradicaci\u00f3n de la Violencia de G\u00e9nero","author":"Nelson Feliz","date":"28 de noviembre de 2024","format":false,"excerpt":"La Comisi\u00f3n de la Mujer del Parlacen llama a la sociedad a unirse en la lucha contra la violencia hacia las mujeres. La subsede del Parlamento Centroamericano (Parlacen) en la Rep\u00fablica Dominicana, junto con la Comisi\u00f3n de la Mujer, Ni\u00f1ez, Juventud y Familia, conmemor\u00f3 este mi\u00e9rcoles 27 de noviembre el\u2026","rel":"","context":"En \u00abNACIONALES\u00bb","block_context":{"text":"NACIONALES","link":"https:\/\/lasprimeras.com.do\/index.php\/category\/nacionales\/"},"img":{"alt_text":"","src":"https:\/\/i0.wp.com\/lasprimeras.com.do\/wp-content\/uploads\/2024\/11\/Comision-de-la-Mujer-del-Parlacen.jpg?resize=350%2C200&ssl=1","width":350,"height":200,"srcset":"https:\/\/i0.wp.com\/lasprimeras.com.do\/wp-content\/uploads\/2024\/11\/Comision-de-la-Mujer-del-Parlacen.jpg?resize=350%2C200&ssl=1 1x, https:\/\/i0.wp.com\/lasprimeras.com.do\/wp-content\/uploads\/2024\/11\/Comision-de-la-Mujer-del-Parlacen.jpg?resize=525%2C300&ssl=1 1.5x, https:\/\/i0.wp.com\/lasprimeras.com.do\/wp-content\/uploads\/2024\/11\/Comision-de-la-Mujer-del-Parlacen.jpg?resize=700%2C400&ssl=1 2x"},"classes":[]},{"id":108022,"url":"https:\/\/lasprimeras.com.do\/index.php\/2025\/09\/02\/frente-amplio-reflexiona-sobre-situacion-de-democracia-en-rd\/","url_meta":{"origin":116218,"position":2},"title":"Frente Amplio reflexiona sobre situaci\u00f3n de democracia en RD","author":"Nelson Feliz","date":"2 de septiembre de 2025","format":false,"excerpt":"El Frente Amplio concluy\u00f3 su \"V Simposio Nacional\" dedicado a analizar, reflexionar y eventualmente construir colectivamente propuestas acerca de qu\u00e9 hacer y c\u00f3mo encarar los retos identificados. \u201cA la democracia dominicana le falta sustancia, justicia social, ganar la confianza de la ciudadan\u00eda en las instituciones, le falta superar las inequidades\u2026","rel":"","context":"En \u00abPOLITICA\u00bb","block_context":{"text":"POLITICA","link":"https:\/\/lasprimeras.com.do\/index.php\/category\/politica\/"},"img":{"alt_text":"Mar\u00eda Teresa Cabrera","src":"https:\/\/i0.wp.com\/lasprimeras.com.do\/wp-content\/uploads\/2025\/09\/Simposio-1-e1756767835184.jpg?resize=350%2C200&ssl=1","width":350,"height":200,"srcset":"https:\/\/i0.wp.com\/lasprimeras.com.do\/wp-content\/uploads\/2025\/09\/Simposio-1-e1756767835184.jpg?resize=350%2C200&ssl=1 1x, https:\/\/i0.wp.com\/lasprimeras.com.do\/wp-content\/uploads\/2025\/09\/Simposio-1-e1756767835184.jpg?resize=525%2C300&ssl=1 1.5x"},"classes":[]},{"id":106876,"url":"https:\/\/lasprimeras.com.do\/index.php\/2025\/08\/20\/parlacen-reconoce-a-celines-toribio-como-mujer-migrante-destacada-en-el-exterior\/","url_meta":{"origin":116218,"position":3},"title":"PARLACEN reconoce a Celin\u00e9s Toribio como Mujer Migrante Destacada en el Exterior","author":"Nelson Feliz","date":"20 de agosto de 2025","format":false,"excerpt":"\u201cLa migraci\u00f3n tiene rostro femenino y la participaci\u00f3n de las mujeres es clave para una democracia justa\". La Comisi\u00f3n de Mujer, Ni\u00f1ez y Familia (COMFAM) del Parlamento Centroamericano (PARLACEN), inaugur\u00f3 el XXII Encuentro Nacional de Mujeres de Partidos Pol\u00edticos, donde entreg\u00f3 un reconocimiento a la embajadora y viceministra para las\u2026","rel":"","context":"En \u00abNACIONALES\u00bb","block_context":{"text":"NACIONALES","link":"https:\/\/lasprimeras.com.do\/index.php\/category\/nacionales\/"},"img":{"alt_text":"","src":"https:\/\/i0.wp.com\/lasprimeras.com.do\/wp-content\/uploads\/2025\/08\/PARLACEN.jpg?resize=350%2C200&ssl=1","width":350,"height":200,"srcset":"https:\/\/i0.wp.com\/lasprimeras.com.do\/wp-content\/uploads\/2025\/08\/PARLACEN.jpg?resize=350%2C200&ssl=1 1x, https:\/\/i0.wp.com\/lasprimeras.com.do\/wp-content\/uploads\/2025\/08\/PARLACEN.jpg?resize=525%2C300&ssl=1 1.5x, https:\/\/i0.wp.com\/lasprimeras.com.do\/wp-content\/uploads\/2025\/08\/PARLACEN.jpg?resize=700%2C400&ssl=1 2x"},"classes":[]},{"id":110569,"url":"https:\/\/lasprimeras.com.do\/index.php\/2025\/09\/29\/parlacen-llama-a-dialogo-con-el-salvador-y-afirma-que-la-integracion-regional-no-se-puede-fragmentar-2\/","url_meta":{"origin":116218,"position":4},"title":"Parlacen llama a di\u00e1logo con El Salvador y afirma que la integraci\u00f3n regional no se puede fragmentar","author":"Nelson Feliz","date":"29 de septiembre de 2025","format":false,"excerpt":"El \u00f3rgano pol\u00edtico del SICA record\u00f3 el principio de indivisibilidad, establecido por la Corte Centroamericana de Justicia en 2010, como base de la integraci\u00f3n regional. Ciudad de Guatemala.- El Parlamento Centroamericano (Parlacen) hizo un llamado al di\u00e1logo institucional con El Salvador y subray\u00f3 que la integraci\u00f3n centroamericana debe preservarse bajo\u2026","rel":"","context":"En \u00abPOLITICA\u00bb","block_context":{"text":"POLITICA","link":"https:\/\/lasprimeras.com.do\/index.php\/category\/politica\/"},"img":{"alt_text":"","src":"https:\/\/i0.wp.com\/lasprimeras.com.do\/wp-content\/uploads\/2025\/09\/Esmeralda-Mancebo.jpg?resize=350%2C200&ssl=1","width":350,"height":200,"srcset":"https:\/\/i0.wp.com\/lasprimeras.com.do\/wp-content\/uploads\/2025\/09\/Esmeralda-Mancebo.jpg?resize=350%2C200&ssl=1 1x, https:\/\/i0.wp.com\/lasprimeras.com.do\/wp-content\/uploads\/2025\/09\/Esmeralda-Mancebo.jpg?resize=525%2C300&ssl=1 1.5x, https:\/\/i0.wp.com\/lasprimeras.com.do\/wp-content\/uploads\/2025\/09\/Esmeralda-Mancebo.jpg?resize=700%2C400&ssl=1 2x"},"classes":[]},{"id":108192,"url":"https:\/\/lasprimeras.com.do\/index.php\/2025\/09\/03\/parlacen-llama-a-dialogo-con-el-salvador-y-afirma-que-la-integracion-regional-no-se-puede-fragmentar\/","url_meta":{"origin":116218,"position":5},"title":"Parlacen llama a di\u00e1logo con El Salvador y afirma que la integraci\u00f3n regional no se puede fragmentar","author":"Nelson Feliz","date":"3 de septiembre de 2025","format":false,"excerpt":"El \u00f3rgano pol\u00edtico del SICA record\u00f3 el principio de indivisibilidad, establecido por la Corte Centroamericana de Justicia en 2010, como base de la integraci\u00f3n regional. Ciudad de Guatemala.- El Parlamento Centroamericano (Parlacen) hizo un llamado al di\u00e1logo institucional con El Salvador y subray\u00f3 que la integraci\u00f3n centroamericana debe preservarse bajo\u2026","rel":"","context":"En \u00abPOLITICA\u00bb","block_context":{"text":"POLITICA","link":"https:\/\/lasprimeras.com.do\/index.php\/category\/politica\/"},"img":{"alt_text":"","src":"https:\/\/i0.wp.com\/lasprimeras.com.do\/wp-content\/uploads\/2025\/09\/parlacen.jpg?resize=350%2C200&ssl=1","width":350,"height":200,"srcset":"https:\/\/i0.wp.com\/lasprimeras.com.do\/wp-content\/uploads\/2025\/09\/parlacen.jpg?resize=350%2C200&ssl=1 1x, https:\/\/i0.wp.com\/lasprimeras.com.do\/wp-content\/uploads\/2025\/09\/parlacen.jpg?resize=525%2C300&ssl=1 1.5x, https:\/\/i0.wp.com\/lasprimeras.com.do\/wp-content\/uploads\/2025\/09\/parlacen.jpg?resize=700%2C400&ssl=1 2x"},"classes":[]}],"jetpack_sharing_enabled":true,"_links":{"self":[{"href":"https:\/\/lasprimeras.com.do\/index.php\/wp-json\/wp\/v2\/posts\/116218","targetHints":{"allow":["GET"]}}],"collection":[{"href":"https:\/\/lasprimeras.com.do\/index.php\/wp-json\/wp\/v2\/posts"}],"about":[{"href":"https:\/\/lasprimeras.com.do\/index.php\/wp-json\/wp\/v2\/types\/post"}],"author":[{"embeddable":true,"href":"https:\/\/lasprimeras.com.do\/index.php\/wp-json\/wp\/v2\/users\/10"}],"replies":[{"embeddable":true,"href":"https:\/\/lasprimeras.com.do\/index.php\/wp-json\/wp\/v2\/comments?post=116218"}],"version-history":[{"count":1,"href":"https:\/\/lasprimeras.com.do\/index.php\/wp-json\/wp\/v2\/posts\/116218\/revisions"}],"predecessor-version":[{"id":116221,"href":"https:\/\/lasprimeras.com.do\/index.php\/wp-json\/wp\/v2\/posts\/116218\/revisions\/116221"}],"wp:featuredmedia":[{"embeddable":true,"href":"https:\/\/lasprimeras.com.do\/index.php\/wp-json\/wp\/v2\/media\/116219"}],"wp:attachment":[{"href":"https:\/\/lasprimeras.com.do\/index.php\/wp-json\/wp\/v2\/media?parent=116218"}],"wp:term":[{"taxonomy":"category","embeddable":true,"href":"https:\/\/lasprimeras.com.do\/index.php\/wp-json\/wp\/v2\/categories?post=116218"},{"taxonomy":"post_tag","embeddable":true,"href":"https:\/\/lasprimeras.com.do\/index.php\/wp-json\/wp\/v2\/tags?post=116218"}],"curies":[{"name":"wp","href":"https:\/\/api.w.org\/{rel}","templated":true}]}}