{"id":116225,"date":"2025-11-28T11:20:56","date_gmt":"2025-11-28T15:20:56","guid":{"rendered":"https:\/\/lasprimeras.com.do\/?p=116225"},"modified":"2025-11-28T11:20:57","modified_gmt":"2025-11-28T15:20:57","slug":"abinader-sostendra-almuerzo-este-sabado-con-militares-en-el-ministerio-de-defensa","status":"publish","type":"post","link":"https:\/\/lasprimeras.com.do\/index.php\/2025\/11\/28\/abinader-sostendra-almuerzo-este-sabado-con-militares-en-el-ministerio-de-defensa\/","title":{"rendered":"Abinader sostendr\u00e1 almuerzo este s\u00e1bado con militares en el Ministerio de Defensa"},"content":{"rendered":"\n<p><strong>Tambi\u00e9n en Santiago de los Caballeros inaugurar\u00e1 un centro educativo, dos polideportivos, el Centro Cultural Banreservas, sostendr\u00e1 encuentros con comerciantes e industriales y supervisar\u00e1 el programa de asfaltado en el sector Los Solares.<\/strong><\/p>\n\n\n\n<p>El presidente Luis Abinader encabezar\u00e1 este s\u00e1bado y domingo una serie de actividades en el Distrito Nacional y Santiago que incluyen un almuerzo navide\u00f1o con militares activos y pensionados, as\u00ed como inauguraciones de obras educativas, deportivas y culturales, impulsando a\u00fan m\u00e1s el desarrollo nacional.<\/p>\n\n\n\n<p><strong>Distrito Nacional<\/strong><\/p>\n\n\n\n<p>El jefe de Estado dar\u00e1 inicio a su agenda de trabajo a las 10:30 de la ma\u00f1ana al participar en el XIX Congreso Nacional Ordinario &#8220;Un Nuevo Contrato Social\u201d, que se celebrar\u00e1 en el Aula Magna de la Universidad Aut\u00f3noma de Santo Domingo (UASD).<\/p>\n\n\n\n<p>Posteriormente se dirigir\u00e1 al Ministerio de Defensa, donde sostendr\u00e1 un almuerzo navide\u00f1o con 1,500 militares activos, reafirmando su respaldo a las Fuerzas Armadas dominicanas.<\/p>\n\n\n\n<p><strong>Santiago<\/strong><\/p>\n\n\n\n<p>Una vez concluido el almuerzo, el presidente Abinader se trasladar\u00e1 a la ciudad de Santiago, donde encabezar\u00e1 una jornada de inauguraciones de obras, empezando por el Centro Educativo Prof. Ceferino Bonilla Reyes en Hato del Yaque, elevando el nivel de aulas en esa comunidad y brindando mayor oportunidad de educaci\u00f3n y progreso.<\/p>\n\n\n\n<p>Luego realizar\u00e1 una visita de supervisi\u00f3n al programa de asfaltado en el sector Los Solares, que permitir\u00e1 agilizar el tr\u00e1nsito y brindar una movilidad m\u00e1s segura y eficiente.<\/p>\n\n\n\n<p>Posteriormente se dirigir\u00e1 a la comunidad La Yag\u00fcita de Pastor para la inauguraci\u00f3n de un polideportivo. Asimismo, se entregar\u00e1 el polideportivo municipal de Rafey. Ambas obras contribuyen con el sano desarrollo y esparcimiento de ni\u00f1os, j\u00f3venes y adultos.<\/p>\n\n\n\n<p>La agenda del mandatario contin\u00faa con un encuentro con directivos de la Asociaci\u00f3n de Comerciantes e Industriales (ACIS), en el Auditorio de Ciencia de la Salud de la PUCMM, y concluir\u00e1 con la inauguraci\u00f3n del Centro Cultural Banreservas en el antiguo Hotel Mercedes.<\/p>\n\n\n\n<p><strong>Domingo, Distrito Nacional<\/strong><\/p>\n\n\n\n<p>La agenda del mandatario inicia este domingo con un almuerzo con militares pensionados en el Ministerio de Defensa.<\/p>\n","protected":false},"excerpt":{"rendered":"<p>Tambi\u00e9n en Santiago de los Caballeros inaugurar\u00e1 un centro educativo, dos polideportivos, el Centro Cultural Banreservas, sostendr\u00e1 encuentros con comerciantes e industriales y supervisar\u00e1 el programa de asfaltado en el&hellip;<\/p>\n","protected":false},"author":10,"featured_media":116226,"comment_status":"open","ping_status":"open","sticky":false,"template":"","format":"standard","meta":{"content-type":"","jetpack_post_was_ever_published":false,"_jetpack_newsletter_access":"","_jetpack_dont_email_post_to_subs":false,"_jetpack_newsletter_tier_id":0,"_jetpack_memberships_contains_paywalled_content":false,"_jetpack_memberships_contains_paid_content":false,"footnotes":""},"categories":[35,25],"tags":[6529,27929,2492,67,283,10797,27928],"class_list":["post-116225","post","type-post","status-publish","format-standard","has-post-thumbnail","hentry","category-nacionales","category-portada","tag-almuerzo","tag-congreso-nacional-ordinario","tag-distrito-nacional","tag-luis-abinader","tag-militares","tag-ministerio-de-defensa","tag-un-nuevo-contrato-social"],"jetpack_featured_media_url":"https:\/\/lasprimeras.com.do\/wp-content\/uploads\/2025\/11\/Luis-Abinader-10.jpg","jetpack-related-posts":[{"id":108878,"url":"https:\/\/lasprimeras.com.do\/index.php\/2025\/09\/11\/abinader-entregara-viviendas-escuelas-polideportivos-y-carretera-en-el-gran-santo-domingo-y-constanza-este-fin-de-semana\/","url_meta":{"origin":116225,"position":0},"title":"Abinader entregar\u00e1 viviendas, escuelas, polideportivos y carretera en el Gran Santo Domingo y Constanza este fin de semana","author":"Nelson Feliz","date":"11 de septiembre de 2025","format":false,"excerpt":"Tambi\u00e9n sostendr\u00e1 almuerzo con el Batall\u00f3n de Cazadores del Ej\u00e9rcito de la Rep\u00fablica Dominicana en la Fortaleza de Constanza. El presidente Luis Abinader encabezar\u00e1 este fin de semana una amplia jornada de inauguraciones en el Gran Santo Domingo y en el municipio de Constanza, provincia La Vega, como parte de\u2026","rel":"","context":"En \u00abNACIONALES\u00bb","block_context":{"text":"NACIONALES","link":"https:\/\/lasprimeras.com.do\/index.php\/category\/nacionales\/"},"img":{"alt_text":"","src":"https:\/\/i0.wp.com\/lasprimeras.com.do\/wp-content\/uploads\/2025\/09\/Luis-Abinader-1-2.jpg?resize=350%2C200&ssl=1","width":350,"height":200,"srcset":"https:\/\/i0.wp.com\/lasprimeras.com.do\/wp-content\/uploads\/2025\/09\/Luis-Abinader-1-2.jpg?resize=350%2C200&ssl=1 1x, https:\/\/i0.wp.com\/lasprimeras.com.do\/wp-content\/uploads\/2025\/09\/Luis-Abinader-1-2.jpg?resize=525%2C300&ssl=1 1.5x, https:\/\/i0.wp.com\/lasprimeras.com.do\/wp-content\/uploads\/2025\/09\/Luis-Abinader-1-2.jpg?resize=700%2C400&ssl=1 2x"},"classes":[]},{"id":128593,"url":"https:\/\/lasprimeras.com.do\/index.php\/2026\/04\/24\/abinader-inaugurara-nueve-obras-en-la-vega-santiago-duarte-y-maria-trinidad-sanchez-este-fin-de-semana\/","url_meta":{"origin":116225,"position":1},"title":"Abinader inaugurar\u00e1 nueve obras en La Vega, Santiago, Duarte y Mar\u00eda Trinidad S\u00e1nchez este fin de semana","author":"Nelson Feliz","date":"24 de abril de 2026","format":false,"excerpt":"Las obras a inaugurar incluyen siete carreteras y dos centros educativos; tambi\u00e9n participar\u00e1 en la Feria Regional del Libro y la Cultura; entre otras. El presidente de la Rep\u00fablica, Luis Abinader, desarrollar\u00e1 este fin de semana una agenda de actividades oficiales que incluye inauguraciones de carreteras, visitas de supervisi\u00f3n y\u2026","rel":"","context":"En \u00abNACIONALES\u00bb","block_context":{"text":"NACIONALES","link":"https:\/\/lasprimeras.com.do\/index.php\/category\/nacionales\/"},"img":{"alt_text":"Luis Abinader","src":"https:\/\/i0.wp.com\/lasprimeras.com.do\/wp-content\/uploads\/2026\/03\/Luis-Abinader-7-1.jpg?resize=350%2C200&ssl=1","width":350,"height":200,"srcset":"https:\/\/i0.wp.com\/lasprimeras.com.do\/wp-content\/uploads\/2026\/03\/Luis-Abinader-7-1.jpg?resize=350%2C200&ssl=1 1x, https:\/\/i0.wp.com\/lasprimeras.com.do\/wp-content\/uploads\/2026\/03\/Luis-Abinader-7-1.jpg?resize=525%2C300&ssl=1 1.5x, https:\/\/i0.wp.com\/lasprimeras.com.do\/wp-content\/uploads\/2026\/03\/Luis-Abinader-7-1.jpg?resize=700%2C400&ssl=1 2x"},"classes":[]},{"id":116996,"url":"https:\/\/lasprimeras.com.do\/index.php\/2025\/12\/06\/abinader-encabeza-almuerzo-navideno-e-inaugura-techado-multiuso-en-el-campamento-militar-16-de-agosto\/","url_meta":{"origin":116225,"position":2},"title":"Abinader encabeza almuerzo navide\u00f1o e inaugura techado multiuso en el Campamento Militar 16 de Agosto","author":"Nelson Feliz","date":"6 de diciembre de 2025","format":false,"excerpt":"El jefe de Estado, Luis Abinader, compartir\u00e1 este domingo un almuerzo navide\u00f1o con los soldados de la Primera Brigada de Infanter\u00eda del Ej\u00e9rcito de Rep\u00fablica Dominicana (ERD) en el Campamento Militar 16 de Agosto, como parte de su tradicional acercamiento a las Fuerzas Armadas durante las festividades de fin de\u2026","rel":"","context":"En \u00abNACIONALES\u00bb","block_context":{"text":"NACIONALES","link":"https:\/\/lasprimeras.com.do\/index.php\/category\/nacionales\/"},"img":{"alt_text":"","src":"https:\/\/i0.wp.com\/lasprimeras.com.do\/wp-content\/uploads\/2025\/12\/luis-abinader.jpeg?resize=350%2C200&ssl=1","width":350,"height":200,"srcset":"https:\/\/i0.wp.com\/lasprimeras.com.do\/wp-content\/uploads\/2025\/12\/luis-abinader.jpeg?resize=350%2C200&ssl=1 1x, https:\/\/i0.wp.com\/lasprimeras.com.do\/wp-content\/uploads\/2025\/12\/luis-abinader.jpeg?resize=525%2C300&ssl=1 1.5x, https:\/\/i0.wp.com\/lasprimeras.com.do\/wp-content\/uploads\/2025\/12\/luis-abinader.jpeg?resize=700%2C400&ssl=1 2x, https:\/\/i0.wp.com\/lasprimeras.com.do\/wp-content\/uploads\/2025\/12\/luis-abinader.jpeg?resize=1050%2C600&ssl=1 3x, https:\/\/i0.wp.com\/lasprimeras.com.do\/wp-content\/uploads\/2025\/12\/luis-abinader.jpeg?resize=1400%2C800&ssl=1 4x"},"classes":[]},{"id":102772,"url":"https:\/\/lasprimeras.com.do\/index.php\/2025\/07\/08\/abinader-inaugurara-varias-obras-en-montecristi\/","url_meta":{"origin":116225,"position":3},"title":"Abinader inaugurar\u00e1 varias obras en Montecristi","author":"Nelson Feliz","date":"8 de julio de 2025","format":false,"excerpt":"Tambi\u00e9n encabezar\u00e1 el acto oficial de apertura de los Juegos Fronterizos y sostendr\u00e1 encuentros con empresarios y directivos de la C\u00e1mara de Comercio y Producci\u00f3n de la provincia. El presidente Luis Abinader se trasladar\u00e1 este mi\u00e9rcoles a Montecristi, donde encabezar\u00e1 una jornada de inauguraciones de obras clave que transformar\u00e1n la\u2026","rel":"","context":"En \u00abNACIONALES\u00bb","block_context":{"text":"NACIONALES","link":"https:\/\/lasprimeras.com.do\/index.php\/category\/nacionales\/"},"img":{"alt_text":"","src":"https:\/\/i0.wp.com\/lasprimeras.com.do\/wp-content\/uploads\/2025\/07\/Luis-Abinader-1-2.jpg?resize=350%2C200&ssl=1","width":350,"height":200,"srcset":"https:\/\/i0.wp.com\/lasprimeras.com.do\/wp-content\/uploads\/2025\/07\/Luis-Abinader-1-2.jpg?resize=350%2C200&ssl=1 1x, https:\/\/i0.wp.com\/lasprimeras.com.do\/wp-content\/uploads\/2025\/07\/Luis-Abinader-1-2.jpg?resize=525%2C300&ssl=1 1.5x, https:\/\/i0.wp.com\/lasprimeras.com.do\/wp-content\/uploads\/2025\/07\/Luis-Abinader-1-2.jpg?resize=700%2C400&ssl=1 2x"},"classes":[]},{"id":50299,"url":"https:\/\/lasprimeras.com.do\/index.php\/2023\/05\/18\/abinader-inaugurara-obras-en-cuatro-provincias-este-fin-de-semana\/","url_meta":{"origin":116225,"position":4},"title":"Abinader inaugurar\u00e1 obras en cuatro provincias este fin de semana","author":"prenxa100","date":"18 de mayo de 2023","format":false,"excerpt":"Por Wilson Perez Santo Domingo. - El presidente Luis Abinader agotar\u00e1 una agenda de trabajo en cuatro provincias desde este viernes 19 hasta el domingo 21 donde tendr\u00e1 cinco inauguraciones de obras viales, el\u00e9ctricas, educativas y de salud; tambi\u00e9n, entregar\u00e1 apartamentos, y almorzar\u00e1 con diversos sectores. La agenda del mandatario\u2026","rel":"","context":"En \u00abNACIONALES\u00bb","block_context":{"text":"NACIONALES","link":"https:\/\/lasprimeras.com.do\/index.php\/category\/nacionales\/"},"img":{"alt_text":"","src":"","width":0,"height":0},"classes":[]},{"id":108154,"url":"https:\/\/lasprimeras.com.do\/index.php\/2025\/09\/03\/abinader-inaugurara-9-obras-en-puerto-plata-este-fin-de-semana\/","url_meta":{"origin":116225,"position":5},"title":"Abinader inaugurar\u00e1 9 obras en Puerto Plata este fin de semana","author":"Nelson Feliz","date":"3 de septiembre de 2025","format":false,"excerpt":"Tambi\u00e9n realizar\u00e1 una visita al operativo m\u00e9dico del MIDE y al vertedero municipal, sostendr\u00e1 encuentros con estudiantes, asistir\u00e1 a la presentaci\u00f3n de la Filarm\u00f3nica Nacional, presidir\u00e1 el lanzamiento del Programa de Titulaci\u00f3n y se reunir\u00e1 con la Comisi\u00f3n de Desarrollo del proyecto Punta Bergant\u00edn. El presidente Luis Abinader encabezar\u00e1 este\u2026","rel":"","context":"En \u00abNACIONALES\u00bb","block_context":{"text":"NACIONALES","link":"https:\/\/lasprimeras.com.do\/index.php\/category\/nacionales\/"},"img":{"alt_text":"","src":"https:\/\/i0.wp.com\/lasprimeras.com.do\/wp-content\/uploads\/2025\/09\/Luis-Abinader.jpg?resize=350%2C200&ssl=1","width":350,"height":200,"srcset":"https:\/\/i0.wp.com\/lasprimeras.com.do\/wp-content\/uploads\/2025\/09\/Luis-Abinader.jpg?resize=350%2C200&ssl=1 1x, https:\/\/i0.wp.com\/lasprimeras.com.do\/wp-content\/uploads\/2025\/09\/Luis-Abinader.jpg?resize=525%2C300&ssl=1 1.5x, https:\/\/i0.wp.com\/lasprimeras.com.do\/wp-content\/uploads\/2025\/09\/Luis-Abinader.jpg?resize=700%2C400&ssl=1 2x"},"classes":[]}],"jetpack_sharing_enabled":true,"_links":{"self":[{"href":"https:\/\/lasprimeras.com.do\/index.php\/wp-json\/wp\/v2\/posts\/116225","targetHints":{"allow":["GET"]}}],"collection":[{"href":"https:\/\/lasprimeras.com.do\/index.php\/wp-json\/wp\/v2\/posts"}],"about":[{"href":"https:\/\/lasprimeras.com.do\/index.php\/wp-json\/wp\/v2\/types\/post"}],"author":[{"embeddable":true,"href":"https:\/\/lasprimeras.com.do\/index.php\/wp-json\/wp\/v2\/users\/10"}],"replies":[{"embeddable":true,"href":"https:\/\/lasprimeras.com.do\/index.php\/wp-json\/wp\/v2\/comments?post=116225"}],"version-history":[{"count":1,"href":"https:\/\/lasprimeras.com.do\/index.php\/wp-json\/wp\/v2\/posts\/116225\/revisions"}],"predecessor-version":[{"id":116227,"href":"https:\/\/lasprimeras.com.do\/index.php\/wp-json\/wp\/v2\/posts\/116225\/revisions\/116227"}],"wp:featuredmedia":[{"embeddable":true,"href":"https:\/\/lasprimeras.com.do\/index.php\/wp-json\/wp\/v2\/media\/116226"}],"wp:attachment":[{"href":"https:\/\/lasprimeras.com.do\/index.php\/wp-json\/wp\/v2\/media?parent=116225"}],"wp:term":[{"taxonomy":"category","embeddable":true,"href":"https:\/\/lasprimeras.com.do\/index.php\/wp-json\/wp\/v2\/categories?post=116225"},{"taxonomy":"post_tag","embeddable":true,"href":"https:\/\/lasprimeras.com.do\/index.php\/wp-json\/wp\/v2\/tags?post=116225"}],"curies":[{"name":"wp","href":"https:\/\/api.w.org\/{rel}","templated":true}]}}