{"id":116228,"date":"2025-11-27T11:30:17","date_gmt":"2025-11-27T15:30:17","guid":{"rendered":"https:\/\/lasprimeras.com.do\/?p=116228"},"modified":"2025-11-28T11:36:15","modified_gmt":"2025-11-28T15:36:15","slug":"inversion-extranjera-se-expande-en-republica-dominicana","status":"publish","type":"post","link":"https:\/\/lasprimeras.com.do\/index.php\/2025\/11\/27\/inversion-extranjera-se-expande-en-republica-dominicana\/","title":{"rendered":"Inversi\u00f3n extranjera se expande en Rep\u00fablica Dominicana"},"content":{"rendered":"\n<p><strong>Esta importante inversi\u00f3n extranjera evidencia la confianza de inversionistas en la seguridad jur\u00eddica y salud econ\u00f3mica del pa\u00eds.<\/strong><\/p>\n\n\n\n<p>El presidente Luis Abinader recibi\u00f3 la visita de ejecutivos de Anheuser-Busch InBev, empresa productora de la cerveza Corona, quienes le informaron que la Rep\u00fablica Dominicana ha sido seleccionada como sede para la producci\u00f3n de esta ic\u00f3nica marca de cerveza.<\/p>\n\n\n\n<p>Esta importante inversi\u00f3n extranjera es la evidencia de la confianza de inversionistas en la seguridad jur\u00eddica y salud economica del pa\u00eds, gracias a las pol\u00edticas del Gobierno y al refuerzo de la institucionalidad durante los \u00faltimos a\u00f1os.<\/p>\n\n\n\n<p>El presidente Abinader felicit\u00f3 Jean Jereissati, CEO de Zona Middle Am\u00e9ricas AB Inbev, Fabi\u00e1n Su\u00e1rez, presidente de CND y Luis \u00c1lvarez y Jochi P\u00e9rez, ejecutivos de Anheuser-Busch InBev por la decisi\u00f3n y resalt\u00f3 la connotaci\u00f3n de esta inversi\u00f3n para el crecimiento de la econom\u00eda local y la generaci\u00f3n de empleos.<\/p>\n\n\n\n<p>&#8220;Logros como estos se deben a la confianza de los inversionistas en el Gobierno dominicano, por el ambiente de estabilidad econ\u00f3mica, juroridica y social&#8221; asegur\u00f3 el mandatario dominicano.<\/p>\n\n\n\n<p>La producci\u00f3n de la cerveza Corona es un logro significativo para el pa\u00eds y un ejemplo de la capacidad de la naci\u00f3n para atraer inversiones de alta calidad.<\/p>\n\n\n\n<p>La empresa Anheuser-Busch InBev es una de las mayores cerveceras del mundo y su presencia en el pa\u00eds es un voto de confianza en la econom\u00eda dominicana.<\/p>\n\n\n\n<p>La visita de los ejecutivos de Anheuser-Busch InBev al presidente Abinader, refleja la indudable relaci\u00f3n entre los sectores p\u00fablico y privado, y una demostraci\u00f3n del compromiso de ambos en trabajar juntos para impulsar el crecimiento econ\u00f3mico y el desarrollo de la Rep\u00fablica Dominicana.<\/p>\n\n\n\n<p>En el encuentro, realizado en el despacho presidencial del Palacio Nacional, tambi\u00e9n estuvieron presentes los ministros de la Presidencia, Jos\u00e9 Ignacio Paliza y de Industria Comercio y MiPymes, V\u00edctor Ito Bison\u00f3.<\/p>\n","protected":false},"excerpt":{"rendered":"<p>Esta importante inversi\u00f3n extranjera evidencia la confianza de inversionistas en la seguridad jur\u00eddica y salud econ\u00f3mica del pa\u00eds. El presidente Luis Abinader recibi\u00f3 la visita de ejecutivos de Anheuser-Busch InBev,&hellip;<\/p>\n","protected":false},"author":10,"featured_media":116229,"comment_status":"open","ping_status":"open","sticky":false,"template":"","format":"standard","meta":{"content-type":"","jetpack_post_was_ever_published":false,"_jetpack_newsletter_access":"","_jetpack_dont_email_post_to_subs":false,"_jetpack_newsletter_tier_id":0,"_jetpack_memberships_contains_paywalled_content":false,"_jetpack_memberships_contains_paid_content":false,"footnotes":""},"categories":[39],"tags":[27930,971,1225,1405,27932,1226,27931],"class_list":["post-116228","post","type-post","status-publish","format-standard","has-post-thumbnail","hentry","category-economia","tag-cerveza-corona","tag-instalacion-2","tag-inversion-extranjera","tag-planta","tag-productora","tag-republica-dominicana","tag-se-expande"],"jetpack_featured_media_url":"https:\/\/lasprimeras.com.do\/wp-content\/uploads\/2025\/11\/Luis-Abinader-2-3.jpg","jetpack-related-posts":[{"id":112017,"url":"https:\/\/lasprimeras.com.do\/index.php\/2025\/10\/16\/presidente-del-cnd-resalta-estabilidad-y-condiciones-favorables-del-pais\/","url_meta":{"origin":116228,"position":0},"title":"Presidente del CND resalta estabilidad y condiciones favorables del pa\u00eds","author":"Nelson Feliz","date":"16 de octubre de 2025","format":false,"excerpt":"Ministro de Industria y Comercio dice que en 2024 la inversi\u00f3n extranjera directa alcanz\u00f3 los US$4,523 millones, una cifra r\u00e9cord que se proyecta que podr\u00eda llegar a US$5,000 millones este a\u00f1o. El presidente de la Cervecer\u00eda Nacional Dominicana (CND), Fabi\u00e1n Su\u00e1rez, resalt\u00f3 que la compa\u00f1\u00eda ha ejecutado desde 2021 un\u2026","rel":"","context":"En \u00abECONOM\u00cdA\u00bb","block_context":{"text":"ECONOM\u00cdA","link":"https:\/\/lasprimeras.com.do\/index.php\/category\/economia\/"},"img":{"alt_text":"Luis Abinader","src":"https:\/\/i0.wp.com\/lasprimeras.com.do\/wp-content\/uploads\/2025\/10\/Luis-Abinader-1-2.jpg?resize=350%2C200&ssl=1","width":350,"height":200,"srcset":"https:\/\/i0.wp.com\/lasprimeras.com.do\/wp-content\/uploads\/2025\/10\/Luis-Abinader-1-2.jpg?resize=350%2C200&ssl=1 1x, https:\/\/i0.wp.com\/lasprimeras.com.do\/wp-content\/uploads\/2025\/10\/Luis-Abinader-1-2.jpg?resize=525%2C300&ssl=1 1.5x, https:\/\/i0.wp.com\/lasprimeras.com.do\/wp-content\/uploads\/2025\/10\/Luis-Abinader-1-2.jpg?resize=700%2C400&ssl=1 2x"},"classes":[]},{"id":114255,"url":"https:\/\/lasprimeras.com.do\/index.php\/2025\/11\/12\/aei-valora-logros-en-inversion-extranjera-en-el-sector-inmobiliario\/","url_meta":{"origin":116228,"position":1},"title":"AEI valora logros en inversi\u00f3n extranjera en el sector inmobiliario","author":"Nelson Feliz","date":"12 de noviembre de 2025","format":false,"excerpt":"Llama a fortalecer regulaci\u00f3n del sector inmobiliario. La Asociaci\u00f3n de Agentes y Empresas Inmobiliarias de Rep\u00fablica Dominicana (AEI), valor\u00f3 las declaraciones del presidente Luis Abinader sobre el crecimiento sostenido de la inversi\u00f3n extranjera directa (IED) y la confianza depositada en el desarrollo tur\u00edstico e inmobiliario del pa\u00eds, expresadas durante su\u2026","rel":"","context":"En \u00abECONOM\u00cdA\u00bb","block_context":{"text":"ECONOM\u00cdA","link":"https:\/\/lasprimeras.com.do\/index.php\/category\/economia\/"},"img":{"alt_text":"Alberto Bogaert","src":"https:\/\/i0.wp.com\/lasprimeras.com.do\/wp-content\/uploads\/2025\/11\/Alberto-Bogaert.jpg?resize=350%2C200&ssl=1","width":350,"height":200,"srcset":"https:\/\/i0.wp.com\/lasprimeras.com.do\/wp-content\/uploads\/2025\/11\/Alberto-Bogaert.jpg?resize=350%2C200&ssl=1 1x, https:\/\/i0.wp.com\/lasprimeras.com.do\/wp-content\/uploads\/2025\/11\/Alberto-Bogaert.jpg?resize=525%2C300&ssl=1 1.5x, https:\/\/i0.wp.com\/lasprimeras.com.do\/wp-content\/uploads\/2025\/11\/Alberto-Bogaert.jpg?resize=700%2C400&ssl=1 2x"},"classes":[]},{"id":122610,"url":"https:\/\/lasprimeras.com.do\/index.php\/2026\/02\/19\/leonardo-aguilera-atribuye-auge-de-la-inversion-en-rd-a-la-estabilidad-y-respeto-a-la-seguridad-juridica\/","url_meta":{"origin":116228,"position":2},"title":"Leonardo Aguilera atribuye auge de la inversi\u00f3n en RD a la estabilidad y respeto a la seguridad jur\u00eddica","author":"Nelson Feliz","date":"19 de febrero de 2026","format":false,"excerpt":"El presidente ejecutivo del Banco de Reservas de la Rep\u00fablica Dominicana, doctor Leonardo Aguilera, afirm\u00f3 que el crecimiento sostenido de la inversi\u00f3n extranjera directa en el pa\u00eds responde al clima de estabilidad institucional, respeto a la seguridad jur\u00eddica y confianza en las pol\u00edticas p\u00fablicas impulsadas por el Gobierno. Al participar\u2026","rel":"","context":"En \u00abECONOM\u00cdA\u00bb","block_context":{"text":"ECONOM\u00cdA","link":"https:\/\/lasprimeras.com.do\/index.php\/category\/economia\/"},"img":{"alt_text":"Leonardo Aguilera","src":"https:\/\/i0.wp.com\/lasprimeras.com.do\/wp-content\/uploads\/2026\/02\/Leonardo-Aguilera-1.jpg?resize=350%2C200&ssl=1","width":350,"height":200,"srcset":"https:\/\/i0.wp.com\/lasprimeras.com.do\/wp-content\/uploads\/2026\/02\/Leonardo-Aguilera-1.jpg?resize=350%2C200&ssl=1 1x, https:\/\/i0.wp.com\/lasprimeras.com.do\/wp-content\/uploads\/2026\/02\/Leonardo-Aguilera-1.jpg?resize=525%2C300&ssl=1 1.5x, https:\/\/i0.wp.com\/lasprimeras.com.do\/wp-content\/uploads\/2026\/02\/Leonardo-Aguilera-1.jpg?resize=700%2C400&ssl=1 2x"},"classes":[]},{"id":110432,"url":"https:\/\/lasprimeras.com.do\/index.php\/2025\/09\/28\/ee-uu-es-la-principal-fuente-de-inversion-extranjera-en-rd-destaca-embajada\/","url_meta":{"origin":116228,"position":3},"title":"EE.UU. es la principal fuente de inversi\u00f3n extranjera en RD, destaca Embajada","author":"Nelson Feliz","date":"28 de septiembre de 2025","format":false,"excerpt":"Empresas estadounidenses generan empleos y confianza La encargada de Negocios de la Embajada de Estados Unidos en Santo Domingo, Patricia Aguilera, destaca el clima de confianza que promueve la administraci\u00f3n del presidente Luis Abinader, a trav\u00e9s de una publicaci\u00f3n en la cuenta oficial de la entidad. Las estad\u00edsticas confirman esa\u2026","rel":"","context":"En \u00abECONOM\u00cdA\u00bb","block_context":{"text":"ECONOM\u00cdA","link":"https:\/\/lasprimeras.com.do\/index.php\/category\/economia\/"},"img":{"alt_text":"","src":"https:\/\/i0.wp.com\/lasprimeras.com.do\/wp-content\/uploads\/2025\/01\/Embajada-de-EE.UU_.-en-RD.jpg?resize=350%2C200&ssl=1","width":350,"height":200,"srcset":"https:\/\/i0.wp.com\/lasprimeras.com.do\/wp-content\/uploads\/2025\/01\/Embajada-de-EE.UU_.-en-RD.jpg?resize=350%2C200&ssl=1 1x, https:\/\/i0.wp.com\/lasprimeras.com.do\/wp-content\/uploads\/2025\/01\/Embajada-de-EE.UU_.-en-RD.jpg?resize=525%2C300&ssl=1 1.5x"},"classes":[]},{"id":94282,"url":"https:\/\/lasprimeras.com.do\/index.php\/2025\/02\/27\/abinader-proyecta-que-en-cuatro-anos-la-inversion-extranjera-acumulara-us20000-millones\/","url_meta":{"origin":116228,"position":4},"title":"Abinader proyecta que, en cuatro a\u00f1os, la inversi\u00f3n extranjera acumular\u00e1 US$20,000 millones","author":"Nelson Feliz","date":"27 de febrero de 2025","format":false,"excerpt":"El presidente se refiri\u00f3 sobre las inversiones, exportaci\u00f3n y crecimiento econ\u00f3mico en sus primeras palabras de rendici\u00f3n de cuentas. El presidente Luis Abinader destac\u00f3 en su discurso de rendici\u00f3n de cuentas que el 2024 fue el mejor a\u00f1o en la historia de las exportaciones dominicanas, alcanzando m\u00e1s de 13,852 millones\u2026","rel":"","context":"En \u00abECONOM\u00cdA\u00bb","block_context":{"text":"ECONOM\u00cdA","link":"https:\/\/lasprimeras.com.do\/index.php\/category\/economia\/"},"img":{"alt_text":"","src":"https:\/\/i0.wp.com\/lasprimeras.com.do\/wp-content\/uploads\/2025\/02\/Luis-Abinader-9-1.jpg?resize=350%2C200&ssl=1","width":350,"height":200,"srcset":"https:\/\/i0.wp.com\/lasprimeras.com.do\/wp-content\/uploads\/2025\/02\/Luis-Abinader-9-1.jpg?resize=350%2C200&ssl=1 1x, https:\/\/i0.wp.com\/lasprimeras.com.do\/wp-content\/uploads\/2025\/02\/Luis-Abinader-9-1.jpg?resize=525%2C300&ssl=1 1.5x, https:\/\/i0.wp.com\/lasprimeras.com.do\/wp-content\/uploads\/2025\/02\/Luis-Abinader-9-1.jpg?resize=700%2C400&ssl=1 2x"},"classes":[]},{"id":106421,"url":"https:\/\/lasprimeras.com.do\/index.php\/2025\/08\/14\/prodominicana-celebrara-reconocimiento-inversion-en-republica-dominicana-2025\/","url_meta":{"origin":116228,"position":5},"title":"ProDominicana celebrar\u00e1 Reconocimiento Inversi\u00f3n en Rep\u00fablica Dominicana 2025","author":"Nelson Feliz","date":"14 de agosto de 2025","format":false,"excerpt":"El Centro de Exportaci\u00f3n e Inversi\u00f3n de la Rep\u00fablica Dominicana (ProDominicana), anunci\u00f3 la celebraci\u00f3n del evento anual \u201cReconocimiento a la Inversi\u00f3n en Rep\u00fablica Dominicana 2025\u201d, una ceremonia que tendr\u00e1 lugar el 11 de septiembre a las 5:00 p.m. en el Banco Central de la Rep\u00fablica Dominicana. El evento tiene como\u2026","rel":"","context":"En \u00abECONOM\u00cdA\u00bb","block_context":{"text":"ECONOM\u00cdA","link":"https:\/\/lasprimeras.com.do\/index.php\/category\/economia\/"},"img":{"alt_text":"Biviana Riveiro","src":"https:\/\/i0.wp.com\/lasprimeras.com.do\/wp-content\/uploads\/2025\/08\/Biviana-Riveiro.jpg?resize=350%2C200&ssl=1","width":350,"height":200,"srcset":"https:\/\/i0.wp.com\/lasprimeras.com.do\/wp-content\/uploads\/2025\/08\/Biviana-Riveiro.jpg?resize=350%2C200&ssl=1 1x, https:\/\/i0.wp.com\/lasprimeras.com.do\/wp-content\/uploads\/2025\/08\/Biviana-Riveiro.jpg?resize=525%2C300&ssl=1 1.5x, https:\/\/i0.wp.com\/lasprimeras.com.do\/wp-content\/uploads\/2025\/08\/Biviana-Riveiro.jpg?resize=700%2C400&ssl=1 2x"},"classes":[]}],"jetpack_sharing_enabled":true,"_links":{"self":[{"href":"https:\/\/lasprimeras.com.do\/index.php\/wp-json\/wp\/v2\/posts\/116228","targetHints":{"allow":["GET"]}}],"collection":[{"href":"https:\/\/lasprimeras.com.do\/index.php\/wp-json\/wp\/v2\/posts"}],"about":[{"href":"https:\/\/lasprimeras.com.do\/index.php\/wp-json\/wp\/v2\/types\/post"}],"author":[{"embeddable":true,"href":"https:\/\/lasprimeras.com.do\/index.php\/wp-json\/wp\/v2\/users\/10"}],"replies":[{"embeddable":true,"href":"https:\/\/lasprimeras.com.do\/index.php\/wp-json\/wp\/v2\/comments?post=116228"}],"version-history":[{"count":1,"href":"https:\/\/lasprimeras.com.do\/index.php\/wp-json\/wp\/v2\/posts\/116228\/revisions"}],"predecessor-version":[{"id":116230,"href":"https:\/\/lasprimeras.com.do\/index.php\/wp-json\/wp\/v2\/posts\/116228\/revisions\/116230"}],"wp:featuredmedia":[{"embeddable":true,"href":"https:\/\/lasprimeras.com.do\/index.php\/wp-json\/wp\/v2\/media\/116229"}],"wp:attachment":[{"href":"https:\/\/lasprimeras.com.do\/index.php\/wp-json\/wp\/v2\/media?parent=116228"}],"wp:term":[{"taxonomy":"category","embeddable":true,"href":"https:\/\/lasprimeras.com.do\/index.php\/wp-json\/wp\/v2\/categories?post=116228"},{"taxonomy":"post_tag","embeddable":true,"href":"https:\/\/lasprimeras.com.do\/index.php\/wp-json\/wp\/v2\/tags?post=116228"}],"curies":[{"name":"wp","href":"https:\/\/api.w.org\/{rel}","templated":true}]}}