{"id":116238,"date":"2025-11-28T12:08:36","date_gmt":"2025-11-28T16:08:36","guid":{"rendered":"https:\/\/lasprimeras.com.do\/?p=116238"},"modified":"2025-11-28T12:08:38","modified_gmt":"2025-11-28T16:08:38","slug":"otro-dirigente-del-prm-pasa-a-la-fp-se-suma-pedro-alejandro-aguirre-exdiputado-por-4-periodos-y-3-veces-alcalde","status":"publish","type":"post","link":"https:\/\/lasprimeras.com.do\/index.php\/2025\/11\/28\/otro-dirigente-del-prm-pasa-a-la-fp-se-suma-pedro-alejandro-aguirre-exdiputado-por-4-periodos-y-3-veces-alcalde\/","title":{"rendered":"Otro dirigente del PRM pasa a la FP: se suma Pedro Alejandro Aguirre, exdiputado por 4 per\u00edodos y 3 veces alcalde"},"content":{"rendered":"\n<figure class=\"wp-block-video\"><video height=\"464\" style=\"aspect-ratio: 832 \/ 464;\" width=\"832\" controls src=\"https:\/\/lasprimeras.com.do\/wp-content\/uploads\/2025\/11\/WhatsApp-Video-2025-11-28-at-11.46.06-AM.mp4\"><\/video><\/figure>\n\n\n\n<p>El presidente de la Fuerza del Pueblo (FP), Leonel Fern\u00e1ndez, jurament\u00f3 al destacado dirigente puertoplate\u00f1o Pedro Alejandro Aguirre (ALEJA), y su equipo, quienes abandonan las filas del oficialista Partido Revolucionario Moderno (PRM) para integrarse a la organizaci\u00f3n opositora.<\/p>\n\n\n\n<p>Aguirre cuenta con una amplia y reconocida trayectoria pol\u00edtica en la provincia Puerto Plata.<\/p>\n\n\n<div class=\"wp-block-image\">\n<figure class=\"alignright size-large is-resized\"><img decoding=\"async\" width=\"1024\" height=\"683\" src=\"https:\/\/lasprimeras.com.do\/wp-content\/uploads\/2025\/11\/Leonel-Fernandez-1-1-1024x683.jpg\" alt=\"\" class=\"wp-image-116240\" style=\"width:492px;height:auto\" srcset=\"https:\/\/lasprimeras.com.do\/wp-content\/uploads\/2025\/11\/Leonel-Fernandez-1-1-1024x683.jpg 1024w, https:\/\/lasprimeras.com.do\/wp-content\/uploads\/2025\/11\/Leonel-Fernandez-1-1-300x200.jpg 300w, https:\/\/lasprimeras.com.do\/wp-content\/uploads\/2025\/11\/Leonel-Fernandez-1-1-768x512.jpg 768w, https:\/\/lasprimeras.com.do\/wp-content\/uploads\/2025\/11\/Leonel-Fernandez-1-1.jpg 1280w\" sizes=\"(max-width: 1024px) 100vw, 1024px\" \/><\/figure>\n<\/div>\n\n\n<p>Fue diputado durante tres per\u00edodos, adem\u00e1s de alcalde del municipio Los Hidalgos en tres ocasiones, convirti\u00e9ndose en una de las figuras pol\u00edticas m\u00e1s experimentadas y con mayor arraigo en esa demarcaci\u00f3n. Tambi\u00e9n se desempe\u00f1\u00f3 como diputado al Parlamento Centroamericano (PARLACEN).<\/p>\n\n\n\n<p>A lo largo de su carrera, ha presidido la Comisi\u00f3n de Asuntos Municipales de la C\u00e1mara de Diputados y ha sido miembro de importantes comisiones legislativas, entre ellas Interior y Polic\u00eda, Asuntos Mar\u00edtimos y la Comisi\u00f3n Especial de Partidos Pol\u00edticos, entre otras responsabilidades.<\/p>\n\n\n<div class=\"wp-block-image\">\n<figure class=\"alignleft size-full is-resized\"><img decoding=\"async\" width=\"900\" height=\"600\" src=\"https:\/\/lasprimeras.com.do\/wp-content\/uploads\/2025\/11\/Leonel-Fernandez-2.jpg\" alt=\"\" class=\"wp-image-116241\" style=\"width:438px;height:auto\" srcset=\"https:\/\/lasprimeras.com.do\/wp-content\/uploads\/2025\/11\/Leonel-Fernandez-2.jpg 900w, https:\/\/lasprimeras.com.do\/wp-content\/uploads\/2025\/11\/Leonel-Fernandez-2-300x200.jpg 300w, https:\/\/lasprimeras.com.do\/wp-content\/uploads\/2025\/11\/Leonel-Fernandez-2-768x512.jpg 768w\" sizes=\"(max-width: 900px) 100vw, 900px\" \/><\/figure>\n<\/div>\n\n\n<p>Al tomarle juramento, el presidente de la FP destac\u00f3 la importancia de esta nueva integraci\u00f3n, afirmando que Aguirre llega \u201cen v\u00edsperas de la gran marcha que vamos a tener el domingo, una marcha a la que hemos invitado a todo el pueblo dominicano porque hay muchos problemas que deben enmendarse: los apagones, la falta de agua en las comunidades, la criminalidad y el alto costo de la vida. Hay mucho por qu\u00e9 protestar y mucho por qu\u00e9 aspirar a cambiar a trav\u00e9s de nuestro partido, la Fuerza del Pueblo\u201d.<\/p>\n\n\n\n<p>Fern\u00e1ndez defini\u00f3 a Aguirre como \u201cun roble de la pol\u00edtica\u201d, resaltando que \u201ctres veces alcalde, cuatro veces diputado, un hombre de \u00e9xito, y ese \u00e9xito es el que hoy llega a fortalecer a la Fuerza del Pueblo en Puerto Plata\u201d.<\/p>\n\n\n<div class=\"wp-block-image\">\n<figure class=\"alignright size-full is-resized\"><img decoding=\"async\" width=\"900\" height=\"697\" src=\"https:\/\/lasprimeras.com.do\/wp-content\/uploads\/2025\/11\/Leonel-Fernandez-3.jpg\" alt=\"\" class=\"wp-image-116242\" style=\"width:436px;height:auto\" srcset=\"https:\/\/lasprimeras.com.do\/wp-content\/uploads\/2025\/11\/Leonel-Fernandez-3.jpg 900w, https:\/\/lasprimeras.com.do\/wp-content\/uploads\/2025\/11\/Leonel-Fernandez-3-300x232.jpg 300w, https:\/\/lasprimeras.com.do\/wp-content\/uploads\/2025\/11\/Leonel-Fernandez-3-768x595.jpg 768w\" sizes=\"(max-width: 900px) 100vw, 900px\" \/><\/figure>\n<\/div>\n\n\n<p>De su lado, Pedro Alejandro Aguirre expres\u00f3 sentirse comprometido con este nuevo reto pol\u00edtico.<\/p>\n\n\n\n<p>\u201cMe falta una cosa por lograr, Presidente: que sea usted quien conduzca este pa\u00eds a partir del 2028. Por eso este grupo de hombres y mujeres que me acompa\u00f1a est\u00e1 aqu\u00ed para decirle que estamos dispuestos a trabajar para que usted sea el pr\u00f3ximo Presidente de la Rep\u00fablica\u201d, afirm\u00f3.<\/p>\n","protected":false},"excerpt":{"rendered":"<p>El presidente de la Fuerza del Pueblo (FP), Leonel Fern\u00e1ndez, jurament\u00f3 al destacado dirigente puertoplate\u00f1o Pedro Alejandro Aguirre (ALEJA), y su equipo, quienes abandonan las filas del oficialista Partido Revolucionario&hellip;<\/p>\n","protected":false},"author":10,"featured_media":116239,"comment_status":"open","ping_status":"open","sticky":false,"template":"","format":"standard","meta":{"content-type":"","jetpack_post_was_ever_published":false,"_jetpack_newsletter_access":"","_jetpack_dont_email_post_to_subs":false,"_jetpack_newsletter_tier_id":0,"_jetpack_memberships_contains_paywalled_content":false,"_jetpack_memberships_contains_paid_content":false,"footnotes":""},"categories":[16559,25],"tags":[161,616,8650,79,27936,31],"class_list":["post-116238","post","type-post","status-publish","format-standard","has-post-thumbnail","hentry","category-politica","category-portada","tag-alcalde","tag-dirigente","tag-exdiputado","tag-fp","tag-pedro-alejandro-aguirre","tag-prm"],"jetpack_featured_media_url":"https:\/\/lasprimeras.com.do\/wp-content\/uploads\/2025\/11\/Leonel-Fernandez-1.jpg","jetpack-related-posts":[{"id":107171,"url":"https:\/\/lasprimeras.com.do\/index.php\/2025\/08\/24\/leonel-juramentara-este-domingo-nuevos-miembros-de-la-fp-en-spm\/","url_meta":{"origin":116238,"position":0},"title":"Leonel jurament\u00f3 este domingo nuevos miembros de la FP en SPM","author":"Nelson Feliz","date":"24 de agosto de 2025","format":false,"excerpt":"El presidente del partido Fuerza del Pueblo (FP), Leonel Fern\u00e1ndez, jurament\u00f3 nuevos dirigentes y personalidades en la provincia San Pedro de Macor\u00eds, provenientes del Partido Revolucionario Moderno (PRM) como del Partido de la Liberaci\u00f3n Dominicana (PLD), lo que evidencia el creciente fortalecimiento de esa organizaci\u00f3n. La primera actividad se llev\u00f3\u2026","rel":"","context":"En \u00abPOLITICA\u00bb","block_context":{"text":"POLITICA","link":"https:\/\/lasprimeras.com.do\/index.php\/category\/politica\/"},"img":{"alt_text":"","src":"https:\/\/i0.wp.com\/lasprimeras.com.do\/wp-content\/uploads\/2025\/08\/Leonel-Fernandez.jpg?resize=350%2C200&ssl=1","width":350,"height":200,"srcset":"https:\/\/i0.wp.com\/lasprimeras.com.do\/wp-content\/uploads\/2025\/08\/Leonel-Fernandez.jpg?resize=350%2C200&ssl=1 1x, https:\/\/i0.wp.com\/lasprimeras.com.do\/wp-content\/uploads\/2025\/08\/Leonel-Fernandez.jpg?resize=525%2C300&ssl=1 1.5x, https:\/\/i0.wp.com\/lasprimeras.com.do\/wp-content\/uploads\/2025\/08\/Leonel-Fernandez.jpg?resize=700%2C400&ssl=1 2x"},"classes":[]},{"id":125863,"url":"https:\/\/lasprimeras.com.do\/index.php\/2026\/03\/26\/fp-se-fortalece-leonel-juramenta-exgobernador-y-dirigentes-del-prm-pld\/","url_meta":{"origin":116238,"position":1},"title":"FP se fortalece: Leonel juramenta exgobernador y dirigentes del PRM-PLD","author":"Nelson Feliz","date":"26 de marzo de 2026","format":false,"excerpt":"La incorporaci\u00f3n de l\u00edderes comunitarios, profesionales y dirigentes pol\u00edticos fortalece la estructura de la Fuerza del Pueblo en la provincia. El presidente del partido Fuerza del Pueblo (FP) y expresidente de la Rep\u00fablica, Leonel Fern\u00e1ndez, jurament\u00f3 en esa organizaci\u00f3n a decenas de nuevos miembros en la provincia Hermanas Mirabal, en\u2026","rel":"","context":"En \u00abPOLITICA\u00bb","block_context":{"text":"POLITICA","link":"https:\/\/lasprimeras.com.do\/index.php\/category\/politica\/"},"img":{"alt_text":"Leonel Fern\u00e1ndez","src":"https:\/\/i0.wp.com\/lasprimeras.com.do\/wp-content\/uploads\/2026\/03\/Leonel-Fernandez-3.jpg?resize=350%2C200&ssl=1","width":350,"height":200,"srcset":"https:\/\/i0.wp.com\/lasprimeras.com.do\/wp-content\/uploads\/2026\/03\/Leonel-Fernandez-3.jpg?resize=350%2C200&ssl=1 1x, https:\/\/i0.wp.com\/lasprimeras.com.do\/wp-content\/uploads\/2026\/03\/Leonel-Fernandez-3.jpg?resize=525%2C300&ssl=1 1.5x, https:\/\/i0.wp.com\/lasprimeras.com.do\/wp-content\/uploads\/2026\/03\/Leonel-Fernandez-3.jpg?resize=700%2C400&ssl=1 2x"},"classes":[]},{"id":106464,"url":"https:\/\/lasprimeras.com.do\/index.php\/2025\/08\/15\/regidor-del-prm-se-une-a-la-fuerza-del-pueblo-y-es-juramentado-por-leonel-fernandez\/","url_meta":{"origin":116238,"position":2},"title":"Regidor del PRM se une a la Fuerza del Pueblo y es juramentado por Leonel Fern\u00e1ndez","author":"Nelson Feliz","date":"15 de agosto de 2025","format":false,"excerpt":"En el marco de su visita a la Ciudad Coraz\u00f3n, el presidente del partido Fuerza del Pueblo (FP), Leonel Fern\u00e1ndez, jurament\u00f3 al regidor del Partido Revolucionario Moderno (PRM) de Hatillo Palma, provincia Montecristi, Dany Torres, quien formaliz\u00f3 su ingreso a las filas de la organizaci\u00f3n pol\u00edtica liderada por el exmandatario.\u2026","rel":"","context":"En \u00abPOLITICA\u00bb","block_context":{"text":"POLITICA","link":"https:\/\/lasprimeras.com.do\/index.php\/category\/politica\/"},"img":{"alt_text":"","src":"https:\/\/i0.wp.com\/lasprimeras.com.do\/wp-content\/uploads\/2025\/08\/Dany-Torres.jpg?resize=350%2C200&ssl=1","width":350,"height":200,"srcset":"https:\/\/i0.wp.com\/lasprimeras.com.do\/wp-content\/uploads\/2025\/08\/Dany-Torres.jpg?resize=350%2C200&ssl=1 1x, https:\/\/i0.wp.com\/lasprimeras.com.do\/wp-content\/uploads\/2025\/08\/Dany-Torres.jpg?resize=525%2C300&ssl=1 1.5x, https:\/\/i0.wp.com\/lasprimeras.com.do\/wp-content\/uploads\/2025\/08\/Dany-Torres.jpg?resize=700%2C400&ssl=1 2x"},"classes":[]},{"id":116027,"url":"https:\/\/lasprimeras.com.do\/index.php\/2025\/11\/26\/fp-exige-al-prm-revelar-nombres-de-funcionarios-vinculados-al-narcotrafico-a-los-que-hizo-alusion-paliza\/","url_meta":{"origin":116238,"position":3},"title":"FP exige al PRM revelar nombres de funcionarios vinculados al narcotr\u00e1fico, a los que hizo alusi\u00f3n Paliza","author":"Nelson Feliz","date":"26 de noviembre de 2025","format":false,"excerpt":"\u201cPaliza debe decir qui\u00e9nes son\u201d, afirma Ra\u00fal Mart\u00ednez. El partido Fuerza del Pueblo (FP) exigi\u00f3 al Partido Revolucionario Moderno (PRM) que revele los nombres de los funcionarios electos y dirigentes de su propia organizaci\u00f3n que estar\u00edan vinculados al narcotr\u00e1fico y al crimen organizado, como lo dio a entender recientemente su\u2026","rel":"","context":"En \u00abPOLITICA\u00bb","block_context":{"text":"POLITICA","link":"https:\/\/lasprimeras.com.do\/index.php\/category\/politica\/"},"img":{"alt_text":"","src":"https:\/\/i0.wp.com\/lasprimeras.com.do\/wp-content\/uploads\/2025\/11\/Raul-Martinez.jpg?resize=350%2C200&ssl=1","width":350,"height":200,"srcset":"https:\/\/i0.wp.com\/lasprimeras.com.do\/wp-content\/uploads\/2025\/11\/Raul-Martinez.jpg?resize=350%2C200&ssl=1 1x, https:\/\/i0.wp.com\/lasprimeras.com.do\/wp-content\/uploads\/2025\/11\/Raul-Martinez.jpg?resize=525%2C300&ssl=1 1.5x, https:\/\/i0.wp.com\/lasprimeras.com.do\/wp-content\/uploads\/2025\/11\/Raul-Martinez.jpg?resize=700%2C400&ssl=1 2x"},"classes":[]},{"id":103989,"url":"https:\/\/lasprimeras.com.do\/index.php\/2025\/07\/21\/leonel-juramenta-2-regidores-y-mas-dirigentes-del-pld-prm-y-otras-organizaciones-en-san-cristobal\/","url_meta":{"origin":116238,"position":4},"title":"Leonel juramenta 2 regidores y m\u00e1s dirigentes del PLD, PRM y otras organizaciones en San Crist\u00f3bal","author":"Nelson Feliz","date":"21 de julio de 2025","format":false,"excerpt":"En un acto multitudinario celebrado este domingo 20 de julio en el Club Deportivo Ciro P\u00e9rez, el presidente de la Fuerza del Pueblo (FP), Leonel Fern\u00e1ndez, jurament\u00f3 a dos regidores y decenas de dirigentes provenientes del Partido de la Liberaci\u00f3n Dominicana (PLD), del Partido Revolucionario Moderno (PRM) y de otras\u2026","rel":"","context":"En \u00abPOLITICA\u00bb","block_context":{"text":"POLITICA","link":"https:\/\/lasprimeras.com.do\/index.php\/category\/politica\/"},"img":{"alt_text":"Leonel Fern\u00e1ndez","src":"https:\/\/i0.wp.com\/lasprimeras.com.do\/wp-content\/uploads\/2025\/07\/Leonel-Fernandez-4.jpg?resize=350%2C200&ssl=1","width":350,"height":200,"srcset":"https:\/\/i0.wp.com\/lasprimeras.com.do\/wp-content\/uploads\/2025\/07\/Leonel-Fernandez-4.jpg?resize=350%2C200&ssl=1 1x, https:\/\/i0.wp.com\/lasprimeras.com.do\/wp-content\/uploads\/2025\/07\/Leonel-Fernandez-4.jpg?resize=525%2C300&ssl=1 1.5x, https:\/\/i0.wp.com\/lasprimeras.com.do\/wp-content\/uploads\/2025\/07\/Leonel-Fernandez-4.jpg?resize=700%2C400&ssl=1 2x"},"classes":[]},{"id":115603,"url":"https:\/\/lasprimeras.com.do\/index.php\/2025\/11\/24\/regidor-del-pld-y-dirigentes-del-prm-se-juramentan-en-la-fuerza-del-pueblo\/","url_meta":{"origin":116238,"position":5},"title":"Regidor del PLD y dirigentes del PRM se juramentan en la Fuerza del Pueblo","author":"Nelson Feliz","date":"24 de noviembre de 2025","format":false,"excerpt":"En un acto encabezado por Radham\u00e9s Jim\u00e9nez Pe\u00f1a, l\u00edderes comunitarios, pastores y exdirigentes de varios partidos pol\u00edticos oficializaron su paso a las filas de la Fuerza del Pueblo. En una muestra de reconfiguraci\u00f3n pol\u00edtica en Santo Domingo Norte, un importante grupo de dirigentes y l\u00edderes comunitarios de distintas fuerzas pol\u00edticas\u2026","rel":"","context":"En \u00abPOLITICA\u00bb","block_context":{"text":"POLITICA","link":"https:\/\/lasprimeras.com.do\/index.php\/category\/politica\/"},"img":{"alt_text":"Radham\u00e9s Jim\u00e9nez Pe\u00f1a","src":"https:\/\/i0.wp.com\/lasprimeras.com.do\/wp-content\/uploads\/2025\/11\/Radhames-Jimenez-Pena-1.jpg?resize=350%2C200&ssl=1","width":350,"height":200,"srcset":"https:\/\/i0.wp.com\/lasprimeras.com.do\/wp-content\/uploads\/2025\/11\/Radhames-Jimenez-Pena-1.jpg?resize=350%2C200&ssl=1 1x, https:\/\/i0.wp.com\/lasprimeras.com.do\/wp-content\/uploads\/2025\/11\/Radhames-Jimenez-Pena-1.jpg?resize=525%2C300&ssl=1 1.5x, https:\/\/i0.wp.com\/lasprimeras.com.do\/wp-content\/uploads\/2025\/11\/Radhames-Jimenez-Pena-1.jpg?resize=700%2C400&ssl=1 2x"},"classes":[]}],"jetpack_sharing_enabled":true,"_links":{"self":[{"href":"https:\/\/lasprimeras.com.do\/index.php\/wp-json\/wp\/v2\/posts\/116238","targetHints":{"allow":["GET"]}}],"collection":[{"href":"https:\/\/lasprimeras.com.do\/index.php\/wp-json\/wp\/v2\/posts"}],"about":[{"href":"https:\/\/lasprimeras.com.do\/index.php\/wp-json\/wp\/v2\/types\/post"}],"author":[{"embeddable":true,"href":"https:\/\/lasprimeras.com.do\/index.php\/wp-json\/wp\/v2\/users\/10"}],"replies":[{"embeddable":true,"href":"https:\/\/lasprimeras.com.do\/index.php\/wp-json\/wp\/v2\/comments?post=116238"}],"version-history":[{"count":1,"href":"https:\/\/lasprimeras.com.do\/index.php\/wp-json\/wp\/v2\/posts\/116238\/revisions"}],"predecessor-version":[{"id":116244,"href":"https:\/\/lasprimeras.com.do\/index.php\/wp-json\/wp\/v2\/posts\/116238\/revisions\/116244"}],"wp:featuredmedia":[{"embeddable":true,"href":"https:\/\/lasprimeras.com.do\/index.php\/wp-json\/wp\/v2\/media\/116239"}],"wp:attachment":[{"href":"https:\/\/lasprimeras.com.do\/index.php\/wp-json\/wp\/v2\/media?parent=116238"}],"wp:term":[{"taxonomy":"category","embeddable":true,"href":"https:\/\/lasprimeras.com.do\/index.php\/wp-json\/wp\/v2\/categories?post=116238"},{"taxonomy":"post_tag","embeddable":true,"href":"https:\/\/lasprimeras.com.do\/index.php\/wp-json\/wp\/v2\/tags?post=116238"}],"curies":[{"name":"wp","href":"https:\/\/api.w.org\/{rel}","templated":true}]}}