{"id":116245,"date":"2025-11-28T12:41:27","date_gmt":"2025-11-28T16:41:27","guid":{"rendered":"https:\/\/lasprimeras.com.do\/?p=116245"},"modified":"2025-11-28T12:41:29","modified_gmt":"2025-11-28T16:41:29","slug":"arrestan-tres-hombres-con-un-cargamento-mas-de-1-5-toneladas-de-cocaina-en-bani","status":"publish","type":"post","link":"https:\/\/lasprimeras.com.do\/index.php\/2025\/11\/28\/arrestan-tres-hombres-con-un-cargamento-mas-de-1-5-toneladas-de-cocaina-en-bani\/","title":{"rendered":"Arrestan tres hombres con un cargamento m\u00e1s de 1.5 toneladas de coca\u00edna en Ban\u00ed"},"content":{"rendered":"\n<p><strong>El decomiso realizado en operaci\u00f3n conjunta y combinada en costas de la provincia Peravia es de mayor volumen confiscado durante este 2025<\/strong><\/p>\n\n\n\n<p>Agentes de la Direccion Nacional de Control de Drogas (DNCD), efectivos de la Armada (ARD) y la Fuerza A\u00e9rea, (FARD), coordinados por el Ministerio P\u00fablico, incautaron un cargamento de 1,497 paquetes presumiblemente coca\u00edna (m\u00e1s de 1.5 toneladas), durante un operativo conjunto y combinado, ejecutado en las costas del municipio de Ban\u00ed, provincia Peravia.<\/p>\n\n\n<div class=\"wp-block-image\">\n<figure class=\"alignleft size-large is-resized\"><img decoding=\"async\" width=\"682\" height=\"1024\" src=\"https:\/\/lasprimeras.com.do\/wp-content\/uploads\/2025\/11\/cargamento-5-682x1024.jpeg\" alt=\"\" class=\"wp-image-116247\" style=\"width:251px;height:auto\" srcset=\"https:\/\/lasprimeras.com.do\/wp-content\/uploads\/2025\/11\/cargamento-5-682x1024.jpeg 682w, https:\/\/lasprimeras.com.do\/wp-content\/uploads\/2025\/11\/cargamento-5-200x300.jpeg 200w, https:\/\/lasprimeras.com.do\/wp-content\/uploads\/2025\/11\/cargamento-5-768x1152.jpeg 768w, https:\/\/lasprimeras.com.do\/wp-content\/uploads\/2025\/11\/cargamento-5.jpeg 853w\" sizes=\"(max-width: 682px) 100vw, 682px\" \/><\/figure>\n<\/div>\n\n\n<p>Las unidades operativas y de reacci\u00f3n, atendiendo a informes de inteligencia, desplegaron unidades a\u00e9reas, mar\u00edtimas y terrestres, para interceptar a varios individuos, quienes a bordo de una lancha r\u00e1pida (Tipo Eduardono), con dos motores de 200 caballos de fuerza cada uno, se dirig\u00edan a costas dominicanas con un importante cargamento de sustancias narc\u00f3ticas.<\/p>\n\n\n\n<p>Como resultado del despliegue de las fuerzas, luego de m\u00e1s de 12 horas de intensa persecuci\u00f3n, por aire, mar y tierra, las autoridades lograron intervenir a varias millas n\u00e1uticas al Sur de Punta Salinas, municipio de Ban\u00ed, una embarcaci\u00f3n de 40 pies de eslora, con varios hombres a bordo y 60 pacas, conteniendo en su interior un total de 1, 497 paquetes.<\/p>\n\n\n\n<p>Durante la operaci\u00f3n, se arrestaron a dos dominicanos y un colombiano, se ocuparon adem\u00e1s 05 tanques de combustibles, un tel\u00e9fono satelital, un celular, documentos personales, entre otras evidencias.<\/p>\n\n\n<div class=\"wp-block-image\">\n<figure class=\"alignright size-large is-resized\"><img decoding=\"async\" width=\"1024\" height=\"632\" src=\"https:\/\/lasprimeras.com.do\/wp-content\/uploads\/2025\/11\/cargamento-1-1024x632.jpeg\" alt=\"\" class=\"wp-image-116248\" style=\"width:351px;height:auto\" srcset=\"https:\/\/lasprimeras.com.do\/wp-content\/uploads\/2025\/11\/cargamento-1-1024x632.jpeg 1024w, https:\/\/lasprimeras.com.do\/wp-content\/uploads\/2025\/11\/cargamento-1-300x185.jpeg 300w, https:\/\/lasprimeras.com.do\/wp-content\/uploads\/2025\/11\/cargamento-1-768x474.jpeg 768w, https:\/\/lasprimeras.com.do\/wp-content\/uploads\/2025\/11\/cargamento-1.jpeg 1280w\" sizes=\"(max-width: 1024px) 100vw, 1024px\" \/><\/figure>\n<\/div>\n\n\n<p>El Ministerio P\u00fablico y la DNCD desarrollan las investigaciones correspondientes para determinar si hay otros implicados en esta red de narcotr\u00e1fico internacional, mientras los tres detenidos ser\u00e1n sometidos a la justicia en las pr\u00f3ximas horas, por violacion a la ley 50-88, sobre drogas y sustancias controladas.<\/p>\n\n\n\n<p>\u201cEl abordaje y neutralizaci\u00f3n de la embarcaci\u00f3n, para confiscar el importante cargamento, es parte de la ampliaci\u00f3n de las operaciones de interdicci\u00f3n e intercambio de informaci\u00f3n por parte de las autoridades dominicanas con el apoyo de organismos internacionales\u201d.<\/p>\n\n\n<div class=\"wp-block-image\">\n<figure class=\"alignleft size-large is-resized\"><img decoding=\"async\" width=\"1024\" height=\"768\" src=\"https:\/\/lasprimeras.com.do\/wp-content\/uploads\/2025\/11\/cargamento-3-1024x768.jpeg\" alt=\"\" class=\"wp-image-116249\" style=\"width:438px;height:auto\" srcset=\"https:\/\/lasprimeras.com.do\/wp-content\/uploads\/2025\/11\/cargamento-3-1024x768.jpeg 1024w, https:\/\/lasprimeras.com.do\/wp-content\/uploads\/2025\/11\/cargamento-3-300x225.jpeg 300w, https:\/\/lasprimeras.com.do\/wp-content\/uploads\/2025\/11\/cargamento-3-768x576.jpeg 768w, https:\/\/lasprimeras.com.do\/wp-content\/uploads\/2025\/11\/cargamento-3.jpeg 1280w\" sizes=\"(max-width: 1024px) 100vw, 1024px\" \/><\/figure>\n<\/div>\n\n\n<p>Este cargamento, el mayor durante lo que va del a\u00f1o 2025, representa otro importante golpe a las redes de narcotr\u00e1fico, cuyo modo operativo, es traer drogas en lanchas r\u00e1pidas desde Sudam\u00e9rica a territorio dominicano.<\/p>\n\n\n\n<p>Los paquetes de la sustancia est\u00e1n siendo enviados al Instituto Nacional de Ciencias Forenses (INACIF), bajo cadena de custodia, para determinar el tipo y peso exacto del cargamento.<\/p>\n","protected":false},"excerpt":{"rendered":"<p>El decomiso realizado en operaci\u00f3n conjunta y combinada en costas de la provincia Peravia es de mayor volumen confiscado durante este 2025 Agentes de la Direccion Nacional de Control de&hellip;<\/p>\n","protected":false},"author":10,"featured_media":116246,"comment_status":"open","ping_status":"open","sticky":false,"template":"","format":"standard","meta":{"content-type":"","jetpack_post_was_ever_published":false,"_jetpack_newsletter_access":"","_jetpack_dont_email_post_to_subs":false,"_jetpack_newsletter_tier_id":0,"_jetpack_memberships_contains_paywalled_content":false,"_jetpack_memberships_contains_paid_content":false,"footnotes":""},"categories":[3057],"tags":[544,27937,963,3698,5866,3707,5154],"class_list":["post-116245","post","type-post","status-publish","format-standard","has-post-thumbnail","hentry","category-militares","tag-ard","tag-arrestan-tres-hombres","tag-bani","tag-cargamento","tag-cocaina","tag-dncd","tag-fard"],"jetpack_featured_media_url":"https:\/\/lasprimeras.com.do\/wp-content\/uploads\/2025\/11\/cargamento.jpeg","jetpack-related-posts":[{"id":117641,"url":"https:\/\/lasprimeras.com.do\/index.php\/2025\/12\/12\/autoridades-ocupan-en-bani-alijo-429-paquetes-presumiblemente-cocaina\/","url_meta":{"origin":116245,"position":0},"title":"Autoridades ocupan en Ban\u00ed alijo 429 paquetes presumiblemente coca\u00edna","author":"Nelson Feliz","date":"12 de diciembre de 2025","format":false,"excerpt":"Las fuerzas de seguridad desplegaron un dispositivo conjunto para confiscar el cargamento y arrestar a tres dominicanos. Agentes de la Direcci\u00f3n Nacional de Control de Drogas (DNCD), efectivos de la Armada de la Rep\u00fablica Dominicana (ARD), la Fuerza A\u00e9rea (FARD) coordinados por el Ministerio P\u00fablico y apoyados por organismos internacionales,\u2026","rel":"","context":"En \u00abMILITARES\u00bb","block_context":{"text":"MILITARES","link":"https:\/\/lasprimeras.com.do\/index.php\/category\/militares\/"},"img":{"alt_text":"DNCD","src":"https:\/\/i0.wp.com\/lasprimeras.com.do\/wp-content\/uploads\/2025\/12\/DNCD-3-2.jpg?resize=350%2C200&ssl=1","width":350,"height":200,"srcset":"https:\/\/i0.wp.com\/lasprimeras.com.do\/wp-content\/uploads\/2025\/12\/DNCD-3-2.jpg?resize=350%2C200&ssl=1 1x, https:\/\/i0.wp.com\/lasprimeras.com.do\/wp-content\/uploads\/2025\/12\/DNCD-3-2.jpg?resize=525%2C300&ssl=1 1.5x, https:\/\/i0.wp.com\/lasprimeras.com.do\/wp-content\/uploads\/2025\/12\/DNCD-3-2.jpg?resize=700%2C400&ssl=1 2x"},"classes":[]},{"id":122313,"url":"https:\/\/lasprimeras.com.do\/index.php\/2026\/02\/16\/arrestan-seis-hombres-con-un-cargamento-de-mas-de-dos-toneladas-de-presunta-cocaina\/","url_meta":{"origin":116245,"position":1},"title":"Arrestan seis hombres con un cargamento de m\u00e1s de. Dos toneladas de presunta cocaina","author":"Nelson Feliz","date":"16 de febrero de 2026","format":false,"excerpt":"_La operaci\u00f3n se ejecut\u00f3 en las costas de la provincia Peravia y cont\u00f3 con la participaci\u00f3n activa de unidades mar\u00edtimas, a\u00e9reas y terrestres_ Agentes de la Direcci\u00f3n Nacional de Control de Drogas (DNCD), la Armada de Rep\u00fablica Dominicana (ARD) y de la Fuerza A\u00e9rea de Rep\u00fablica Dominicana (FARD), con el\u2026","rel":"","context":"En \u00abMILITARES\u00bb","block_context":{"text":"MILITARES","link":"https:\/\/lasprimeras.com.do\/index.php\/category\/militares\/"},"img":{"alt_text":"","src":"https:\/\/i0.wp.com\/lasprimeras.com.do\/wp-content\/uploads\/2026\/02\/IMG-20260216-WA0296.jpg?resize=350%2C200&ssl=1","width":350,"height":200,"srcset":"https:\/\/i0.wp.com\/lasprimeras.com.do\/wp-content\/uploads\/2026\/02\/IMG-20260216-WA0296.jpg?resize=350%2C200&ssl=1 1x, https:\/\/i0.wp.com\/lasprimeras.com.do\/wp-content\/uploads\/2026\/02\/IMG-20260216-WA0296.jpg?resize=525%2C300&ssl=1 1.5x, https:\/\/i0.wp.com\/lasprimeras.com.do\/wp-content\/uploads\/2026\/02\/IMG-20260216-WA0296.jpg?resize=700%2C400&ssl=1 2x, https:\/\/i0.wp.com\/lasprimeras.com.do\/wp-content\/uploads\/2026\/02\/IMG-20260216-WA0296.jpg?resize=1050%2C600&ssl=1 3x, https:\/\/i0.wp.com\/lasprimeras.com.do\/wp-content\/uploads\/2026\/02\/IMG-20260216-WA0296.jpg?resize=1400%2C800&ssl=1 4x"},"classes":[]},{"id":113167,"url":"https:\/\/lasprimeras.com.do\/index.php\/2025\/10\/30\/incautan-un-cargamento-de-650-paquetes-presumiblemente-cocaina-en-bani\/","url_meta":{"origin":116245,"position":2},"title":"Incautan un cargamento de 650 paquetes presumiblemente coca\u00edna en Ban\u00ed","author":"Nelson Feliz","date":"30 de octubre de 2025","format":false,"excerpt":"Durante el operativo realizado en las costas de Ban\u00ed se arrestaron a dos dominicanos a bordo de la embarcaci\u00f3n. Agentes de la Direccion Nacional de Control de Drogas (DNCD), efectivos de la Armada de Rep\u00fablica Dominicana (ARD) y la Fuerza A\u00e9rea (FARD), coordinados por el Ministerio P\u00fablico, incautaron un cargamento\u2026","rel":"","context":"En \u00abMILITARES\u00bb","block_context":{"text":"MILITARES","link":"https:\/\/lasprimeras.com.do\/index.php\/category\/militares\/"},"img":{"alt_text":"","src":"https:\/\/i0.wp.com\/lasprimeras.com.do\/wp-content\/uploads\/2025\/10\/dncd-1-2.jpg?resize=350%2C200&ssl=1","width":350,"height":200,"srcset":"https:\/\/i0.wp.com\/lasprimeras.com.do\/wp-content\/uploads\/2025\/10\/dncd-1-2.jpg?resize=350%2C200&ssl=1 1x, https:\/\/i0.wp.com\/lasprimeras.com.do\/wp-content\/uploads\/2025\/10\/dncd-1-2.jpg?resize=525%2C300&ssl=1 1.5x, https:\/\/i0.wp.com\/lasprimeras.com.do\/wp-content\/uploads\/2025\/10\/dncd-1-2.jpg?resize=700%2C400&ssl=1 2x"},"classes":[]},{"id":128650,"url":"https:\/\/lasprimeras.com.do\/index.php\/2026\/04\/25\/atrapan-cuatro-venezolanos-con-450-paquetes-de-presunta-cocaina-en-punta-salinas\/","url_meta":{"origin":116245,"position":3},"title":"Atrapan cuatro venezolanos con 450 paquetes de presunta coca\u00edna en Punta Salinas","author":"Nelson Feliz","date":"25 de abril de 2026","format":false,"excerpt":"La nueva operaci\u00f3n, en la que se desplegaron helic\u00f3pteros, lanchas y equipos terrestres, se ejecut\u00f3 en las costas de Ban\u00ed, provincia Peravia Agentes de la Direcci\u00f3n Nacional de Control de Drogas (DNCD), efectivos de la Armada de Rep\u00fablica Dominicana (ARD), la Fuerza A\u00e9rea (FARD), agencias de Inteligencia del Estado, apoyados\u2026","rel":"","context":"En \u00abMILITARES\u00bb","block_context":{"text":"MILITARES","link":"https:\/\/lasprimeras.com.do\/index.php\/category\/militares\/"},"img":{"alt_text":"","src":"https:\/\/i0.wp.com\/lasprimeras.com.do\/wp-content\/uploads\/2026\/04\/dncd.jpg?resize=350%2C200&ssl=1","width":350,"height":200,"srcset":"https:\/\/i0.wp.com\/lasprimeras.com.do\/wp-content\/uploads\/2026\/04\/dncd.jpg?resize=350%2C200&ssl=1 1x, https:\/\/i0.wp.com\/lasprimeras.com.do\/wp-content\/uploads\/2026\/04\/dncd.jpg?resize=525%2C300&ssl=1 1.5x, https:\/\/i0.wp.com\/lasprimeras.com.do\/wp-content\/uploads\/2026\/04\/dncd.jpg?resize=700%2C400&ssl=1 2x"},"classes":[]},{"id":116731,"url":"https:\/\/lasprimeras.com.do\/index.php\/2025\/12\/03\/dncd-confisca-114-paquetes-presumiblemente-cocaina-en-bani\/","url_meta":{"origin":116245,"position":4},"title":"DNCD confisca 114 paquetes presumiblemente coca\u00edna en Ban\u00ed","author":"Nelson Feliz","date":"3 de diciembre de 2025","format":false,"excerpt":"-El operativo conjunto y combinado se realiz\u00f3 nuevamente en las costas del municipio de Bani, provincia Peravia. Agentes de la Direcci\u00f3n Nacional de Control de Drogas (DNCD), efectivos de la Armada (ARD) y la Fuerza A\u00e9rea (FARD) coordinados por el Ministerio P\u00fablico, incautaron un alijo de 114 paquetes presumiblemente coca\u00edna,\u2026","rel":"","context":"En \u00abMILITARES\u00bb","block_context":{"text":"MILITARES","link":"https:\/\/lasprimeras.com.do\/index.php\/category\/militares\/"},"img":{"alt_text":"","src":"https:\/\/i0.wp.com\/lasprimeras.com.do\/wp-content\/uploads\/2025\/12\/dncd-3.jpg?resize=350%2C200&ssl=1","width":350,"height":200,"srcset":"https:\/\/i0.wp.com\/lasprimeras.com.do\/wp-content\/uploads\/2025\/12\/dncd-3.jpg?resize=350%2C200&ssl=1 1x, https:\/\/i0.wp.com\/lasprimeras.com.do\/wp-content\/uploads\/2025\/12\/dncd-3.jpg?resize=525%2C300&ssl=1 1.5x, https:\/\/i0.wp.com\/lasprimeras.com.do\/wp-content\/uploads\/2025\/12\/dncd-3.jpg?resize=700%2C400&ssl=1 2x"},"classes":[]},{"id":86803,"url":"https:\/\/lasprimeras.com.do\/index.php\/2024\/08\/01\/confiscan-532-paquetes-presumiblemente-cocaina-y-11-de-marihuana-en-bani\/","url_meta":{"origin":116245,"position":5},"title":"Confiscan 532 paquetes presumiblemente coca\u00edna y 11 de marihuana en Bani","author":"Nelson Feliz","date":"1 de agosto de 2024","format":false,"excerpt":"Apresan cuatro hombres que se movilizaban en una embarcaci\u00f3n en aguas del mar Caribe. Por Martin Restituyo Agentes de la Direcci\u00f3n Nacional de Control de Drogas (DNCD), la Armada de Rep\u00fablica Dominicana (ARD) y la Fuerza A\u00e9rea (FARD), coordinados por miembros del Ministerio P\u00fablico, confiscaron otro cargamento de 532 paquetes\u2026","rel":"","context":"En \u00abNACIONALES\u00bb","block_context":{"text":"NACIONALES","link":"https:\/\/lasprimeras.com.do\/index.php\/category\/nacionales\/"},"img":{"alt_text":"DNCD","src":"https:\/\/i0.wp.com\/lasprimeras.com.do\/wp-content\/uploads\/2024\/08\/DNCD-4.jpg?resize=350%2C200&ssl=1","width":350,"height":200,"srcset":"https:\/\/i0.wp.com\/lasprimeras.com.do\/wp-content\/uploads\/2024\/08\/DNCD-4.jpg?resize=350%2C200&ssl=1 1x, https:\/\/i0.wp.com\/lasprimeras.com.do\/wp-content\/uploads\/2024\/08\/DNCD-4.jpg?resize=525%2C300&ssl=1 1.5x"},"classes":[]}],"jetpack_sharing_enabled":true,"_links":{"self":[{"href":"https:\/\/lasprimeras.com.do\/index.php\/wp-json\/wp\/v2\/posts\/116245","targetHints":{"allow":["GET"]}}],"collection":[{"href":"https:\/\/lasprimeras.com.do\/index.php\/wp-json\/wp\/v2\/posts"}],"about":[{"href":"https:\/\/lasprimeras.com.do\/index.php\/wp-json\/wp\/v2\/types\/post"}],"author":[{"embeddable":true,"href":"https:\/\/lasprimeras.com.do\/index.php\/wp-json\/wp\/v2\/users\/10"}],"replies":[{"embeddable":true,"href":"https:\/\/lasprimeras.com.do\/index.php\/wp-json\/wp\/v2\/comments?post=116245"}],"version-history":[{"count":1,"href":"https:\/\/lasprimeras.com.do\/index.php\/wp-json\/wp\/v2\/posts\/116245\/revisions"}],"predecessor-version":[{"id":116250,"href":"https:\/\/lasprimeras.com.do\/index.php\/wp-json\/wp\/v2\/posts\/116245\/revisions\/116250"}],"wp:featuredmedia":[{"embeddable":true,"href":"https:\/\/lasprimeras.com.do\/index.php\/wp-json\/wp\/v2\/media\/116246"}],"wp:attachment":[{"href":"https:\/\/lasprimeras.com.do\/index.php\/wp-json\/wp\/v2\/media?parent=116245"}],"wp:term":[{"taxonomy":"category","embeddable":true,"href":"https:\/\/lasprimeras.com.do\/index.php\/wp-json\/wp\/v2\/categories?post=116245"},{"taxonomy":"post_tag","embeddable":true,"href":"https:\/\/lasprimeras.com.do\/index.php\/wp-json\/wp\/v2\/tags?post=116245"}],"curies":[{"name":"wp","href":"https:\/\/api.w.org\/{rel}","templated":true}]}}