{"id":116257,"date":"2025-11-28T13:00:33","date_gmt":"2025-11-28T17:00:33","guid":{"rendered":"https:\/\/lasprimeras.com.do\/?p=116257"},"modified":"2025-11-28T13:00:34","modified_gmt":"2025-11-28T17:00:34","slug":"diputada-al-parlacen-socorro-monegro-denuncia-secuestro-de-su-vehiculo-por-la-digesett","status":"publish","type":"post","link":"https:\/\/lasprimeras.com.do\/index.php\/2025\/11\/28\/diputada-al-parlacen-socorro-monegro-denuncia-secuestro-de-su-vehiculo-por-la-digesett\/","title":{"rendered":"Diputada al Parlacen Socorro Monegro denuncia secuestro de su veh\u00edculo por la Digesett"},"content":{"rendered":"\n<p>La diputada al Parlamento Centroamericano (Parlacen), Socorro Monegro, denunci\u00f3 este viernes el secuestro y desaparici\u00f3n de su veh\u00edculo marca Hyundai, a\u00f1o 2016, color blanco, n\u00famero de placa A932083por la Direcci\u00f3n General de Seguridad de Tr\u00e1nsito y Transporte Terrestre (Digesett).<\/p>\n\n\n\n<p>Seg\u00fan Monegro, uno de sus colaboradores tuvo un peque\u00f1o accidente de tr\u00e1nsito a las 10 de la noche de ayer jueves, con un agente de la Polic\u00eda Nacional, donde no hubo contusi\u00f3n f\u00edsica, pero que, ambos fueron asistidos por el Sistema Nacional de Emergencia 9-1-1.<\/p>\n\n\n\n<p>La legisladora del Parlacen indic\u00f3 que a pesar de que no hubo lesionados ni fallecidos, agentes de la Digesett se llevaron su veh\u00edculo en una gr\u00faa, pero que se encuentra secuestrado, debido a que no ha podido encontrarlo y desconocen el lugar donde fue llevado.<\/p>\n\n\n\n<p>Monegro dijo que en la Digesett le manifestaron que ten\u00eda que esperar saber cu\u00e1l era la condici\u00f3n del agente de la Polic\u00eda, sin embargo, luego que el agente se comunic\u00f3 para informar que no ten\u00eda ning\u00fan tipo de lesi\u00f3n f\u00edsica y que fue despachado del hospital del cuerpo del orden a las 2:00 ma\u00f1ana,<\/p>\n\n\n\n<p>La diputada al solicitar la devoluci\u00f3n de su veh\u00edculo a las autoridades de la Digesett, debido a que por un simple roce de accidente donde no hubo consecuencia, no pueden retenerlo, le comunicaron que mand\u00f3 carro para el dep\u00f3sito que tiene la avenida Independencia, pero que, cuando lleg\u00f3 al lugar el m\u00f3vil no estaba.<\/p>\n\n\n\n<p>Socorro Monegro indic\u00f3 que regres\u00f3 a la Digesett para informar sobre la situaci\u00f3n, pero la respuesta es que ellos no pod\u00edan resolver nada, sino que un fiscal cuando este tenga los datos del accidente, \u201cpero el polic\u00eda se comunic\u00f3 con la Digesett informando que no le hab\u00eda pasado nada, que estaba bien, que fue un simple roce y que lo despacharon a su casa\u201d.<\/p>\n\n\n\n<p>Dijo que a\u00fan as\u00ed, la Digesett se ha negado a informar d\u00f3nde est\u00e1 y entregar el veh\u00edculo, ya que un fiscal supuestamente es quien tiene que decidirlo y autorizarlo.<\/p>\n\n\n\n<p>Socorro Monegro sostuvo que su veh\u00edculo no aparece en la avenida en el dep\u00f3sito de la Digesett ubicado en la avenida Independencia, \u201cSolo se que el m\u00f3vil fue montado en una gr\u00faa, la cual supuestamente se da\u00f1\u00f3 trasladando su carro a La Victoria en Santo Domingo Norte, pero yo ni siquiera s\u00e9 en qu\u00e9 lugar est\u00e1, porque nadie sabe para d\u00f3nde fue que la gr\u00faa se da\u00f1\u00f3\u201d.<\/p>\n","protected":false},"excerpt":{"rendered":"<p>La diputada al Parlamento Centroamericano (Parlacen), Socorro Monegro, denunci\u00f3 este viernes el secuestro y desaparici\u00f3n de su veh\u00edculo marca Hyundai, a\u00f1o 2016, color blanco, n\u00famero de placa A932083por la Direcci\u00f3n&hellip;<\/p>\n","protected":false},"author":10,"featured_media":116258,"comment_status":"open","ping_status":"open","sticky":false,"template":"","format":"standard","meta":{"content-type":"","jetpack_post_was_ever_published":false,"_jetpack_newsletter_access":"","_jetpack_dont_email_post_to_subs":false,"_jetpack_newsletter_tier_id":0,"_jetpack_memberships_contains_paywalled_content":false,"_jetpack_memberships_contains_paid_content":false,"footnotes":""},"categories":[35],"tags":[27939],"class_list":["post-116257","post","type-post","status-publish","format-standard","has-post-thumbnail","hentry","category-nacionales","tag-socorro-monegro"],"jetpack_featured_media_url":"https:\/\/lasprimeras.com.do\/wp-content\/uploads\/2025\/11\/WhatsApp-Image-2025-11-28-at-9.48.17-AM.jpeg","jetpack-related-posts":[{"id":127273,"url":"https:\/\/lasprimeras.com.do\/index.php\/2026\/04\/09\/parlacen-rinde-homenaje-a-victimas-de-tragedia-del-8-de-abril\/","url_meta":{"origin":116257,"position":0},"title":"PARLACEN rinde homenaje a v\u00edctimas de tragedia del 8 de abril","author":"Nelson Feliz","date":"9 de abril de 2026","format":false,"excerpt":"En el marco de la reuni\u00f3n ordinaria de la Bancada Parlamentaria Dominicana ante el Parlamento Centroamericano (PARLACEN), los diputados guardaron un minuto de silencio en memoria de las personas fallecidas en la tragedia ocurrida el pasado 8 de abril de 2025. El solemne acto form\u00f3 parte de la agenda oficial\u2026","rel":"","context":"En \u00abPOLITICA\u00bb","block_context":{"text":"POLITICA","link":"https:\/\/lasprimeras.com.do\/index.php\/category\/politica\/"},"img":{"alt_text":"PARLACEN","src":"https:\/\/i0.wp.com\/lasprimeras.com.do\/wp-content\/uploads\/2026\/04\/PARLACEN.jpg?resize=350%2C200&ssl=1","width":350,"height":200,"srcset":"https:\/\/i0.wp.com\/lasprimeras.com.do\/wp-content\/uploads\/2026\/04\/PARLACEN.jpg?resize=350%2C200&ssl=1 1x, https:\/\/i0.wp.com\/lasprimeras.com.do\/wp-content\/uploads\/2026\/04\/PARLACEN.jpg?resize=525%2C300&ssl=1 1.5x, https:\/\/i0.wp.com\/lasprimeras.com.do\/wp-content\/uploads\/2026\/04\/PARLACEN.jpg?resize=700%2C400&ssl=1 2x"},"classes":[]},{"id":104250,"url":"https:\/\/lasprimeras.com.do\/index.php\/2025\/07\/22\/pc-pide-investigar-congresistas-que-no-han-declarado-bienes\/","url_meta":{"origin":116257,"position":1},"title":"PC pide investigar congresistas que no han declarado bienes","author":"Nelson Feliz","date":"22 de julio de 2025","format":false,"excerpt":"El movimiento Participaci\u00f3n Ciudadana (PC) pidi\u00f3 este martes al Ministerio P\u00fablico investigar a los congresistas y ex congresistas que no han presentado su declaraci\u00f3n jurada de patrimonio. Informaci\u00f3n suministrada por la C\u00e1mara de Cuentas, a solicitud de PC, revela que 20 diputados de los elegidos en 2024 y 78 que\u2026","rel":"","context":"En \u00abNACIONALES\u00bb","block_context":{"text":"NACIONALES","link":"https:\/\/lasprimeras.com.do\/index.php\/category\/nacionales\/"},"img":{"alt_text":"","src":"https:\/\/i0.wp.com\/lasprimeras.com.do\/wp-content\/uploads\/2025\/07\/Participacion-Ciudadana.jpg?resize=350%2C200&ssl=1","width":350,"height":200,"srcset":"https:\/\/i0.wp.com\/lasprimeras.com.do\/wp-content\/uploads\/2025\/07\/Participacion-Ciudadana.jpg?resize=350%2C200&ssl=1 1x, https:\/\/i0.wp.com\/lasprimeras.com.do\/wp-content\/uploads\/2025\/07\/Participacion-Ciudadana.jpg?resize=525%2C300&ssl=1 1.5x, https:\/\/i0.wp.com\/lasprimeras.com.do\/wp-content\/uploads\/2025\/07\/Participacion-Ciudadana.jpg?resize=700%2C400&ssl=1 2x"},"classes":[]},{"id":91584,"url":"https:\/\/lasprimeras.com.do\/index.php\/2024\/11\/28\/diputadas-del-parlacen-lideran-jornada-por-la-erradicacion-de-la-violencia-de-genero\/","url_meta":{"origin":116257,"position":2},"title":"Diputadas del Parlacen lideran jornada por la erradicaci\u00f3n de la Violencia de G\u00e9nero","author":"Nelson Feliz","date":"28 de noviembre de 2024","format":false,"excerpt":"La Comisi\u00f3n de la Mujer del Parlacen llama a la sociedad a unirse en la lucha contra la violencia hacia las mujeres. La subsede del Parlamento Centroamericano (Parlacen) en la Rep\u00fablica Dominicana, junto con la Comisi\u00f3n de la Mujer, Ni\u00f1ez, Juventud y Familia, conmemor\u00f3 este mi\u00e9rcoles 27 de noviembre el\u2026","rel":"","context":"En \u00abNACIONALES\u00bb","block_context":{"text":"NACIONALES","link":"https:\/\/lasprimeras.com.do\/index.php\/category\/nacionales\/"},"img":{"alt_text":"","src":"https:\/\/i0.wp.com\/lasprimeras.com.do\/wp-content\/uploads\/2024\/11\/Comision-de-la-Mujer-del-Parlacen.jpg?resize=350%2C200&ssl=1","width":350,"height":200,"srcset":"https:\/\/i0.wp.com\/lasprimeras.com.do\/wp-content\/uploads\/2024\/11\/Comision-de-la-Mujer-del-Parlacen.jpg?resize=350%2C200&ssl=1 1x, https:\/\/i0.wp.com\/lasprimeras.com.do\/wp-content\/uploads\/2024\/11\/Comision-de-la-Mujer-del-Parlacen.jpg?resize=525%2C300&ssl=1 1.5x, https:\/\/i0.wp.com\/lasprimeras.com.do\/wp-content\/uploads\/2024\/11\/Comision-de-la-Mujer-del-Parlacen.jpg?resize=700%2C400&ssl=1 2x"},"classes":[]},{"id":98187,"url":"https:\/\/lasprimeras.com.do\/index.php\/2025\/05\/02\/parlacen-acoge-pronunciamiento-sobre-tragedia-del-jet-set\/","url_meta":{"origin":116257,"position":3},"title":"Parlacen acoge pronunciamiento sobre tragedia del Jet Set","author":"Nelson Feliz","date":"2 de mayo de 2025","format":false,"excerpt":"El Parlamento Centroamericano (Parlacen), aprob\u00f3 un pronunciamiento de solidaridad con el pueblo dominicano y con las v\u00edctimas de la tragedia ocurrida en la discoteca Jet Set, a solicitud de la diputada dominicana Esmeralda Mancebo, vocera del Partido Fuerza del Pueblo (FP), ante el organismo regional.El colapso del techo del emblem\u00e1tico\u2026","rel":"","context":"En \u00abPOLITICA\u00bb","block_context":{"text":"POLITICA","link":"https:\/\/lasprimeras.com.do\/index.php\/category\/politica\/"},"img":{"alt_text":"Esmeralda Mancebo","src":"https:\/\/i0.wp.com\/lasprimeras.com.do\/wp-content\/uploads\/2025\/05\/Esmeralda-Mancebo.jpg?resize=350%2C200&ssl=1","width":350,"height":200,"srcset":"https:\/\/i0.wp.com\/lasprimeras.com.do\/wp-content\/uploads\/2025\/05\/Esmeralda-Mancebo.jpg?resize=350%2C200&ssl=1 1x, https:\/\/i0.wp.com\/lasprimeras.com.do\/wp-content\/uploads\/2025\/05\/Esmeralda-Mancebo.jpg?resize=525%2C300&ssl=1 1.5x, https:\/\/i0.wp.com\/lasprimeras.com.do\/wp-content\/uploads\/2025\/05\/Esmeralda-Mancebo.jpg?resize=700%2C400&ssl=1 2x"},"classes":[]},{"id":98110,"url":"https:\/\/lasprimeras.com.do\/index.php\/2025\/05\/01\/diputada-del-parlacen-presenta-iniciativa-para-la-tutela-de-ninos-huerfanos-tras-la-tragedia-del-jet-set\/","url_meta":{"origin":116257,"position":4},"title":"Diputada del Parlacen presenta iniciativa para la tutela de ni\u00f1os hu\u00e9rfanos tras la tragedia del Jet Set","author":"Nelson Feliz","date":"1 de mayo de 2025","format":false,"excerpt":"En el marco de la Asamblea Plenaria del Parlamento Centroamericano (Parlacen), que se est\u00e1 celebrando en el Senado de la Rep\u00fablica Dominicana, la diputada Krimilda Acosta San Miguel, present\u00f3 una iniciativa legislativa que busca garantizar la protecci\u00f3n inmediata de ni\u00f1os hu\u00e9rfanos a ra\u00edz de tragedias ocurrida en la discoteca Jet\u2026","rel":"","context":"En \u00abPOLITICA\u00bb","block_context":{"text":"POLITICA","link":"https:\/\/lasprimeras.com.do\/index.php\/category\/politica\/"},"img":{"alt_text":"","src":"https:\/\/i0.wp.com\/lasprimeras.com.do\/wp-content\/uploads\/2025\/05\/Krimilda-Acosta-1.jpg?resize=350%2C200&ssl=1","width":350,"height":200,"srcset":"https:\/\/i0.wp.com\/lasprimeras.com.do\/wp-content\/uploads\/2025\/05\/Krimilda-Acosta-1.jpg?resize=350%2C200&ssl=1 1x, https:\/\/i0.wp.com\/lasprimeras.com.do\/wp-content\/uploads\/2025\/05\/Krimilda-Acosta-1.jpg?resize=525%2C300&ssl=1 1.5x, https:\/\/i0.wp.com\/lasprimeras.com.do\/wp-content\/uploads\/2025\/05\/Krimilda-Acosta-1.jpg?resize=700%2C400&ssl=1 2x"},"classes":[]},{"id":79439,"url":"https:\/\/lasprimeras.com.do\/index.php\/2024\/03\/27\/digesett-investiga-denuncia-sobre-caso-de-agente-que-supuestamente-recibio-transferencia-de-dinero\/","url_meta":{"origin":116257,"position":5},"title":"DIGESETT investiga denuncia sobre caso de agente que supuestamente recibi\u00f3 transferencia de dinero","author":"BIMARY DE JES\u00daS Matos","date":"27 de marzo de 2024","format":false,"excerpt":"Santo Domingo.-La Direcci\u00f3n General de Seguridad de Tr\u00e1nsito y Transporte Terrestre (DIGESETT) inform\u00f3 que el departamento de Asuntos Internos ha iniciado una investigaci\u00f3n sobre la denuncia publicada en un medio de comunicaci\u00f3n impreso, de que un agente supuestamente solicit\u00f3 a un conductor transferirle dinero para no remolcarle el veh\u00edculo. A\u2026","rel":"","context":"En \u00abPORTADA\u00bb","block_context":{"text":"PORTADA","link":"https:\/\/lasprimeras.com.do\/index.php\/category\/portada\/"},"img":{"alt_text":"","src":"https:\/\/i0.wp.com\/lasprimeras.com.do\/wp-content\/uploads\/2024\/03\/1-millon-de-jovenes-votaran-en-las-elecciones-municipales-2-8.webp?resize=350%2C200&ssl=1","width":350,"height":200},"classes":[]}],"jetpack_sharing_enabled":true,"_links":{"self":[{"href":"https:\/\/lasprimeras.com.do\/index.php\/wp-json\/wp\/v2\/posts\/116257","targetHints":{"allow":["GET"]}}],"collection":[{"href":"https:\/\/lasprimeras.com.do\/index.php\/wp-json\/wp\/v2\/posts"}],"about":[{"href":"https:\/\/lasprimeras.com.do\/index.php\/wp-json\/wp\/v2\/types\/post"}],"author":[{"embeddable":true,"href":"https:\/\/lasprimeras.com.do\/index.php\/wp-json\/wp\/v2\/users\/10"}],"replies":[{"embeddable":true,"href":"https:\/\/lasprimeras.com.do\/index.php\/wp-json\/wp\/v2\/comments?post=116257"}],"version-history":[{"count":1,"href":"https:\/\/lasprimeras.com.do\/index.php\/wp-json\/wp\/v2\/posts\/116257\/revisions"}],"predecessor-version":[{"id":116259,"href":"https:\/\/lasprimeras.com.do\/index.php\/wp-json\/wp\/v2\/posts\/116257\/revisions\/116259"}],"wp:featuredmedia":[{"embeddable":true,"href":"https:\/\/lasprimeras.com.do\/index.php\/wp-json\/wp\/v2\/media\/116258"}],"wp:attachment":[{"href":"https:\/\/lasprimeras.com.do\/index.php\/wp-json\/wp\/v2\/media?parent=116257"}],"wp:term":[{"taxonomy":"category","embeddable":true,"href":"https:\/\/lasprimeras.com.do\/index.php\/wp-json\/wp\/v2\/categories?post=116257"},{"taxonomy":"post_tag","embeddable":true,"href":"https:\/\/lasprimeras.com.do\/index.php\/wp-json\/wp\/v2\/tags?post=116257"}],"curies":[{"name":"wp","href":"https:\/\/api.w.org\/{rel}","templated":true}]}}