{"id":116290,"date":"2025-11-29T10:33:55","date_gmt":"2025-11-29T14:33:55","guid":{"rendered":"https:\/\/lasprimeras.com.do\/?p=116290"},"modified":"2025-11-30T10:41:16","modified_gmt":"2025-11-30T14:41:16","slug":"milton-morrison-jefe-de-mision-de-observadores-de-la-copppal-en-honduras","status":"publish","type":"post","link":"https:\/\/lasprimeras.com.do\/index.php\/2025\/11\/29\/milton-morrison-jefe-de-mision-de-observadores-de-la-copppal-en-honduras\/","title":{"rendered":"Milton Morrison jefe de misi\u00f3n de Observadores de la COPPPAL en Honduras"},"content":{"rendered":"\n<p><strong>Morrison destaca transparencia tras reuni\u00f3n con el Jefe de Estado Mayor Conjunto de Honduras.<\/strong><\/p>\n\n\n\n<p>El jefe de la misi\u00f3n que est\u00e1 observando el proceso de las elecciones en Honduras en representaci\u00f3n de la Conferencia Permanente de Partidos Pol\u00edticos de Am\u00e9rica Latina y el Caribe (COPPPAL), Milton Morrison, expres\u00f3 su satisfacci\u00f3n tras la reuni\u00f3n sostenida este jueves con el Jefe del Estado Mayor Conjunto, general de divisi\u00f3n Roosevelt Hern\u00e1ndez.<\/p>\n\n\n\n<p>\u201cHemos visto niveles de transparencia, sinceridad y, sobre todo, el inter\u00e9s de mantener el apego a la Constituci\u00f3n\u201d, afirm\u00f3 Morrison al concluir el encuentro, donde valor\u00f3 positivamente el compromiso institucional mostrado por las autoridades militares en el marco del proceso democr\u00e1tico en curso.<\/p>\n\n\n<div class=\"wp-block-image\">\n<figure class=\"alignleft size-full is-resized\"><img decoding=\"async\" width=\"900\" height=\"599\" src=\"https:\/\/lasprimeras.com.do\/wp-content\/uploads\/2025\/11\/milton-1.jpg\" alt=\"\" class=\"wp-image-116292\" style=\"width:439px;height:auto\" srcset=\"https:\/\/lasprimeras.com.do\/wp-content\/uploads\/2025\/11\/milton-1.jpg 900w, https:\/\/lasprimeras.com.do\/wp-content\/uploads\/2025\/11\/milton-1-300x200.jpg 300w, https:\/\/lasprimeras.com.do\/wp-content\/uploads\/2025\/11\/milton-1-768x511.jpg 768w\" sizes=\"(max-width: 900px) 100vw, 900px\" \/><\/figure>\n<\/div>\n\n\n<p>Morrison destac\u00f3 que la labor de observaci\u00f3n electoral es fundamental para garantizar confianza en el sistema democr\u00e1tico, subrayando que la misi\u00f3n que encabeza trabaja con rigor, imparcialidad y estricto apego a los est\u00e1ndares internacionales.<\/p>\n\n\n\n<p>Asimismo, agradeci\u00f3 la apertura y colaboraci\u00f3n ofrecida por el Estado Mayor Conjunto, al considerar que este tipo de acercamientos fortalece la transparencia, la institucionalidad y la credibilidad del proceso electoral.<\/p>\n\n\n\n<p>Ante COPPPAL, Fuerzas Armadas de Honduras asumen compromiso pleno con la democracia; garantizan que cumplir\u00e1n en tiempo y forma con traslado, custodia y vigilancia del material electoral<\/p>\n\n\n\n<p>Estos encuentros abren al escrutinio internacional el trabajo que realizan las fuerzas armadas y disipan dudas sobre el proceso electoral: Milton Morrison<\/p>\n\n\n<div class=\"wp-block-image\">\n<figure class=\"alignright size-full is-resized\"><img decoding=\"async\" width=\"900\" height=\"599\" src=\"https:\/\/lasprimeras.com.do\/wp-content\/uploads\/2025\/11\/milton-3.jpg\" alt=\"\" class=\"wp-image-116293\" style=\"width:396px;height:auto\" srcset=\"https:\/\/lasprimeras.com.do\/wp-content\/uploads\/2025\/11\/milton-3.jpg 900w, https:\/\/lasprimeras.com.do\/wp-content\/uploads\/2025\/11\/milton-3-300x200.jpg 300w, https:\/\/lasprimeras.com.do\/wp-content\/uploads\/2025\/11\/milton-3-768x511.jpg 768w\" sizes=\"(max-width: 900px) 100vw, 900px\" \/><\/figure>\n<\/div>\n\n\n<p>El general Roosevelt Hern\u00e1ndez, jefe del Comando Mayor Conjunto de las Fuerzas Armadas de Honduras manifest\u00f3 a la Misi\u00f3n de Observaci\u00f3n Electoral de la COPPPAL, que preside Milton Morrison, su compromiso pleno con la democracia y el respeto a la decisi\u00f3n que en las urnas tome el pueblo de Honduras, durante la elecci\u00f3n del pr\u00f3ximo 30 de noviembre, que el Consejo Nacional Electoral organiza y dirige de manera aut\u00f3noma e independiente conforme a lo establecido en la Constituci\u00f3n de la Rep\u00fablica.<\/p>\n\n\n\n<p>En reuni\u00f3n con la misi\u00f3n internacional de observaci\u00f3n electoral de la COPPPAL, las fuerzas armadas de Honduras, ratificaron su compromiso con la transparencia, la paz y la seguridad democr\u00e1tica del pa\u00eds, al tiempo que se\u00f1alaron que, por mandato constitucional, su \u00fanica funci\u00f3n en el proceso electoral es asegurar el transporte, custodia y vigilancia del material electoral, as\u00ed como la protecci\u00f3n del derecho de cada hondure\u00f1o a ejercer el sufragio en un ambiente de orden y confianza, \u00fanica tarea a la que est\u00e1n comprometido, garantizando que en cuanto el CNE les entregue los materiales electorales tienen todo dispuesto para que en tiempo y forma, aun en la adversidad de la geograf\u00eda hondure\u00f1a o en condiciones clim\u00e1ticas adversas, estos lleguen a su destino, siempre bajo la supervisi\u00f3n del \u00f3rgano electoral.<\/p>\n\n\n\n<figure class=\"wp-block-image size-large\"><img decoding=\"async\" width=\"768\" height=\"1024\" src=\"https:\/\/lasprimeras.com.do\/wp-content\/uploads\/2025\/11\/milton-2-768x1024.jpg\" alt=\"\" class=\"wp-image-116294\" srcset=\"https:\/\/lasprimeras.com.do\/wp-content\/uploads\/2025\/11\/milton-2-768x1024.jpg 768w, https:\/\/lasprimeras.com.do\/wp-content\/uploads\/2025\/11\/milton-2-225x300.jpg 225w, https:\/\/lasprimeras.com.do\/wp-content\/uploads\/2025\/11\/milton-2.jpg 900w\" sizes=\"(max-width: 768px) 100vw, 768px\" \/><\/figure>\n\n\n\n<p>Durante el encuentro, las Fuerzas Armadas tambi\u00e9n reafirmaron su papel apol\u00edtico, profesional y garante de la soberan\u00eda nacional, fortaleciendo la credibilidad institucional ante la comunidad internacional y la ciudadan\u00eda hondure\u00f1a.<\/p>\n\n\n\n<p>En su intervenci\u00f3n, el ingeniero Milton Morrison, destac\u00f3 el compromiso que ante la misi\u00f3n de observaci\u00f3n electoral reafirmaron las Fuerzas Armadas con el cumplimiento de la Constituci\u00f3n de la Rep\u00fablica, el respeto a los principios y fundamentos de la democracia, as\u00ed como la garant\u00eda para que el material electoral llegue en tiempo y forma a cada centro de votaci\u00f3n a lo largo y ancho del pa\u00eds.<\/p>\n\n\n\n<p>\u201cAgradezco este compromiso p\u00fablico de las Fuerzas Armadas hondure\u00f1as, aqu\u00ed representadas por sus altos mandos, pronunciamiento que transmitiremos de manera puntual a toda la comunidad internacional, as\u00ed como a todos y cada unos de los partidos que hacen vida en la COPPPAL y en particular a nuestro presidente Alejandro Moreno, quien me pidi\u00f3 hacerles llegar su saludo y confianza en el trabajo que realizan de manera coordinada con el CNE en apoyo a la democracia, lo que contribuye a tener un mejor pa\u00eds\u201d, se\u00f1al\u00f3.<\/p>\n\n\n\n<p>En la reuni\u00f3n participaron tambi\u00e9n el Subjefe del Estado Mayor Conjunto, General de Brigada, Hosvan Ren\u00e9 Barahona, cont\u00f3 con la participaci\u00f3n de los jefes de marina, aviaci\u00f3n y el ej\u00e9rcito de Honduras.<\/p>\n","protected":false},"excerpt":{"rendered":"<p>Morrison destaca transparencia tras reuni\u00f3n con el Jefe de Estado Mayor Conjunto de Honduras. El jefe de la misi\u00f3n que est\u00e1 observando el proceso de las elecciones en Honduras en&hellip;<\/p>\n","protected":false},"author":10,"featured_media":116291,"comment_status":"open","ping_status":"open","sticky":false,"template":"","format":"standard","meta":{"content-type":"","jetpack_post_was_ever_published":false,"_jetpack_newsletter_access":"","_jetpack_dont_email_post_to_subs":false,"_jetpack_newsletter_tier_id":0,"_jetpack_memberships_contains_paywalled_content":false,"_jetpack_memberships_contains_paid_content":false,"footnotes":""},"categories":[35,25],"tags":[13294,68,27951,14228,11137],"class_list":["post-116290","post","type-post","status-publish","format-standard","has-post-thumbnail","hentry","category-nacionales","category-portada","tag-copppal","tag-honduras","tag-jefe-de-mision","tag-milton-morrison","tag-observadores"],"jetpack_featured_media_url":"https:\/\/lasprimeras.com.do\/wp-content\/uploads\/2025\/11\/milton.jpg","jetpack-related-posts":[{"id":116296,"url":"https:\/\/lasprimeras.com.do\/index.php\/2025\/11\/30\/jefe-mision-copppal-se-reune-con-autoridades-electorales-hondurenas\/","url_meta":{"origin":116290,"position":0},"title":"Jefe misi\u00f3n COPPPAL se re\u00fane con autoridades electorales hondure\u00f1as","author":"Nelson Feliz","date":"30 de noviembre de 2025","format":false,"excerpt":"Tegucigalpa, Honduras. \u2013 El jefe de la misi\u00f3n de observaci\u00f3n electoral de COPPPAL, Milton Morrison, sostuvo reuniones clave con la presidenta del Consejo Nacional Electoral (CNE), Paola Halls, y con el presidente del Tribunal de Justicia Electoral (TJE), Mario Flores Urrutia, como parte de su agenda de acompa\u00f1amiento al proceso\u2026","rel":"","context":"En \u00abNACIONALES\u00bb","block_context":{"text":"NACIONALES","link":"https:\/\/lasprimeras.com.do\/index.php\/category\/nacionales\/"},"img":{"alt_text":"","src":"https:\/\/i0.wp.com\/lasprimeras.com.do\/wp-content\/uploads\/2025\/11\/mision.jpg?resize=350%2C200&ssl=1","width":350,"height":200,"srcset":"https:\/\/i0.wp.com\/lasprimeras.com.do\/wp-content\/uploads\/2025\/11\/mision.jpg?resize=350%2C200&ssl=1 1x, https:\/\/i0.wp.com\/lasprimeras.com.do\/wp-content\/uploads\/2025\/11\/mision.jpg?resize=525%2C300&ssl=1 1.5x, https:\/\/i0.wp.com\/lasprimeras.com.do\/wp-content\/uploads\/2025\/11\/mision.jpg?resize=700%2C400&ssl=1 2x"},"classes":[]},{"id":84118,"url":"https:\/\/lasprimeras.com.do\/index.php\/2024\/05\/30\/valentin-presidira-mision-de-observacion-electoral-de-la-copppal-en-elecciones-de-mexico\/","url_meta":{"origin":116290,"position":1},"title":"Valent\u00edn presidir\u00e1 misi\u00f3n de observaci\u00f3n electoral de la COPPPAL en elecciones de M\u00e9xico","author":"Nelson Feliz","date":"30 de mayo de 2024","format":false,"excerpt":"El presidente del partido Justicia Social (JS), Julio C\u00e9sar Valent\u00edn, presidir\u00e1 la misi\u00f3n de observadores internacionales de la Conferencia Permanente de Partidos Pol\u00edticos de Am\u00e9rica Latina y el Caribe (COPPPAL), constituida por 30 pa\u00edses, que dar\u00e1 seguimiento al proceso electoral de M\u00e9xico este domingo 2 de junio. De acuerdo a\u2026","rel":"","context":"En \u00abPORTADA\u00bb","block_context":{"text":"PORTADA","link":"https:\/\/lasprimeras.com.do\/index.php\/category\/portada\/"},"img":{"alt_text":"Julio C\u00e9sar Valent\u00edn","src":"https:\/\/i0.wp.com\/lasprimeras.com.do\/wp-content\/uploads\/2024\/05\/Julio-Cesar-Valentin.jpg?resize=350%2C200&ssl=1","width":350,"height":200,"srcset":"https:\/\/i0.wp.com\/lasprimeras.com.do\/wp-content\/uploads\/2024\/05\/Julio-Cesar-Valentin.jpg?resize=350%2C200&ssl=1 1x, https:\/\/i0.wp.com\/lasprimeras.com.do\/wp-content\/uploads\/2024\/05\/Julio-Cesar-Valentin.jpg?resize=525%2C300&ssl=1 1.5x, https:\/\/i0.wp.com\/lasprimeras.com.do\/wp-content\/uploads\/2024\/05\/Julio-Cesar-Valentin.jpg?resize=700%2C400&ssl=1 2x"},"classes":[]},{"id":102983,"url":"https:\/\/lasprimeras.com.do\/index.php\/2025\/07\/10\/carlos-pimentel-destaca-valentia-de-milton-morrison-al-negarse-a-firmar-adenda-irregular-con-dekolor\/","url_meta":{"origin":116290,"position":2},"title":"Carlos Pimentel destaca valent\u00eda de Milton Morrison al negarse a firmar adenda irregular con Dekolor","author":"Nelson Feliz","date":"10 de julio de 2025","format":false,"excerpt":"El director general de Contrataciones P\u00fablicas, Carlos Pimentel, valor\u00f3 este mi\u00e9rcoles la postura institucional y \u00e9tica del director ejecutivo del Instituto Nacional de Tr\u00e1nsito y Transporte Terrestre (INTRANT), Milton Morrison, quien se neg\u00f3 a firmar una nueva adenda al cuestionado contrato con la empresa Dekolor, marcando un precedente en la\u2026","rel":"","context":"En \u00abNACIONALES\u00bb","block_context":{"text":"NACIONALES","link":"https:\/\/lasprimeras.com.do\/index.php\/category\/nacionales\/"},"img":{"alt_text":"","src":"https:\/\/i0.wp.com\/lasprimeras.com.do\/wp-content\/uploads\/2025\/07\/Carlos_Pimentel_y_Milton_Morrison-removebg-preview.png?resize=350%2C200&ssl=1","width":350,"height":200,"srcset":"https:\/\/i0.wp.com\/lasprimeras.com.do\/wp-content\/uploads\/2025\/07\/Carlos_Pimentel_y_Milton_Morrison-removebg-preview.png?resize=350%2C200&ssl=1 1x, https:\/\/i0.wp.com\/lasprimeras.com.do\/wp-content\/uploads\/2025\/07\/Carlos_Pimentel_y_Milton_Morrison-removebg-preview.png?resize=525%2C300&ssl=1 1.5x"},"classes":[]},{"id":127702,"url":"https:\/\/lasprimeras.com.do\/index.php\/2026\/04\/15\/copppal-destaca-madurez-civica-del-pueblo-peruano-tras-jornada-electoral\/","url_meta":{"origin":116290,"position":3},"title":"COPPPAL destaca madurez c\u00edvica del pueblo peruano tras jornada electoral","author":"Nelson Feliz","date":"15 de abril de 2026","format":false,"excerpt":"Organismo internacional prepara informe t\u00e9cnico sobre las Elecciones Generales Lima, Per\u00fa. \u2013 La Conferencia Permanente de Partidos Pol\u00edticos de Am\u00e9rica Latina y el Caribe (COPPPAL) destac\u00f3 la madurez c\u00edvica del pueblo peruano durante las recientes Elecciones Generales, pese a las fallas log\u00edsticas que obligaron a la habilitaci\u00f3n de una jornada\u2026","rel":"","context":"En \u00abINTERNACIONALES\u00bb","block_context":{"text":"INTERNACIONALES","link":"https:\/\/lasprimeras.com.do\/index.php\/category\/sin-categoria\/internacionales\/"},"img":{"alt_text":"","src":"https:\/\/i0.wp.com\/lasprimeras.com.do\/wp-content\/uploads\/2026\/04\/RAFAEL-BADIA.jpg?resize=350%2C200&ssl=1","width":350,"height":200,"srcset":"https:\/\/i0.wp.com\/lasprimeras.com.do\/wp-content\/uploads\/2026\/04\/RAFAEL-BADIA.jpg?resize=350%2C200&ssl=1 1x, https:\/\/i0.wp.com\/lasprimeras.com.do\/wp-content\/uploads\/2026\/04\/RAFAEL-BADIA.jpg?resize=525%2C300&ssl=1 1.5x, https:\/\/i0.wp.com\/lasprimeras.com.do\/wp-content\/uploads\/2026\/04\/RAFAEL-BADIA.jpg?resize=700%2C400&ssl=1 2x"},"classes":[]},{"id":106266,"url":"https:\/\/lasprimeras.com.do\/index.php\/2025\/08\/13\/milton-morrison-lleva-al-intrant-a-un-ano-record-de-100-puntos-en-transparencia\/","url_meta":{"origin":116290,"position":4},"title":"Milton Morrison lleva al INTRANT a un a\u00f1o r\u00e9cord de 100 puntos en transparencia","author":"Nelson Feliz","date":"13 de agosto de 2025","format":false,"excerpt":"Bajo la gesti\u00f3n de Morrison, el INTRANT se une a las seis instituciones del segundo gobierno de Abinader que han logrado 12 meses seguidos con 100 puntos en transparencia. En su primer a\u00f1o de gesti\u00f3n (julio 2024 \u2013 julio 2025), el Instituto Nacional de Tr\u00e1nsito y Transporte Terrestre (INTRANT), bajo\u2026","rel":"","context":"En \u00abECONOM\u00cdA\u00bb","block_context":{"text":"ECONOM\u00cdA","link":"https:\/\/lasprimeras.com.do\/index.php\/category\/economia\/"},"img":{"alt_text":"","src":"https:\/\/i0.wp.com\/lasprimeras.com.do\/wp-content\/uploads\/2025\/08\/Milton-Morrison.jpg?resize=350%2C200&ssl=1","width":350,"height":200,"srcset":"https:\/\/i0.wp.com\/lasprimeras.com.do\/wp-content\/uploads\/2025\/08\/Milton-Morrison.jpg?resize=350%2C200&ssl=1 1x, https:\/\/i0.wp.com\/lasprimeras.com.do\/wp-content\/uploads\/2025\/08\/Milton-Morrison.jpg?resize=525%2C300&ssl=1 1.5x, https:\/\/i0.wp.com\/lasprimeras.com.do\/wp-content\/uploads\/2025\/08\/Milton-Morrison.jpg?resize=700%2C400&ssl=1 2x"},"classes":[]},{"id":104055,"url":"https:\/\/lasprimeras.com.do\/index.php\/2025\/07\/21\/expresidentes-del-colegio-de-abogados-respaldan-a-milton-morrison-y-su-gestion-frente-al-intrant\/","url_meta":{"origin":116290,"position":5},"title":"Expresidentes del colegio de abogados respaldan a Milton Morrison y su gesti\u00f3n frente al INTRANT","author":"Nelson Feliz","date":"21 de julio de 2025","format":false,"excerpt":"Los juristas calificaron como ejemplar la gesti\u00f3n del funcionario y se ofrecen como veedores de los procesos institucionales para contribuir con la transparencia que ya se ve en la instituci\u00f3n. El Consejo Nacional de Expresidentes del Colegio de Abogados de la Rep\u00fablica Dominicana (CARD) manifest\u00f3 su respaldo p\u00fablico al director\u2026","rel":"","context":"En \u00abNACIONALES\u00bb","block_context":{"text":"NACIONALES","link":"https:\/\/lasprimeras.com.do\/index.php\/category\/nacionales\/"},"img":{"alt_text":"","src":"","width":0,"height":0},"classes":[]}],"jetpack_sharing_enabled":true,"_links":{"self":[{"href":"https:\/\/lasprimeras.com.do\/index.php\/wp-json\/wp\/v2\/posts\/116290","targetHints":{"allow":["GET"]}}],"collection":[{"href":"https:\/\/lasprimeras.com.do\/index.php\/wp-json\/wp\/v2\/posts"}],"about":[{"href":"https:\/\/lasprimeras.com.do\/index.php\/wp-json\/wp\/v2\/types\/post"}],"author":[{"embeddable":true,"href":"https:\/\/lasprimeras.com.do\/index.php\/wp-json\/wp\/v2\/users\/10"}],"replies":[{"embeddable":true,"href":"https:\/\/lasprimeras.com.do\/index.php\/wp-json\/wp\/v2\/comments?post=116290"}],"version-history":[{"count":1,"href":"https:\/\/lasprimeras.com.do\/index.php\/wp-json\/wp\/v2\/posts\/116290\/revisions"}],"predecessor-version":[{"id":116295,"href":"https:\/\/lasprimeras.com.do\/index.php\/wp-json\/wp\/v2\/posts\/116290\/revisions\/116295"}],"wp:featuredmedia":[{"embeddable":true,"href":"https:\/\/lasprimeras.com.do\/index.php\/wp-json\/wp\/v2\/media\/116291"}],"wp:attachment":[{"href":"https:\/\/lasprimeras.com.do\/index.php\/wp-json\/wp\/v2\/media?parent=116290"}],"wp:term":[{"taxonomy":"category","embeddable":true,"href":"https:\/\/lasprimeras.com.do\/index.php\/wp-json\/wp\/v2\/categories?post=116290"},{"taxonomy":"post_tag","embeddable":true,"href":"https:\/\/lasprimeras.com.do\/index.php\/wp-json\/wp\/v2\/tags?post=116290"}],"curies":[{"name":"wp","href":"https:\/\/api.w.org\/{rel}","templated":true}]}}