{"id":116302,"date":"2025-11-30T11:05:34","date_gmt":"2025-11-30T15:05:34","guid":{"rendered":"https:\/\/lasprimeras.com.do\/?p=116302"},"modified":"2025-11-30T11:05:37","modified_gmt":"2025-11-30T15:05:37","slug":"acusacion-una-tercera-persona-del-derrumbe-del-techo-de-la-discoteca-jet-set","status":"publish","type":"post","link":"https:\/\/lasprimeras.com.do\/index.php\/2025\/11\/30\/acusacion-una-tercera-persona-del-derrumbe-del-techo-de-la-discoteca-jet-set\/","title":{"rendered":"Acusaci\u00f3n una tercera persona del derrumbe del techo de la discoteca Jet Set"},"content":{"rendered":"\n<p><strong>Se trata de Ana Grecia L\u00f3pez, madre de Antonio Espaillat, quien figura en el registro mercantil como representante de la Sociedad Comercial E y L<\/strong><\/p>\n\n\n\n<p><strong>Tribunal comenzar\u00e1 a conocer juicio preliminar el 12 de enero del a\u00f1o 2026<\/strong><\/p>\n\n\n\n<p>El juez del Primer Juzgado de la Instrucci\u00f3n del Distrito Nacional Raymundo Mej\u00eda, fue apoderado de una querella contra una tercera persona responsable del derrumbe del techo de la discoteca Jet Set, ocurrido la madrugada del 8 de abril del 2025, donde fallecieron 236 personas y m\u00e1s de 180 heridos.<\/p>\n\n\n\n<p>La querella fue presentada contra Ana Grecia L\u00f3pez, madre de Antonio Espaillat, quien figura en el registro mercantil como representante de la Sociedad Comercial E y L, entidad que operaba el establecimiento comercial Jet Set, por Patricia Elizabeth Paola Ulloa, Valerie Patricia, Osiris Arturo, y Osiris Armando Blanc Paola, esposa e hijos de Ram\u00f3n Osiris Blanc Castillo, quien muri\u00f3 en el desplome del techo.<\/p>\n\n\n\n<p>Por lo que solicitan al tribunal condenar a la familia Espaillat L\u00f3pez y a la empresa Inversiones E y L al pago de una indemnizaci\u00f3n de 50 millones de pesos, de los cuales 20 millones de pesos para la esposa, se\u00f1ora PATRICIA ELIZABETH PAOLA ULLOA, y 10 millones para cada uno de los hijos, Valerie Patricia, Osiris Arturo, y Osiris Armando, como justa reparaci\u00f3n a los da\u00f1os ocasionados.<\/p>\n\n\n\n<p>La audiencia del juicio preliminar comenzar\u00e1 a ventilarse el 12 de enero del a\u00f1o 2026, donde se conocer\u00e1 la nueva acusaci\u00f3n de una acusada que dej\u00f3 fuera el Ministerio P\u00fablico a pesar que figura en los documentos oficiales como representantes de la empresa.<\/p>\n\n\n\n<figure class=\"wp-block-image size-full\"><img decoding=\"async\" width=\"901\" height=\"387\" src=\"https:\/\/lasprimeras.com.do\/wp-content\/uploads\/2025\/11\/abogado.jpg\" alt=\"\" class=\"wp-image-116303\" srcset=\"https:\/\/lasprimeras.com.do\/wp-content\/uploads\/2025\/11\/abogado.jpg 901w, https:\/\/lasprimeras.com.do\/wp-content\/uploads\/2025\/11\/abogado-300x129.jpg 300w, https:\/\/lasprimeras.com.do\/wp-content\/uploads\/2025\/11\/abogado-768x330.jpg 768w\" sizes=\"(max-width: 901px) 100vw, 901px\" \/><\/figure>\n\n\n\n<p>En la querella fue presentada a trav\u00e9s de los abogados Jorge Lora Castillo, Jorge G. Lora Olivares y Jos\u00e9 Stalin Almonte Dilon\u00e9, quienes depositaron el Registro Mercantil de la sociedad comercial Inversiones E Y L, S.R.L., emitido por la C\u00e1mara de Comercio y Producci\u00f3n de Santo Domingo, con el que pretende identificar ante el tribunal quienes son los sujetos que figuran como controladores y responsables de esa sociedad.<\/p>\n\n\n\n<p>En la acusaci\u00f3n alternativa se adhieren a la acusaci\u00f3n presentada por el Ministerio P\u00fablico contra los nombrados Antonio Espaillat L\u00f3pez y Maribel Espaillat L\u00f3pez, as\u00ed como a la empresa INVERSIONES E Y L S.R.L. y al mismo tiempo formulan acusaci\u00f3n particular adicional contra Ana Grecia L\u00f3pez.<\/p>\n\n\n\n<p>Ahora con la se\u00f1ora L\u00f3pez, suman tres los acusados: Antonio Espaillat, Maribel Espaillat L\u00f3pez y Ana Gracia L\u00f3pez.<\/p>\n\n\n\n<p>Los querellantes solicitan al juez apoderado para conocer el juicio preliminar admitir la querella y dictar Auto de Apertura a Juicio en contra de los nombrados Antonio Espaillat L\u00f3pez, Ana Grecia L\u00f3pez, Maribel Espaillat L\u00f3pez y la sociedad INVERSIONES E Y L, S.R.L., por violaci\u00f3n a las disposiciones del art\u00edculo 319 del C\u00f3digo Penal que sanciona el homicidio voluntario.<\/p>\n","protected":false},"excerpt":{"rendered":"<p>Se trata de Ana Grecia L\u00f3pez, madre de Antonio Espaillat, quien figura en el registro mercantil como representante de la Sociedad Comercial E y L Tribunal comenzar\u00e1 a conocer juicio&hellip;<\/p>\n","protected":false},"author":10,"featured_media":116304,"comment_status":"open","ping_status":"open","sticky":false,"template":"","format":"standard","meta":{"content-type":"","jetpack_post_was_ever_published":false,"_jetpack_newsletter_access":"","_jetpack_dont_email_post_to_subs":false,"_jetpack_newsletter_tier_id":0,"_jetpack_memberships_contains_paywalled_content":false,"_jetpack_memberships_contains_paid_content":false,"footnotes":""},"categories":[289,25],"tags":[1098,27958,6584,7524,1355,27957,2067,27955],"class_list":["post-116302","post","type-post","status-publish","format-standard","has-post-thumbnail","hentry","category-justicia","category-portada","tag-acusacion","tag-apoderan","tag-derrumbe","tag-discoteca","tag-juez","tag-primer-juzgado-de-instruccion-dn","tag-techo","tag-tercera-persona"],"jetpack_featured_media_url":"https:\/\/lasprimeras.com.do\/wp-content\/uploads\/2025\/11\/Antonio-Espaillat.jpg","jetpack-related-posts":[{"id":126860,"url":"https:\/\/lasprimeras.com.do\/index.php\/2026\/04\/06\/ministerio-publico-presenta-acusacion-y-solicita-apertura-a-juicio-contra-hermanos-antonio-y-maribel-espaillat\/","url_meta":{"origin":116302,"position":0},"title":"Ministerio P\u00fablico presenta acusaci\u00f3n y solicita apertura a juicio contra hermanos Antonio y Maribel Espaillat","author":"Nelson Feliz","date":"6 de abril de 2026","format":false,"excerpt":"El colapso del techo de la discoteca Jet Set dej\u00f3 236 personas fallecidas y m\u00e1s de 100 heridas, el 8 de abril del a\u00f1o 2025 El Ministerio P\u00fablico present\u00f3 en la ma\u00f1ana de este lunes la acusaci\u00f3n en contra de los hermanos Antonio Espaillat L\u00f3pez y Maribel Espaillat Veras, procesados\u2026","rel":"","context":"En \u00abJUSTICIA\u00bb","block_context":{"text":"JUSTICIA","link":"https:\/\/lasprimeras.com.do\/index.php\/category\/justicia\/"},"img":{"alt_text":"Antonio Espaillat y Maribel Espaillat","src":"https:\/\/i0.wp.com\/lasprimeras.com.do\/wp-content\/uploads\/2026\/04\/Antonio-Espaillat-y-Maribel-Espaillat.jpg?resize=350%2C200&ssl=1","width":350,"height":200,"srcset":"https:\/\/i0.wp.com\/lasprimeras.com.do\/wp-content\/uploads\/2026\/04\/Antonio-Espaillat-y-Maribel-Espaillat.jpg?resize=350%2C200&ssl=1 1x, https:\/\/i0.wp.com\/lasprimeras.com.do\/wp-content\/uploads\/2026\/04\/Antonio-Espaillat-y-Maribel-Espaillat.jpg?resize=525%2C300&ssl=1 1.5x, https:\/\/i0.wp.com\/lasprimeras.com.do\/wp-content\/uploads\/2026\/04\/Antonio-Espaillat-y-Maribel-Espaillat.jpg?resize=700%2C400&ssl=1 2x"},"classes":[]},{"id":121211,"url":"https:\/\/lasprimeras.com.do\/index.php\/2026\/01\/30\/tribunal-declara-inadmisible-solicitud-de-nuevo-peritaje-en-caso-jet-set\/","url_meta":{"origin":116302,"position":1},"title":"Tribunal declara inadmisible solicitud de nuevo peritaje en Caso Jet Set","author":"Nelson Feliz","date":"30 de enero de 2026","format":false,"excerpt":"Establece que el Ministerio P\u00fablico ya cubri\u00f3 el prop\u00f3sito de ese pedimento, al realizar un informe pericial como parte de la etapa preparatoria. El Primer Juzgado de Instrucci\u00f3n del Distrito Nacional rechaz\u00f3 autorizar un peritaje particular en el Caso del Jet Set, como solicitaron los hermanos Antonio y Maribel Espaillat,\u2026","rel":"","context":"En \u00abJUSTICIA\u00bb","block_context":{"text":"JUSTICIA","link":"https:\/\/lasprimeras.com.do\/index.php\/category\/justicia\/"},"img":{"alt_text":"Antonio Espaillat y su hermana, Maribel, durante un acto de conducencia a audiencia","src":"https:\/\/i0.wp.com\/lasprimeras.com.do\/wp-content\/uploads\/2025\/06\/Antonio-Espaillat-y-su-hermana-Maribel-durante-un-acto-de-conducencia-a-audiencia.jpeg?resize=350%2C200&ssl=1","width":350,"height":200,"srcset":"https:\/\/i0.wp.com\/lasprimeras.com.do\/wp-content\/uploads\/2025\/06\/Antonio-Espaillat-y-su-hermana-Maribel-durante-un-acto-de-conducencia-a-audiencia.jpeg?resize=350%2C200&ssl=1 1x, https:\/\/i0.wp.com\/lasprimeras.com.do\/wp-content\/uploads\/2025\/06\/Antonio-Espaillat-y-su-hermana-Maribel-durante-un-acto-de-conducencia-a-audiencia.jpeg?resize=525%2C300&ssl=1 1.5x, https:\/\/i0.wp.com\/lasprimeras.com.do\/wp-content\/uploads\/2025\/06\/Antonio-Espaillat-y-su-hermana-Maribel-durante-un-acto-de-conducencia-a-audiencia.jpeg?resize=700%2C400&ssl=1 2x"},"classes":[]},{"id":100875,"url":"https:\/\/lasprimeras.com.do\/index.php\/2025\/06\/12\/ministerio-publico-acusa-negligencia-e-intento-de-manipulacion-de-testigos-en-el-caso-jet-set\/","url_meta":{"origin":116302,"position":2},"title":"Ministerio P\u00fablico acusa negligencia e intento de manipulaci\u00f3n de testigos en el caso Jet Set","author":"Nelson Feliz","date":"12 de junio de 2025","format":false,"excerpt":"Seg\u00fan la investigaci\u00f3n, tambi\u00e9n incurrieron en \"inmensa negligencia\" al no intervenir la estructura del techo que colaps\u00f3. El Ministerio P\u00fablico se\u00f1al\u00f3 a trav\u00e9s de una nota de prensa difundida ayer que Antonio Espaillat L\u00f3pez y su hermana Maribel Espaillat habr\u00edan intentado intimidar o manipular a empleados de la empresa Inversiones\u2026","rel":"","context":"En \u00abJUSTICIA\u00bb","block_context":{"text":"JUSTICIA","link":"https:\/\/lasprimeras.com.do\/index.php\/category\/justicia\/"},"img":{"alt_text":"","src":"","width":0,"height":0},"classes":[]},{"id":119355,"url":"https:\/\/lasprimeras.com.do\/index.php\/2026\/01\/11\/juicio-preliminar-contra-los-hermanos-espaillat-por-tragedia-en-jet-set-inicia-este-lunes\/","url_meta":{"origin":116302,"position":3},"title":"Juicio preliminar contra los hermanos Espaillat por tragedia en Jet Set inicia este lunes","author":"Nelson Feliz","date":"11 de enero de 2026","format":false,"excerpt":"Se busca con este juicio la posibilidad de iniciar un juicio a fondo. Este lunes 12 de enero comenzar\u00e1 formalmente el juicio preliminar contra Antonio y Maribel Espaillat, acusados por el tr\u00e1gico colapso del techo de la discoteca Jet Set Club, que dej\u00f3 236 muertos y m\u00e1s de 100 heridos\u2026","rel":"","context":"En \u00abJUSTICIA\u00bb","block_context":{"text":"JUSTICIA","link":"https:\/\/lasprimeras.com.do\/index.php\/category\/justicia\/"},"img":{"alt_text":"Antonio y Maribel Espaillat","src":"https:\/\/i0.wp.com\/lasprimeras.com.do\/wp-content\/uploads\/2026\/01\/Antonio-y-Maribel-Espaillat.jpeg?resize=350%2C200&ssl=1","width":350,"height":200,"srcset":"https:\/\/i0.wp.com\/lasprimeras.com.do\/wp-content\/uploads\/2026\/01\/Antonio-y-Maribel-Espaillat.jpeg?resize=350%2C200&ssl=1 1x, https:\/\/i0.wp.com\/lasprimeras.com.do\/wp-content\/uploads\/2026\/01\/Antonio-y-Maribel-Espaillat.jpeg?resize=525%2C300&ssl=1 1.5x, https:\/\/i0.wp.com\/lasprimeras.com.do\/wp-content\/uploads\/2026\/01\/Antonio-y-Maribel-Espaillat.jpeg?resize=700%2C400&ssl=1 2x"},"classes":[]},{"id":110561,"url":"https:\/\/lasprimeras.com.do\/index.php\/2025\/09\/29\/los-hermanos-espaillat-piden-al-juez-aprobar-su-propio-peritaje-para-evaluar-derrumbe-del-jet-set\/","url_meta":{"origin":116302,"position":4},"title":"Los hermanos Espaillat piden al juez aprobar su propio peritaje para evaluar derrumbe del Jet Set","author":"Nelson Feliz","date":"29 de septiembre de 2025","format":false,"excerpt":"El colapso del techo de la discoteca, ocurrido el 8 de abril de este a\u00f1o durante un concierto, provoc\u00f3 la muerte de 235 personas y dej\u00f3 m\u00e1s de 180 heridos. Los hermanos Antonio y Maribel Espaillat L\u00f3pez, propietarios de la colapsada discoteca Jet Set, solicitaron al juez de control de\u2026","rel":"","context":"En \u00abJUSTICIA\u00bb","block_context":{"text":"JUSTICIA","link":"https:\/\/lasprimeras.com.do\/index.php\/category\/justicia\/"},"img":{"alt_text":"","src":"https:\/\/i0.wp.com\/lasprimeras.com.do\/wp-content\/uploads\/2025\/04\/Techo-Jet-Set.jpg?resize=350%2C200&ssl=1","width":350,"height":200,"srcset":"https:\/\/i0.wp.com\/lasprimeras.com.do\/wp-content\/uploads\/2025\/04\/Techo-Jet-Set.jpg?resize=350%2C200&ssl=1 1x, https:\/\/i0.wp.com\/lasprimeras.com.do\/wp-content\/uploads\/2025\/04\/Techo-Jet-Set.jpg?resize=525%2C300&ssl=1 1.5x, https:\/\/i0.wp.com\/lasprimeras.com.do\/wp-content\/uploads\/2025\/04\/Techo-Jet-Set.jpg?resize=700%2C400&ssl=1 2x"},"classes":[]},{"id":114007,"url":"https:\/\/lasprimeras.com.do\/index.php\/2025\/11\/07\/ministerio-publico-deposita-acusacion-del-caso-jet-set\/","url_meta":{"origin":116302,"position":5},"title":"Ministerio P\u00fablico deposita acusaci\u00f3n del Caso Jet Set","author":"Nelson Feliz","date":"7 de noviembre de 2025","format":false,"excerpt":"Solicita apertura a juicio contra los hermanos Antonio y Maribel Espaillat, por su participaci\u00f3n en el colapso de la discoteca El Ministerio P\u00fablico present\u00f3 este viernes acusaci\u00f3n formal y requerimiento de apertura a juicio en contra de los hermanos Antonio y Maribel Espaillat, procesados por el colapso del techo de\u2026","rel":"","context":"En \u00abJUSTICIA\u00bb","block_context":{"text":"JUSTICIA","link":"https:\/\/lasprimeras.com.do\/index.php\/category\/justicia\/"},"img":{"alt_text":"","src":"https:\/\/i0.wp.com\/lasprimeras.com.do\/wp-content\/uploads\/2025\/11\/ACUSACION.jpg?resize=350%2C200&ssl=1","width":350,"height":200,"srcset":"https:\/\/i0.wp.com\/lasprimeras.com.do\/wp-content\/uploads\/2025\/11\/ACUSACION.jpg?resize=350%2C200&ssl=1 1x, https:\/\/i0.wp.com\/lasprimeras.com.do\/wp-content\/uploads\/2025\/11\/ACUSACION.jpg?resize=525%2C300&ssl=1 1.5x, https:\/\/i0.wp.com\/lasprimeras.com.do\/wp-content\/uploads\/2025\/11\/ACUSACION.jpg?resize=700%2C400&ssl=1 2x"},"classes":[]}],"jetpack_sharing_enabled":true,"_links":{"self":[{"href":"https:\/\/lasprimeras.com.do\/index.php\/wp-json\/wp\/v2\/posts\/116302","targetHints":{"allow":["GET"]}}],"collection":[{"href":"https:\/\/lasprimeras.com.do\/index.php\/wp-json\/wp\/v2\/posts"}],"about":[{"href":"https:\/\/lasprimeras.com.do\/index.php\/wp-json\/wp\/v2\/types\/post"}],"author":[{"embeddable":true,"href":"https:\/\/lasprimeras.com.do\/index.php\/wp-json\/wp\/v2\/users\/10"}],"replies":[{"embeddable":true,"href":"https:\/\/lasprimeras.com.do\/index.php\/wp-json\/wp\/v2\/comments?post=116302"}],"version-history":[{"count":1,"href":"https:\/\/lasprimeras.com.do\/index.php\/wp-json\/wp\/v2\/posts\/116302\/revisions"}],"predecessor-version":[{"id":116305,"href":"https:\/\/lasprimeras.com.do\/index.php\/wp-json\/wp\/v2\/posts\/116302\/revisions\/116305"}],"wp:featuredmedia":[{"embeddable":true,"href":"https:\/\/lasprimeras.com.do\/index.php\/wp-json\/wp\/v2\/media\/116304"}],"wp:attachment":[{"href":"https:\/\/lasprimeras.com.do\/index.php\/wp-json\/wp\/v2\/media?parent=116302"}],"wp:term":[{"taxonomy":"category","embeddable":true,"href":"https:\/\/lasprimeras.com.do\/index.php\/wp-json\/wp\/v2\/categories?post=116302"},{"taxonomy":"post_tag","embeddable":true,"href":"https:\/\/lasprimeras.com.do\/index.php\/wp-json\/wp\/v2\/tags?post=116302"}],"curies":[{"name":"wp","href":"https:\/\/api.w.org\/{rel}","templated":true}]}}