{"id":116309,"date":"2025-11-30T11:22:05","date_gmt":"2025-11-30T15:22:05","guid":{"rendered":"https:\/\/lasprimeras.com.do\/?p=116309"},"modified":"2025-11-30T11:22:07","modified_gmt":"2025-11-30T15:22:07","slug":"presidente-del-senado-valora-como-positiva-la-decision-del-gobierno-lucha-contra-el-narcotrafico","status":"publish","type":"post","link":"https:\/\/lasprimeras.com.do\/index.php\/2025\/11\/30\/presidente-del-senado-valora-como-positiva-la-decision-del-gobierno-lucha-contra-el-narcotrafico\/","title":{"rendered":"Presidente del Senado valora como positiva la decisi\u00f3n del Gobierno lucha contra el narcotr\u00e1fico"},"content":{"rendered":"\n<p>El presidente del Senado de la Rep\u00fablica, Ricardo de los Santos, calific\u00f3 como acertada y oportuna la decisi\u00f3n del presidente Luis Abinader de poner en plena ejecuci\u00f3n el Acuerdo Bilateral de Interdicci\u00f3n Mar\u00edtima y A\u00e9rea, vigente desde 1995, con el fin de reforzar las acciones conjuntas con los Estados Unidos contra el narcotr\u00e1fico.<\/p>\n\n\n\n<p>De los Santos afirm\u00f3 que esta medida refuerza la capacidad operativa del Estado dominicano para enfrentar las redes criminales que utilizan rutas a\u00e9reas y mar\u00edtimas para el trasiego de drogas, un fen\u00f3meno que impacta directamente la seguridad y el bienestar de las familias dominicanas.<\/p>\n\n\n\n<p>\u201cEl narcotr\u00e1fico no solo amenaza la estabilidad de nuestra naci\u00f3n, sino que afecta de manera directa a nuestros j\u00f3venes y a nuestras comunidades. Toda acci\u00f3n que fortalezca los mecanismos de defensa y cooperaci\u00f3n es un paso necesario\u201d, sostuvo.<\/p>\n\n\n\n<p>Asimismo, destac\u00f3 que la formalizaci\u00f3n plena de este acuerdo permite proteger con mayor firmeza el espacio a\u00e9reo y las aguas territoriales del pa\u00eds, cerrando oportunidades a organizaciones delictivas que operan en la regi\u00f3n.<\/p>\n\n\n\n<p>\u201cSaludamos la decisi\u00f3n del presidente Abinader porque demuestra voluntad, claridad y compromiso para enfrentar un problema que requiere coordinaci\u00f3n internacional y determinaci\u00f3n constante\u201d, expres\u00f3 De los Santos.<\/p>\n","protected":false},"excerpt":{"rendered":"<p>El presidente del Senado de la Rep\u00fablica, Ricardo de los Santos, calific\u00f3 como acertada y oportuna la decisi\u00f3n del presidente Luis Abinader de poner en plena ejecuci\u00f3n el Acuerdo Bilateral&hellip;<\/p>\n","protected":false},"author":10,"featured_media":116310,"comment_status":"open","ping_status":"open","sticky":false,"template":"","format":"standard","meta":{"content-type":"","jetpack_post_was_ever_published":false,"_jetpack_newsletter_access":"","_jetpack_dont_email_post_to_subs":false,"_jetpack_newsletter_tier_id":0,"_jetpack_memberships_contains_paywalled_content":false,"_jetpack_memberships_contains_paid_content":false,"footnotes":""},"categories":[16559,25],"tags":[2267,171,5724,2171,17311,2107],"class_list":["post-116309","post","type-post","status-publish","format-standard","has-post-thumbnail","hentry","category-politica","category-portada","tag-decision","tag-gobierno","tag-narcotrafico","tag-positiva","tag-presidente-del-senado","tag-ricardo-de-los-santos"],"jetpack_featured_media_url":"https:\/\/lasprimeras.com.do\/wp-content\/uploads\/2025\/11\/Ricardo-de-los-Santos-2.jpg","jetpack-related-posts":[{"id":115501,"url":"https:\/\/lasprimeras.com.do\/index.php\/2025\/11\/23\/congreso-nacional-recibe-delegacion-de-congresistas-estadounidenses\/","url_meta":{"origin":116309,"position":0},"title":"Congreso Nacional recibe delegaci\u00f3n de congresistas estadounidenses","author":"Nelson Feliz","date":"23 de noviembre de 2025","format":false,"excerpt":"Congresistas locales e internacionales externaron gran preocupaci\u00f3n por la situaci\u00f3n haitiana y solicitan que sea incluida como agenda legislativa. El Congreso Nacional, representado por Ricardo de los Santos, presidente del Senado, y Alfredo Pacheco, presidente de la C\u00e1mara de Diputados, recibi\u00f3 este s\u00e1bado una amplia delegaci\u00f3n de congresistas de Estados\u2026","rel":"","context":"En \u00abNACIONALES\u00bb","block_context":{"text":"NACIONALES","link":"https:\/\/lasprimeras.com.do\/index.php\/category\/nacionales\/"},"img":{"alt_text":"","src":"https:\/\/i0.wp.com\/lasprimeras.com.do\/wp-content\/uploads\/2025\/11\/tress.jpg?resize=350%2C200&ssl=1","width":350,"height":200,"srcset":"https:\/\/i0.wp.com\/lasprimeras.com.do\/wp-content\/uploads\/2025\/11\/tress.jpg?resize=350%2C200&ssl=1 1x, https:\/\/i0.wp.com\/lasprimeras.com.do\/wp-content\/uploads\/2025\/11\/tress.jpg?resize=525%2C300&ssl=1 1.5x, https:\/\/i0.wp.com\/lasprimeras.com.do\/wp-content\/uploads\/2025\/11\/tress.jpg?resize=700%2C400&ssl=1 2x"},"classes":[]},{"id":83895,"url":"https:\/\/lasprimeras.com.do\/index.php\/2024\/05\/27\/presidente-del-senado-garantiza-todos-los-proyectos-de-ley-seran-consensuados-con-los-partidos-politicos\/","url_meta":{"origin":116309,"position":1},"title":"Presidente del Senado garantiza todos los proyectos de Ley ser\u00e1n consensuados con los partidos pol\u00edticos","author":"Nelson Feliz","date":"27 de mayo de 2024","format":false,"excerpt":"Destac\u00f3 que los senadores del PRM seguir\u00e1n legislando por los intereses del pa\u00eds y la sociedad dominicana y no a favor de un partido. El presidente del Senado, Ricardo de los Santos, se\u00f1al\u00f3 que la sociedad dominicana puede tener la plena seguridad de que tanto en la C\u00e1mara de Diputados\u2026","rel":"","context":"En \u00abPORTADA\u00bb","block_context":{"text":"PORTADA","link":"https:\/\/lasprimeras.com.do\/index.php\/category\/portada\/"},"img":{"alt_text":"Ricardo de los Santos","src":"https:\/\/i0.wp.com\/lasprimeras.com.do\/wp-content\/uploads\/2024\/05\/Ricardo-de-los-Santos-3.jpg?resize=350%2C200&ssl=1","width":350,"height":200,"srcset":"https:\/\/i0.wp.com\/lasprimeras.com.do\/wp-content\/uploads\/2024\/05\/Ricardo-de-los-Santos-3.jpg?resize=350%2C200&ssl=1 1x, https:\/\/i0.wp.com\/lasprimeras.com.do\/wp-content\/uploads\/2024\/05\/Ricardo-de-los-Santos-3.jpg?resize=525%2C300&ssl=1 1.5x, https:\/\/i0.wp.com\/lasprimeras.com.do\/wp-content\/uploads\/2024\/05\/Ricardo-de-los-Santos-3.jpg?resize=700%2C400&ssl=1 2x"},"classes":[]},{"id":90765,"url":"https:\/\/lasprimeras.com.do\/index.php\/2024\/10\/27\/presidente-del-senado-aboga-por-una-ley-de-alimentacion-y-nutricion-escolar\/","url_meta":{"origin":116309,"position":2},"title":"Presidente del Senado aboga por una Ley de Alimentaci\u00f3n y Nutrici\u00f3n Escolar","author":"Nelson Feliz","date":"27 de octubre de 2024","format":false,"excerpt":"Ricardo de los Santos, hablo al participar en el \u201c1er Foro Nacional sobre la Alimentaci\u00f3n Escolar y Nutrici\u00f3n en Rep\u00fablica Dominicana\u201d, en donde consider\u00f3 necesario que la iniciativa aborde aspectos de la subalimentaci\u00f3n y ayude a enfrentar el problema de la obesidad infantil, promoviendo un futuro m\u00e1s saludable. En el\u2026","rel":"","context":"En \u00abECONOM\u00cdA\u00bb","block_context":{"text":"ECONOM\u00cdA","link":"https:\/\/lasprimeras.com.do\/index.php\/category\/economia\/"},"img":{"alt_text":"Ricardo de los Santos","src":"https:\/\/i0.wp.com\/lasprimeras.com.do\/wp-content\/uploads\/2024\/10\/Ricardo-de-los-Santos-9.jpg?resize=350%2C200&ssl=1","width":350,"height":200,"srcset":"https:\/\/i0.wp.com\/lasprimeras.com.do\/wp-content\/uploads\/2024\/10\/Ricardo-de-los-Santos-9.jpg?resize=350%2C200&ssl=1 1x, https:\/\/i0.wp.com\/lasprimeras.com.do\/wp-content\/uploads\/2024\/10\/Ricardo-de-los-Santos-9.jpg?resize=525%2C300&ssl=1 1.5x, https:\/\/i0.wp.com\/lasprimeras.com.do\/wp-content\/uploads\/2024\/10\/Ricardo-de-los-Santos-9.jpg?resize=700%2C400&ssl=1 2x"},"classes":[]},{"id":54018,"url":"https:\/\/lasprimeras.com.do\/index.php\/2023\/07\/06\/ricardo-de-los-santos-el-prm-y-mayoria-de-senadores-lo-respalda-para-presidir-el-senado\/","url_meta":{"origin":116309,"position":3},"title":"Ricardo de los Santos: El PRM y mayor\u00eda de Senadores lo respalda para presidir el Senado","author":"Nelson Feliz","date":"6 de julio de 2023","format":false,"excerpt":"Por Daury Reyes El senador Ricardo de los Santos sigue firme en su objetivo de presidir el Senado de la Rep\u00fablica, y afirma contar con el respaldo del Partido Revolucionario Moderno (PRM). El legislador destac\u00f3 adem\u00e1s que cuenta con el apoyo de la mayor\u00eda de los senadores en la c\u00e1mara\u2026","rel":"","context":"En \u00abPORTADA\u00bb","block_context":{"text":"PORTADA","link":"https:\/\/lasprimeras.com.do\/index.php\/category\/portada\/"},"img":{"alt_text":"Ricardo de los Santos","src":"https:\/\/i0.wp.com\/lasprimeras.com.do\/wp-content\/uploads\/2023\/07\/Ricardo-de-los-Santos.jpg?resize=350%2C200&ssl=1","width":350,"height":200,"srcset":"https:\/\/i0.wp.com\/lasprimeras.com.do\/wp-content\/uploads\/2023\/07\/Ricardo-de-los-Santos.jpg?resize=350%2C200&ssl=1 1x, https:\/\/i0.wp.com\/lasprimeras.com.do\/wp-content\/uploads\/2023\/07\/Ricardo-de-los-Santos.jpg?resize=525%2C300&ssl=1 1.5x, https:\/\/i0.wp.com\/lasprimeras.com.do\/wp-content\/uploads\/2023\/07\/Ricardo-de-los-Santos.jpg?resize=700%2C400&ssl=1 2x"},"classes":[]},{"id":57315,"url":"https:\/\/lasprimeras.com.do\/index.php\/2023\/08\/11\/prm-recomienda-a-ricardo-de-los-santos-para-presidir-el-senado\/","url_meta":{"origin":116309,"position":4},"title":"PRM recomienda a Ricardo De los Santos para presidir el senado","author":"Nelson Feliz","date":"11 de agosto de 2023","format":false,"excerpt":"La Direcci\u00f3n Ejecutiva del Partido Revolucionario Moderno (PRM) recomend\u00f3 al senador Ricardo De los Santos, de S\u00e1nchez Ram\u00edrez, para presidir el Senado durante el per\u00edodo 2023-2024. El \u00f3rgano tambi\u00e9n sugiri\u00f3 a Faride Raful, del Distrito Nacional, como vicepresidenta, y a Melania Salvador, de Bahoruco, y a Milc\u00edades Franjul, de Peravia,\u2026","rel":"","context":"En \u00abSin categor\u00eda\u00bb","block_context":{"text":"Sin categor\u00eda","link":"https:\/\/lasprimeras.com.do\/index.php\/category\/sin-categoria\/"},"img":{"alt_text":"Ricardo de los Santos","src":"https:\/\/i0.wp.com\/lasprimeras.com.do\/wp-content\/uploads\/2023\/07\/Ricardo-de-los-Santos.jpg?resize=350%2C200&ssl=1","width":350,"height":200,"srcset":"https:\/\/i0.wp.com\/lasprimeras.com.do\/wp-content\/uploads\/2023\/07\/Ricardo-de-los-Santos.jpg?resize=350%2C200&ssl=1 1x, https:\/\/i0.wp.com\/lasprimeras.com.do\/wp-content\/uploads\/2023\/07\/Ricardo-de-los-Santos.jpg?resize=525%2C300&ssl=1 1.5x, https:\/\/i0.wp.com\/lasprimeras.com.do\/wp-content\/uploads\/2023\/07\/Ricardo-de-los-Santos.jpg?resize=700%2C400&ssl=1 2x"},"classes":[]},{"id":93492,"url":"https:\/\/lasprimeras.com.do\/index.php\/2025\/02\/12\/presidente-del-senado-ricardo-de-los-santos-encabeza-el-vii-encuentro-de-dominicanos-en-el-capitolio\/","url_meta":{"origin":116309,"position":5},"title":"Presidente del Senado Ricardo de los Santos encabeza el VII Encuentro de Dominicanos en el Capitolio","author":"Nelson Feliz","date":"12 de febrero de 2025","format":false,"excerpt":"Washington D.C., \u2013 El Presidente del Senado, Ricardo de los Santos, se encuentra en Washington D.C. para liderar el VII Encuentro de Dominicanos en el Capitolio de los Estados Unidos, una cita clave que busca estrechar lazos entre la comunidad dominicana en la di\u00e1spora y las autoridades de la Rep\u00fablica\u2026","rel":"","context":"En \u00abINTERNACIONALES\u00bb","block_context":{"text":"INTERNACIONALES","link":"https:\/\/lasprimeras.com.do\/index.php\/category\/sin-categoria\/internacionales\/"},"img":{"alt_text":"","src":"https:\/\/i0.wp.com\/lasprimeras.com.do\/wp-content\/uploads\/2025\/02\/Ricardo-de-los-Santosa-1.jpg?resize=350%2C200&ssl=1","width":350,"height":200,"srcset":"https:\/\/i0.wp.com\/lasprimeras.com.do\/wp-content\/uploads\/2025\/02\/Ricardo-de-los-Santosa-1.jpg?resize=350%2C200&ssl=1 1x, https:\/\/i0.wp.com\/lasprimeras.com.do\/wp-content\/uploads\/2025\/02\/Ricardo-de-los-Santosa-1.jpg?resize=525%2C300&ssl=1 1.5x, https:\/\/i0.wp.com\/lasprimeras.com.do\/wp-content\/uploads\/2025\/02\/Ricardo-de-los-Santosa-1.jpg?resize=700%2C400&ssl=1 2x"},"classes":[]}],"jetpack_sharing_enabled":true,"_links":{"self":[{"href":"https:\/\/lasprimeras.com.do\/index.php\/wp-json\/wp\/v2\/posts\/116309","targetHints":{"allow":["GET"]}}],"collection":[{"href":"https:\/\/lasprimeras.com.do\/index.php\/wp-json\/wp\/v2\/posts"}],"about":[{"href":"https:\/\/lasprimeras.com.do\/index.php\/wp-json\/wp\/v2\/types\/post"}],"author":[{"embeddable":true,"href":"https:\/\/lasprimeras.com.do\/index.php\/wp-json\/wp\/v2\/users\/10"}],"replies":[{"embeddable":true,"href":"https:\/\/lasprimeras.com.do\/index.php\/wp-json\/wp\/v2\/comments?post=116309"}],"version-history":[{"count":1,"href":"https:\/\/lasprimeras.com.do\/index.php\/wp-json\/wp\/v2\/posts\/116309\/revisions"}],"predecessor-version":[{"id":116311,"href":"https:\/\/lasprimeras.com.do\/index.php\/wp-json\/wp\/v2\/posts\/116309\/revisions\/116311"}],"wp:featuredmedia":[{"embeddable":true,"href":"https:\/\/lasprimeras.com.do\/index.php\/wp-json\/wp\/v2\/media\/116310"}],"wp:attachment":[{"href":"https:\/\/lasprimeras.com.do\/index.php\/wp-json\/wp\/v2\/media?parent=116309"}],"wp:term":[{"taxonomy":"category","embeddable":true,"href":"https:\/\/lasprimeras.com.do\/index.php\/wp-json\/wp\/v2\/categories?post=116309"},{"taxonomy":"post_tag","embeddable":true,"href":"https:\/\/lasprimeras.com.do\/index.php\/wp-json\/wp\/v2\/tags?post=116309"}],"curies":[{"name":"wp","href":"https:\/\/api.w.org\/{rel}","templated":true}]}}