{"id":116312,"date":"2025-11-30T11:32:41","date_gmt":"2025-11-30T15:32:41","guid":{"rendered":"https:\/\/lasprimeras.com.do\/?p=116312"},"modified":"2025-11-30T11:32:44","modified_gmt":"2025-11-30T15:32:44","slug":"presidente-del-senado-recibe-reconocimiento-por-su-gestion-y-aportes-legislativos","status":"publish","type":"post","link":"https:\/\/lasprimeras.com.do\/index.php\/2025\/11\/30\/presidente-del-senado-recibe-reconocimiento-por-su-gestion-y-aportes-legislativos\/","title":{"rendered":"Presidente del Senado recibe reconocimiento por su gesti\u00f3n y aportes legislativos"},"content":{"rendered":"\n<p>El presidente del Senado de la Rep\u00fablica, Ricardo de los Santos, recibi\u00f3 un reconocimiento por parte de la Asociaci\u00f3n Dominicana de Productores de Opini\u00f3n P\u00fablica de Medios de Comunicaci\u00f3n, Inc. (ASODOPROM), por su buena gesti\u00f3n en la C\u00e1mara Alta.<\/p>\n\n\n\n<p>El acto de entrega estuvo encabezado por el presidente de ASODOPROM, Luis Tejada, y don Persio Maldonado, presidente de la Sociedad Dominicana de Diarios (SDD), quien fue jurado de la premiaci\u00f3n.<\/p>\n\n\n\n<p>Durante el evento que premi\u00f3 \u201cEl Poder de Opini\u00f3n\u201d, el presidente del Senado de la Rep\u00fablica, Ricardo de los Santos, recibi\u00f3 el galard\u00f3n en la categor\u00eda Gesti\u00f3n y Aportes Legislativos como senador y presidente del Senado, por parte de la Asociaci\u00f3n Dominicana de Productores de Opini\u00f3n P\u00fablica de Medios de Comunicaci\u00f3n, (ASODOPROM), quien se hizo acompa\u00f1ar de su distinguida esposa, Yudith Moscoso De Los Santos.<\/p>\n\n\n\n<p>En sus palabras de agradecimiento, De los Santos resalt\u00f3 la importancia de la estabilidad pol\u00edtica, social y econ\u00f3mica que vive actualmente la Rep\u00fablica Dominicana, y afirm\u00f3 que gran parte de este clima es posible gracias al trabajo responsable y \u00e9tico que impulsa ASODOPROM.<\/p>\n\n\n\n<figure class=\"wp-block-image size-full\"><img decoding=\"async\" width=\"900\" height=\"600\" src=\"https:\/\/lasprimeras.com.do\/wp-content\/uploads\/2025\/11\/Ricardo-de-los-Santos-2-1.jpg\" alt=\"\" class=\"wp-image-116314\" srcset=\"https:\/\/lasprimeras.com.do\/wp-content\/uploads\/2025\/11\/Ricardo-de-los-Santos-2-1.jpg 900w, https:\/\/lasprimeras.com.do\/wp-content\/uploads\/2025\/11\/Ricardo-de-los-Santos-2-1-300x200.jpg 300w, https:\/\/lasprimeras.com.do\/wp-content\/uploads\/2025\/11\/Ricardo-de-los-Santos-2-1-768x512.jpg 768w\" sizes=\"(max-width: 900px) 100vw, 900px\" \/><\/figure>\n\n\n\n<p>\u201cHoy podemos decir que tenemos una de las democracias m\u00e1s fuertes de Am\u00e9rica Latina. Esto se debe, en gran medida, al aporte de quienes ejercen la comunicaci\u00f3n p\u00fablica con responsabilidad y compromiso\u201d, expres\u00f3 el presidente del Senado.<\/p>\n\n\n\n<p>El legislador dedic\u00f3 la distinci\u00f3n a Dios, a su familia, a los senadores y colaboradores de la C\u00e1mara Alta y, muy especialmente, a su provincia S\u00e1nchez Ram\u00edrez, a la cual representa.<\/p>\n\n\n\n<p>De los Santos tambi\u00e9n destac\u00f3 el rol fundamental de una comunicaci\u00f3n veraz, honesta y \u00e9tica: \u201cSin ese aporte que ustedes hacen, ser\u00eda muy dif\u00edcil para nosotros exhibir el posicionamiento que tenemos como pa\u00eds\u201d.<\/p>\n\n\n\n<p>Luis Tejada, presidente de ASODOPROM, elogi\u00f3 la humildad y sencillez de Ricardo de los Santos, a quien calific\u00f3 como trabajador y cercano, que ha hecho grandes aportes a la democracia dominicana y del pa\u00eds.<\/p>\n\n\n\n<p>Hizo un llamado de atenci\u00f3n para que se analice el valor de cada comunicador, periodista y productor, porque de esa manera se fortalece la institucionalidad en el pa\u00eds.<\/p>\n\n\n\n<p>Persio Maldonado, al tomar la palabra en nombre del jurado, destac\u00f3 la importancia de reconocer la honestidad y la transparencia \u201cen vida\u201d, subrayando que estos valores no solo dignifican a quienes los encarnan, sino que tambi\u00e9n incentivan a la ciudadan\u00eda a asumir una mayor responsabilidad tanto en la vida p\u00fablica como en la privada.<\/p>\n\n\n\n<p>Maldonado valor\u00f3 el trabajo de la Asociaci\u00f3n Dominicana de Productores de Opini\u00f3n P\u00fablica de Medios de Comunicaci\u00f3n, se\u00f1alando que la entidad realiza un esfuerzo significativo al promover la cohesi\u00f3n, el respeto a la ley y una l\u00ednea \u00e9tica clara en el ejercicio de la comunicaci\u00f3n.<\/p>\n\n\n\n<p>Otras personalidades galardonadas<\/p>\n\n\n\n<p>En el marco del premio \u201cEl Poder de Opini\u00f3n 2025\u201d, tambi\u00e9n fue reconocido el Defensor del Pueblo, Pablo Ulloa, en la categor\u00eda Fortalecimiento y Aportes a los Derechos Ciudadanos.<\/p>\n\n\n\n<p>En la categor\u00eda Defensa al Medio Ambiente, la distinci\u00f3n recay\u00f3 en el profesor Jos\u00e9 Ferreira Capell\u00e1n, decano de la Facultad de Ciencias de la Universidad Aut\u00f3noma de Santo Domingo (UASD).<\/p>\n\n\n\n<p>En nombre del Banco Popular, su vicepresidente, Jos\u00e9 M\u00e1rmol, recibi\u00f3 una estatuilla como la instituci\u00f3n privada mejor valorada del 2025.<\/p>\n\n\n\n<p>Por su Trayectoria y Aportes a la Cultura y a la M\u00fasica Dominicana fueron galardonados los artistas Sergio Hern\u00e1ndez y Aramis Camilo.<\/p>\n\n\n\n<p>En la categor\u00eda funcionario p\u00fablico mejor valorado 2025, los galardonados fueron Eduardo Sanz Lovat\u00f3n, director de Aduanas, y David Collado, ministro de Turismo.<br>Como empresario del A\u00f1o \u2013 Premio El Gran Poder de la Opini\u00f3n, recay\u00f3 en don Jos\u00e9 Luis Corripio Estrada, presidente del Grupo Corripio.<\/p>\n\n\n\n<p>La ceremonia inici\u00f3 con una invocaci\u00f3n a Dios a cargo de Severina Castillo, secretaria de Finanzas del gremio, seguida de una presentaci\u00f3n art\u00edstica del Ballet Folcl\u00f3rico Jos\u00e9 Castillo de la UASD.<\/p>\n\n\n\n<p>Tambi\u00e9n se presentaron los artistas Aramis Camilo, Sergio Hern\u00e1ndez y Paul Ross \u2013 Salsa, quienes recibieron entusiastas aplausos.<\/p>\n\n\n\n<p>La premiaci\u00f3n cont\u00f3 con el respaldo del Consejo Directivo de ASODOPROM, organizaci\u00f3n que acumula cuatro a\u00f1os de labor gremial ininterrumpida.<\/p>\n\n\n\n<p>El evento cont\u00f3 tambi\u00e9n con la presencia de numerosas personalidades del \u00e1mbito p\u00fablico, la comunicaci\u00f3n y el sector institucional, incluyendo al vocero de la Polic\u00eda Nacional, Diego Pesqueira; el Cuerpo de Bomberos de Yaguate; el locutor Jos\u00e9 Zapata S\u00e1nchez; los periodistas Ram\u00f3n Tolentino y Marisol P\u00e9rez; y el administrador de la Escuela Nacional de Locuci\u00f3n, profesor Otto Rivera, entre otros.<\/p>\n\n\n\n<p>El presidente del Senado estuvo acompa\u00f1ado, adem\u00e1s, por Nelson Guzm\u00e1n, coordinador de Gabinete de la instituci\u00f3n legislativa; Yannerys Paulino, directora de Comunicaciones; Leonardo Javier, director de Representaci\u00f3n; y Martha Valenzuela, encargada de Prensa, entre otros funcionarios.<\/p>\n\n\n\n<p>El acto de reconocimiento, en el que se premi\u00f3 tambi\u00e9n a importantes personalidades dominicanas en otras categor\u00edas, se realiz\u00f3 en el sal\u00f3n A\u00edda Bonnelly de D\u00edaz, del Teatro Nacional Eduardo Brito.<\/p>\n","protected":false},"excerpt":{"rendered":"<p>El presidente del Senado de la Rep\u00fablica, Ricardo de los Santos, recibi\u00f3 un reconocimiento por parte de la Asociaci\u00f3n Dominicana de Productores de Opini\u00f3n P\u00fablica de Medios de Comunicaci\u00f3n, Inc.&hellip;<\/p>\n","protected":false},"author":10,"featured_media":116313,"comment_status":"open","ping_status":"open","sticky":false,"template":"","format":"standard","meta":{"content-type":"","jetpack_post_was_ever_published":false,"_jetpack_newsletter_access":"","_jetpack_dont_email_post_to_subs":false,"_jetpack_newsletter_tier_id":0,"_jetpack_memberships_contains_paywalled_content":false,"_jetpack_memberships_contains_paid_content":false,"footnotes":""},"categories":[35,25],"tags":[1244,4571,212,7568,17311,1563,2107],"class_list":["post-116312","post","type-post","status-publish","format-standard","has-post-thumbnail","hentry","category-nacionales","category-portada","tag-aportes","tag-asodoprom","tag-gestion","tag-legislativos","tag-presidente-del-senado","tag-reconocimiento","tag-ricardo-de-los-santos"],"jetpack_featured_media_url":"https:\/\/lasprimeras.com.do\/wp-content\/uploads\/2025\/11\/Ricardo-de-los-Santos-1-1.jpg","jetpack-related-posts":[{"id":81923,"url":"https:\/\/lasprimeras.com.do\/index.php\/2024\/04\/26\/ricardo-de-los-santos-es-reconocido-por-asodoprom-por-sus-aportes-al-desarrollo\/","url_meta":{"origin":116312,"position":0},"title":"Ricardo de los Santos es reconocido por Asodoprom por sus aportes al desarrollo","author":"BIMARY DE JES\u00daS Matos","date":"26 de abril de 2024","format":false,"excerpt":"SANTO DOMINGO.- El presidente del Senado de la Rep\u00fablica, fue reconocido por la Asociaci\u00f3n Dominicana de Productores de Opini\u00f3n P\u00fablica en Medios de Comunicaci\u00f3n (Asodoprom), \u201cpor sus grandes aportes legislativos en beneficio del desarrollo, crecimiento y progreso de la Rep\u00fablica Dominicana. El senador Ricardo de los Santos recibi\u00f3 la distinci\u00f3n\u2026","rel":"","context":"En \u00abPORTADA\u00bb","block_context":{"text":"PORTADA","link":"https:\/\/lasprimeras.com.do\/index.php\/category\/portada\/"},"img":{"alt_text":"","src":"https:\/\/i0.wp.com\/lasprimeras.com.do\/wp-content\/uploads\/2024\/04\/WhatsApp-Image-2024-04-26-at-12.13.51-PM.jpeg?resize=350%2C200&ssl=1","width":350,"height":200,"srcset":"https:\/\/i0.wp.com\/lasprimeras.com.do\/wp-content\/uploads\/2024\/04\/WhatsApp-Image-2024-04-26-at-12.13.51-PM.jpeg?resize=350%2C200&ssl=1 1x, https:\/\/i0.wp.com\/lasprimeras.com.do\/wp-content\/uploads\/2024\/04\/WhatsApp-Image-2024-04-26-at-12.13.51-PM.jpeg?resize=525%2C300&ssl=1 1.5x, https:\/\/i0.wp.com\/lasprimeras.com.do\/wp-content\/uploads\/2024\/04\/WhatsApp-Image-2024-04-26-at-12.13.51-PM.jpeg?resize=700%2C400&ssl=1 2x, https:\/\/i0.wp.com\/lasprimeras.com.do\/wp-content\/uploads\/2024\/04\/WhatsApp-Image-2024-04-26-at-12.13.51-PM.jpeg?resize=1050%2C600&ssl=1 3x"},"classes":[]},{"id":85785,"url":"https:\/\/lasprimeras.com.do\/index.php\/2024\/07\/08\/club-de-leones-cotui-reconoce-al-presidente-del-senado-por-sus-aportes-y-labor-social\/","url_meta":{"origin":116312,"position":1},"title":"Club de Leones Cotu\u00ed reconoce al presidente del Senado por sus aportes y labor social","author":"Nelson Feliz","date":"8 de julio de 2024","format":false,"excerpt":"El presidente Ricardo de los Santos fue reconocido durante una visita guiada donde los leones conocieron distintas \u00e1reas del Senado de la Rep\u00fablica. El presidente del Senado, Ricardo de los Santos, fue sorprendido por integrantes del Club de Leones de Cotu\u00ed, con una placa de reconocimiento por sus grandes aportes\u2026","rel":"","context":"En \u00abNACIONALES\u00bb","block_context":{"text":"NACIONALES","link":"https:\/\/lasprimeras.com.do\/index.php\/category\/nacionales\/"},"img":{"alt_text":"","src":"https:\/\/i0.wp.com\/lasprimeras.com.do\/wp-content\/uploads\/2024\/07\/Ricardo-de-los-Santos-1.jpg?resize=350%2C200&ssl=1","width":350,"height":200,"srcset":"https:\/\/i0.wp.com\/lasprimeras.com.do\/wp-content\/uploads\/2024\/07\/Ricardo-de-los-Santos-1.jpg?resize=350%2C200&ssl=1 1x, https:\/\/i0.wp.com\/lasprimeras.com.do\/wp-content\/uploads\/2024\/07\/Ricardo-de-los-Santos-1.jpg?resize=525%2C300&ssl=1 1.5x"},"classes":[]},{"id":119573,"url":"https:\/\/lasprimeras.com.do\/index.php\/2026\/01\/14\/presidente-del-senado-recibe-reconocimiento-de-adoturd-por-su-apoyo-al-deporte-dominicano\/","url_meta":{"origin":116312,"position":2},"title":"Presidente del Senado recibe reconocimiento de ADOTURD por su apoyo al deporte dominicano","author":"Nelson Feliz","date":"14 de enero de 2026","format":false,"excerpt":"Por Adalgisa S\u00e1nchez La Asociaci\u00f3n Dominicana de Turismo Deportivo (ADOTURD) reconoci\u00f3 este mi\u00e9rcoles al presidente de la C\u00e1mara Alta, Ricardo de los Santos, por su trayectoria marcada por el respeto institucional, servicio y fortalecimiento del Estado democr\u00e1tico, y su respaldo al deporte de turismo y a la juventud. La distinci\u00f3n\u2026","rel":"","context":"En \u00abDEPORTES\u00bb","block_context":{"text":"DEPORTES","link":"https:\/\/lasprimeras.com.do\/index.php\/category\/deportes\/"},"img":{"alt_text":"Ricardo de los Santos","src":"https:\/\/i0.wp.com\/lasprimeras.com.do\/wp-content\/uploads\/2026\/01\/Ricardo-de-los-Santos.jpg?resize=350%2C200&ssl=1","width":350,"height":200,"srcset":"https:\/\/i0.wp.com\/lasprimeras.com.do\/wp-content\/uploads\/2026\/01\/Ricardo-de-los-Santos.jpg?resize=350%2C200&ssl=1 1x, https:\/\/i0.wp.com\/lasprimeras.com.do\/wp-content\/uploads\/2026\/01\/Ricardo-de-los-Santos.jpg?resize=525%2C300&ssl=1 1.5x, https:\/\/i0.wp.com\/lasprimeras.com.do\/wp-content\/uploads\/2026\/01\/Ricardo-de-los-Santos.jpg?resize=700%2C400&ssl=1 2x"},"classes":[]},{"id":88436,"url":"https:\/\/lasprimeras.com.do\/index.php\/2024\/08\/28\/senado-ny-reconoce-presidente-senado-por-esfuerzos-para-mejorar-calidad-vida-de-dominicanos\/","url_meta":{"origin":116312,"position":3},"title":"Senado NY reconoce presidente Senado por esfuerzos para mejorar calidad vida de dominicanos","author":"Nelson Feliz","date":"28 de agosto de 2024","format":false,"excerpt":"El presidente del Senado, Ricardo de los Santos, fue reconocido por el Senado del Estado de Nueva York, Estados Unidos, por su esfuerzo en busca de mecanismos para mejorar la calidad de vida de los dominicanos residentes en el pa\u00eds y en el exterior. La entrega de la distinci\u00f3n la\u2026","rel":"","context":"En \u00abNACIONALES\u00bb","block_context":{"text":"NACIONALES","link":"https:\/\/lasprimeras.com.do\/index.php\/category\/nacionales\/"},"img":{"alt_text":"Ricardo de los Santos","src":"https:\/\/i0.wp.com\/lasprimeras.com.do\/wp-content\/uploads\/2024\/08\/Ricardo-de-los-Santos-2-2.jpg?resize=350%2C200&ssl=1","width":350,"height":200,"srcset":"https:\/\/i0.wp.com\/lasprimeras.com.do\/wp-content\/uploads\/2024\/08\/Ricardo-de-los-Santos-2-2.jpg?resize=350%2C200&ssl=1 1x, https:\/\/i0.wp.com\/lasprimeras.com.do\/wp-content\/uploads\/2024\/08\/Ricardo-de-los-Santos-2-2.jpg?resize=525%2C300&ssl=1 1.5x, https:\/\/i0.wp.com\/lasprimeras.com.do\/wp-content\/uploads\/2024\/08\/Ricardo-de-los-Santos-2-2.jpg?resize=700%2C400&ssl=1 2x"},"classes":[]},{"id":90002,"url":"https:\/\/lasprimeras.com.do\/index.php\/2024\/10\/12\/presidente-del-senado-ricardo-de-los-santos-es-reconocido-por-sus-aportes-a-la-educacion-de-las-ninas-dominicanas\/","url_meta":{"origin":116312,"position":4},"title":"Presidente del Senado Ricardo de los Santos es reconocido por sus aportes a la educaci\u00f3n de las ni\u00f1as dominicanas","author":"Nelson Feliz","date":"12 de octubre de 2024","format":false,"excerpt":"\u00a0El Colectivo Femenino Internacional para la Democracia, a trav\u00e9s de sus clubes de ni\u00f1as meritorias, reconoci\u00f3 este viernes al presidente del Senado, Ricardo de los Santos, por sus aportes a la educaci\u00f3n de la ni\u00f1ez mediante el programa de visitas guiadas que permite a los estudiantes conocer el \u00f3rgano legislativo\u2026","rel":"","context":"En \u00abNACIONALES\u00bb","block_context":{"text":"NACIONALES","link":"https:\/\/lasprimeras.com.do\/index.php\/category\/nacionales\/"},"img":{"alt_text":"","src":"https:\/\/i0.wp.com\/lasprimeras.com.do\/wp-content\/uploads\/2024\/10\/RICARDO.jpg?resize=350%2C200&ssl=1","width":350,"height":200,"srcset":"https:\/\/i0.wp.com\/lasprimeras.com.do\/wp-content\/uploads\/2024\/10\/RICARDO.jpg?resize=350%2C200&ssl=1 1x, https:\/\/i0.wp.com\/lasprimeras.com.do\/wp-content\/uploads\/2024\/10\/RICARDO.jpg?resize=525%2C300&ssl=1 1.5x"},"classes":[]},{"id":84686,"url":"https:\/\/lasprimeras.com.do\/index.php\/2024\/06\/13\/senado-reconoce-trayectoria-de-la-educadora-jacqueline-malagon\/","url_meta":{"origin":116312,"position":5},"title":"Senado reconoce trayectoria de la educadora Jacqueline Malag\u00f3n","author":"Nelson Feliz","date":"13 de junio de 2024","format":false,"excerpt":"Ricardo de los Santos, presidente de la C\u00e1mara Alta, destac\u00f3 la meritoria labor que durante d\u00e9cadas ha realizado la homenajeada constituy\u00e9ndose en un referente de la educaci\u00f3n en el pa\u00eds. La educadora Jacqueline Malag\u00f3n, con m\u00e1s de 65 a\u00f1os de trayectoria a favor de la formaci\u00f3n y la educaci\u00f3n en\u2026","rel":"","context":"En \u00abNACIONALES\u00bb","block_context":{"text":"NACIONALES","link":"https:\/\/lasprimeras.com.do\/index.php\/category\/nacionales\/"},"img":{"alt_text":"","src":"https:\/\/i0.wp.com\/lasprimeras.com.do\/wp-content\/uploads\/2024\/06\/Jacqueline-Malagon.jpg?resize=350%2C200&ssl=1","width":350,"height":200,"srcset":"https:\/\/i0.wp.com\/lasprimeras.com.do\/wp-content\/uploads\/2024\/06\/Jacqueline-Malagon.jpg?resize=350%2C200&ssl=1 1x, https:\/\/i0.wp.com\/lasprimeras.com.do\/wp-content\/uploads\/2024\/06\/Jacqueline-Malagon.jpg?resize=525%2C300&ssl=1 1.5x"},"classes":[]}],"jetpack_sharing_enabled":true,"_links":{"self":[{"href":"https:\/\/lasprimeras.com.do\/index.php\/wp-json\/wp\/v2\/posts\/116312","targetHints":{"allow":["GET"]}}],"collection":[{"href":"https:\/\/lasprimeras.com.do\/index.php\/wp-json\/wp\/v2\/posts"}],"about":[{"href":"https:\/\/lasprimeras.com.do\/index.php\/wp-json\/wp\/v2\/types\/post"}],"author":[{"embeddable":true,"href":"https:\/\/lasprimeras.com.do\/index.php\/wp-json\/wp\/v2\/users\/10"}],"replies":[{"embeddable":true,"href":"https:\/\/lasprimeras.com.do\/index.php\/wp-json\/wp\/v2\/comments?post=116312"}],"version-history":[{"count":1,"href":"https:\/\/lasprimeras.com.do\/index.php\/wp-json\/wp\/v2\/posts\/116312\/revisions"}],"predecessor-version":[{"id":116315,"href":"https:\/\/lasprimeras.com.do\/index.php\/wp-json\/wp\/v2\/posts\/116312\/revisions\/116315"}],"wp:featuredmedia":[{"embeddable":true,"href":"https:\/\/lasprimeras.com.do\/index.php\/wp-json\/wp\/v2\/media\/116313"}],"wp:attachment":[{"href":"https:\/\/lasprimeras.com.do\/index.php\/wp-json\/wp\/v2\/media?parent=116312"}],"wp:term":[{"taxonomy":"category","embeddable":true,"href":"https:\/\/lasprimeras.com.do\/index.php\/wp-json\/wp\/v2\/categories?post=116312"},{"taxonomy":"post_tag","embeddable":true,"href":"https:\/\/lasprimeras.com.do\/index.php\/wp-json\/wp\/v2\/tags?post=116312"}],"curies":[{"name":"wp","href":"https:\/\/api.w.org\/{rel}","templated":true}]}}