{"id":116319,"date":"2025-11-30T11:50:38","date_gmt":"2025-11-30T15:50:38","guid":{"rendered":"https:\/\/lasprimeras.com.do\/?p=116319"},"modified":"2025-11-30T11:50:41","modified_gmt":"2025-11-30T15:50:41","slug":"banreservas-inaugura-centro-cultural-en-el-antiguo-hotel-mercedes-de-santiago","status":"publish","type":"post","link":"https:\/\/lasprimeras.com.do\/index.php\/2025\/11\/30\/banreservas-inaugura-centro-cultural-en-el-antiguo-hotel-mercedes-de-santiago\/","title":{"rendered":"Banreservas inaugura Centro Cultural en el antiguo Hotel Mercedes de Santiago"},"content":{"rendered":"\n<p><strong>El doctor Leonardo Aguilera destaca que el renovado edificio, m\u00e1s que un espacio f\u00edsico, es un faro de cultura y creatividad que se proyectar\u00e1 por generaciones.<\/strong><\/p>\n\n\n\n<p>El Banco de Reservas inaugur\u00f3 el Centro Cultural que funcionar\u00e1 en las restauradas instalaciones del emblem\u00e1tico Hotel Mercedes. La ceremonia fue encabezada por el presidente Luis Abinader, quien destac\u00f3 la apertura de este nuevo espacio dedicado a la cultura y al arte en la regi\u00f3n Norte.<\/p>\n\n\n\n<p>El presidente ejecutivo de Banreservas, doctor Leonardo Aguilera, afirm\u00f3 que la transformaci\u00f3n del legendario Hotel Mercedes en el Centro Cultural Banreservas Santiago demuestra que las historias no mueren, sino que se convierten en \u201cun hilo que nos une, que nos recuerda qui\u00e9nes somos y qui\u00e9nes podemos ser\u201d.<\/p>\n\n\n\n<p>Explic\u00f3 que en este nuevo centro los visitantes podr\u00e1n disfrutar de exposiciones de arte, talleres, presentaciones, salas de realidad virtual, conferencias y otras manifestaciones creativas que inspiran a so\u00f1ar, aprender y crear.<\/p>\n\n\n\n<p>\u201cNuestra instituci\u00f3n ha dedicado una cuantiosa inversi\u00f3n en esta renovaci\u00f3n; una cantidad respetable en t\u00e9rminos financieros, pero que palidece frente a la envergadura de esta obra como referente cultural y de proyecci\u00f3n inimaginable\u201d, expres\u00f3 Aguilera.<\/p>\n\n\n\n<p>El edificio fue adquirido por disposici\u00f3n del presidente Abinader y transformado por Banreservas mediante una inversi\u00f3n superior a los 340 millones de pesos, en un minucioso proceso de ingenier\u00eda que fue resaltado por el presidente ejecutivo.<\/p>\n\n\n\n<p>Aguilera tambi\u00e9n valor\u00f3 la visi\u00f3n del presidente Abinader, quien desde el primer d\u00eda entendi\u00f3 que esta edificaci\u00f3n, ligada por d\u00e9cadas a la memoria colectiva de varias generaciones, representaba un punto de partida para un nuevo comienzo donde cada persona pudiera sentirse acogida, valorada e inspirada.<\/p>\n\n\n\n<p>Sostuvo que el renovado edificio no es solo un espacio f\u00edsico, sino un sue\u00f1o colectivo hecho realidad: un faro de cultura y creatividad que se proyectar\u00e1 por generaciones en el coraz\u00f3n mismo de Santiago.<\/p>\n\n\n\n<p>Record\u00f3 que cada rinc\u00f3n del antiguo Hotel Mercedes conserva una historia. Destac\u00f3, por ejemplo, su simb\u00f3lico Roof Garden, desde donde los hu\u00e9spedes disfrutaban una amplia vista de Santiago, con sus luces, coches y bohemia; elementos que volver\u00e1n a despertar la curiosidad de las presentes y futuras generaciones.<\/p>\n\n\n\n<p>Al recrear la trayectoria del hist\u00f3rico edificio, el historiador Edwing Espinal, miembro de n\u00famero de la Academia Dominicana de la Historia, se\u00f1al\u00f3 que el antiguo Hotel Mercedes, hoy Centro Cultural Banreservas, refleja el esp\u00edritu y el pensamiento de Santiago y de todo el Cibao.<\/p>\n\n\n\n<p><strong>Sobre el Hotel Mercedes<\/strong><\/p>\n\n\n\n<p>El Hotel Mercedes fue inaugurado el 9 de abril de 1929. Construido en concreto armado, contaba con 44 habitaciones distribuidas entre los pisos segundo y tercero, comedor en la primera planta y una terraza en el cuarto nivel, desde donde se disfrutaba una vista privilegiada de la ciudad.<\/p>\n\n\n\n<p>Entre los acontecimientos destacados, en sus salones se celebr\u00f3 la graduaci\u00f3n del entonces joven Joaqu\u00edn Balaguer como licenciado en Derecho por la Universidad de Santo Domingo, en 1929, y fueron c\u00e9lebres los festivales bailables con la orquesta Hollywood en 1961.<\/p>\n\n\n\n<p>Por sus habitaciones pasaron hu\u00e9spedes ilustres, como el ge\u00f3logo petrolero estadounidense Frederik Gardner Clapp (1935), la soprano afroamericana Lillian Evanti (1939) y la reconocida periodista norteamericana Page Cooper (1946).<\/p>\n\n\n\n<p>En esencia, sus instalaciones representan una parte fundamental de la vida social y del entretenimiento de Santiago. Sus muros fueron testigos de acontecimientos que marcaron una \u00e9poca y que hoy recobran vida desde una nueva mirada cultural y art\u00edstica con la apertura del Centro Cultural Banreservas.<\/p>\n","protected":false},"excerpt":{"rendered":"<p>El doctor Leonardo Aguilera destaca que el renovado edificio, m\u00e1s que un espacio f\u00edsico, es un faro de cultura y creatividad que se proyectar\u00e1 por generaciones. El Banco de Reservas&hellip;<\/p>\n","protected":false},"author":10,"featured_media":116320,"comment_status":"open","ping_status":"open","sticky":false,"template":"","format":"standard","meta":{"content-type":"","jetpack_post_was_ever_published":false,"_jetpack_newsletter_access":"","_jetpack_dont_email_post_to_subs":false,"_jetpack_newsletter_tier_id":0,"_jetpack_memberships_contains_paywalled_content":false,"_jetpack_memberships_contains_paid_content":false,"footnotes":""},"categories":[39,25],"tags":[27962,726,9070,27753,1049],"class_list":["post-116319","post","type-post","status-publish","format-standard","has-post-thumbnail","hentry","category-economia","category-portada","tag-antiguo","tag-banreservas","tag-centro-cultural","tag-hotel-mercedes","tag-santiago"],"jetpack_featured_media_url":"https:\/\/lasprimeras.com.do\/wp-content\/uploads\/2025\/11\/reservas-1-1.jpg","jetpack-related-posts":[{"id":115798,"url":"https:\/\/lasprimeras.com.do\/index.php\/2025\/11\/25\/banreservas-rescata-historico-hotel-mercedes-para-convertirlo-en-centro-cultural\/","url_meta":{"origin":116319,"position":0},"title":"Banreservas rescata hist\u00f3rico Hotel Mercedes para convertirlo en centro cultural","author":"Nelson Feliz","date":"25 de noviembre de 2025","format":false,"excerpt":"Este nuevo Centro Cultural estar\u00e1 funcuionando a partir del 29 de noviembre. El emblem\u00e1tico edificio del antiguo Hotel Mercedes abrir\u00e1 sus puertas como el Centro Cultural Banreservas de Santiago el pr\u00f3ximo 29 de noviembre, en una ceremonia encabezada por el presidente de la Rep\u00fablica, Luis Abinader. Tras permanecer cerrado durante\u2026","rel":"","context":"En \u00abECONOM\u00cdA\u00bb","block_context":{"text":"ECONOM\u00cdA","link":"https:\/\/lasprimeras.com.do\/index.php\/category\/economia\/"},"img":{"alt_text":"","src":"https:\/\/i0.wp.com\/lasprimeras.com.do\/wp-content\/uploads\/2025\/11\/Hotel-Mercedes.jpg?resize=350%2C200&ssl=1","width":350,"height":200,"srcset":"https:\/\/i0.wp.com\/lasprimeras.com.do\/wp-content\/uploads\/2025\/11\/Hotel-Mercedes.jpg?resize=350%2C200&ssl=1 1x, https:\/\/i0.wp.com\/lasprimeras.com.do\/wp-content\/uploads\/2025\/11\/Hotel-Mercedes.jpg?resize=525%2C300&ssl=1 1.5x, https:\/\/i0.wp.com\/lasprimeras.com.do\/wp-content\/uploads\/2025\/11\/Hotel-Mercedes.jpg?resize=700%2C400&ssl=1 2x"},"classes":[]},{"id":116663,"url":"https:\/\/lasprimeras.com.do\/index.php\/2025\/12\/03\/vicepresidenta-raquel-pena-y-leonardo-aguilera-inauguran-villa-navidad-en-santiago\/","url_meta":{"origin":116319,"position":1},"title":"Vicepresidenta Raquel Pe\u00f1a y Leonardo Aguilera inauguran Villa Navidad en Santiago","author":"Nelson Feliz","date":"3 de diciembre de 2025","format":false,"excerpt":"Banreservas respalda iniciativa del presidente Luis Abinader para contribuir a integraci\u00f3n familiar. La celebraci\u00f3n del esp\u00edritu navide\u00f1o lleg\u00f3 a esta ciudad con la inauguraci\u00f3n de la tradicional Villa Navidad 2025, en un acto encabezado por la vicepresidenta Raquel Pe\u00f1a, junto al presidente ejecutivo de Banreservas, doctor Leonardo Aguilera; y el\u2026","rel":"","context":"En \u00abECONOM\u00cdA\u00bb","block_context":{"text":"ECONOM\u00cdA","link":"https:\/\/lasprimeras.com.do\/index.php\/category\/economia\/"},"img":{"alt_text":"","src":"https:\/\/i0.wp.com\/lasprimeras.com.do\/wp-content\/uploads\/2025\/12\/princ.jpg?resize=350%2C200&ssl=1","width":350,"height":200,"srcset":"https:\/\/i0.wp.com\/lasprimeras.com.do\/wp-content\/uploads\/2025\/12\/princ.jpg?resize=350%2C200&ssl=1 1x, https:\/\/i0.wp.com\/lasprimeras.com.do\/wp-content\/uploads\/2025\/12\/princ.jpg?resize=525%2C300&ssl=1 1.5x, https:\/\/i0.wp.com\/lasprimeras.com.do\/wp-content\/uploads\/2025\/12\/princ.jpg?resize=700%2C400&ssl=1 2x"},"classes":[]},{"id":116957,"url":"https:\/\/lasprimeras.com.do\/index.php\/2025\/12\/06\/centro-cultural-banreservas-santiago-inaugura-sus-primeras-exposiciones-con-obras-de-domingo-batista-y-artistas-cibaenos\/","url_meta":{"origin":116319,"position":2},"title":"Centro Cultural Banreservas Santiago inaugura sus primeras exposiciones con obras de Domingo Batista y artistas cibae\u00f1os","author":"Nelson Feliz","date":"6 de diciembre de 2025","format":false,"excerpt":"Las muestras est\u00e1n abiertas al p\u00fablico desde el 4 de diciembre hasta el mes de marzo y re\u00fanen diversas t\u00e9cnicas y formatos visuales. El Centro Cultural Banreservas Santiago inaugur\u00f3 sus primeras exposiciones: \u201cCaminos de luz, caminos de tierra\u201d, del maestro fot\u00f3grafo Domingo Batista; y \u201cCibae\u00f1os en la Colecci\u00f3n de Artes\u2026","rel":"","context":"En \u00abENTRETENIMIENTO\u00bb","block_context":{"text":"ENTRETENIMIENTO","link":"https:\/\/lasprimeras.com.do\/index.php\/category\/entretenimiento\/"},"img":{"alt_text":"","src":"https:\/\/i0.wp.com\/lasprimeras.com.do\/wp-content\/uploads\/2025\/12\/una.jpg?resize=350%2C200&ssl=1","width":350,"height":200,"srcset":"https:\/\/i0.wp.com\/lasprimeras.com.do\/wp-content\/uploads\/2025\/12\/una.jpg?resize=350%2C200&ssl=1 1x, https:\/\/i0.wp.com\/lasprimeras.com.do\/wp-content\/uploads\/2025\/12\/una.jpg?resize=525%2C300&ssl=1 1.5x, https:\/\/i0.wp.com\/lasprimeras.com.do\/wp-content\/uploads\/2025\/12\/una.jpg?resize=700%2C400&ssl=1 2x"},"classes":[]},{"id":121249,"url":"https:\/\/lasprimeras.com.do\/index.php\/2026\/02\/02\/banreservas-y-dgm-formalizan-marco-de-colaboracion-entre-museos-de-santiago\/","url_meta":{"origin":116319,"position":3},"title":"Banreservas y DGM formalizan marco de colaboraci\u00f3n entre museos de Santiago","author":"Nelson Feliz","date":"2 de febrero de 2026","format":false,"excerpt":"Este convenio asegura la eficiencia en la gesti\u00f3n y el manejo operativo de esas instalaciones. El Banco de Reservas y la Direcci\u00f3n General de Museos (DGM) formalizaron un convenio de colaboraci\u00f3n interinstitucional entre el Centro Cultural Banreservas y el Museo de Arte de Santiago, ambos espacios localizados en el antiguo\u2026","rel":"","context":"En \u00abECONOM\u00cdA\u00bb","block_context":{"text":"ECONOM\u00cdA","link":"https:\/\/lasprimeras.com.do\/index.php\/category\/economia\/"},"img":{"alt_text":"Carlos And\u00fajar, director del DGM; Alieska D\u00edaz, vicepresidenta ejecutiva senior Administrativa de Banreservas; y Daniel Garc\u00eda Archibald, vicepresidente de Relaciones P\u00fablicas de la entidad financiera, firman convenio de colaboraci\u00f3n, en el sal\u00f3n del Consejo de la oficina principal del Banco.","src":"https:\/\/i0.wp.com\/lasprimeras.com.do\/wp-content\/uploads\/2026\/02\/Banreservas.jpg?resize=350%2C200&ssl=1","width":350,"height":200,"srcset":"https:\/\/i0.wp.com\/lasprimeras.com.do\/wp-content\/uploads\/2026\/02\/Banreservas.jpg?resize=350%2C200&ssl=1 1x, https:\/\/i0.wp.com\/lasprimeras.com.do\/wp-content\/uploads\/2026\/02\/Banreservas.jpg?resize=525%2C300&ssl=1 1.5x, https:\/\/i0.wp.com\/lasprimeras.com.do\/wp-content\/uploads\/2026\/02\/Banreservas.jpg?resize=700%2C400&ssl=1 2x"},"classes":[]},{"id":127195,"url":"https:\/\/lasprimeras.com.do\/index.php\/2026\/04\/09\/centro-cultural-banreservas-y-la-fundacion-hnas-mirabal-inauguran-exposicion-inedita-de-minerva-mirabal\/","url_meta":{"origin":116319,"position":4},"title":"Centro Cultural Banreservas y la Fundaci\u00f3n Hnas. Mirabal inauguran exposici\u00f3n in\u00e9dita de Minerva Mirabal","author":"Nelson Feliz","date":"9 de abril de 2026","format":false,"excerpt":"Gladialisa Pereyra, gerente del Centro Cultural Banreservas Santiago; Karina Souffront, directora senior de Negocios Personales Banreservas Zona Norte; Manuel Tav\u00e1rez Mirabal, presidente de la Fundaci\u00f3n Hermanas Mirabal, y Minou Tav\u00e1rez Mirabal, en la inauguraci\u00f3n de la exposici\u00f3n \u201cUn siglo: la dimensi\u00f3n art\u00edstica de Minerva Mirabal\u201d.","rel":"","context":"En \u00abECONOM\u00cdA\u00bb","block_context":{"text":"ECONOM\u00cdA","link":"https:\/\/lasprimeras.com.do\/index.php\/category\/economia\/"},"img":{"alt_text":"Gladialisa Pereyra, gerente del Centro Cultural Banreservas Santiago; Karina Souffront, directora senior de Negocios Personales Banreservas Zona Norte; Manuel Tav\u00e1rez Mirabal, presidente de la Fundaci\u00f3n Hermanas Mirabal, y Minou Tav\u00e1rez Mirabal, en la inauguraci\u00f3n de la exposici\u00f3n \u201cUn siglo: la dimensi\u00f3n art\u00edstica de Minerva Mirabal\u201d.","src":"https:\/\/i0.wp.com\/lasprimeras.com.do\/wp-content\/uploads\/2026\/04\/Fundacion-Banreservas.jpg?resize=350%2C200&ssl=1","width":350,"height":200,"srcset":"https:\/\/i0.wp.com\/lasprimeras.com.do\/wp-content\/uploads\/2026\/04\/Fundacion-Banreservas.jpg?resize=350%2C200&ssl=1 1x, https:\/\/i0.wp.com\/lasprimeras.com.do\/wp-content\/uploads\/2026\/04\/Fundacion-Banreservas.jpg?resize=525%2C300&ssl=1 1.5x, https:\/\/i0.wp.com\/lasprimeras.com.do\/wp-content\/uploads\/2026\/04\/Fundacion-Banreservas.jpg?resize=700%2C400&ssl=1 2x"},"classes":[]},{"id":124560,"url":"https:\/\/lasprimeras.com.do\/index.php\/2026\/03\/13\/banreservas-reafirma-su-respaldo-al-arte-y-la-cultura-como-patrocinador-de-premios-soberano-2026\/","url_meta":{"origin":116319,"position":5},"title":"Banreservas reafirma su respaldo al arte y la cultura como patrocinador de Premios Soberano 2026","author":"Nelson Feliz","date":"13 de marzo de 2026","format":false,"excerpt":"La instituci\u00f3n permitir\u00e1 que clientes y colaboradores vivan la experiencia de la premiaci\u00f3n como verdaderas estrellas del entretenimiento El Banco de Reservas reiter\u00f3 su compromiso con el impulso del arte y la cultura dominicana al anunciar su participaci\u00f3n como patrocinador de la edici\u00f3n 2026 de Premios Soberano, el principal galard\u00f3n\u2026","rel":"","context":"En \u00abENTRETENIMIENTO\u00bb","block_context":{"text":"ENTRETENIMIENTO","link":"https:\/\/lasprimeras.com.do\/index.php\/category\/entretenimiento\/"},"img":{"alt_text":"Leonardo Aguiler","src":"https:\/\/i0.wp.com\/lasprimeras.com.do\/wp-content\/uploads\/2026\/03\/Leonardo-Aguiler.jpg?resize=350%2C200&ssl=1","width":350,"height":200,"srcset":"https:\/\/i0.wp.com\/lasprimeras.com.do\/wp-content\/uploads\/2026\/03\/Leonardo-Aguiler.jpg?resize=350%2C200&ssl=1 1x, https:\/\/i0.wp.com\/lasprimeras.com.do\/wp-content\/uploads\/2026\/03\/Leonardo-Aguiler.jpg?resize=525%2C300&ssl=1 1.5x, https:\/\/i0.wp.com\/lasprimeras.com.do\/wp-content\/uploads\/2026\/03\/Leonardo-Aguiler.jpg?resize=700%2C400&ssl=1 2x"},"classes":[]}],"jetpack_sharing_enabled":true,"_links":{"self":[{"href":"https:\/\/lasprimeras.com.do\/index.php\/wp-json\/wp\/v2\/posts\/116319","targetHints":{"allow":["GET"]}}],"collection":[{"href":"https:\/\/lasprimeras.com.do\/index.php\/wp-json\/wp\/v2\/posts"}],"about":[{"href":"https:\/\/lasprimeras.com.do\/index.php\/wp-json\/wp\/v2\/types\/post"}],"author":[{"embeddable":true,"href":"https:\/\/lasprimeras.com.do\/index.php\/wp-json\/wp\/v2\/users\/10"}],"replies":[{"embeddable":true,"href":"https:\/\/lasprimeras.com.do\/index.php\/wp-json\/wp\/v2\/comments?post=116319"}],"version-history":[{"count":1,"href":"https:\/\/lasprimeras.com.do\/index.php\/wp-json\/wp\/v2\/posts\/116319\/revisions"}],"predecessor-version":[{"id":116321,"href":"https:\/\/lasprimeras.com.do\/index.php\/wp-json\/wp\/v2\/posts\/116319\/revisions\/116321"}],"wp:featuredmedia":[{"embeddable":true,"href":"https:\/\/lasprimeras.com.do\/index.php\/wp-json\/wp\/v2\/media\/116320"}],"wp:attachment":[{"href":"https:\/\/lasprimeras.com.do\/index.php\/wp-json\/wp\/v2\/media?parent=116319"}],"wp:term":[{"taxonomy":"category","embeddable":true,"href":"https:\/\/lasprimeras.com.do\/index.php\/wp-json\/wp\/v2\/categories?post=116319"},{"taxonomy":"post_tag","embeddable":true,"href":"https:\/\/lasprimeras.com.do\/index.php\/wp-json\/wp\/v2\/tags?post=116319"}],"curies":[{"name":"wp","href":"https:\/\/api.w.org\/{rel}","templated":true}]}}