{"id":116325,"date":"2025-11-29T16:26:57","date_gmt":"2025-11-29T20:26:57","guid":{"rendered":"https:\/\/lasprimeras.com.do\/?p=116325"},"modified":"2025-11-30T16:29:09","modified_gmt":"2025-11-30T20:29:09","slug":"leonel-fernandez-denuncia-crisis-social-y-economica-en-republica-dominicana","status":"publish","type":"post","link":"https:\/\/lasprimeras.com.do\/index.php\/2025\/11\/29\/leonel-fernandez-denuncia-crisis-social-y-economica-en-republica-dominicana\/","title":{"rendered":"Leonel Fern\u00e1ndez denuncia crisis social y econ\u00f3mica en Rep\u00fablica Dominicana"},"content":{"rendered":"\n<p>El expresidente Leonel Fern\u00e1ndez afirm\u00f3 este s\u00e1bado que el pa\u00eds atraviesa una dif\u00edcil situaci\u00f3n, debido a la volatilidad de la tasa de cambio, la inseguridad ciudadana, los apagones, la disminuci\u00f3n del poder adquisitivo, la falta de agua y la desaceleraci\u00f3n y decrecimiento de la econom\u00eda.<\/p>\n\n\n\n<p>En v\u00edspera de la marcha que har\u00e1 este domingo la Fuerza del Pueblo (FP), el exmandatario habl\u00f3 en exclusiva para El Nacional, donde consider\u00f3 que el Gobierno sufre un serio problema de credibilidad y de falta de confianza.<\/p>\n\n\n\n<p>Tras criticar la ineficiencia de las autoridades, Fern\u00e1ndez, principal l\u00edder opositor, entiende que es una necesidad nacional que las autoridades mejoren la calidad de vida del pueblo, que a su juicio, no siente ese apoyo estatal.<\/p>\n\n\n\n<p>Leonel Fern\u00e1ndez destaca crisis en RD por inseguridad, econom\u00eda y falta de servicios b\u00e1sicos<\/p>\n\n\n\n<p>\u201cSe deben mejorar los servicios p\u00fablicos, porque en realidad lo que est\u00e1 ocurriendo en Rep\u00fablica Dominicana es que ha habido un deterioro al mismo tiempo de todo y eso ya est\u00e1 afectando el bolsillo y el \u00e1nimo del pueblo dominicano\u201d, a\u00f1adi\u00f3.<\/p>\n\n\n\n<p>\u201cPor tanto, hay que rescatar la fe, la confianza de que tendremos un mejor futuro construyendo una alternativa diferente como lo es la Fuerza del Pueblo\u201d, manifest\u00f3.<\/p>\n\n\n\n<p>Fern\u00e1ndez dijo que en virtud de esos males descritos, la \u201cMarcha del Pueblo\u201d que recorrer\u00e1 hoy calles y sectores del Distrito Nacional, ser\u00e1 un total \u00e9xito, porque la misma, asegura, ha concitado la participaci\u00f3n de numerosos sectores nacionales.<\/p>\n\n\n\n<p>\u201cEl gran malestar social que atraviesa Rep\u00fablica Dominicana se ha convertido en un gran est\u00edmulo a la convocatoria de la marcha de ma\u00f1ana (hoy)\u201d, expuso.<\/p>\n\n\n\n<p>Las declaraciones del exgobernante est\u00e1n contenidas en un audio telef\u00f3nico exclusivo enviado a esta redacci\u00f3n por su equipo de prensa.<\/p>\n\n\n\n<p>\u201cSer\u00e1 una marcha masiva, una marcha que se har\u00e1 sentir con todo el peso de reclamo a las autoridades, para que mejoren la calidad de los servicios p\u00fablicos, porque en realidad lo que est\u00e1 ocurriendo en Rep\u00fablica Dominicana es que ha habido un deterioro al mismo tiempo de todo\u201d, manifest\u00f3 el exmandatario.<\/p>\n\n\n\n<p>Marcha<\/p>\n\n\n\n<p>La caravana partir\u00e1 desde la intersecci\u00f3n de Albert Thomas con Nicol\u00e1s de Ovando y concluir\u00e1 en la avenida M\u00e9xico esquina Duarte, Distrito Nacional, donde Leonel Fern\u00e1ndez, presidente de la FP, ofrecer\u00e1 un discurso sobre los problemas que afectan a los dominicanos.<\/p>\n\n\n\n<p>La misma est\u00e1 pautada a iniciar a las 10:00 de la ma\u00f1ana. Seg\u00fan los organizadores, desde el punto de partida, la marcha continuar\u00e1 derecho por Nicol\u00e1s de Ovando, girar\u00e1 a la derecha por la calle Mutualismo (calle 10) y avanzar\u00e1 por la misma v\u00eda.<\/p>\n\n\n\n<p>Posteriormente, doblar\u00e1 nuevamente a la derecha por la calle Mar\u00eda Viuda de la Cruz; proseguir\u00e1 hasta la avenida Duarte y de ah\u00ed se desplazar\u00e1 en l\u00ednea recta hasta llegar a la avenida M\u00e9xico.<\/p>\n\n\n\n<p>Sectores<\/p>\n\n\n\n<p>La Fuerza del Pueblo, en los detalles de su actividad, puntualiz\u00f3 que el trayecto abarcar\u00e1 los sectores La Zurza, Sim\u00f3n Bol\u00edvar, Ensanche Capotillo, Villas Agr\u00edcolas, Villa Juana, Consuelo, Mejoramiento Social, y finalizar\u00e1 entre San Carlos y Villa Francisca.<\/p>\n","protected":false},"excerpt":{"rendered":"<p>El expresidente Leonel Fern\u00e1ndez afirm\u00f3 este s\u00e1bado que el pa\u00eds atraviesa una dif\u00edcil situaci\u00f3n, debido a la volatilidad de la tasa de cambio, la inseguridad ciudadana, los apagones, la disminuci\u00f3n&hellip;<\/p>\n","protected":false},"author":10,"featured_media":109117,"comment_status":"open","ping_status":"open","sticky":false,"template":"","format":"standard","meta":{"content-type":"","jetpack_post_was_ever_published":false,"_jetpack_newsletter_access":"","_jetpack_dont_email_post_to_subs":false,"_jetpack_newsletter_tier_id":0,"_jetpack_memberships_contains_paywalled_content":false,"_jetpack_memberships_contains_paid_content":false,"footnotes":""},"categories":[16559,25],"tags":[51],"class_list":["post-116325","post","type-post","status-publish","format-standard","has-post-thumbnail","hentry","category-politica","category-portada","tag-leonel-fernandez"],"jetpack_featured_media_url":"https:\/\/lasprimeras.com.do\/wp-content\/uploads\/2025\/09\/Leonel-Fernandez.jpeg","jetpack-related-posts":[{"id":114218,"url":"https:\/\/lasprimeras.com.do\/index.php\/2025\/11\/11\/leonel-fernandez-ve-ineficiencia-del-gobierno-provoco-el-apagon\/","url_meta":{"origin":116325,"position":0},"title":"Leonel Fern\u00e1ndez ve \u201cineficiencia del Gobierno\u201d provoc\u00f3 el apag\u00f3n","author":"Nelson Feliz","date":"11 de noviembre de 2025","format":false,"excerpt":"El expresidente Leonel Fern\u00e1ndez conden\u00f3 el apag\u00f3n general que se ha producido este martes en la Rep\u00fablica Dominicana se\u00f1alando, entre otras cosas, que \u201cla ineficiencia del gobierno del PRM no podr\u00eda ser mayor\u201d. En un primer mensaje publicado en redes sociales, Fern\u00e1ndez, presidente del opositor Partido Fuerza del Pueblo, dijo\u2026","rel":"","context":"En \u00abPOLITICA\u00bb","block_context":{"text":"POLITICA","link":"https:\/\/lasprimeras.com.do\/index.php\/category\/politica\/"},"img":{"alt_text":"Leonel Fern\u00e1ndez","src":"https:\/\/i0.wp.com\/lasprimeras.com.do\/wp-content\/uploads\/2025\/11\/Leonel-Fernandez.jpg?resize=350%2C200&ssl=1","width":350,"height":200,"srcset":"https:\/\/i0.wp.com\/lasprimeras.com.do\/wp-content\/uploads\/2025\/11\/Leonel-Fernandez.jpg?resize=350%2C200&ssl=1 1x, https:\/\/i0.wp.com\/lasprimeras.com.do\/wp-content\/uploads\/2025\/11\/Leonel-Fernandez.jpg?resize=525%2C300&ssl=1 1.5x"},"classes":[]},{"id":125372,"url":"https:\/\/lasprimeras.com.do\/index.php\/2026\/03\/22\/leonel-fernandez-cuestiona-excusas-del-gobierno-ante-crisis-del-petroleo\/","url_meta":{"origin":116325,"position":1},"title":"Leonel Fern\u00e1ndez cuestiona excusas del Gobierno ante crisis del petr\u00f3leo","author":"Nelson Feliz","date":"22 de marzo de 2026","format":false,"excerpt":"Asegura que \u201cla gente no resiste m\u00e1s presi\u00f3n sobre su bolsillo\u201d Expresidente se\u00f1ala que el pa\u00eds requiere acciones concretas ante el alza de los combustibles y el costo de la vida, y advierte que no se puede trasladar la crisis al pueblo. El presidente del partido Fuerza del Pueblo y\u2026","rel":"","context":"En \u00abPOLITICA\u00bb","block_context":{"text":"POLITICA","link":"https:\/\/lasprimeras.com.do\/index.php\/category\/politica\/"},"img":{"alt_text":"","src":"https:\/\/i0.wp.com\/lasprimeras.com.do\/wp-content\/uploads\/2026\/03\/leonel-fernendez.jpg?resize=350%2C200&ssl=1","width":350,"height":200,"srcset":"https:\/\/i0.wp.com\/lasprimeras.com.do\/wp-content\/uploads\/2026\/03\/leonel-fernendez.jpg?resize=350%2C200&ssl=1 1x, https:\/\/i0.wp.com\/lasprimeras.com.do\/wp-content\/uploads\/2026\/03\/leonel-fernendez.jpg?resize=525%2C300&ssl=1 1.5x, https:\/\/i0.wp.com\/lasprimeras.com.do\/wp-content\/uploads\/2026\/03\/leonel-fernendez.jpg?resize=700%2C400&ssl=1 2x"},"classes":[]},{"id":106045,"url":"https:\/\/lasprimeras.com.do\/index.php\/2025\/08\/10\/leonel-el-prm-es-el-gran-fracaso-de-la-politica-dominicana\/","url_meta":{"origin":116325,"position":2},"title":"Leonel: El PRM es el gran fracaso de la pol\u00edtica dominicana","author":"Nelson Feliz","date":"10 de agosto de 2025","format":false,"excerpt":"El expresidente de la Rep\u00fablica, y presidente del partido Fuerza del Pueblo (FP), Leonel Fern\u00e1ndez, afirm\u00f3 que el Partido Revolucionario Moderno (PRM), es el gran fracaso de la pol\u00edtica dominicana, porque prometi\u00f3 un cambio que no ha cumplido. Estas declaraciones fueron ofrecidas dentro del marco de un Encuentro-almuerzo del Consejo\u2026","rel":"","context":"En \u00abPOLITICA\u00bb","block_context":{"text":"POLITICA","link":"https:\/\/lasprimeras.com.do\/index.php\/category\/politica\/"},"img":{"alt_text":"Leonel Fern\u00e1ndez y Carlos Amarante Baret","src":"https:\/\/i0.wp.com\/lasprimeras.com.do\/wp-content\/uploads\/2025\/08\/Leonel-Fernandez-y-Carlos-Amarante-Baret.jpg?resize=350%2C200&ssl=1","width":350,"height":200,"srcset":"https:\/\/i0.wp.com\/lasprimeras.com.do\/wp-content\/uploads\/2025\/08\/Leonel-Fernandez-y-Carlos-Amarante-Baret.jpg?resize=350%2C200&ssl=1 1x, https:\/\/i0.wp.com\/lasprimeras.com.do\/wp-content\/uploads\/2025\/08\/Leonel-Fernandez-y-Carlos-Amarante-Baret.jpg?resize=525%2C300&ssl=1 1.5x, https:\/\/i0.wp.com\/lasprimeras.com.do\/wp-content\/uploads\/2025\/08\/Leonel-Fernandez-y-Carlos-Amarante-Baret.jpg?resize=700%2C400&ssl=1 2x"},"classes":[]},{"id":102268,"url":"https:\/\/lasprimeras.com.do\/index.php\/2025\/07\/02\/abinader-visitara-este-jueves-al-expresidente-leonel-fernandez-para-continuar-dialogo-sobre-crisis-haitiana\/","url_meta":{"origin":116325,"position":3},"title":"Abinader visitar\u00e1 este jueves al expresidente Leonel Fern\u00e1ndez para continuar di\u00e1logo sobre crisis haitiana","author":"Nelson Feliz","date":"2 de julio de 2025","format":false,"excerpt":"La visita se realizar\u00e1 a las 11:00 a.m. en la Fundaci\u00f3n Global Democracia y Desarrollo (FUNGLODE) El presidente Luis Abinader visitar\u00e1 este jueves al exmandatario Leonel Fern\u00e1ndez para continuar el proceso de di\u00e1logo con el fin de abordar de manera conjunta y responsable la crisis haitiana y sus implicaciones para\u2026","rel":"","context":"En \u00abNACIONALES\u00bb","block_context":{"text":"NACIONALES","link":"https:\/\/lasprimeras.com.do\/index.php\/category\/nacionales\/"},"img":{"alt_text":"","src":"https:\/\/i0.wp.com\/lasprimeras.com.do\/wp-content\/uploads\/2025\/07\/Luis-Abinader-7.jpg?resize=350%2C200&ssl=1","width":350,"height":200,"srcset":"https:\/\/i0.wp.com\/lasprimeras.com.do\/wp-content\/uploads\/2025\/07\/Luis-Abinader-7.jpg?resize=350%2C200&ssl=1 1x, https:\/\/i0.wp.com\/lasprimeras.com.do\/wp-content\/uploads\/2025\/07\/Luis-Abinader-7.jpg?resize=525%2C300&ssl=1 1.5x, https:\/\/i0.wp.com\/lasprimeras.com.do\/wp-content\/uploads\/2025\/07\/Luis-Abinader-7.jpg?resize=700%2C400&ssl=1 2x"},"classes":[]},{"id":109183,"url":"https:\/\/lasprimeras.com.do\/index.php\/2025\/09\/15\/leonel-fernandez-fue-ratificado-como-presidente-de-la-fuerza-del-pueblo\/","url_meta":{"origin":116325,"position":4},"title":"Leonel Fern\u00e1ndez fue ratificado como presidente de la Fuerza del Pueblo","author":"Nelson Feliz","date":"15 de septiembre de 2025","format":false,"excerpt":"El expresidente de la Republica, Leonel Fern\u00e1ndez fue ratificado este domingo como presidente de la Fuerza del Pueblo (FP), tras concluir el proceso de elecciones internas para seleccionar a las nuevas autoridades del partido opositor para el per\u00edodo 2025-2029. Junto a Fern\u00e1ndez, tambi\u00e9n fueron confirmados Radham\u00e9s Jim\u00e9nez como vicepresidente, y\u2026","rel":"","context":"En \u00abPOLITICA\u00bb","block_context":{"text":"POLITICA","link":"https:\/\/lasprimeras.com.do\/index.php\/category\/politica\/"},"img":{"alt_text":"Leonel Fern\u00e1ndez","src":"https:\/\/i0.wp.com\/lasprimeras.com.do\/wp-content\/uploads\/2025\/09\/Leonel-Fernandez.jpeg?resize=350%2C200&ssl=1","width":350,"height":200,"srcset":"https:\/\/i0.wp.com\/lasprimeras.com.do\/wp-content\/uploads\/2025\/09\/Leonel-Fernandez.jpeg?resize=350%2C200&ssl=1 1x, https:\/\/i0.wp.com\/lasprimeras.com.do\/wp-content\/uploads\/2025\/09\/Leonel-Fernandez.jpeg?resize=525%2C300&ssl=1 1.5x, https:\/\/i0.wp.com\/lasprimeras.com.do\/wp-content\/uploads\/2025\/09\/Leonel-Fernandez.jpeg?resize=700%2C400&ssl=1 2x"},"classes":[]},{"id":106913,"url":"https:\/\/lasprimeras.com.do\/index.php\/2025\/08\/21\/leonel-la-crisis-actual-es-el-costo-de-haber-comprado-unas-elecciones-el-pueblo-se-la-esta-cobrando\/","url_meta":{"origin":116325,"position":5},"title":"Leonel: La crisis actual es el costo de haber comprado unas elecciones \u201cel pueblo se la est\u00e1 cobrando\u201d","author":"Nelson Feliz","date":"21 de agosto de 2025","format":false,"excerpt":"Relanzan el \u201cFrente de Balagueristas con Leonel\u201d y anuncian que trabajar\u00e1n para ganar en primera vuelta. El expresidente de la Rep\u00fablica, Leonel Fern\u00e1ndez, arremeti\u00f3 este mi\u00e9rcoles contra el gobierno del Partido Revolucionario Moderno (PRM), al asegurar que la actual crisis que atraviesa la naci\u00f3n es consecuencia directa del uso indebido\u2026","rel":"","context":"En \u00abPOLITICA\u00bb","block_context":{"text":"POLITICA","link":"https:\/\/lasprimeras.com.do\/index.php\/category\/politica\/"},"img":{"alt_text":"","src":"https:\/\/i0.wp.com\/lasprimeras.com.do\/wp-content\/uploads\/2025\/08\/LEONEL.jpg?resize=350%2C200&ssl=1","width":350,"height":200,"srcset":"https:\/\/i0.wp.com\/lasprimeras.com.do\/wp-content\/uploads\/2025\/08\/LEONEL.jpg?resize=350%2C200&ssl=1 1x, https:\/\/i0.wp.com\/lasprimeras.com.do\/wp-content\/uploads\/2025\/08\/LEONEL.jpg?resize=525%2C300&ssl=1 1.5x, https:\/\/i0.wp.com\/lasprimeras.com.do\/wp-content\/uploads\/2025\/08\/LEONEL.jpg?resize=700%2C400&ssl=1 2x"},"classes":[]}],"jetpack_sharing_enabled":true,"_links":{"self":[{"href":"https:\/\/lasprimeras.com.do\/index.php\/wp-json\/wp\/v2\/posts\/116325","targetHints":{"allow":["GET"]}}],"collection":[{"href":"https:\/\/lasprimeras.com.do\/index.php\/wp-json\/wp\/v2\/posts"}],"about":[{"href":"https:\/\/lasprimeras.com.do\/index.php\/wp-json\/wp\/v2\/types\/post"}],"author":[{"embeddable":true,"href":"https:\/\/lasprimeras.com.do\/index.php\/wp-json\/wp\/v2\/users\/10"}],"replies":[{"embeddable":true,"href":"https:\/\/lasprimeras.com.do\/index.php\/wp-json\/wp\/v2\/comments?post=116325"}],"version-history":[{"count":1,"href":"https:\/\/lasprimeras.com.do\/index.php\/wp-json\/wp\/v2\/posts\/116325\/revisions"}],"predecessor-version":[{"id":116326,"href":"https:\/\/lasprimeras.com.do\/index.php\/wp-json\/wp\/v2\/posts\/116325\/revisions\/116326"}],"wp:featuredmedia":[{"embeddable":true,"href":"https:\/\/lasprimeras.com.do\/index.php\/wp-json\/wp\/v2\/media\/109117"}],"wp:attachment":[{"href":"https:\/\/lasprimeras.com.do\/index.php\/wp-json\/wp\/v2\/media?parent=116325"}],"wp:term":[{"taxonomy":"category","embeddable":true,"href":"https:\/\/lasprimeras.com.do\/index.php\/wp-json\/wp\/v2\/categories?post=116325"},{"taxonomy":"post_tag","embeddable":true,"href":"https:\/\/lasprimeras.com.do\/index.php\/wp-json\/wp\/v2\/tags?post=116325"}],"curies":[{"name":"wp","href":"https:\/\/api.w.org\/{rel}","templated":true}]}}