{"id":116389,"date":"2025-12-01T09:21:14","date_gmt":"2025-12-01T13:21:14","guid":{"rendered":"https:\/\/lasprimeras.com.do\/?p=116389"},"modified":"2025-12-01T09:21:16","modified_gmt":"2025-12-01T13:21:16","slug":"exhortan-al-mirex-auxiliar-familia-villa-riva-con-hijo-desaparecido-en-finlandia","status":"publish","type":"post","link":"https:\/\/lasprimeras.com.do\/index.php\/2025\/12\/01\/exhortan-al-mirex-auxiliar-familia-villa-riva-con-hijo-desaparecido-en-finlandia\/","title":{"rendered":"Exhortan al MIREX auxiliar familia Villa Riva con hijo desaparecido en Finlandia"},"content":{"rendered":"\n<p>Por Ram\u00f3n Mercedes<\/p>\n\n\n\n<p>NUEVA YORK.- Dominicanos procedentes del municipio de Villa Riva, provincia Duarte, residentes en esta ciudad exhortan al Ministerio de Relaciones Exteriores (MIREX) auxiliar a una familia residente en el paraje Las Verdes, para tratar de localizar a un hijo desaparecido en Finlandia.<\/p>\n\n\n\n<p>Juan Carlos Contreras, padre desesperado de Carlos Alberto Contreras, de 34 a\u00f1os, inform\u00f3 que no tiene noticias de su hijo desde hace varias semanas, y que la \u00faltima vez que hablaron fue cuando su madre estaba hospitalizada y posteriormente falleci\u00f3 el pasado 6 de noviembre.<\/p>\n\n\n\n<p>Contreras pidi\u00f3 a las autoridades dominicanas gestionar apoyo a trav\u00e9s de los canales diplom\u00e1ticos para intensificar la b\u00fasqueda e incluso facilitar el posible retorno de su hijo a la Rep\u00fablica Dominicana.<\/p>\n\n\n\n<p>Si alguien tiene informaci\u00f3n sobre este caso llamar al (829) 741-9394.<\/p>\n\n\n\n<p>Los villarivenses en NYC tambi\u00e9n solicitan a cualquier connacional residente en el lejano pa\u00eds (a 8463 kil\u00f3metros de la RD) que acudan al Consulado Honorario de la RD en Helsinki, la capital de Finlandia, cuya direcci\u00f3n es: Katariinankatu 1, 3., 00170 Helsinki, y el c\u00f3nsul honorario es Henrik Andersin.<\/p>\n\n\n\n<p>Finlandia posee alrededor de 1,4 millones de personas. Uno de cada cuatro finlandeses vive en la capital.<\/p>\n\n\n\n<p>Asimismo, los datos de contacto del consulado son el tel\u00e9fono +358 41 318 2468 y el correo electr\u00f3nico info@dominican.fi.<\/p>\n\n\n\n<p>Los cibae\u00f1os esperan del ministro Roberto \u00c1lvarez, interponer sus buenos oficios para dar con el paradero del dominicano. Si alguien posee algunas informaciones, favor comunicarla al MIREX en la avenida Independencia No. 752, Estancia San Ger\u00f3nimo, casi esquina avenida Abraham Lincoln, D.N. o https:\/\/mirex.gob.do\/<\/p>\n\n\n\n<p>Entre los solicitantes figuran Joselito Herrera, Mateo Alc\u00e1ntara, Josefina Rosario, Miguel \u00c1ngel Ruiz, Lucilo Sambrano, Manuela de Jes\u00fas, Margot Borges, Leonardo Pe\u00f1a, Meregildo Rojas, Emilio Liberato, Stalin Valiente, Manolo de Le\u00f3n, Iluminada de Guzm\u00e1n, y V\u00edctor Rodr\u00edguez, entre otros.<\/p>\n","protected":false},"excerpt":{"rendered":"<p>Por Ram\u00f3n Mercedes NUEVA YORK.- Dominicanos procedentes del municipio de Villa Riva, provincia Duarte, residentes en esta ciudad exhortan al Ministerio de Relaciones Exteriores (MIREX) auxiliar a una familia residente&hellip;<\/p>\n","protected":false},"author":10,"featured_media":116390,"comment_status":"open","ping_status":"open","sticky":false,"template":"","format":"standard","meta":{"content-type":"","jetpack_post_was_ever_published":false,"_jetpack_newsletter_access":"","_jetpack_dont_email_post_to_subs":false,"_jetpack_newsletter_tier_id":0,"_jetpack_memberships_contains_paywalled_content":false,"_jetpack_memberships_contains_paid_content":false,"footnotes":""},"categories":[25580],"tags":[5914,27994,2649,27996,27995,1661,13632],"class_list":["post-116389","post","type-post","status-publish","format-standard","has-post-thumbnail","hentry","category-la-voz-de-la-diaspora","tag-auxiliar","tag-exhortan","tag-familia","tag-finlandia","tag-hijo-desaparecido","tag-mirex","tag-villa-riva"],"jetpack_featured_media_url":"https:\/\/lasprimeras.com.do\/wp-content\/uploads\/2025\/12\/MIREX.jpeg","jetpack-related-posts":[{"id":49634,"url":"https:\/\/lasprimeras.com.do\/index.php\/2023\/05\/12\/retienen-cadaver-de-dominicano-en-morgue-de-londres-por-falta-de-firma-del-mirex\/","url_meta":{"origin":116389,"position":0},"title":"Retienen cad\u00e1ver de dominicano en morgue de Londres por falta de firma del MIREX","author":"prenxa100","date":"12 de mayo de 2023","format":false,"excerpt":"Por Emy Familia Valencia-Espa\u00f1a.-. Los restos del dirigente del Partido Revolucionario Moderno, Henry Asencio\u00a0 permanecen en la morgue de Londres desde hace m\u00e1s de un mes, a la espera de una firma del Ministerio de Relaciones Exteriores de Rep\u00fablica Dominicana para su repatriaci\u00f3n. As\u00ed lo afirm\u00f3 su esposa, Victoria Castro\u2026","rel":"","context":"En \u00abPORTADA\u00bb","block_context":{"text":"PORTADA","link":"https:\/\/lasprimeras.com.do\/index.php\/category\/portada\/"},"img":{"alt_text":"","src":"","width":0,"height":0},"classes":[]},{"id":97827,"url":"https:\/\/lasprimeras.com.do\/index.php\/2025\/04\/28\/se-proponen-hacer-colectas-y-rifas-en-nyc-para-hospital-villa-riva-se-encuentra-en-cuidados-intensivos\/","url_meta":{"origin":116389,"position":1},"title":"Se proponen hacer colectas y rifas en NYC para Hospital Villa Riva; se encuentra en cuidados intensivos","author":"Nelson Feliz","date":"28 de abril de 2025","format":false,"excerpt":"https:\/\/www.youtube.com\/watch?v=yqfEUwMzWwA Por Ram\u00f3n Mercedes NUEVA YORK.- Dominicanos procedentes del municipio de Villa Riva, provincia Duarte, y residentes en esta ciudad, se proponen hacer colectas y rifas entre sus compueblanos para terminar la reparaci\u00f3n del \u00abHospital Municipal Alicia de Legendre\u00bb, paralizado desde hace m\u00e1s de mil 800 d\u00edas (5 a\u00f1os). En\u2026","rel":"","context":"En \u00abINTERNACIONALES\u00bb","block_context":{"text":"INTERNACIONALES","link":"https:\/\/lasprimeras.com.do\/index.php\/category\/sin-categoria\/internacionales\/"},"img":{"alt_text":"Hospital Villa Riva","src":"https:\/\/i0.wp.com\/lasprimeras.com.do\/wp-content\/uploads\/2025\/04\/WhatsApp-Image-2025-04-28-at-5.58.00-AM.jpeg?resize=350%2C200&ssl=1","width":350,"height":200},"classes":[]},{"id":102958,"url":"https:\/\/lasprimeras.com.do\/index.php\/2025\/07\/10\/villarivenses-nyc-agradecen-presidente-abinader-haya-inaugurado-hospital-villa-riva\/","url_meta":{"origin":116389,"position":2},"title":"Villarivenses NYC agradecen presidente Abinader haya inaugurado hospital Villa Riva","author":"Nelson Feliz","date":"10 de julio de 2025","format":false,"excerpt":"https:\/\/www.youtube.com\/shorts\/MRyx3dXhg2Y Por Ram\u00f3n Mercedes NUEVA YORK.- Dominicanos procedentes del municipio de Villa Riva, provincia Duarte, y residentes en esta ciudad, manifestaron valorar y agradecer al presidente Luis Abinader haber inaugurado el pasado domingo el hospital p\u00fablico de su pueblo, que prestar\u00e1 servicios a m\u00e1s de 33 mil habitantes. En documento,\u2026","rel":"","context":"En \u00abSALUD\u00bb","block_context":{"text":"SALUD","link":"https:\/\/lasprimeras.com.do\/index.php\/category\/salud\/"},"img":{"alt_text":"","src":"https:\/\/i0.wp.com\/lasprimeras.com.do\/wp-content\/uploads\/2025\/07\/VR.jpg?resize=350%2C200&ssl=1","width":350,"height":200,"srcset":"https:\/\/i0.wp.com\/lasprimeras.com.do\/wp-content\/uploads\/2025\/07\/VR.jpg?resize=350%2C200&ssl=1 1x, https:\/\/i0.wp.com\/lasprimeras.com.do\/wp-content\/uploads\/2025\/07\/VR.jpg?resize=525%2C300&ssl=1 1.5x, https:\/\/i0.wp.com\/lasprimeras.com.do\/wp-content\/uploads\/2025\/07\/VR.jpg?resize=700%2C400&ssl=1 2x"},"classes":[]},{"id":124727,"url":"https:\/\/lasprimeras.com.do\/index.php\/2026\/03\/16\/condenan-desaprensivos-en-villa-riva-usen-carretera-inaugurada-por-abinader-para-carreras-clandestinas-de-motores\/","url_meta":{"origin":116389,"position":3},"title":"Condenan desaprensivos en Villa Riva usen carretera inaugurada por Abinader para carreras clandestinas de motores","author":"Nelson Feliz","date":"16 de marzo de 2026","format":false,"excerpt":"https:\/\/www.youtube.com\/watch?v=KWJrEEq3mhE Por Ram\u00f3n Mercedes NUEVA YORK.- Dominicanos residentes en esta ciudad, procedentes del municipio de Villa Riva, provincia Duarte, condenan que desaprensivos hayan convertido la reci\u00e9n inaugurada carretera por el presidente Luis Abinader, que une esta localidad con la autopista del Nordeste, en una pista de carreras clandestinas de motores\u2026","rel":"","context":"En \u00abINTERNACIONALES\u00bb","block_context":{"text":"INTERNACIONALES","link":"https:\/\/lasprimeras.com.do\/index.php\/category\/sin-categoria\/internacionales\/"},"img":{"alt_text":"","src":"https:\/\/i0.wp.com\/lasprimeras.com.do\/wp-content\/uploads\/2026\/03\/IMG-20260316-WA0045.jpg?resize=350%2C200&ssl=1","width":350,"height":200,"srcset":"https:\/\/i0.wp.com\/lasprimeras.com.do\/wp-content\/uploads\/2026\/03\/IMG-20260316-WA0045.jpg?resize=350%2C200&ssl=1 1x, https:\/\/i0.wp.com\/lasprimeras.com.do\/wp-content\/uploads\/2026\/03\/IMG-20260316-WA0045.jpg?resize=525%2C300&ssl=1 1.5x"},"classes":[]},{"id":106692,"url":"https:\/\/lasprimeras.com.do\/index.php\/2025\/08\/18\/acciones-coronel-pn-en-villa-riva-demandan-mas-apoyo-poblacion\/","url_meta":{"origin":116389,"position":4},"title":"Acciones coronel PN en Villa Riva demandan m\u00e1s apoyo poblaci\u00f3n","author":"Nelson Feliz","date":"18 de agosto de 2025","format":false,"excerpt":"Por Ram\u00f3n Mercedes Las acciones que viene desarrollando a favor de la comunidad el teniente coronel de la Polic\u00eda Nacional, Jorge Soto, de puesto en el municipio de Villa Riva, provincia Duarte, es para un mayor apoyo de parte de los residentes de la comarca. El criterio es de decenas\u2026","rel":"","context":"En \u00abNACIONALES\u00bb","block_context":{"text":"NACIONALES","link":"https:\/\/lasprimeras.com.do\/index.php\/category\/nacionales\/"},"img":{"alt_text":"","src":"https:\/\/i0.wp.com\/lasprimeras.com.do\/wp-content\/uploads\/2025\/08\/WhatsApp-Image-2025-08-18-at-6.46.04-AM-1.jpeg?resize=350%2C200&ssl=1","width":350,"height":200},"classes":[]},{"id":57958,"url":"https:\/\/lasprimeras.com.do\/index.php\/2023\/08\/17\/mirex-presenta-poder-consular-unico-que-simplifica-a-dominicanos-adquisicion-de-viviendas-en-el-pais\/","url_meta":{"origin":116389,"position":5},"title":"MIREX presenta &#8220;Poder Consular \u00danico&#8221; que simplifica a dominicanos adquisici\u00f3n de viviendas en el pa\u00eds","author":"Nelson Feliz","date":"17 de agosto de 2023","format":false,"excerpt":"El Ministerio de Relaciones Exteriores en alianza con entidades de intermediaci\u00f3n financiera y otras instituciones vinculadas al sector, present\u00f3 de manera oficial el Poder Consular \u00danico, un documento que busca simplificar los tr\u00e1mites legales y administrativos para la adquisici\u00f3n de viviendas en el pa\u00eds, especialmente las de bajo costo, por\u2026","rel":"","context":"En \u00abECONOM\u00cdA\u00bb","block_context":{"text":"ECONOM\u00cdA","link":"https:\/\/lasprimeras.com.do\/index.php\/category\/economia\/"},"img":{"alt_text":"MIREX","src":"https:\/\/i0.wp.com\/lasprimeras.com.do\/wp-content\/uploads\/2023\/08\/MIREX.jpg?resize=350%2C200&ssl=1","width":350,"height":200,"srcset":"https:\/\/i0.wp.com\/lasprimeras.com.do\/wp-content\/uploads\/2023\/08\/MIREX.jpg?resize=350%2C200&ssl=1 1x, https:\/\/i0.wp.com\/lasprimeras.com.do\/wp-content\/uploads\/2023\/08\/MIREX.jpg?resize=525%2C300&ssl=1 1.5x, https:\/\/i0.wp.com\/lasprimeras.com.do\/wp-content\/uploads\/2023\/08\/MIREX.jpg?resize=700%2C400&ssl=1 2x"},"classes":[]}],"jetpack_sharing_enabled":true,"_links":{"self":[{"href":"https:\/\/lasprimeras.com.do\/index.php\/wp-json\/wp\/v2\/posts\/116389","targetHints":{"allow":["GET"]}}],"collection":[{"href":"https:\/\/lasprimeras.com.do\/index.php\/wp-json\/wp\/v2\/posts"}],"about":[{"href":"https:\/\/lasprimeras.com.do\/index.php\/wp-json\/wp\/v2\/types\/post"}],"author":[{"embeddable":true,"href":"https:\/\/lasprimeras.com.do\/index.php\/wp-json\/wp\/v2\/users\/10"}],"replies":[{"embeddable":true,"href":"https:\/\/lasprimeras.com.do\/index.php\/wp-json\/wp\/v2\/comments?post=116389"}],"version-history":[{"count":1,"href":"https:\/\/lasprimeras.com.do\/index.php\/wp-json\/wp\/v2\/posts\/116389\/revisions"}],"predecessor-version":[{"id":116391,"href":"https:\/\/lasprimeras.com.do\/index.php\/wp-json\/wp\/v2\/posts\/116389\/revisions\/116391"}],"wp:featuredmedia":[{"embeddable":true,"href":"https:\/\/lasprimeras.com.do\/index.php\/wp-json\/wp\/v2\/media\/116390"}],"wp:attachment":[{"href":"https:\/\/lasprimeras.com.do\/index.php\/wp-json\/wp\/v2\/media?parent=116389"}],"wp:term":[{"taxonomy":"category","embeddable":true,"href":"https:\/\/lasprimeras.com.do\/index.php\/wp-json\/wp\/v2\/categories?post=116389"},{"taxonomy":"post_tag","embeddable":true,"href":"https:\/\/lasprimeras.com.do\/index.php\/wp-json\/wp\/v2\/tags?post=116389"}],"curies":[{"name":"wp","href":"https:\/\/api.w.org\/{rel}","templated":true}]}}