{"id":116392,"date":"2025-12-01T09:27:07","date_gmt":"2025-12-01T13:27:07","guid":{"rendered":"https:\/\/lasprimeras.com.do\/?p=116392"},"modified":"2025-12-01T09:27:09","modified_gmt":"2025-12-01T13:27:09","slug":"dominicanos-en-nyc-dicen-apostar-a-favor-de-la-gestion-del-defensor-del-pueblo-en-rd","status":"publish","type":"post","link":"https:\/\/lasprimeras.com.do\/index.php\/2025\/12\/01\/dominicanos-en-nyc-dicen-apostar-a-favor-de-la-gestion-del-defensor-del-pueblo-en-rd\/","title":{"rendered":"Dominicanos en NYC dicen apostar a favor de la gesti\u00f3n del Defensor del Pueblo en RD"},"content":{"rendered":"\n<p>Por Ram\u00f3n Mercedes<\/p>\n\n\n\n<p>NUEVA YORK.- Dominicanos residentes en esta ciudad expresan apostar a favor de la gesti\u00f3n del Defensor del Pueblo en la RD, Pablo Ulla, ante informaciones infundadas y apartadas de la realidad que se han venido ofreciendo en su contra.<\/p>\n\n\n\n<p>En documento de prensa, especifican que el pa\u00eds es testigo y conocedor de la movilidad de Ulloa, con su equipo, y su agenda de territorio a nivel nacional y en otras ocasiones en el exterior ofreciendo a los dominicanos soluciones ante injusticias que se cometen contra ellos en el pa\u00eds caribe\u00f1o.<\/p>\n\n\n\n<p>Por eso, la ley lo autoriza a usar la tarjeta de cr\u00e9dito de la entidad, junto a su equipo, para transporte, desayuno, almuerzo, cena, refrigerio y estad\u00eda de hotel, entre otras cosas.<\/p>\n\n\n\n<p>Precisan que el pasaje b\u00edblico en Mateo 7:16-20 indica: \u00abEl \u00e1rbol que m\u00e1s frutos da\u2026 es al que m\u00e1s piedras le tiran\u00bb, significando que las personas que son productivas, exitosas o tienen un prop\u00f3sito claro y que por lo tanto \u00abdan fruto\u00bb, a menudo son objeto de cr\u00edticas o ataques.<\/p>\n\n\n\n<p>Los quisqueyanos en la Gran Manzana indican que las informaciones salidas a la luz p\u00fablica en contra de Ulloa est\u00e1n incompletas, y hay que exaltar su excelente trabajo en pro de justicia para para el pueblo dominicano.<\/p>\n\n\n\n<p>\u00abEstamos seguros que desde el Defensor del Pueblo en la RD se practica y ejerce la transparencia con los recursos econ\u00f3micos que administra\u201d, sostienen.<\/p>\n\n\n\n<p>Ulloa ha aclarado al pueblo sobre su honestidad e integridad, que ha trabajado con claridad y transparencia, y la dependencia que dirige es de las muy pocas instituciones en RD que s\u00ed publica sus procesos de manera abierta y accesible para todo el que quiera participar.<\/p>\n\n\n\n<p>\u00abLos datos est\u00e1n completos y pueden ser verificados\u00bb. \u00abMantenemos nuestra ejecuci\u00f3n presupuestaria en l\u00ednea y cumplimos los est\u00e1ndares de transparencia\u00bb, ha afirmado Ulloa.<\/p>\n\n\n\n<p>Entre los que apoyan su transparente gesti\u00f3n figuran Julio B\u00e1ez, Antol\u00edn Mansueta, Ernesto de los Santos, Miguelina Rodr\u00edguez, Josefa de Castro, Elvin Marmolejos, Jos\u00e9 T. Sierra, Manuel L\u00f3pez, Sigfredo Contreras, Sixto Paulino, Ingrid Rojas, Francisco A. Torres, Celestino Crucey, Nelson Rivera, Emilio Reyes, Santos Adames, Juan G\u00f3mez, y Pedro Lluberes, entre otros.<\/p>\n","protected":false},"excerpt":{"rendered":"<p>Por Ram\u00f3n Mercedes NUEVA YORK.- Dominicanos residentes en esta ciudad expresan apostar a favor de la gesti\u00f3n del Defensor del Pueblo en la RD, Pablo Ulla, ante informaciones infundadas y&hellip;<\/p>\n","protected":false},"author":10,"featured_media":116393,"comment_status":"open","ping_status":"open","sticky":false,"template":"","format":"standard","meta":{"content-type":"","jetpack_post_was_ever_published":false,"_jetpack_newsletter_access":"","_jetpack_dont_email_post_to_subs":false,"_jetpack_newsletter_tier_id":0,"_jetpack_memberships_contains_paywalled_content":false,"_jetpack_memberships_contains_paid_content":false,"footnotes":""},"categories":[25580],"tags":[1854,487,316,127],"class_list":["post-116392","post","type-post","status-publish","format-standard","has-post-thumbnail","hentry","category-la-voz-de-la-diaspora","tag-defensor-del-pueblo","tag-dominicanos","tag-nyc","tag-rd"],"jetpack_featured_media_url":"https:\/\/lasprimeras.com.do\/wp-content\/uploads\/2025\/12\/Defensor-del-Pueblo-en-RD.jpeg","jetpack-related-posts":[{"id":97940,"url":"https:\/\/lasprimeras.com.do\/index.php\/2025\/04\/29\/dominicanos-nyc-valoran-foro-prevencion-de-estafas-inmobiliarias-ofrecera-defensor-del-pueblo-rd\/","url_meta":{"origin":116392,"position":0},"title":"Dominicanos NYC valoran foro \u00abPrevenci\u00f3n de estafas Inmobiliarias\u00bb ofrecer\u00e1 Defensor del Pueblo RD","author":"Nelson Feliz","date":"29 de abril de 2025","format":false,"excerpt":"Por Ram\u00f3n Mercedes NUEVA YORK.- Dominicanos residentes en esta ciudad valoran la iniciativa del Defensor del Pueblo de la Rep\u00fablica Dominicana, Pablo Ulloa, que ofrecer\u00e1 detalles pormenorizados durante el foro \u00abPrevenci\u00f3n de estafas Inmobiliarias\u00bb a efectuarse este mi\u00e9rcoles en el Alto Manhattan. Durante el mismo, a celebrarse en la escuela\u2026","rel":"","context":"En \u00abINTERNACIONALES\u00bb","block_context":{"text":"INTERNACIONALES","link":"https:\/\/lasprimeras.com.do\/index.php\/category\/sin-categoria\/internacionales\/"},"img":{"alt_text":"Dominicanos NYC valoran foro \u00abPrevenci\u00f3n de estafas Inmobiliarias\u00bb ofrecer\u00e1 Defensor del Pueblo RD","src":"https:\/\/i0.wp.com\/lasprimeras.com.do\/wp-content\/uploads\/2025\/04\/WhatsApp-Image-2025-04-29-at-5.43.40-AM-1.jpeg?resize=350%2C200&ssl=1","width":350,"height":200,"srcset":"https:\/\/i0.wp.com\/lasprimeras.com.do\/wp-content\/uploads\/2025\/04\/WhatsApp-Image-2025-04-29-at-5.43.40-AM-1.jpeg?resize=350%2C200&ssl=1 1x, https:\/\/i0.wp.com\/lasprimeras.com.do\/wp-content\/uploads\/2025\/04\/WhatsApp-Image-2025-04-29-at-5.43.40-AM-1.jpeg?resize=525%2C300&ssl=1 1.5x, https:\/\/i0.wp.com\/lasprimeras.com.do\/wp-content\/uploads\/2025\/04\/WhatsApp-Image-2025-04-29-at-5.43.40-AM-1.jpeg?resize=700%2C400&ssl=1 2x"},"classes":[]},{"id":114483,"url":"https:\/\/lasprimeras.com.do\/index.php\/2025\/11\/14\/sectores-dominicanos-nyc-confirma-asisten-conferencia-defensor-del-pueblo-rd\/","url_meta":{"origin":116392,"position":1},"title":"Sectores dominicanos NYC confirma asisten conferencia Defensor del Pueblo RD","author":"Nelson Feliz","date":"14 de noviembre de 2025","format":false,"excerpt":"https:\/\/www.youtube.com\/watch?v=qY79Q8n2pEc Por Ram\u00f3n Mercedes NUEVA YORK.- Representantes de diversos sectores dominicanos en esta ciudad, entre ellos empresarios, profesionales, period\u00edsticos, comunitarios y ciudadanos comunes, entre otros, han confirmado su asistencia a la conferencia que dictar\u00e1 el Defensor del Pueblo, Pablo Ulloa, de la Republica Dominicana. Dicha conferencia titulada \u00abConozca sus derechos\u2026","rel":"","context":"En \u00abLA VOZ DE LA DIASPORA\u00bb","block_context":{"text":"LA VOZ DE LA DIASPORA","link":"https:\/\/lasprimeras.com.do\/index.php\/category\/la-voz-de-la-diaspora\/"},"img":{"alt_text":"","src":"https:\/\/i0.wp.com\/lasprimeras.com.do\/wp-content\/uploads\/2025\/11\/WhatsApp-Image-2025-11-14-at-8.14.06-AM-3.jpeg?resize=350%2C200&ssl=1","width":350,"height":200,"srcset":"https:\/\/i0.wp.com\/lasprimeras.com.do\/wp-content\/uploads\/2025\/11\/WhatsApp-Image-2025-11-14-at-8.14.06-AM-3.jpeg?resize=350%2C200&ssl=1 1x, https:\/\/i0.wp.com\/lasprimeras.com.do\/wp-content\/uploads\/2025\/11\/WhatsApp-Image-2025-11-14-at-8.14.06-AM-3.jpeg?resize=525%2C300&ssl=1 1.5x"},"classes":[]},{"id":115101,"url":"https:\/\/lasprimeras.com.do\/index.php\/2025\/11\/19\/defensor-del-pueblo-rd-informa-dominicanos-nyc-sobre-sus-derechos-al-llegar-al-pais\/","url_meta":{"origin":116392,"position":2},"title":"Defensor del Pueblo RD informa dominicanos NYC sobre sus derechos al llegar al pa\u00eds","author":"Nelson Feliz","date":"19 de noviembre de 2025","format":false,"excerpt":"Por Ram\u00f3n Mercedes NUEVA YORK.- Con la asistencia de decenas de dominicanos, entre ellos profesionales, empresarios, activistas y l\u00edderes comunitarios, periodistas, comerciantes y taxistas, el Defensor del Pueblo dominicano, Pablo Ulloa, ofreci\u00f3 el pasado domingo en El Bronx la conferencia \u00abConozca sus derechos al llegar a la RD\u00bb. Dio a\u2026","rel":"","context":"En \u00abLA VOZ DE LA DIASPORA\u00bb","block_context":{"text":"LA VOZ DE LA DIASPORA","link":"https:\/\/lasprimeras.com.do\/index.php\/category\/la-voz-de-la-diaspora\/"},"img":{"alt_text":"Defensor del Pueblo RD informa dominicanos NYC sobre sus derechos al llegar al pa\u00eds","src":"https:\/\/i0.wp.com\/lasprimeras.com.do\/wp-content\/uploads\/2025\/11\/WhatsApp-Image-2025-11-19-at-7.20.14-AM.jpeg?resize=350%2C200&ssl=1","width":350,"height":200},"classes":[]},{"id":98160,"url":"https:\/\/lasprimeras.com.do\/index.php\/2025\/05\/02\/defensor-del-pueblo-rd-trae-a-nyc-foro-sobre-estafas-inmobiliarias\/","url_meta":{"origin":116392,"position":3},"title":"Defensor del Pueblo RD trae a NYC foro sobre estafas inmobiliarias","author":"Nelson Feliz","date":"2 de mayo de 2025","format":false,"excerpt":"https:\/\/www.youtube.com\/watch?v=hq0I6RP_8Vc Por Ram\u00f3n Mercedes NUEVA YORK.- Con la asistencia de cientos de dominicanos se efectu\u00f3 la noche de este mi\u00e9rcoles el foro \u00abPrevenci\u00f3n de Estafas Inmobiliarias\u00bb, por iniciativa del Defensor del Pueblo de la Rep\u00fablica Dominicana, Pablo Ulloa. El Defensor del Pueblo denunci\u00f3 que entre un 5% y un 8%\u2026","rel":"","context":"En \u00abINTERNACIONALES\u00bb","block_context":{"text":"INTERNACIONALES","link":"https:\/\/lasprimeras.com.do\/index.php\/category\/sin-categoria\/internacionales\/"},"img":{"alt_text":"Defensor del Pueblo RD trae a NYC foro sobre estafas inmobiliarias","src":"https:\/\/i0.wp.com\/lasprimeras.com.do\/wp-content\/uploads\/2025\/05\/WhatsApp-Image-2025-05-02-at-6.11.53-AM-2.jpeg?resize=350%2C200&ssl=1","width":350,"height":200,"srcset":"https:\/\/i0.wp.com\/lasprimeras.com.do\/wp-content\/uploads\/2025\/05\/WhatsApp-Image-2025-05-02-at-6.11.53-AM-2.jpeg?resize=350%2C200&ssl=1 1x, https:\/\/i0.wp.com\/lasprimeras.com.do\/wp-content\/uploads\/2025\/05\/WhatsApp-Image-2025-05-02-at-6.11.53-AM-2.jpeg?resize=525%2C300&ssl=1 1.5x, https:\/\/i0.wp.com\/lasprimeras.com.do\/wp-content\/uploads\/2025\/05\/WhatsApp-Image-2025-05-02-at-6.11.53-AM-2.jpeg?resize=700%2C400&ssl=1 2x"},"classes":[]},{"id":118538,"url":"https:\/\/lasprimeras.com.do\/index.php\/2025\/12\/30\/defensor-del-pueblo-jce-e-index-las-tres-instituciones-gubernamentales-mas-transparentes-y-eficientes-en-rd\/","url_meta":{"origin":116392,"position":4},"title":"Defensor del Pueblo, JCE e INDEX las tres instituciones gubernamentales m\u00e1s transparentes y eficientes en RD","author":"Nelson Feliz","date":"30 de diciembre de 2025","format":false,"excerpt":"Por Ram\u00f3n Mercedes NUEVA YORK.- La oficina del Defensor del Pueblo, la Junta Central Electoral (JCE) y el Instituto del Dominicanos(as) en el Exterior (INDEX) son las instituciones gubernamentales en RD m\u00e1s transparentes y eficientes, seg\u00fan un sondeo realizado por el \u00abEquipo los 6\u00bb entre quisqueyanos residentes en esta ciudad.\u2026","rel":"","context":"En \u00abINTERNACIONALES\u00bb","block_context":{"text":"INTERNACIONALES","link":"https:\/\/lasprimeras.com.do\/index.php\/category\/sin-categoria\/internacionales\/"},"img":{"alt_text":"","src":"https:\/\/i0.wp.com\/lasprimeras.com.do\/wp-content\/uploads\/2025\/12\/inst.jpg?resize=350%2C200&ssl=1","width":350,"height":200,"srcset":"https:\/\/i0.wp.com\/lasprimeras.com.do\/wp-content\/uploads\/2025\/12\/inst.jpg?resize=350%2C200&ssl=1 1x, https:\/\/i0.wp.com\/lasprimeras.com.do\/wp-content\/uploads\/2025\/12\/inst.jpg?resize=525%2C300&ssl=1 1.5x"},"classes":[]},{"id":114045,"url":"https:\/\/lasprimeras.com.do\/index.php\/2025\/11\/10\/exhortan-dominicanos-nyc-asistir-conferencia-conozca-sus-derechos-al-volver-a-la-rd\/","url_meta":{"origin":116392,"position":5},"title":"Exhortan dominicanos NYC asistir conferencia \u00abConozca sus derechos al volver a la RD\u00bb","author":"Nelson Feliz","date":"10 de noviembre de 2025","format":false,"excerpt":"https:\/\/www.youtube.com\/watch?v=qY79Q8n2pEc Por Mavel Flores NUEVA YORK.- Diversas instituciones patrocinadoras de la conferencia \u00abConozca sus derechos al volver a la RD\u00bb que ofrecer\u00e1 el Defensor del Pueblo de la Rep\u00fablica Dominicana, Pablo Ulloa, exhortan a la comunidad quisqueyana en esta ciudad asistir en masa a la misma para que conozcan sus\u2026","rel":"","context":"En \u00abLA VOZ DE LA DIASPORA\u00bb","block_context":{"text":"LA VOZ DE LA DIASPORA","link":"https:\/\/lasprimeras.com.do\/index.php\/category\/la-voz-de-la-diaspora\/"},"img":{"alt_text":"","src":"https:\/\/i0.wp.com\/lasprimeras.com.do\/wp-content\/uploads\/2025\/11\/Exhortan-dominicanos-NYC-asistir-conferencia-Conozca-sus-derechos-al-volver-a-la-RD.jpg?resize=350%2C200&ssl=1","width":350,"height":200,"srcset":"https:\/\/i0.wp.com\/lasprimeras.com.do\/wp-content\/uploads\/2025\/11\/Exhortan-dominicanos-NYC-asistir-conferencia-Conozca-sus-derechos-al-volver-a-la-RD.jpg?resize=350%2C200&ssl=1 1x, https:\/\/i0.wp.com\/lasprimeras.com.do\/wp-content\/uploads\/2025\/11\/Exhortan-dominicanos-NYC-asistir-conferencia-Conozca-sus-derechos-al-volver-a-la-RD.jpg?resize=525%2C300&ssl=1 1.5x"},"classes":[]}],"jetpack_sharing_enabled":true,"_links":{"self":[{"href":"https:\/\/lasprimeras.com.do\/index.php\/wp-json\/wp\/v2\/posts\/116392","targetHints":{"allow":["GET"]}}],"collection":[{"href":"https:\/\/lasprimeras.com.do\/index.php\/wp-json\/wp\/v2\/posts"}],"about":[{"href":"https:\/\/lasprimeras.com.do\/index.php\/wp-json\/wp\/v2\/types\/post"}],"author":[{"embeddable":true,"href":"https:\/\/lasprimeras.com.do\/index.php\/wp-json\/wp\/v2\/users\/10"}],"replies":[{"embeddable":true,"href":"https:\/\/lasprimeras.com.do\/index.php\/wp-json\/wp\/v2\/comments?post=116392"}],"version-history":[{"count":1,"href":"https:\/\/lasprimeras.com.do\/index.php\/wp-json\/wp\/v2\/posts\/116392\/revisions"}],"predecessor-version":[{"id":116394,"href":"https:\/\/lasprimeras.com.do\/index.php\/wp-json\/wp\/v2\/posts\/116392\/revisions\/116394"}],"wp:featuredmedia":[{"embeddable":true,"href":"https:\/\/lasprimeras.com.do\/index.php\/wp-json\/wp\/v2\/media\/116393"}],"wp:attachment":[{"href":"https:\/\/lasprimeras.com.do\/index.php\/wp-json\/wp\/v2\/media?parent=116392"}],"wp:term":[{"taxonomy":"category","embeddable":true,"href":"https:\/\/lasprimeras.com.do\/index.php\/wp-json\/wp\/v2\/categories?post=116392"},{"taxonomy":"post_tag","embeddable":true,"href":"https:\/\/lasprimeras.com.do\/index.php\/wp-json\/wp\/v2\/tags?post=116392"}],"curies":[{"name":"wp","href":"https:\/\/api.w.org\/{rel}","templated":true}]}}