{"id":116395,"date":"2025-12-01T09:33:28","date_gmt":"2025-12-01T13:33:28","guid":{"rendered":"https:\/\/lasprimeras.com.do\/?p=116395"},"modified":"2025-12-01T09:33:34","modified_gmt":"2025-12-01T13:33:34","slug":"afroamericano-hiere-dos-dominicanos-en-una-bodega-en-el-bronx","status":"publish","type":"post","link":"https:\/\/lasprimeras.com.do\/index.php\/2025\/12\/01\/afroamericano-hiere-dos-dominicanos-en-una-bodega-en-el-bronx\/","title":{"rendered":"Afroamericano hiere dos dominicanos en una bodega en El Bronx"},"content":{"rendered":"\n<p>Por Ram\u00f3n Mercedes<\/p>\n\n\n\n<p>NUEVA YORK.- Dos personas resultaron heridas de balas este fin de semana en el interior de una bodega ubicada en el 851 de la avenida Melrose, casi con la calle 160, en el sector de Concourse Village, en El Bronx, \u00e1rea donde residen cientos de familias dominicanas.<\/p>\n\n\n\n<p>Presuntamente, las v\u00edctimas que se encuentran graves en el Hospital, son dominicanos, un joven de 22 a\u00f1os y una mujer de 25. Luego de cometer el hecho el pistolero huy\u00f3.<\/p>\n\n\n\n<p>La polic\u00eda inform\u00f3 que se desconocen los motivos del ataque, y los detectives no creen que el pistolero atacara deliberadamente a las dos v\u00edctimas. Este hecho ocurri\u00f3 a eso de las 11:00 de la noche el D\u00eda de Acci\u00f3n de Gracias.<\/p>\n\n\n\n<p>La instituci\u00f3n del orden dijo que el sospechoso entr\u00f3 al establecimiento comercial usando gafas de sol, un pa\u00f1uelo negro, una sudadera con capucha negra, una chaqueta negra, jeans negros, zapatillas negras y guantes quir\u00fargicos azules, captado en c\u00e1mara de seguridad. Las autoridades despacharon una foto.<\/p>\n\n\n\n<p>La uniformada solicita a cualquier persona que tenga informaci\u00f3n del caso llamar a Crime Stoppers al 800-577-8477 o al 888-577-4782. Tambi\u00e9n en www.crimestoppers.nypdonline.org o en X @NYPDTips. Todas las llamadas y mensajes se mantienen confidenciales.<\/p>\n","protected":false},"excerpt":{"rendered":"<p>Por Ram\u00f3n Mercedes NUEVA YORK.- Dos personas resultaron heridas de balas este fin de semana en el interior de una bodega ubicada en el 851 de la avenida Melrose, casi&hellip;<\/p>\n","protected":false},"author":10,"featured_media":116396,"comment_status":"open","ping_status":"open","sticky":false,"template":"","format":"standard","meta":{"content-type":"","jetpack_post_was_ever_published":false,"_jetpack_newsletter_access":"","_jetpack_dont_email_post_to_subs":false,"_jetpack_newsletter_tier_id":0,"_jetpack_memberships_contains_paywalled_content":false,"_jetpack_memberships_contains_paid_content":false,"footnotes":""},"categories":[25580],"tags":[27998,27997,487,4303,7300],"class_list":["post-116395","post","type-post","status-publish","format-standard","has-post-thumbnail","hentry","category-la-voz-de-la-diaspora","tag-afroamericano","tag-bodega","tag-dominicanos","tag-el-bronx","tag-hiere"],"jetpack_featured_media_url":"https:\/\/lasprimeras.com.do\/wp-content\/uploads\/2025\/12\/WhatsApp-Image-2025-12-01-at-5.43.40-AM.jpeg","jetpack-related-posts":[{"id":114790,"url":"https:\/\/lasprimeras.com.do\/index.php\/2025\/11\/17\/pistolero-dispara-a-hombre-en-el-bronx-victima-presuntamente-dominicano\/","url_meta":{"origin":116395,"position":0},"title":"Pistolero dispara a hombre en El Bronx; v\u00edctima presuntamente dominicano","author":"Nelson Feliz","date":"17 de noviembre de 2025","format":false,"excerpt":"Por Ram\u00f3n Mercedes NUEVA YORK.- Un afroamericano desconocido bale\u00f3 varias veces a un hombre, presuntamente dominicano, frente al centro de salud \u00abEssen Health Care\u00bb, en El Bronx, \u00e1rea donde residen cientos de familias quisqueyanas, porque no quiso responder a su pregunta. La polic\u00eda neoyorkina inform\u00f3 que a eso de las\u2026","rel":"","context":"En \u00abLA VOZ DE LA DIASPORA\u00bb","block_context":{"text":"LA VOZ DE LA DIASPORA","link":"https:\/\/lasprimeras.com.do\/index.php\/category\/la-voz-de-la-diaspora\/"},"img":{"alt_text":"","src":"https:\/\/i0.wp.com\/lasprimeras.com.do\/wp-content\/uploads\/2025\/11\/Pistolero-dispara-a-hombre-en-El-Bronx-por-no-detenerse-a-responder-su-pregunta_-victima-presuntamente-es-dominicano.jpg?resize=350%2C200&ssl=1","width":350,"height":200},"classes":[]},{"id":125888,"url":"https:\/\/lasprimeras.com.do\/index.php\/2026\/03\/27\/recientes-acontecimientos-policiales-y-judiciales-en-el-bronx-residen-mas-de-500-mil-dominicanos\/","url_meta":{"origin":116395,"position":1},"title":"Recientes acontecimientos policiales y judiciales en El Bronx; residen m\u00e1s de 500 mil dominicanos","author":"Nelson Feliz","date":"27 de marzo de 2026","format":false,"excerpt":"Por Ram\u00f3n Mercedes NUEVA YORK.- En los \u00faltimos d\u00edas, en El Bronx, con 1,472,654 habitantes, seg\u00fan el \u00faltimo censo, convirtiendo al condado en una alta concentraci\u00f3n de poblaci\u00f3n latina, han ocurrido m\u00faltiples hechos policiales y judiciales en sectores donde residen cientos de familias dominicanas, vi\u00e9ndose involucrados principalmente hispanos y afroamericanos,\u2026","rel":"","context":"En \u00abINTERNACIONALES\u00bb","block_context":{"text":"INTERNACIONALES","link":"https:\/\/lasprimeras.com.do\/index.php\/category\/sin-categoria\/internacionales\/"},"img":{"alt_text":"","src":"https:\/\/i0.wp.com\/lasprimeras.com.do\/wp-content\/uploads\/2026\/03\/IMG-20260327-WA0018.jpg?resize=350%2C200&ssl=1","width":350,"height":200},"classes":[]},{"id":119192,"url":"https:\/\/lasprimeras.com.do\/index.php\/2026\/01\/08\/buscan-tres-encapuchados-atracaron-bodega-en-el-bronx\/","url_meta":{"origin":116395,"position":2},"title":"Buscan tres encapuchados atracaron bodega en El Bronx","author":"Nelson Feliz","date":"8 de enero de 2026","format":false,"excerpt":"NUEVA YORK.- La Polic\u00eda persigue a tres hombres que atracaron la bodega de dominicanos El Sitio Deli Grocery, ubicada en el 892 de la calle Home, en El Bronx. El asalto ocurri\u00f3 alas 11:37 de la noche del martes y qued\u00f3 captado en un video que ya est\u00e1 en manos\u2026","rel":"","context":"En \u00abINTERNACIONALES\u00bb","block_context":{"text":"INTERNACIONALES","link":"https:\/\/lasprimeras.com.do\/index.php\/category\/sin-categoria\/internacionales\/"},"img":{"alt_text":"","src":"https:\/\/i0.wp.com\/lasprimeras.com.do\/wp-content\/uploads\/2025\/10\/asalto.jpeg?resize=350%2C200&ssl=1","width":350,"height":200,"srcset":"https:\/\/i0.wp.com\/lasprimeras.com.do\/wp-content\/uploads\/2025\/10\/asalto.jpeg?resize=350%2C200&ssl=1 1x, https:\/\/i0.wp.com\/lasprimeras.com.do\/wp-content\/uploads\/2025\/10\/asalto.jpeg?resize=525%2C300&ssl=1 1.5x"},"classes":[]},{"id":98151,"url":"https:\/\/lasprimeras.com.do\/index.php\/2025\/05\/02\/violaciones-sexuales-en-trenes-se-estan-volviendo-recurrentes-otros-hechos-muestran-a-un-nyc-salvaje\/","url_meta":{"origin":116395,"position":3},"title":"Violaciones sexuales en trenes se est\u00e1n volviendo recurrentes; otros hechos muestran a un NYC salvaje","author":"Nelson Feliz","date":"2 de mayo de 2025","format":false,"excerpt":"Por Ram\u00f3n Mercedes NUEVA YORK.- Acontecimientos sucedidos en los \u00faltimos d\u00edas en esta ciudad muestran y dan la percepci\u00f3n de un NYC salvaje por las caracter\u00edsticas de los hechos. El pasado mes, el hispano F\u00e9lix Rojas, de 44 a\u00f1os, rob\u00f3 y viol\u00f3 el cad\u00e1ver de un hombre que muriera por\u2026","rel":"","context":"En \u00abINTERNACIONALES\u00bb","block_context":{"text":"INTERNACIONALES","link":"https:\/\/lasprimeras.com.do\/index.php\/category\/sin-categoria\/internacionales\/"},"img":{"alt_text":"Violaciones sexuales en trenes se est\u00e1n volviendo recurrentes","src":"https:\/\/i0.wp.com\/lasprimeras.com.do\/wp-content\/uploads\/2025\/05\/WhatsApp-Image-2025-05-02-at-6.11.52-AM.jpeg?resize=350%2C200&ssl=1","width":350,"height":200,"srcset":"https:\/\/i0.wp.com\/lasprimeras.com.do\/wp-content\/uploads\/2025\/05\/WhatsApp-Image-2025-05-02-at-6.11.52-AM.jpeg?resize=350%2C200&ssl=1 1x, https:\/\/i0.wp.com\/lasprimeras.com.do\/wp-content\/uploads\/2025\/05\/WhatsApp-Image-2025-05-02-at-6.11.52-AM.jpeg?resize=525%2C300&ssl=1 1.5x, https:\/\/i0.wp.com\/lasprimeras.com.do\/wp-content\/uploads\/2025\/05\/WhatsApp-Image-2025-05-02-at-6.11.52-AM.jpeg?resize=700%2C400&ssl=1 2x"},"classes":[]},{"id":53979,"url":"https:\/\/lasprimeras.com.do\/index.php\/2023\/07\/03\/identifican-a-presuntos-pistoleros-tras-balear-a-gravemente-a-una-nina-de-5-anos-en-el-bronx\/","url_meta":{"origin":116395,"position":4},"title":"Identifican a presuntos pistoleros tras balear a gravemente a una ni\u00f1a de 5 a\u00f1os en El Bronx","author":"Nelson Feliz","date":"3 de julio de 2023","format":false,"excerpt":"Los sujetos identificados como Austin Morrishow, de 25 a\u00f1os, y Curtis White, de 26, fueron las dos personas que presuntamente abrieron fuego contra un veh\u00edculo el viernes en un East 214th Street. Por: Jerald Jim\u00e9nez Los presuntos autores del tiroteo de una ni\u00f1a de 5 a\u00f1os en El Bronx la\u2026","rel":"","context":"En \u00abSin categor\u00eda\u00bb","block_context":{"text":"Sin categor\u00eda","link":"https:\/\/lasprimeras.com.do\/index.php\/category\/sin-categoria\/"},"img":{"alt_text":"","src":"https:\/\/i0.wp.com\/lasprimeras.com.do\/wp-content\/uploads\/2023\/07\/Police-NY.jpg?resize=350%2C200&ssl=1","width":350,"height":200,"srcset":"https:\/\/i0.wp.com\/lasprimeras.com.do\/wp-content\/uploads\/2023\/07\/Police-NY.jpg?resize=350%2C200&ssl=1 1x, https:\/\/i0.wp.com\/lasprimeras.com.do\/wp-content\/uploads\/2023\/07\/Police-NY.jpg?resize=525%2C300&ssl=1 1.5x, https:\/\/i0.wp.com\/lasprimeras.com.do\/wp-content\/uploads\/2023\/07\/Police-NY.jpg?resize=700%2C400&ssl=1 2x"},"classes":[]},{"id":114396,"url":"https:\/\/lasprimeras.com.do\/index.php\/2025\/11\/13\/despiadado-amenazo-y-agredio-mujer-66-anos-en-tienda-bronx-presuntamente-victima-es-dominicana\/","url_meta":{"origin":116395,"position":5},"title":"Despiadado amenaz\u00f3 y agredi\u00f3 mujer 66 a\u00f1os en tienda Bronx; presuntamente v\u00edctima es dominicana","author":"Nelson Feliz","date":"13 de noviembre de 2025","format":false,"excerpt":"Por Ram\u00f3n Mercedes https:\/\/www.youtube.com\/watch?v=2Hft4f1-mSM&t=13s NUEVA YORK.- Un despiadado entr\u00f3 este lunes a una bodega en El Bronx, donde una envejeciente de 66 a\u00f1os, presuntamente dominicana, se encontraba en su interior comprando, y tras verla, el desconocido inmediatamente le expres\u00f3 \u00abte voy a romper la cara\u00bb, y acto seguido la golpeo\u2026","rel":"","context":"En \u00abLA VOZ DE LA DIASPORA\u00bb","block_context":{"text":"LA VOZ DE LA DIASPORA","link":"https:\/\/lasprimeras.com.do\/index.php\/category\/la-voz-de-la-diaspora\/"},"img":{"alt_text":"","src":"https:\/\/i0.wp.com\/lasprimeras.com.do\/wp-content\/uploads\/2025\/11\/agresion.jpg?resize=350%2C200&ssl=1","width":350,"height":200,"srcset":"https:\/\/i0.wp.com\/lasprimeras.com.do\/wp-content\/uploads\/2025\/11\/agresion.jpg?resize=350%2C200&ssl=1 1x, https:\/\/i0.wp.com\/lasprimeras.com.do\/wp-content\/uploads\/2025\/11\/agresion.jpg?resize=525%2C300&ssl=1 1.5x, https:\/\/i0.wp.com\/lasprimeras.com.do\/wp-content\/uploads\/2025\/11\/agresion.jpg?resize=700%2C400&ssl=1 2x"},"classes":[]}],"jetpack_sharing_enabled":true,"_links":{"self":[{"href":"https:\/\/lasprimeras.com.do\/index.php\/wp-json\/wp\/v2\/posts\/116395","targetHints":{"allow":["GET"]}}],"collection":[{"href":"https:\/\/lasprimeras.com.do\/index.php\/wp-json\/wp\/v2\/posts"}],"about":[{"href":"https:\/\/lasprimeras.com.do\/index.php\/wp-json\/wp\/v2\/types\/post"}],"author":[{"embeddable":true,"href":"https:\/\/lasprimeras.com.do\/index.php\/wp-json\/wp\/v2\/users\/10"}],"replies":[{"embeddable":true,"href":"https:\/\/lasprimeras.com.do\/index.php\/wp-json\/wp\/v2\/comments?post=116395"}],"version-history":[{"count":1,"href":"https:\/\/lasprimeras.com.do\/index.php\/wp-json\/wp\/v2\/posts\/116395\/revisions"}],"predecessor-version":[{"id":116397,"href":"https:\/\/lasprimeras.com.do\/index.php\/wp-json\/wp\/v2\/posts\/116395\/revisions\/116397"}],"wp:featuredmedia":[{"embeddable":true,"href":"https:\/\/lasprimeras.com.do\/index.php\/wp-json\/wp\/v2\/media\/116396"}],"wp:attachment":[{"href":"https:\/\/lasprimeras.com.do\/index.php\/wp-json\/wp\/v2\/media?parent=116395"}],"wp:term":[{"taxonomy":"category","embeddable":true,"href":"https:\/\/lasprimeras.com.do\/index.php\/wp-json\/wp\/v2\/categories?post=116395"},{"taxonomy":"post_tag","embeddable":true,"href":"https:\/\/lasprimeras.com.do\/index.php\/wp-json\/wp\/v2\/tags?post=116395"}],"curies":[{"name":"wp","href":"https:\/\/api.w.org\/{rel}","templated":true}]}}