{"id":116404,"date":"2025-11-30T10:01:00","date_gmt":"2025-11-30T14:01:00","guid":{"rendered":"https:\/\/lasprimeras.com.do\/?p=116404"},"modified":"2025-12-01T10:04:50","modified_gmt":"2025-12-01T14:04:50","slug":"dncd-arresta-hombre-con-drogas-y-una-pistola-en-sfm","status":"publish","type":"post","link":"https:\/\/lasprimeras.com.do\/index.php\/2025\/11\/30\/dncd-arresta-hombre-con-drogas-y-una-pistola-en-sfm\/","title":{"rendered":"DNCD arresta hombre con drogas y una pistola en SFM"},"content":{"rendered":"\n<p><strong>-El detenido figura con varios sometimientos por herir a dos personas, amenazas y porte de arma ilegal.<\/strong><\/p>\n\n\n\n<p>Agentes de la Direcci\u00f3n Nacional de Control de Drogas (DNCD) y miembros del Ministerio P\u00fablico, arrestaron a un hombre con cientos de porciones de presuntos narcoticos y una pistola, durante una labor de interdiccion conjunta, realizada en el municipio de San Francisco de Macor\u00eds, provincia Duarte.<\/p>\n\n\n\n<p>Los agentes y fiscales, tras realizar los levantamientos correspondientes procedieron a realizar una interdicci\u00f3n en la calle Nino Rizek, del sector San Martin de Porres (Rabo de Chivo), para arrestar a un individuo que segun informes de inteligencia se estaba dedicando a la venta de sustancias controladas.<\/p>\n\n\n\n<p>Al intervenir en el lugar, fue arrestado Alexander Ure\u00f1a Calder\u00f3n, quien arroj\u00f3 una mochila e intento escapar de la persecuci\u00f3n de los equipos operativos, corriendo por los techos de la vivienda del referido sector.<\/p>\n\n\n\n<p>Tras abrir el bulto, se incautaron en su interior 384 presumiblemente coca\u00edna, un pote pl\u00e1stico con 87 de un vegetal de presunta marihuana, 40 dosis de crack, asi como una pistola marca Browning con varias c\u00e1psulas, 950.00 pesos dominicanos y una balanza.<\/p>\n\n\n\n<p>Cabe destacar que el detenido figura con cinco registros por heridas de bala a dos hombres, amenazas de muerte y porte ilegal de armas de fuego.<\/p>\n\n\n\n<p>Ure\u00f1a Calder\u00f3n fue entregado al Ministerio P\u00fablico de la provincia Duarte para los fines correspondientes.<\/p>\n","protected":false},"excerpt":{"rendered":"<p>-El detenido figura con varios sometimientos por herir a dos personas, amenazas y porte de arma ilegal. Agentes de la Direcci\u00f3n Nacional de Control de Drogas (DNCD) y miembros del&hellip;<\/p>\n","protected":false},"author":10,"featured_media":116405,"comment_status":"open","ping_status":"open","sticky":false,"template":"","format":"standard","meta":{"content-type":"","jetpack_post_was_ever_published":false,"_jetpack_newsletter_access":"","_jetpack_dont_email_post_to_subs":false,"_jetpack_newsletter_tier_id":0,"_jetpack_memberships_contains_paywalled_content":false,"_jetpack_memberships_contains_paid_content":false,"footnotes":""},"categories":[3057],"tags":[1489,3707,5970,46,5426,3530],"class_list":["post-116404","post","type-post","status-publish","format-standard","has-post-thumbnail","hentry","category-militares","tag-arresta","tag-dncd","tag-drogas","tag-hombre","tag-pistola","tag-san-francisco-de-macoris"],"jetpack_featured_media_url":"https:\/\/lasprimeras.com.do\/wp-content\/uploads\/2025\/12\/DNCD.jpeg","jetpack-related-posts":[{"id":99626,"url":"https:\/\/lasprimeras.com.do\/index.php\/2025\/05\/24\/apresan-10-personas-con-drogas-y-cinco-pistolas-en-dajabon-y-montecristi\/","url_meta":{"origin":116404,"position":0},"title":"Apresan 10 personas con drogas y cinco pistolas en Dajab\u00f3n y Montecristi","author":"Nelson Feliz","date":"24 de mayo de 2025","format":false,"excerpt":"Agentes de la Direcci\u00f3n Nacional de Control de Drogas (DNCD) y miembros del Ministerio P\u00fablico, ejecutaron tres allanamientos y se arrestaron a 10 hombres con decenas de gramos de presunta coca\u00edna y cinco armas de fuego de distintos calibres en las provincias de Dajab\u00f3n y Montecristi. En una primera intervenci\u00f3n,\u2026","rel":"","context":"En \u00abMILITARES\u00bb","block_context":{"text":"MILITARES","link":"https:\/\/lasprimeras.com.do\/index.php\/category\/militares\/"},"img":{"alt_text":"","src":"https:\/\/i0.wp.com\/lasprimeras.com.do\/wp-content\/uploads\/2025\/05\/DNCD-1-2.jpg?resize=350%2C200&ssl=1","width":350,"height":200,"srcset":"https:\/\/i0.wp.com\/lasprimeras.com.do\/wp-content\/uploads\/2025\/05\/DNCD-1-2.jpg?resize=350%2C200&ssl=1 1x, https:\/\/i0.wp.com\/lasprimeras.com.do\/wp-content\/uploads\/2025\/05\/DNCD-1-2.jpg?resize=525%2C300&ssl=1 1.5x, https:\/\/i0.wp.com\/lasprimeras.com.do\/wp-content\/uploads\/2025\/05\/DNCD-1-2.jpg?resize=700%2C400&ssl=1 2x"},"classes":[]},{"id":113391,"url":"https:\/\/lasprimeras.com.do\/index.php\/2025\/11\/02\/arrestan-a-21-personas-e-incautan-drogas-en-operativos-en-san-francisco-de-macoris-y-cambita\/","url_meta":{"origin":116404,"position":1},"title":"Arrestan a 21 personas e incautan drogas en operativos en San Francisco de Macor\u00eds y Cambita","author":"Nelson Feliz","date":"2 de noviembre de 2025","format":false,"excerpt":"Agentes de la Direcci\u00f3n Nacional de Control de Drogas (DNCD) y miembros del Ministerio P\u00fablico arrestaron a 21 personas y confiscaron m\u00e1s de 5,600 gramos de distintos narc\u00f3ticos durante operativos simult\u00e1neos realizados en San Francisco de Macor\u00eds y Cambita Garabitos. En la provincia Duarte, las acciones se desarrollaron en las\u2026","rel":"","context":"En \u00abMILITARES\u00bb","block_context":{"text":"MILITARES","link":"https:\/\/lasprimeras.com.do\/index.php\/category\/militares\/"},"img":{"alt_text":"","src":"https:\/\/i0.wp.com\/lasprimeras.com.do\/wp-content\/uploads\/2025\/11\/DNCD.jpg?resize=350%2C200&ssl=1","width":350,"height":200,"srcset":"https:\/\/i0.wp.com\/lasprimeras.com.do\/wp-content\/uploads\/2025\/11\/DNCD.jpg?resize=350%2C200&ssl=1 1x, https:\/\/i0.wp.com\/lasprimeras.com.do\/wp-content\/uploads\/2025\/11\/DNCD.jpg?resize=525%2C300&ssl=1 1.5x, https:\/\/i0.wp.com\/lasprimeras.com.do\/wp-content\/uploads\/2025\/11\/DNCD.jpg?resize=700%2C400&ssl=1 2x"},"classes":[]},{"id":77701,"url":"https:\/\/lasprimeras.com.do\/index.php\/2024\/02\/24\/autoridades-no-ceden-en-combate-al-microtrafico\/","url_meta":{"origin":116404,"position":2},"title":"Autoridades no ceden en combate al microtr\u00e1fico","author":"BIMARY DE JES\u00daS Matos","date":"24 de febrero de 2024","format":false,"excerpt":"Martin Restituyo Santo Domingo.- Agentes de la Direcci\u00f3n Nacional de Control de Drogas (DNCD) y miembros del Ministerio P\u00fablico, han arreciado las acciones de interdicci\u00f3n en contra del microtr\u00e1fico, lo que ha permitido sacar de las calles m\u00e1s de 146 mil gramos de distintas drogas, en operativos desarrollados a nivel\u2026","rel":"","context":"En \u00abPORTADA\u00bb","block_context":{"text":"PORTADA","link":"https:\/\/lasprimeras.com.do\/index.php\/category\/portada\/"},"img":{"alt_text":"","src":"https:\/\/i0.wp.com\/lasprimeras.com.do\/wp-content\/uploads\/2024\/02\/IMG-20240224-WA0057.jpg?resize=350%2C200&ssl=1","width":350,"height":200,"srcset":"https:\/\/i0.wp.com\/lasprimeras.com.do\/wp-content\/uploads\/2024\/02\/IMG-20240224-WA0057.jpg?resize=350%2C200&ssl=1 1x, https:\/\/i0.wp.com\/lasprimeras.com.do\/wp-content\/uploads\/2024\/02\/IMG-20240224-WA0057.jpg?resize=525%2C300&ssl=1 1.5x"},"classes":[]},{"id":60857,"url":"https:\/\/lasprimeras.com.do\/index.php\/2023\/09\/19\/desarticulan-una-red-de-microtrafico-en-santiago\/","url_meta":{"origin":116404,"position":3},"title":"Desarticulan una red de microtr\u00e1fico en Santiago","author":"Nelson Feliz","date":"19 de septiembre de 2023","format":false,"excerpt":"Ocupan pistola, dinero, dos veh\u00edculos y apresan dos hombres. Por Mart\u00edn Restituyo Agentes de la Direcci\u00f3n Nacional de Control de Drogas (DNCD) y miembros del Ministerio P\u00fablico, desarticularon una red de microtr\u00e1fico en Santiago, apresaron a dos hombres e incautaron m\u00e1s de 12, 000 gramos presumiblemente de marihuana, dinero en\u2026","rel":"","context":"En \u00abNACIONALES\u00bb","block_context":{"text":"NACIONALES","link":"https:\/\/lasprimeras.com.do\/index.php\/category\/nacionales\/"},"img":{"alt_text":"drogas","src":"https:\/\/i0.wp.com\/lasprimeras.com.do\/wp-content\/uploads\/2023\/09\/drogas.jpg?resize=350%2C200&ssl=1","width":350,"height":200,"srcset":"https:\/\/i0.wp.com\/lasprimeras.com.do\/wp-content\/uploads\/2023\/09\/drogas.jpg?resize=350%2C200&ssl=1 1x, https:\/\/i0.wp.com\/lasprimeras.com.do\/wp-content\/uploads\/2023\/09\/drogas.jpg?resize=525%2C300&ssl=1 1.5x, https:\/\/i0.wp.com\/lasprimeras.com.do\/wp-content\/uploads\/2023\/09\/drogas.jpg?resize=700%2C400&ssl=1 2x"},"classes":[]},{"id":64627,"url":"https:\/\/lasprimeras.com.do\/index.php\/2023\/10\/22\/dncd-arrestan-a-tres-personas-y-ocupan-10-milgramos-de-drogas-en-santiago\/","url_meta":{"origin":116404,"position":4},"title":"DNCD arrestan a tres personas y ocupan 10 milgramos de drogas en Santiago","author":"Nelson Feliz","date":"22 de octubre de 2023","format":false,"excerpt":"Por Martin Restituyo Agentes de la Direcci\u00f3n Nacional de Control de Drogas (DNCD) y miembros del Ministerio P\u00fablico, como parte del reforzamiento de las labores contra del microtr\u00e1fico, arrestaron a tres personas y ocuparon m\u00e1s de 10 mil gramos de distintas drogas, en un operativo de vigilancia y seguimiento, desarrollado\u2026","rel":"","context":"En \u00abMILITARES\u00bb","block_context":{"text":"MILITARES","link":"https:\/\/lasprimeras.com.do\/index.php\/category\/militares\/"},"img":{"alt_text":"DNCD","src":"https:\/\/i0.wp.com\/lasprimeras.com.do\/wp-content\/uploads\/2023\/10\/DNCD-2.jpg?resize=350%2C200&ssl=1","width":350,"height":200,"srcset":"https:\/\/i0.wp.com\/lasprimeras.com.do\/wp-content\/uploads\/2023\/10\/DNCD-2.jpg?resize=350%2C200&ssl=1 1x, https:\/\/i0.wp.com\/lasprimeras.com.do\/wp-content\/uploads\/2023\/10\/DNCD-2.jpg?resize=525%2C300&ssl=1 1.5x, https:\/\/i0.wp.com\/lasprimeras.com.do\/wp-content\/uploads\/2023\/10\/DNCD-2.jpg?resize=700%2C400&ssl=1 2x"},"classes":[]},{"id":84578,"url":"https:\/\/lasprimeras.com.do\/index.php\/2024\/06\/10\/dncd-y-mp-detienen-14-personas-en-operativos-de-busqueda-y-rastreo-en-zona-costera-de-azua\/","url_meta":{"origin":116404,"position":5},"title":"DNCD y MP detienen 14 personas en operativos de b\u00fasqueda y rastreo en zona costera de Azua","author":"Nelson Feliz","date":"10 de junio de 2024","format":false,"excerpt":"En el marco del reforzamiento de las labores de interdicci\u00f3n en contra del narcotr\u00e1fico, agentes de la Direcci\u00f3n Nacional de Control de Drogas (DNCD) y miembros del Ministerio P\u00fablico, realizaron un operativo de b\u00fasqueda y rastreo en la zona de la Bah\u00eda de Ocoa, provincia de Azua, donde arrestaron a\u2026","rel":"","context":"En \u00abMILITARES\u00bb","block_context":{"text":"MILITARES","link":"https:\/\/lasprimeras.com.do\/index.php\/category\/militares\/"},"img":{"alt_text":"","src":"https:\/\/i0.wp.com\/lasprimeras.com.do\/wp-content\/uploads\/2024\/06\/dncd-1-1.jpg?resize=350%2C200&ssl=1","width":350,"height":200,"srcset":"https:\/\/i0.wp.com\/lasprimeras.com.do\/wp-content\/uploads\/2024\/06\/dncd-1-1.jpg?resize=350%2C200&ssl=1 1x, https:\/\/i0.wp.com\/lasprimeras.com.do\/wp-content\/uploads\/2024\/06\/dncd-1-1.jpg?resize=525%2C300&ssl=1 1.5x, https:\/\/i0.wp.com\/lasprimeras.com.do\/wp-content\/uploads\/2024\/06\/dncd-1-1.jpg?resize=700%2C400&ssl=1 2x, https:\/\/i0.wp.com\/lasprimeras.com.do\/wp-content\/uploads\/2024\/06\/dncd-1-1.jpg?resize=1050%2C600&ssl=1 3x"},"classes":[]}],"jetpack_sharing_enabled":true,"_links":{"self":[{"href":"https:\/\/lasprimeras.com.do\/index.php\/wp-json\/wp\/v2\/posts\/116404","targetHints":{"allow":["GET"]}}],"collection":[{"href":"https:\/\/lasprimeras.com.do\/index.php\/wp-json\/wp\/v2\/posts"}],"about":[{"href":"https:\/\/lasprimeras.com.do\/index.php\/wp-json\/wp\/v2\/types\/post"}],"author":[{"embeddable":true,"href":"https:\/\/lasprimeras.com.do\/index.php\/wp-json\/wp\/v2\/users\/10"}],"replies":[{"embeddable":true,"href":"https:\/\/lasprimeras.com.do\/index.php\/wp-json\/wp\/v2\/comments?post=116404"}],"version-history":[{"count":1,"href":"https:\/\/lasprimeras.com.do\/index.php\/wp-json\/wp\/v2\/posts\/116404\/revisions"}],"predecessor-version":[{"id":116406,"href":"https:\/\/lasprimeras.com.do\/index.php\/wp-json\/wp\/v2\/posts\/116404\/revisions\/116406"}],"wp:featuredmedia":[{"embeddable":true,"href":"https:\/\/lasprimeras.com.do\/index.php\/wp-json\/wp\/v2\/media\/116405"}],"wp:attachment":[{"href":"https:\/\/lasprimeras.com.do\/index.php\/wp-json\/wp\/v2\/media?parent=116404"}],"wp:term":[{"taxonomy":"category","embeddable":true,"href":"https:\/\/lasprimeras.com.do\/index.php\/wp-json\/wp\/v2\/categories?post=116404"},{"taxonomy":"post_tag","embeddable":true,"href":"https:\/\/lasprimeras.com.do\/index.php\/wp-json\/wp\/v2\/tags?post=116404"}],"curies":[{"name":"wp","href":"https:\/\/api.w.org\/{rel}","templated":true}]}}