{"id":116442,"date":"2025-11-30T15:45:00","date_gmt":"2025-11-30T19:45:00","guid":{"rendered":"https:\/\/lasprimeras.com.do\/?p=116442"},"modified":"2025-12-01T15:47:21","modified_gmt":"2025-12-01T19:47:21","slug":"gobierno-aumenta-a-5500-dolares-la-gracia-navidena-para-la-diaspora-traer-regalos","status":"publish","type":"post","link":"https:\/\/lasprimeras.com.do\/index.php\/2025\/11\/30\/gobierno-aumenta-a-5500-dolares-la-gracia-navidena-para-la-diaspora-traer-regalos\/","title":{"rendered":"Gobierno aumenta a 5,500 d\u00f3lares la gracia navide\u00f1a para la di\u00e1spora traer regalos"},"content":{"rendered":"\n<p><strong>El director general de Aduanas, Eduardo -Yayo- Sanz Lovat\u00f3n, inform\u00f3 que la facilidad estar\u00e1 vigente del 1 de diciembre de 2025 al 15 de enero de 2026.<\/strong><\/p>\n\n\n\n<p>La Direcci\u00f3n General de Aduanas (DGA) anunci\u00f3 este domingo que la gracia navide\u00f1a correspondiente al a\u00f1o 2025 ser\u00e1 de 5,500 d\u00f3lares, &#8220;el monto m\u00e1s alto establecido hasta la fecha&#8221;.<\/p>\n\n\n\n<p>&#8220;La medida, dispuesta por el presidente Luis Abinader, busca reconocer los aportes de los dominicanos residentes en el exterior&#8221;.<\/p>\n\n\n\n<p>El director general de Aduanas, Eduardo -Yayo- Sanz Lovat\u00f3n, inform\u00f3 que la facilidad estar\u00e1 vigente del 1 de diciembre de 2025 al 15 de enero de 2026.<\/p>\n\n\n\n<p>Durante este per\u00edodo, los dominicanos que lleguen al pa\u00eds podr\u00e1n traer regalos para sus familiares exonerados del pago de impuestos, siempre que el valor FOB no exceda el monto permitido y que no se trate de art\u00edculos en cantidades comerciales.<\/p>\n\n\n\n<p>La DGA detall\u00f3 que la gracia se aplicar\u00e1 por familia y ser\u00e1 v\u00e1lida para quienes tengan m\u00e1s de seis meses sin visitar el pa\u00eds. Tambi\u00e9n se permitir\u00e1 una unidad por tipo de mercanc\u00eda, especialmente en el caso de electrodom\u00e9sticos.<\/p>\n\n\n\n<p>La instituci\u00f3n explic\u00f3 que la medida responde a la pol\u00edtica del Gobierno de reconocer y gratificar a la di\u00e1spora dominicana, por su impacto en la econom\u00eda y su arraigo al pa\u00eds.<\/p>\n\n\n\n<p>De US$3,000 a US$5,500<\/p>\n\n\n\n<p>Durante la gesti\u00f3n de Sanz Lovat\u00f3n, la gracia navide\u00f1a ha pasado de 3,000 a 5,500 d\u00f3lares, lo que representa un aumento de US$2,500 en cinco a\u00f1os. Adem\u00e1s, el per\u00edodo de aplicaci\u00f3n pas\u00f3 de 38 a 45 d\u00edas<\/p>\n","protected":false},"excerpt":{"rendered":"<p>El director general de Aduanas, Eduardo -Yayo- Sanz Lovat\u00f3n, inform\u00f3 que la facilidad estar\u00e1 vigente del 1 de diciembre de 2025 al 15 de enero de 2026. La Direcci\u00f3n General&hellip;<\/p>\n","protected":false},"author":10,"featured_media":59530,"comment_status":"open","ping_status":"open","sticky":false,"template":"","format":"standard","meta":{"content-type":"","jetpack_post_was_ever_published":false,"_jetpack_newsletter_access":"","_jetpack_dont_email_post_to_subs":false,"_jetpack_newsletter_tier_id":0,"_jetpack_memberships_contains_paywalled_content":false,"_jetpack_memberships_contains_paid_content":false,"footnotes":""},"categories":[39],"tags":[3019,2329,171,26029,7558],"class_list":["post-116442","post","type-post","status-publish","format-standard","has-post-thumbnail","hentry","category-economia","tag-dga","tag-diaspora","tag-gobierno","tag-gracia-navidena","tag-regalos"],"jetpack_featured_media_url":"https:\/\/lasprimeras.com.do\/wp-content\/uploads\/2023\/09\/DGA.jpg","jetpack-related-posts":[{"id":108751,"url":"https:\/\/lasprimeras.com.do\/index.php\/2025\/09\/10\/yayo-sanz-lovaton-el-gobierno-le-ha-declarado-la-guerra-al-comercio-ilicito-chino\/","url_meta":{"origin":116442,"position":0},"title":"Yayo Sanz Lovat\u00f3n: &#8220;El Gobierno le ha declarado la guerra al comercio il\u00edcito chino&#8221;","author":"Nelson Feliz","date":"10 de septiembre de 2025","format":false,"excerpt":"Director general de Aduanas afirm\u00f3 que entre impuestos, multas y sanciones a los negocios de origen asi\u00e1tico han recaudado 9,633 millones de pesos. Las tiendas de capital chino se han extendido por el territorio dominicano, sumado a un incremento de las importaciones, al menos desde 2021. Sin embargo, en el\u2026","rel":"","context":"En \u00abECONOM\u00cdA\u00bb","block_context":{"text":"ECONOM\u00cdA","link":"https:\/\/lasprimeras.com.do\/index.php\/category\/economia\/"},"img":{"alt_text":"Yayo Sanz Lovat\u00f3n","src":"https:\/\/i0.wp.com\/lasprimeras.com.do\/wp-content\/uploads\/2025\/07\/Yayo-Sanz-Lovaton.jpg?resize=350%2C200&ssl=1","width":350,"height":200,"srcset":"https:\/\/i0.wp.com\/lasprimeras.com.do\/wp-content\/uploads\/2025\/07\/Yayo-Sanz-Lovaton.jpg?resize=350%2C200&ssl=1 1x, https:\/\/i0.wp.com\/lasprimeras.com.do\/wp-content\/uploads\/2025\/07\/Yayo-Sanz-Lovaton.jpg?resize=525%2C300&ssl=1 1.5x"},"classes":[]},{"id":111491,"url":"https:\/\/lasprimeras.com.do\/index.php\/2025\/10\/09\/dga-y-contrataciones-publicas-exigiran-certificacion-tributaria-aduanera-para-proveedores-del-estado-desde-enero-2026\/","url_meta":{"origin":116442,"position":1},"title":"DGA y Contrataciones P\u00fablicas exigir\u00e1n certificaci\u00f3n tributaria aduanera para proveedores del Estado desde enero 2026","author":"Nelson Feliz","date":"9 de octubre de 2025","format":false,"excerpt":"La medida, que entrar\u00e1 en vigor el 2 de enero de 2026, busca asegurar que los proveedores del Estado est\u00e9n al d\u00eda con sus obligaciones tributarias aduaneras. La Direcci\u00f3n General de Aduanas (DGA) y la Direcci\u00f3n General de Contrataciones P\u00fablicas (DGCP) firmaron un acuerdo que establece la emisi\u00f3n obligatoria de\u2026","rel":"","context":"En \u00abECONOM\u00cdA\u00bb","block_context":{"text":"ECONOM\u00cdA","link":"https:\/\/lasprimeras.com.do\/index.php\/category\/economia\/"},"img":{"alt_text":"","src":"https:\/\/i0.wp.com\/lasprimeras.com.do\/wp-content\/uploads\/2025\/10\/DGA-y-Contrataciones-Publicas-1.jpg?resize=350%2C200&ssl=1","width":350,"height":200,"srcset":"https:\/\/i0.wp.com\/lasprimeras.com.do\/wp-content\/uploads\/2025\/10\/DGA-y-Contrataciones-Publicas-1.jpg?resize=350%2C200&ssl=1 1x, https:\/\/i0.wp.com\/lasprimeras.com.do\/wp-content\/uploads\/2025\/10\/DGA-y-Contrataciones-Publicas-1.jpg?resize=525%2C300&ssl=1 1.5x, https:\/\/i0.wp.com\/lasprimeras.com.do\/wp-content\/uploads\/2025\/10\/DGA-y-Contrataciones-Publicas-1.jpg?resize=700%2C400&ssl=1 2x, https:\/\/i0.wp.com\/lasprimeras.com.do\/wp-content\/uploads\/2025\/10\/DGA-y-Contrataciones-Publicas-1.jpg?resize=1050%2C600&ssl=1 3x"},"classes":[]},{"id":118580,"url":"https:\/\/lasprimeras.com.do\/index.php\/2025\/12\/31\/yayo-sanz-y-aguilera-encabezan-ranking-de-los-funcionarios-mejor-valorados-en-el-2025\/","url_meta":{"origin":116442,"position":2},"title":"Yayo Sanz y Aguilera encabezan ranking de los funcionarios mejor valorados en el 2025","author":"Nelson Feliz","date":"31 de diciembre de 2025","format":false,"excerpt":"La firma encuestadora de origen colombiana Panorama and Marketing Consulting, public\u00f3 su m\u00e1s reciente encuesta de satisfacci\u00f3n pol\u00edtica y opini\u00f3n p\u00fablica en la cual revela que los cinco funcionarios mejor valorados del Gobierno del presidente Luis Abinader son Director General de Aduanas (DGA), Eduardo Sanz Lovaton, el presidente ejecutivo de\u2026","rel":"","context":"En \u00abNACIONALES\u00bb","block_context":{"text":"NACIONALES","link":"https:\/\/lasprimeras.com.do\/index.php\/category\/nacionales\/"},"img":{"alt_text":"Yayo Sanz Lovat\u00f3n","src":"https:\/\/i0.wp.com\/lasprimeras.com.do\/wp-content\/uploads\/2025\/07\/Yayo-Sanz-Lovaton.jpg?resize=350%2C200&ssl=1","width":350,"height":200,"srcset":"https:\/\/i0.wp.com\/lasprimeras.com.do\/wp-content\/uploads\/2025\/07\/Yayo-Sanz-Lovaton.jpg?resize=350%2C200&ssl=1 1x, https:\/\/i0.wp.com\/lasprimeras.com.do\/wp-content\/uploads\/2025\/07\/Yayo-Sanz-Lovaton.jpg?resize=525%2C300&ssl=1 1.5x"},"classes":[]},{"id":119050,"url":"https:\/\/lasprimeras.com.do\/index.php\/2026\/01\/06\/abinader-designa-a-eduardo-yayo-sanz-lovaton-como-ministro-de-industria-comercio-y-mipymes\/","url_meta":{"origin":116442,"position":3},"title":"Abinader designa a Eduardo \u201cYayo\u201d Sanz Lovat\u00f3n como ministro de Industria, Comercio y Mipymes","author":"Nelson Feliz","date":"6 de enero de 2026","format":false,"excerpt":"\u201cYayo\u201d Sanz Lovat\u00f3n, quien desde el a\u00f1o 2020 fung\u00eda como director de la Direcci\u00f3n General de Aduanas, fue designado mediante el decreto n\u00famero 3-26. El presidente Luis Abinader design\u00f3 este martes a Eduardo \u201cYayo\u201d Sanz Lovat\u00f3n como nuevo ministro de Industria, Comercio y Mipymes en sustituci\u00f3n de V\u00edctor \u201cIto\u201d Bison\u00f3,\u2026","rel":"","context":"En \u00abNACIONALES\u00bb","block_context":{"text":"NACIONALES","link":"https:\/\/lasprimeras.com.do\/index.php\/category\/nacionales\/"},"img":{"alt_text":"Eduardo \u201cYayo\u201d Sanz Lovat\u00f3n","src":"https:\/\/i0.wp.com\/lasprimeras.com.do\/wp-content\/uploads\/2026\/01\/Eduardo-Sanz-Lovaton.jpeg?resize=350%2C200&ssl=1","width":350,"height":200,"srcset":"https:\/\/i0.wp.com\/lasprimeras.com.do\/wp-content\/uploads\/2026\/01\/Eduardo-Sanz-Lovaton.jpeg?resize=350%2C200&ssl=1 1x, https:\/\/i0.wp.com\/lasprimeras.com.do\/wp-content\/uploads\/2026\/01\/Eduardo-Sanz-Lovaton.jpeg?resize=525%2C300&ssl=1 1.5x"},"classes":[]},{"id":118236,"url":"https:\/\/lasprimeras.com.do\/index.php\/2025\/12\/24\/el-comercio-chino-ha-dejado-de-pagar-mas-de-rd1500-mm-2025-al-estado-informa-la-dga\/","url_meta":{"origin":116442,"position":4},"title":"El comercio chino ha dejado de pagar m\u00e1s de RD$1,500 MM 2025 al Estado, informa la DGA","author":"Nelson Feliz","date":"24 de diciembre de 2025","format":false,"excerpt":"Miembros de la Direcci\u00f3n General de Aduanas","rel":"","context":"En \u00abECONOM\u00cdA\u00bb","block_context":{"text":"ECONOM\u00cdA","link":"https:\/\/lasprimeras.com.do\/index.php\/category\/economia\/"},"img":{"alt_text":"","src":"https:\/\/i0.wp.com\/lasprimeras.com.do\/wp-content\/uploads\/2025\/12\/IMG-20251224-WA0163.jpg?resize=350%2C200&ssl=1","width":350,"height":200,"srcset":"https:\/\/i0.wp.com\/lasprimeras.com.do\/wp-content\/uploads\/2025\/12\/IMG-20251224-WA0163.jpg?resize=350%2C200&ssl=1 1x, https:\/\/i0.wp.com\/lasprimeras.com.do\/wp-content\/uploads\/2025\/12\/IMG-20251224-WA0163.jpg?resize=525%2C300&ssl=1 1.5x, https:\/\/i0.wp.com\/lasprimeras.com.do\/wp-content\/uploads\/2025\/12\/IMG-20251224-WA0163.jpg?resize=700%2C400&ssl=1 2x, https:\/\/i0.wp.com\/lasprimeras.com.do\/wp-content\/uploads\/2025\/12\/IMG-20251224-WA0163.jpg?resize=1050%2C600&ssl=1 3x, https:\/\/i0.wp.com\/lasprimeras.com.do\/wp-content\/uploads\/2025\/12\/IMG-20251224-WA0163.jpg?resize=1400%2C800&ssl=1 4x"},"classes":[]},{"id":117261,"url":"https:\/\/lasprimeras.com.do\/index.php\/2025\/12\/09\/dominicanos-regresan-a-casa-en-navidad-aeropuerto-las-americas-repleto-de-viajeros\/","url_meta":{"origin":116442,"position":5},"title":"Dominicanos regresan a casa en Navidad: Aeropuerto Las Am\u00e9ricas repleto de viajeros","author":"Nelson Feliz","date":"9 de diciembre de 2025","format":false,"excerpt":"Por Diogenes Tejada AEROPUERTO LAS AM\u00e9RICAS. En medida en que se aproximan los d\u00edas para la celebraci\u00f3n de la cena de Nochebuena y festejar la llegada de un nuevo a\u00f1o 2026, aumenta la cantidad de dominicanos ausentes que est\u00e1n llegando al pa\u00eds desde diversos destinos del exterior, confundi\u00e9ndose entre familiares\u2026","rel":"","context":"En \u00abTURISMO\u00bb","block_context":{"text":"TURISMO","link":"https:\/\/lasprimeras.com.do\/index.php\/category\/turismo\/"},"img":{"alt_text":"","src":"https:\/\/i0.wp.com\/lasprimeras.com.do\/wp-content\/uploads\/2024\/08\/AILA.jpeg?resize=350%2C200&ssl=1","width":350,"height":200,"srcset":"https:\/\/i0.wp.com\/lasprimeras.com.do\/wp-content\/uploads\/2024\/08\/AILA.jpeg?resize=350%2C200&ssl=1 1x, https:\/\/i0.wp.com\/lasprimeras.com.do\/wp-content\/uploads\/2024\/08\/AILA.jpeg?resize=525%2C300&ssl=1 1.5x, https:\/\/i0.wp.com\/lasprimeras.com.do\/wp-content\/uploads\/2024\/08\/AILA.jpeg?resize=700%2C400&ssl=1 2x"},"classes":[]}],"jetpack_sharing_enabled":true,"_links":{"self":[{"href":"https:\/\/lasprimeras.com.do\/index.php\/wp-json\/wp\/v2\/posts\/116442","targetHints":{"allow":["GET"]}}],"collection":[{"href":"https:\/\/lasprimeras.com.do\/index.php\/wp-json\/wp\/v2\/posts"}],"about":[{"href":"https:\/\/lasprimeras.com.do\/index.php\/wp-json\/wp\/v2\/types\/post"}],"author":[{"embeddable":true,"href":"https:\/\/lasprimeras.com.do\/index.php\/wp-json\/wp\/v2\/users\/10"}],"replies":[{"embeddable":true,"href":"https:\/\/lasprimeras.com.do\/index.php\/wp-json\/wp\/v2\/comments?post=116442"}],"version-history":[{"count":1,"href":"https:\/\/lasprimeras.com.do\/index.php\/wp-json\/wp\/v2\/posts\/116442\/revisions"}],"predecessor-version":[{"id":116443,"href":"https:\/\/lasprimeras.com.do\/index.php\/wp-json\/wp\/v2\/posts\/116442\/revisions\/116443"}],"wp:featuredmedia":[{"embeddable":true,"href":"https:\/\/lasprimeras.com.do\/index.php\/wp-json\/wp\/v2\/media\/59530"}],"wp:attachment":[{"href":"https:\/\/lasprimeras.com.do\/index.php\/wp-json\/wp\/v2\/media?parent=116442"}],"wp:term":[{"taxonomy":"category","embeddable":true,"href":"https:\/\/lasprimeras.com.do\/index.php\/wp-json\/wp\/v2\/categories?post=116442"},{"taxonomy":"post_tag","embeddable":true,"href":"https:\/\/lasprimeras.com.do\/index.php\/wp-json\/wp\/v2\/tags?post=116442"}],"curies":[{"name":"wp","href":"https:\/\/api.w.org\/{rel}","templated":true}]}}