{"id":116447,"date":"2025-12-01T16:20:08","date_gmt":"2025-12-01T20:20:08","guid":{"rendered":"https:\/\/lasprimeras.com.do\/?p=116447"},"modified":"2025-12-01T16:20:10","modified_gmt":"2025-12-01T20:20:10","slug":"pld-pide-judicializar-posibles-irregularidades-en-equipos-e-insumos-hospitalarios","status":"publish","type":"post","link":"https:\/\/lasprimeras.com.do\/index.php\/2025\/12\/01\/pld-pide-judicializar-posibles-irregularidades-en-equipos-e-insumos-hospitalarios\/","title":{"rendered":"PLD pide judicializar posibles irregularidades en equipos e insumos hospitalarios"},"content":{"rendered":"\n<p><strong>Acusa al Gobierno de favorecer sectores privados, desviar fondos y permitir contratos de proveedor \u00fanico.<\/strong><\/p>\n\n\n\n<p>El Partido de la Liberaci\u00f3n Dominicana (PLD) exigi\u00f3 este lunes acciones judiciales inmediatas ante lo que describe como &#8220;posibles irregularidades&#8221; en la compra, provisi\u00f3n y manejo de equipos e insumos hospitalarios durante la gesti\u00f3n del Gobierno del Partido Revolucionario Moderno (PRM).<\/p>\n\n\n\n<p>La organizaci\u00f3n denunci\u00f3 v\u00ednculos de altos funcionarios del sector salud con intereses privados, desv\u00edo de recursos, impunidad en casos recientes y contratos de proveedor \u00fanico que, aseguran, favorecen a grupos selectos dentro del \u00e1mbito sanitario.<\/p>\n\n\n\n<p>El PLD advirti\u00f3 que estas pr\u00e1cticas, especialmente en instituciones como Promese-Cal, afectan la competencia, encarecen insumos m\u00e9dicos y dejan al sistema p\u00fablico sin respuestas oportunas, en detrimento directo de los pacientes.<\/p>\n\n\n\n<p>Se\u00f1al\u00f3 que la recurrencia de contratos otorgados sin competencia constituye una se\u00f1al de &#8220;falta de transparencia y de posible manipulaci\u00f3n del gasto p\u00fablico&#8221;.<\/p>\n\n\n\n<p>La organizaci\u00f3n pol\u00edtica tambi\u00e9n alert\u00f3 sobre versiones que vinculan a funcionarios del Servicio Nacional de Salud (SNS) con empresas privadas del sector, lo que \u2014seg\u00fan plantean\u2014 podr\u00eda explicar retrasos, fallas y la ausencia de controles adecuados en la instalaci\u00f3n y mantenimiento de equipos hospitalarios.<\/p>\n\n\n\n<p>Como ejemplo, citaron el Hospital Municipal de Yamas\u00e1, donde un quir\u00f3fano equipado hace ocho meses permanece sin uso porque la empresa suplidora no ha realizado la inducci\u00f3n t\u00e9cnica del personal.<\/p>\n\n\n\n<p>Otro punto cr\u00edtico se\u00f1alado por el partido fue la situaci\u00f3n del Seguro Nacional de Salud (Senasa), al que calificaron como &#8220;el caso m\u00e1s alarmante&#8221; entre las irregularidades recientes.<\/p>\n\n\n\n<p>Aunque no detallaron en el comunicado las informaciones espec\u00edficas, el PLD dijo esperar que se abran acciones judiciales &#8220;sin vacas sagradas&#8221; y con total apego a la ley.<\/p>\n\n\n\n<p>Sobre el funcionamiento general del sistema, el PLD denunci\u00f3 que el Gobierno ha presentado un discurso de avances que no se corresponde con los hechos. Afirm\u00f3 que, pese a anunciarse presupuesto para atender a m\u00e1s de 8,200 pacientes con enfermedades catastr\u00f3ficas, solo 1,560 habr\u00edan recibido asistencia efectiva.<\/p>\n\n\n\n<p>De igual forma, critic\u00f3 la ejecuci\u00f3n presupuestaria: 76% en el segundo trimestre y 56% en el tercero, porcentajes que \u2014seg\u00fan el partido\u2014 muestran un deterioro que se traduce en muertes y falta de tratamiento oportuno.<\/p>\n\n\n\n<p>Las denuncias incluyeron fallas graves en infraestructura y servicios esenciales. Se\u00f1alaron que el Hospital de Especialidades de la Ciudad Sanitaria sigue sin operar completamente, mientras centros como el Instituto Nacional del C\u00e1ncer (Incart) enfrentaron un apag\u00f3n de m\u00e1s de 36 horas que, seg\u00fan el PLD, habr\u00eda provocado muertes, afectado el sistema interno y retrasado la entrega de medicamentos.<\/p>\n\n\n\n<p>El partido tambi\u00e9n asegur\u00f3 que algunos centros han retomado la pr\u00e1ctica de reutilizar materiales desechables por falta de insumos de calidad, lo que calific\u00f3 como un retroceso y una se\u00f1al de falta de humanizaci\u00f3n en los servicios p\u00fablicos de salud.<\/p>\n\n\n\n<p><strong>Ante este escenario, el PLD present\u00f3 cinco exigencias principales:<\/strong><\/p>\n\n\n\n<p>Transparencia total sobre los montos desviados, los contratos cuestionados y los responsables.<\/p>\n\n\n\n<p>Justicia efectiva que impida impunidad entre los involucrados.<\/p>\n\n\n\n<p>Explicar y establecer responsabilidades sobre el apag\u00f3n del Incart y sus consecuencias.<\/p>\n\n\n\n<p>Presentar un plan t\u00e9cnico para garantizar medicamentos de alto costo a los pacientes que los requieren.<\/p>\n\n\n\n<p>Rendir cuentas sobre la reutilizaci\u00f3n de insumos desechables en centros p\u00fablicos.<\/p>\n\n\n\n<p>El PLD concluy\u00f3 afirmando que cuando se malversan fondos en salud no se roba dinero, se roba vida&#8221;, y demand\u00f3 que este caso no se convierta en &#8220;otro cap\u00edtulo de impunidad&#8221;.<\/p>\n\n\n\n<p>Reclam\u00f3 una transformaci\u00f3n del sistema sanitario y que &#8220;la salud deje de ser bot\u00edn pol\u00edtico&#8221;.<\/p>\n","protected":false},"excerpt":{"rendered":"<p>Acusa al Gobierno de favorecer sectores privados, desviar fondos y permitir contratos de proveedor \u00fanico. El Partido de la Liberaci\u00f3n Dominicana (PLD) exigi\u00f3 este lunes acciones judiciales inmediatas ante lo&hellip;<\/p>\n","protected":false},"author":10,"featured_media":116448,"comment_status":"open","ping_status":"open","sticky":false,"template":"","format":"standard","meta":{"content-type":"","jetpack_post_was_ever_published":false,"_jetpack_newsletter_access":"","_jetpack_dont_email_post_to_subs":false,"_jetpack_newsletter_tier_id":0,"_jetpack_memberships_contains_paywalled_content":false,"_jetpack_memberships_contains_paid_content":false,"footnotes":""},"categories":[25,16558],"tags":[852,28016,509,28015,269],"class_list":["post-116447","post","type-post","status-publish","format-standard","has-post-thumbnail","hentry","category-portada","category-salud","tag-equipos","tag-insumos-hospitalarios","tag-irregularidades","tag-judicializar","tag-pld"],"jetpack_featured_media_url":"https:\/\/lasprimeras.com.do\/wp-content\/uploads\/2025\/12\/Rafael-Gonzalez.jpg","jetpack-related-posts":[{"id":121242,"url":"https:\/\/lasprimeras.com.do\/index.php\/2026\/02\/02\/pld-exige-transparencia-e-intervencion-urgente-para-garantizar-atencion-digna-en-hospitales-publicos\/","url_meta":{"origin":116447,"position":0},"title":"PLD exige transparencia e intervenci\u00f3n urgente para garantizar atenci\u00f3n digna en hospitales p\u00fablicos","author":"Nelson Feliz","date":"2 de febrero de 2026","format":false,"excerpt":"El Partido de la Liberaci\u00f3n Dominicana (PLD) expres\u00f3 su profunda preocupaci\u00f3n por la situaci\u00f3n que viven miles de pacientes en hospitales del sistema p\u00fablico de salud, al tiempo que exigi\u00f3 la intervenci\u00f3n urgente para garantizar una atenci\u00f3n digna a los enfermos. Retraso en los procedimientos, carencia de insumos, deterioro de\u2026","rel":"","context":"En \u00abPOLITICA\u00bb","block_context":{"text":"POLITICA","link":"https:\/\/lasprimeras.com.do\/index.php\/category\/politica\/"},"img":{"alt_text":"","src":"https:\/\/i0.wp.com\/lasprimeras.com.do\/wp-content\/uploads\/2026\/02\/76255b26-bdbf-4ce9-aafe-d347dd244614.jpg?resize=350%2C200&ssl=1","width":350,"height":200,"srcset":"https:\/\/i0.wp.com\/lasprimeras.com.do\/wp-content\/uploads\/2026\/02\/76255b26-bdbf-4ce9-aafe-d347dd244614.jpg?resize=350%2C200&ssl=1 1x, https:\/\/i0.wp.com\/lasprimeras.com.do\/wp-content\/uploads\/2026\/02\/76255b26-bdbf-4ce9-aafe-d347dd244614.jpg?resize=525%2C300&ssl=1 1.5x, https:\/\/i0.wp.com\/lasprimeras.com.do\/wp-content\/uploads\/2026\/02\/76255b26-bdbf-4ce9-aafe-d347dd244614.jpg?resize=700%2C400&ssl=1 2x, https:\/\/i0.wp.com\/lasprimeras.com.do\/wp-content\/uploads\/2026\/02\/76255b26-bdbf-4ce9-aafe-d347dd244614.jpg?resize=1050%2C600&ssl=1 3x, https:\/\/i0.wp.com\/lasprimeras.com.do\/wp-content\/uploads\/2026\/02\/76255b26-bdbf-4ce9-aafe-d347dd244614.jpg?resize=1400%2C800&ssl=1 4x"},"classes":[]},{"id":109390,"url":"https:\/\/lasprimeras.com.do\/index.php\/2025\/09\/17\/perdoname-danilo-consigna-del-pld-para-reposicionarse-pero-el-caso-maxy-montilla-lo-acecha\/","url_meta":{"origin":116447,"position":1},"title":"&#8220;Perd\u00f3name Danilo&#8221;, consigna del PLD para reposicionarse; pero el caso Maxy Montilla lo acecha","author":"Nelson Feliz","date":"17 de septiembre de 2025","format":false,"excerpt":"El Partido de la Liberaci\u00f3n Dominicana (PLD) comienza a mostrar se\u00f1ales de reacomodo interno con miras a las elecciones de 2028; pero el caso de Maxy Montilla puede ser un gran obst\u00e1culo- Sectores del PLD promueven un giro discursivo que rompa con la imagen de un partido atrapado por los\u2026","rel":"","context":"En \u00abPOLITICA\u00bb","block_context":{"text":"POLITICA","link":"https:\/\/lasprimeras.com.do\/index.php\/category\/politica\/"},"img":{"alt_text":"","src":"https:\/\/i0.wp.com\/lasprimeras.com.do\/wp-content\/uploads\/2025\/09\/danilo-medina-1.jpg?resize=350%2C200&ssl=1","width":350,"height":200,"srcset":"https:\/\/i0.wp.com\/lasprimeras.com.do\/wp-content\/uploads\/2025\/09\/danilo-medina-1.jpg?resize=350%2C200&ssl=1 1x, https:\/\/i0.wp.com\/lasprimeras.com.do\/wp-content\/uploads\/2025\/09\/danilo-medina-1.jpg?resize=525%2C300&ssl=1 1.5x, https:\/\/i0.wp.com\/lasprimeras.com.do\/wp-content\/uploads\/2025\/09\/danilo-medina-1.jpg?resize=700%2C400&ssl=1 2x"},"classes":[]},{"id":109847,"url":"https:\/\/lasprimeras.com.do\/index.php\/2025\/09\/22\/pld-exhorta-al-presidente-a-ordenar-investigacion-integral-sobre-irregularidades-en-el-inabie\/","url_meta":{"origin":116447,"position":2},"title":"PLD exhorta al presidente a ordenar investigaci\u00f3n integral sobre irregularidades en el INABIE","author":"Nelson Feliz","date":"22 de septiembre de 2025","format":false,"excerpt":"\u201cEl presidente ha dicho que no tiene c\u00f3mplices. Hoy tiene la oportunidad de demostrarlo ante toda la sociedad\u201d, resalta el PLD en rueda de prensa en la que reclama transparencia en INABIE El Partido de la Liberaci\u00f3n Dominicana (PLD) exhort\u00f3 este lunes al presidente de la Rep\u00fablica a instruir una\u2026","rel":"","context":"En \u00abPOLITICA\u00bb","block_context":{"text":"POLITICA","link":"https:\/\/lasprimeras.com.do\/index.php\/category\/politica\/"},"img":{"alt_text":"","src":"https:\/\/i0.wp.com\/lasprimeras.com.do\/wp-content\/uploads\/2025\/09\/pujols.jpg?resize=350%2C200&ssl=1","width":350,"height":200,"srcset":"https:\/\/i0.wp.com\/lasprimeras.com.do\/wp-content\/uploads\/2025\/09\/pujols.jpg?resize=350%2C200&ssl=1 1x, https:\/\/i0.wp.com\/lasprimeras.com.do\/wp-content\/uploads\/2025\/09\/pujols.jpg?resize=525%2C300&ssl=1 1.5x, https:\/\/i0.wp.com\/lasprimeras.com.do\/wp-content\/uploads\/2025\/09\/pujols.jpg?resize=700%2C400&ssl=1 2x"},"classes":[]},{"id":99870,"url":"https:\/\/lasprimeras.com.do\/index.php\/2025\/05\/28\/johnny-pujols-nunca-ha-habido-mas-corrupcion-en-el-pais-como-ahora\/","url_meta":{"origin":116447,"position":3},"title":"Johnny Pujols: \u201cNunca ha habido m\u00e1s corrupci\u00f3n en el pa\u00eds como ahora\u201d","author":"Nelson Feliz","date":"28 de mayo de 2025","format":false,"excerpt":"El secretario general del Partido de la Liberaci\u00f3n Dominicana (PLD), Johnny Pujols, afirm\u00f3 que en el pa\u00eds no se hab\u00eda visto tanta corrupci\u00f3n como en la actualidad, criticando la pasividad del Ministerio P\u00fablico frente a los casos que involucran al partido oficialista. \u201cNunca ha habido como ahora, eso va a\u2026","rel":"","context":"En \u00abPOLITICA\u00bb","block_context":{"text":"POLITICA","link":"https:\/\/lasprimeras.com.do\/index.php\/category\/politica\/"},"img":{"alt_text":"Johnny Pujols","src":"https:\/\/i0.wp.com\/lasprimeras.com.do\/wp-content\/uploads\/2025\/05\/Johnny-Pujols.png?resize=350%2C200&ssl=1","width":350,"height":200,"srcset":"https:\/\/i0.wp.com\/lasprimeras.com.do\/wp-content\/uploads\/2025\/05\/Johnny-Pujols.png?resize=350%2C200&ssl=1 1x, https:\/\/i0.wp.com\/lasprimeras.com.do\/wp-content\/uploads\/2025\/05\/Johnny-Pujols.png?resize=525%2C300&ssl=1 1.5x, https:\/\/i0.wp.com\/lasprimeras.com.do\/wp-content\/uploads\/2025\/05\/Johnny-Pujols.png?resize=700%2C400&ssl=1 2x"},"classes":[]},{"id":122500,"url":"https:\/\/lasprimeras.com.do\/index.php\/2026\/02\/18\/observatorio-regional-rechaza-comparar-contratos-de-excepcion-del-sns-con-caso-senasa\/","url_meta":{"origin":116447,"position":4},"title":"Observatorio regional rechaza comparar contratos de excepci\u00f3n del SNS con caso SeNaSa","author":"Nelson Feliz","date":"18 de febrero de 2026","format":false,"excerpt":"La entidad llama a prudencia t\u00e9cnica. Bogot\u00e1, Colombia. \u2013 El Observatorio Latinoamericano de Desarrollo Sostenible (OLDS) expres\u00f3 su preocupaci\u00f3n por el clima de opini\u00f3n generado en torno a los contratos de excepci\u00f3n en el Sistema Nacional de Salud (SNS) de la Rep\u00fablica Dominicana. Rechaz\u00f3 la comparaci\u00f3n medi\u00e1tica con el caso\u2026","rel":"","context":"En \u00abNACIONALES\u00bb","block_context":{"text":"NACIONALES","link":"https:\/\/lasprimeras.com.do\/index.php\/category\/nacionales\/"},"img":{"alt_text":"","src":"https:\/\/i0.wp.com\/lasprimeras.com.do\/wp-content\/uploads\/2024\/10\/lupa.jpg?resize=350%2C200&ssl=1","width":350,"height":200,"srcset":"https:\/\/i0.wp.com\/lasprimeras.com.do\/wp-content\/uploads\/2024\/10\/lupa.jpg?resize=350%2C200&ssl=1 1x, https:\/\/i0.wp.com\/lasprimeras.com.do\/wp-content\/uploads\/2024\/10\/lupa.jpg?resize=525%2C300&ssl=1 1.5x, https:\/\/i0.wp.com\/lasprimeras.com.do\/wp-content\/uploads\/2024\/10\/lupa.jpg?resize=700%2C400&ssl=1 2x"},"classes":[]},{"id":120066,"url":"https:\/\/lasprimeras.com.do\/index.php\/2026\/01\/19\/pld-exige-al-ministerio-publico-investigar-denuncias-de-corrupcion-video\/","url_meta":{"origin":116447,"position":5},"title":"PLD exige al Ministerio P\u00fablico investigar denuncias de corrupci\u00f3n | Video","author":"Nelson Feliz","date":"19 de enero de 2026","format":false,"excerpt":"Ivan Lorenzo","rel":"","context":"En \u00abPOLITICA\u00bb","block_context":{"text":"POLITICA","link":"https:\/\/lasprimeras.com.do\/index.php\/category\/politica\/"},"img":{"alt_text":"Ivan Lorenzo","src":"https:\/\/i0.wp.com\/lasprimeras.com.do\/wp-content\/uploads\/2026\/01\/Ivan-Lorenzo.jpg?resize=350%2C200&ssl=1","width":350,"height":200,"srcset":"https:\/\/i0.wp.com\/lasprimeras.com.do\/wp-content\/uploads\/2026\/01\/Ivan-Lorenzo.jpg?resize=350%2C200&ssl=1 1x, https:\/\/i0.wp.com\/lasprimeras.com.do\/wp-content\/uploads\/2026\/01\/Ivan-Lorenzo.jpg?resize=525%2C300&ssl=1 1.5x, https:\/\/i0.wp.com\/lasprimeras.com.do\/wp-content\/uploads\/2026\/01\/Ivan-Lorenzo.jpg?resize=700%2C400&ssl=1 2x"},"classes":[]}],"jetpack_sharing_enabled":true,"_links":{"self":[{"href":"https:\/\/lasprimeras.com.do\/index.php\/wp-json\/wp\/v2\/posts\/116447","targetHints":{"allow":["GET"]}}],"collection":[{"href":"https:\/\/lasprimeras.com.do\/index.php\/wp-json\/wp\/v2\/posts"}],"about":[{"href":"https:\/\/lasprimeras.com.do\/index.php\/wp-json\/wp\/v2\/types\/post"}],"author":[{"embeddable":true,"href":"https:\/\/lasprimeras.com.do\/index.php\/wp-json\/wp\/v2\/users\/10"}],"replies":[{"embeddable":true,"href":"https:\/\/lasprimeras.com.do\/index.php\/wp-json\/wp\/v2\/comments?post=116447"}],"version-history":[{"count":1,"href":"https:\/\/lasprimeras.com.do\/index.php\/wp-json\/wp\/v2\/posts\/116447\/revisions"}],"predecessor-version":[{"id":116449,"href":"https:\/\/lasprimeras.com.do\/index.php\/wp-json\/wp\/v2\/posts\/116447\/revisions\/116449"}],"wp:featuredmedia":[{"embeddable":true,"href":"https:\/\/lasprimeras.com.do\/index.php\/wp-json\/wp\/v2\/media\/116448"}],"wp:attachment":[{"href":"https:\/\/lasprimeras.com.do\/index.php\/wp-json\/wp\/v2\/media?parent=116447"}],"wp:term":[{"taxonomy":"category","embeddable":true,"href":"https:\/\/lasprimeras.com.do\/index.php\/wp-json\/wp\/v2\/categories?post=116447"},{"taxonomy":"post_tag","embeddable":true,"href":"https:\/\/lasprimeras.com.do\/index.php\/wp-json\/wp\/v2\/tags?post=116447"}],"curies":[{"name":"wp","href":"https:\/\/api.w.org\/{rel}","templated":true}]}}