{"id":116532,"date":"2025-12-02T08:29:41","date_gmt":"2025-12-02T12:29:41","guid":{"rendered":"https:\/\/lasprimeras.com.do\/?p=116532"},"modified":"2025-12-02T08:29:42","modified_gmt":"2025-12-02T12:29:42","slug":"red-bull-lamenta-acusaciones-de-que-kimi-antonelli-dejo-pasar-a-lando-norris","status":"publish","type":"post","link":"https:\/\/lasprimeras.com.do\/index.php\/2025\/12\/02\/red-bull-lamenta-acusaciones-de-que-kimi-antonelli-dejo-pasar-a-lando-norris\/","title":{"rendered":"Red Bull lamenta acusaciones de que Kimi Antonelli dej\u00f3 pasar a Lando Norris"},"content":{"rendered":"\n<p>POR JAMES ELLINGWORTH<\/p>\n\n\n\n<p>Red Bull expres\u00f3 su pesar el lunes tras comentarios \u201cclaramente incorrectos\u201d que alegan que Kimi Antonelli de Mercedes hab\u00eda dejado pasar a Lando Norris en el Gran Premio de Qatar, influyendo en la lucha por el t\u00edtulo de F\u00f3rmula 1, despu\u00e9s de que el novato italiano recibiera amenazas de muerte en las redes sociales.<\/p>\n\n\n\n<p>Norris, l\u00edder de la clasificaci\u00f3n, estaba en el quinto lugar detr\u00e1s de Antonelli hacia el final de la carrera del domingo cuando el italiano se desliz\u00f3 hacia afuera y Norris lo adelant\u00f3 para ocupar el cuarto puesto.<\/p>\n\n\n\n<p>Eso permiti\u00f3 al piloto de McLaren mantenerse 12 puntos por delante de Max Verstappen de Red Bull antes del final de la temporada este fin de semana en Abu Dabi.<\/p>\n\n\n\n<p>El ingeniero de carrera de Verstappen, Gianpiero Lambiase, sugiri\u00f3 al multicampe\u00f3n neerland\u00e9s a trav\u00e9s de la radio que parec\u00eda que Antonelli hab\u00eda dejado pasar a Norris, y el asesor de Red Bull, Helmut Marko, afirm\u00f3 que Antonelli \u201cle hizo una se\u00f1al para que pasara\u201d en comentarios a Sky Sport Alemania.<\/p>\n\n\n\n<p>\u201cLos comentarios hechos antes del final e inmediatamente despu\u00e9s del GP de Qatar sugiriendo que el piloto de Mercedes Kimi Antonelli hab\u00eda permitido deliberadamente que Lando Norris lo adelantara son claramente incorrectos\u201d, public\u00f3 Red Bull en las redes sociales el lunes.<\/p>\n\n\n\n<p>\u201cLas im\u00e1genes de repetici\u00f3n muestran a Antonelli perdiendo moment\u00e1neamente el control de su auto, permitiendo as\u00ed que Norris lo adelantara. Lamentamos sinceramente que esto haya llevado a que Kimi reciba abusos en las redes\u201d, a\u00f1adi\u00f3.<\/p>\n\n\n\n<p>Mercedes inform\u00f3 que m\u00e1s de 1.100 comentarios descritos como \u201cseveros o sospechosos\u201d fueron dejados en las cuentas de redes sociales de Antonelli, incluidas amenazas de muerte y comentarios dese\u00e1ndole da\u00f1o, y m\u00e1s de 330 comentarios severos o sospechosos fueron dejados en las cuentas del equipo.<\/p>\n\n\n\n<p>El equipo a\u00f1adi\u00f3 que los comentarios fueron se\u00f1alados por herramientas que impidieron que fueran visibles para el p\u00fablico y ser\u00e1n remitidos al organismo rector, la Federaci\u00f3n Internacional del Autom\u00f3vil, como parte de su campa\u00f1a contra el abuso en las redes sociales.<\/p>\n\n\n\n<p>Se modific\u00f3 la foto de perfil en la cuenta Instagram de Antonelli, dej\u00e1ndola con un c\u00edrculo negro simple.<\/p>\n\n\n\n<p>Antonelli fue defendido por el director del equipo Mercedes, Toto Wolff, quien dijo que era \u201cdif\u00edcil de entender\u201d las afirmaciones de que el novato italiano hab\u00eda cedido su posici\u00f3n, especialmente cuando a\u00fan ten\u00eda la oportunidad de alcanzar a Carlos Sainz, Jr. por el tercer lugar en ese momento.<\/p>\n\n\n\n<p>\u201c\u00bfC\u00f3mo de descerebrado hay que ser para decir algo as\u00ed?\u201d, declar\u00f3 Wolff. \u201cEscuchar ese sinsentido hace que me estalle la cabeza\u201d.<\/p>\n\n\n\n<p>Antonelli afirm\u00f3 que presion\u00f3 al m\u00e1ximo para mantenerse adelante de Norris en las \u00faltimas vueltas.<\/p>\n\n\n\n<p>\u201cDesafortunadamente, simplemente presion\u00e9 un poco demasiado. Perd\u00ed la forma en la curva nueve y luego tuve un gran sobreviraje\u201d, dijo Antonelli.<\/p>\n\n\n\n<p>\u201cTuve suerte de salvar el auto, pero lamentablemente perd\u00ed la posici\u00f3n frente al McLaren. Fue una forma frustrante y decepcionante de terminar lo que hab\u00eda sido una buena carrera hasta ese momento\u201d, subray\u00f3.<\/p>\n","protected":false},"excerpt":{"rendered":"<p>POR JAMES ELLINGWORTH Red Bull expres\u00f3 su pesar el lunes tras comentarios \u201cclaramente incorrectos\u201d que alegan que Kimi Antonelli de Mercedes hab\u00eda dejado pasar a Lando Norris en el Gran&hellip;<\/p>\n","protected":false},"author":10,"featured_media":116533,"comment_status":"open","ping_status":"open","sticky":false,"template":"","format":"standard","meta":{"content-type":"","jetpack_post_was_ever_published":false,"_jetpack_newsletter_access":"","_jetpack_dont_email_post_to_subs":false,"_jetpack_newsletter_tier_id":0,"_jetpack_memberships_contains_paywalled_content":false,"_jetpack_memberships_contains_paid_content":false,"footnotes":""},"categories":[630],"tags":[2191,28060,28061,28059],"class_list":["post-116532","post","type-post","status-publish","format-standard","has-post-thumbnail","hentry","category-deportes","tag-acusaciones","tag-kimi-antonelli","tag-lando-norris","tag-red-bull"],"jetpack_featured_media_url":"https:\/\/lasprimeras.com.do\/wp-content\/uploads\/2025\/12\/Red-Bull.jpg","jetpack-related-posts":[{"id":108521,"url":"https:\/\/lasprimeras.com.do\/index.php\/2025\/09\/08\/verstappen-gana-de-manera-dominante-el-gp-de-italia-su-primer-triunfo-desde-mayo\/","url_meta":{"origin":116532,"position":0},"title":"Verstappen gana de manera dominante el GP de Italia, su primer triunfo desde mayo","author":"Nelson Feliz","date":"8 de septiembre de 2025","format":false,"excerpt":"POR DANIELLA MATAR MONZA, Italia (AP) \u2014 Max Verstappen reclam\u00f3 una victoria dominante en el Gran Premio de Italia el domingo, por delante de los contendientes al t\u00edtulo y compa\u00f1eros de equipo de McLaren, Lando Norris y Oscar Piastri. Fue la primera victoria de Verstappen desde mayo, y solo la\u2026","rel":"","context":"En \u00abDEPORTES\u00bb","block_context":{"text":"DEPORTES","link":"https:\/\/lasprimeras.com.do\/index.php\/category\/deportes\/"},"img":{"alt_text":"","src":"https:\/\/i0.wp.com\/lasprimeras.com.do\/wp-content\/uploads\/2025\/09\/Max-Verstappen.jpg?resize=350%2C200&ssl=1","width":350,"height":200,"srcset":"https:\/\/i0.wp.com\/lasprimeras.com.do\/wp-content\/uploads\/2025\/09\/Max-Verstappen.jpg?resize=350%2C200&ssl=1 1x, https:\/\/i0.wp.com\/lasprimeras.com.do\/wp-content\/uploads\/2025\/09\/Max-Verstappen.jpg?resize=525%2C300&ssl=1 1.5x, https:\/\/i0.wp.com\/lasprimeras.com.do\/wp-content\/uploads\/2025\/09\/Max-Verstappen.jpg?resize=700%2C400&ssl=1 2x"},"classes":[]},{"id":115482,"url":"https:\/\/lasprimeras.com.do\/index.php\/2025\/11\/23\/max-verstappen-gana-el-gran-premio-de-las-vegas-y-se-acerca-a-la-cima-en-la-f1\/","url_meta":{"origin":116532,"position":1},"title":"Max Verstappen gana el Gran Premio de Las Vegas y se acerca a la cima en la F1","author":"Nelson Feliz","date":"23 de noviembre de 2025","format":false,"excerpt":"POR JENNA FRYER LAS VEGAS (AP) \u2014 Para ser un piloto que odiaba el Gran Premio de Las Vegas antes de haber dado una sola vuelta aqu\u00ed, Max Verstappen ciertamente ha convertido esta carrera en una mina de oro. Verstappen, tetracampe\u00f3n reinante de la F\u00f3rmula Uno, triunf\u00f3 por segunda vez\u2026","rel":"","context":"En \u00abDEPORTES\u00bb","block_context":{"text":"DEPORTES","link":"https:\/\/lasprimeras.com.do\/index.php\/category\/deportes\/"},"img":{"alt_text":"","src":"https:\/\/i0.wp.com\/lasprimeras.com.do\/wp-content\/uploads\/2025\/11\/Max-Verstappen.jpg?resize=350%2C200&ssl=1","width":350,"height":200,"srcset":"https:\/\/i0.wp.com\/lasprimeras.com.do\/wp-content\/uploads\/2025\/11\/Max-Verstappen.jpg?resize=350%2C200&ssl=1 1x, https:\/\/i0.wp.com\/lasprimeras.com.do\/wp-content\/uploads\/2025\/11\/Max-Verstappen.jpg?resize=525%2C300&ssl=1 1.5x, https:\/\/i0.wp.com\/lasprimeras.com.do\/wp-content\/uploads\/2025\/11\/Max-Verstappen.jpg?resize=700%2C400&ssl=1 2x"},"classes":[]},{"id":126037,"url":"https:\/\/lasprimeras.com.do\/index.php\/2026\/03\/29\/adolescente-kimi-antonelli-gana-el-gp-de-japon-para-su-segunda-victoria-consecutiva\/","url_meta":{"origin":116532,"position":2},"title":"Adolescente Kimi Antonelli gana el GP de Jap\u00f3n para su segunda victoria consecutiva","author":"Nelson Feliz","date":"29 de marzo de 2026","format":false,"excerpt":"POR STEPHEN WADE SUZUKA, Jap\u00f3n (AP) \u2014 El italiano Kimi Antonelli, el piloto de Mercedes de 19 a\u00f1os, gan\u00f3 el domingo su segunda carrera consecutiva de F\u00f3rmula 1 al imponerse en el Gran Premio de Jap\u00f3n por delante de Oscar Piastri, de McLaren. Antonelli termin\u00f3 con una c\u00f3moda ventaja de\u2026","rel":"","context":"En \u00abDEPORTES\u00bb","block_context":{"text":"DEPORTES","link":"https:\/\/lasprimeras.com.do\/index.php\/category\/deportes\/"},"img":{"alt_text":"Kimi Antonelli","src":"https:\/\/i0.wp.com\/lasprimeras.com.do\/wp-content\/uploads\/2026\/03\/Kimi-Antonelli.jpg?resize=350%2C200&ssl=1","width":350,"height":200,"srcset":"https:\/\/i0.wp.com\/lasprimeras.com.do\/wp-content\/uploads\/2026\/03\/Kimi-Antonelli.jpg?resize=350%2C200&ssl=1 1x, https:\/\/i0.wp.com\/lasprimeras.com.do\/wp-content\/uploads\/2026\/03\/Kimi-Antonelli.jpg?resize=525%2C300&ssl=1 1.5x, https:\/\/i0.wp.com\/lasprimeras.com.do\/wp-content\/uploads\/2026\/03\/Kimi-Antonelli.jpg?resize=700%2C400&ssl=1 2x"},"classes":[]},{"id":117022,"url":"https:\/\/lasprimeras.com.do\/index.php\/2025\/12\/07\/lando-norris-consigue-su-primer-titulo-de-f1-en-el-gran-premio-de-abu-dabi\/","url_meta":{"origin":116532,"position":3},"title":"Lando Norris consigue su primer t\u00edtulo de F1 en el Gran Premio de Abu Dabi","author":"Nelson Feliz","date":"7 de diciembre de 2025","format":false,"excerpt":"Por JEROME PUGMIRE El piloto de McLaren, Lando Norris, mantuvo la calma pero no pudo contener las l\u00e1grimas despu\u00e9s de conseguir su primer t\u00edtulo de F\u00f3rmula 1 en el Gran Premio de Abu Dhabi, que cerr\u00f3 la temporada el domingo. El piloto de Red Bull y campe\u00f3n defensor, Max Verstappen,\u2026","rel":"","context":"En \u00abDEPORTES\u00bb","block_context":{"text":"DEPORTES","link":"https:\/\/lasprimeras.com.do\/index.php\/category\/deportes\/"},"img":{"alt_text":"Lando Norris","src":"https:\/\/i0.wp.com\/lasprimeras.com.do\/wp-content\/uploads\/2025\/12\/Lando-Norris.jpg?resize=350%2C200&ssl=1","width":350,"height":200,"srcset":"https:\/\/i0.wp.com\/lasprimeras.com.do\/wp-content\/uploads\/2025\/12\/Lando-Norris.jpg?resize=350%2C200&ssl=1 1x, https:\/\/i0.wp.com\/lasprimeras.com.do\/wp-content\/uploads\/2025\/12\/Lando-Norris.jpg?resize=525%2C300&ssl=1 1.5x, https:\/\/i0.wp.com\/lasprimeras.com.do\/wp-content\/uploads\/2025\/12\/Lando-Norris.jpg?resize=700%2C400&ssl=1 2x"},"classes":[]},{"id":124046,"url":"https:\/\/lasprimeras.com.do\/index.php\/2026\/03\/08\/george-russell-gana-el-gp-de-australia-de-f1-donde-mercedes-hace-el-1-2\/","url_meta":{"origin":116532,"position":4},"title":"George Russell gana el GP de Australia de F1, donde Mercedes hace el 1-2","author":"Nelson Feliz","date":"8 de marzo de 2026","format":false,"excerpt":"POR STEWART BELL MELBOURNE (AP) \u2014 George Russell de Mercedes gan\u00f3 un emocionante Gran Premio de Australia que marc\u00f3 el comienzo de la temporada de la F\u00f3rmula Uno, seguido de cerca por su compa\u00f1ero de equipo Kimi Antonelli para que la escuder\u00eda hiciera el 1-2 por 61ra vez en la\u2026","rel":"","context":"En \u00abDEPORTES\u00bb","block_context":{"text":"DEPORTES","link":"https:\/\/lasprimeras.com.do\/index.php\/category\/deportes\/"},"img":{"alt_text":"","src":"https:\/\/i0.wp.com\/lasprimeras.com.do\/wp-content\/uploads\/2026\/03\/rusbell.jpg?resize=350%2C200&ssl=1","width":350,"height":200,"srcset":"https:\/\/i0.wp.com\/lasprimeras.com.do\/wp-content\/uploads\/2026\/03\/rusbell.jpg?resize=350%2C200&ssl=1 1x, https:\/\/i0.wp.com\/lasprimeras.com.do\/wp-content\/uploads\/2026\/03\/rusbell.jpg?resize=525%2C300&ssl=1 1.5x, https:\/\/i0.wp.com\/lasprimeras.com.do\/wp-content\/uploads\/2026\/03\/rusbell.jpg?resize=700%2C400&ssl=1 2x"},"classes":[]},{"id":125211,"url":"https:\/\/lasprimeras.com.do\/index.php\/2026\/03\/20\/muere-a-los-86-anos-chuck-norris-el-actor-que-se-convirtio-en-un-icono-de-los-heroes-de-accion\/","url_meta":{"origin":116532,"position":5},"title":"Muere a los 86 a\u00f1os Chuck Norris, el actor que se convirti\u00f3 en un \u00edcono de los h\u00e9roes de acci\u00f3n","author":"Nelson Feliz","date":"20 de marzo de 2026","format":false,"excerpt":"Autor: Dar\u00edo Brooks T\u00edtulo del autor,BBC News Mundo El actor y artista marcial Chuck Norris falleci\u00f3 el jueves por la ma\u00f1ana a los 86 a\u00f1os, inform\u00f3 su familia en Instagram este viernes. \"Con gran pesar nuestra familia comunica el repentino fallecimiento de nuestro querido Chuck Norris, ocurrido ayer por la\u2026","rel":"","context":"En \u00abENTRETENIMIENTO\u00bb","block_context":{"text":"ENTRETENIMIENTO","link":"https:\/\/lasprimeras.com.do\/index.php\/category\/entretenimiento\/"},"img":{"alt_text":"","src":"https:\/\/i0.wp.com\/lasprimeras.com.do\/wp-content\/uploads\/2026\/03\/e19e7710-246d-11f1-a79a-77e93010d956.jpg.jpeg?resize=350%2C200&ssl=1","width":350,"height":200,"srcset":"https:\/\/i0.wp.com\/lasprimeras.com.do\/wp-content\/uploads\/2026\/03\/e19e7710-246d-11f1-a79a-77e93010d956.jpg.jpeg?resize=350%2C200&ssl=1 1x, https:\/\/i0.wp.com\/lasprimeras.com.do\/wp-content\/uploads\/2026\/03\/e19e7710-246d-11f1-a79a-77e93010d956.jpg.jpeg?resize=525%2C300&ssl=1 1.5x, https:\/\/i0.wp.com\/lasprimeras.com.do\/wp-content\/uploads\/2026\/03\/e19e7710-246d-11f1-a79a-77e93010d956.jpg.jpeg?resize=700%2C400&ssl=1 2x"},"classes":[]}],"jetpack_sharing_enabled":true,"_links":{"self":[{"href":"https:\/\/lasprimeras.com.do\/index.php\/wp-json\/wp\/v2\/posts\/116532","targetHints":{"allow":["GET"]}}],"collection":[{"href":"https:\/\/lasprimeras.com.do\/index.php\/wp-json\/wp\/v2\/posts"}],"about":[{"href":"https:\/\/lasprimeras.com.do\/index.php\/wp-json\/wp\/v2\/types\/post"}],"author":[{"embeddable":true,"href":"https:\/\/lasprimeras.com.do\/index.php\/wp-json\/wp\/v2\/users\/10"}],"replies":[{"embeddable":true,"href":"https:\/\/lasprimeras.com.do\/index.php\/wp-json\/wp\/v2\/comments?post=116532"}],"version-history":[{"count":1,"href":"https:\/\/lasprimeras.com.do\/index.php\/wp-json\/wp\/v2\/posts\/116532\/revisions"}],"predecessor-version":[{"id":116534,"href":"https:\/\/lasprimeras.com.do\/index.php\/wp-json\/wp\/v2\/posts\/116532\/revisions\/116534"}],"wp:featuredmedia":[{"embeddable":true,"href":"https:\/\/lasprimeras.com.do\/index.php\/wp-json\/wp\/v2\/media\/116533"}],"wp:attachment":[{"href":"https:\/\/lasprimeras.com.do\/index.php\/wp-json\/wp\/v2\/media?parent=116532"}],"wp:term":[{"taxonomy":"category","embeddable":true,"href":"https:\/\/lasprimeras.com.do\/index.php\/wp-json\/wp\/v2\/categories?post=116532"},{"taxonomy":"post_tag","embeddable":true,"href":"https:\/\/lasprimeras.com.do\/index.php\/wp-json\/wp\/v2\/tags?post=116532"}],"curies":[{"name":"wp","href":"https:\/\/api.w.org\/{rel}","templated":true}]}}