{"id":116569,"date":"2025-12-02T11:28:06","date_gmt":"2025-12-02T15:28:06","guid":{"rendered":"https:\/\/lasprimeras.com.do\/?p=116569"},"modified":"2025-12-02T11:28:07","modified_gmt":"2025-12-02T15:28:07","slug":"dionisio-ortiz-acosta-proceso-a-abogados-de-hazoury-es-por-etica-no-persecucion","status":"publish","type":"post","link":"https:\/\/lasprimeras.com.do\/index.php\/2025\/12\/02\/dionisio-ortiz-acosta-proceso-a-abogados-de-hazoury-es-por-etica-no-persecucion\/","title":{"rendered":"Dionisio Ortiz Acosta: Proceso a abogados de Hazoury es por \u00e9tica, no persecuci\u00f3n"},"content":{"rendered":"\n<p><strong>M\u00e1s de 20 decisiones judiciales sustentan actuaciones ilegales y violatorias del C\u00f3digo de \u00c9tica.<\/strong><\/p>\n\n\n\n<p>El jurista Dionisio Ortiz Acosta afirm\u00f3 que los procesos disciplinarios contra los abogados de la se\u00f1ora Mar\u00eda Amelia Hazoury, ante el Tribunal Disciplinario del Colegio de Abogados de la Rep\u00fablica Dominicana (CARD), no responden a ning\u00fan tipo de persecuci\u00f3n, sino que son consecuencia de violaciones al C\u00f3digo de \u00c9tica del Abogado, por actuaciones procesales ilegales, todas verificadas y validadas por m\u00faltiples tribunales del pa\u00eds.<\/p>\n\n\n\n<p>Ortiz Acosta explic\u00f3 que los dos expedientes disciplinarios abiertos contra Mariel Le\u00f3n Lebr\u00f3n, Lilia Fern\u00e1ndez Le\u00f3n y Joel del Rosario Albuquerque, de la oficina Le\u00f3n &amp; Raful, est\u00e1n plenamente respaldados por m\u00e1s de 20 decisiones judiciales emitidas por tribunales de primera instancia y cortes de apelaci\u00f3n que han sancionado sus pr\u00e1cticas procesales temerarias, abusivas e ilegales.<\/p>\n\n\n\n<p>\u201cEsto es la consecuencia de m\u00e1s de un a\u00f1o de actuaciones ilegales sistem\u00e1ticamente desarrolladas por estos tres abogados de la se\u00f1ora Hazoury, hija de Abraham Hazoury, afectando empresas que no tienen ninguna vinculaci\u00f3n con el patrimonio personal del se\u00f1or Juan Rafael Llaneza, pero que fueron arrastradas al proceso de partici\u00f3n de bienes por efecto de un divorcio, a\u00fan sin concluir entre ambos\u201d, precis\u00f3.<\/p>\n\n\n\n<p><strong>Tribunales confirman abuso del sistema judicial<\/strong><\/p>\n\n\n\n<p>Ortiz Acosta record\u00f3 que la Presidencia de la C\u00e1mara Civil y Comercial del Juzgado de Primera Instancia del Distrito Nacional, mediante la Ordenanza 5C4-2025-SORD-0395, declar\u00f3 a la se\u00f1ora Hazoury y a sus tres abogados como litigantes temerarios, tras comprobar que promovieron oposiciones a pago sin un t\u00edtulo v\u00e1lido y repitiendo las oposiciones, aun despu\u00e9s de que una decisi\u00f3n previa hab\u00eda ordenado su levantamiento.<\/p>\n\n\n\n<p>En esa disposici\u00f3n, el tribunal estableci\u00f3 que la actuaci\u00f3n de los abogados constituy\u00f3 una \u201cactitud temeraria y de mala fe\u201d, al insistir en medidas que sab\u00edan improcedentes, afectando no solo el desenvolvimiento judicial leg\u00edtimo, sino tambi\u00e9n a terceros, incluida la empresa denunciante.<\/p>\n\n\n\n<p>El jurista explic\u00f3 que ese mismo tribunal volvi\u00f3 a calificarlos como litigantes temerarios mediante la Ordenanza 504-2025-SORD-1538, de fecha 19 de agosto de 2025, reiterando que actuaron \u201csin contar con t\u00edtulos v\u00e1lidos\u201d y con pleno conocimiento de \u201cla improcedencia de sus actuaciones\u201d, lo que el tribunal defini\u00f3 como \u201cuna actuaci\u00f3n censurable\u201d.<\/p>\n\n\n\n<p>En dicha ordenanza se se\u00f1ala textualmente: \u201cTal proceder configura una manifiesta irregularidad procesal, que este tribunal no puede pasar por alto, toda vez que revela un comportamiento temerario y de mala fe, orientado a obstaculizar de manera ileg\u00edtima los derechos de la parte demandante previamente protegidos en sede judicial\u201d.<\/p>\n\n\n\n<p>Ante esa reiteraci\u00f3n, Ortiz Acosta enfatiz\u00f3: \u201cSi tantas decisiones judiciales concluyen lo mismo, no estamos frente a un error: estamos frente a un m\u00e9todo de litigaci\u00f3n abusivo, a un patr\u00f3n de conducta ilegal y contrario a la \u00e9tica profesional, que debe ser sancionado acorde a las leyes dominicanas\u201d.<\/p>\n\n\n\n<p>Entre las decisiones judiciales que evidencian la conducta procesal irregular de los tres abogados, Ortiz Acosta tambi\u00e9n destac\u00f3 que la Segunda Sala de la C\u00e1mara Civil y Comercial de la Corte de Apelaci\u00f3n del Distrito Nacional, ha emitido varias sentencias ratificando el levantamiento de las oposiciones a pago interpuestas ante entidades financieras y clientes de las empresas afectadas.<\/p>\n\n\n\n<p>Se trata de las sentencias 026-03-2025-SORD-00175, de fecha 26 de septiembre de 2025; 026-03-2025-SORD-00184, de fecha 2 de octubre de 2025; y 026-03-2025-SORD-00179, tambi\u00e9n del 26 de septiembre de 2025, todas coincidentes en se\u00f1alar la improcedencia de dichas medidas.<\/p>\n\n\n\n<p>El abogado afirm\u00f3 que estas decisiones confirman las ordenanzas 504-2024-SORD-1939, del 24 de octubre de 2024; la 504-2024-SORD-2176, del 21 de noviembre de 2024; 504-2025-SORD-0643, del 9 de abril de 2025; y 504-2025-SORD-1538, del 19 de agosto de 2025, que dispusieron el levantamiento de las oposiciones a pago promovidas a solicitud de la se\u00f1ora Hazoury.<\/p>\n\n\n\n<p>Tambi\u00e9n cit\u00f3 que, en el caso de Inmobiliaria Don Juan, se emitieron las ordenanzas de primera instancia n\u00fameros 504-2024-SORD-1936, de fecha 24 de octubre del 2024; 504-2024-SORD-2160, del 21 de noviembre del 2024; 504-2025-SORD-0051 del 14 de enero de 2025 y 504-2025-SORD-0052 del 14 de enero del 2025.<\/p>\n\n\n\n<p><strong>CARD debe frenar patr\u00f3n il\u00edcito<\/strong><\/p>\n\n\n\n<p>El abogado Ortiz Acosta subray\u00f3 que las acciones disciplinarias presentadas ante el CARD est\u00e1n sustentadas en el art\u00edculo 116 de la Ley 3-19 que rige el CARD, as\u00ed como en los art\u00edculos 73, 74, 75 y 76 del C\u00f3digo de \u00c9tica del Abogado, los cuales contemplan sanciones que van desde amonestaciones hasta la suspensi\u00f3n e inhabilitaci\u00f3n cuando se cometen faltas graves.<\/p>\n\n\n\n<p>\u201cEl CARD no persigue a nadie. Eval\u00faa hechos, actuaciones y sentencias de tribunales ordinarios, resultando que en este caso la evidencia es abrumadora\u201d, asegur\u00f3.<\/p>\n\n\n\n<p>Agreg\u00f3: \u201cEsperamos que el Tribunal Disciplinario del Colegio de Abogados cumpla con la ley, emita una sanci\u00f3n ejemplarizadora y ponga fin a este calvario que ha afectado a terceros que no tienen vinculaci\u00f3n con este proceso\u201d, concluy\u00f3.<\/p>\n\n\n\n<figure class=\"wp-block-video\"><video height=\"464\" style=\"aspect-ratio: 832 \/ 464;\" width=\"832\" autoplay controls muted src=\"https:\/\/lasprimeras.com.do\/wp-content\/uploads\/2025\/12\/WhatsApp-Video-2025-12-02-at-10.23.36-AM.mp4\"><\/video><\/figure>\n","protected":false},"excerpt":{"rendered":"<p>M\u00e1s de 20 decisiones judiciales sustentan actuaciones ilegales y violatorias del C\u00f3digo de \u00c9tica. El jurista Dionisio Ortiz Acosta afirm\u00f3 que los procesos disciplinarios contra los abogados de la se\u00f1ora&hellip;<\/p>\n","protected":false},"author":10,"featured_media":116570,"comment_status":"open","ping_status":"open","sticky":false,"template":"","format":"standard","meta":{"content-type":"","jetpack_post_was_ever_published":false,"_jetpack_newsletter_access":"","_jetpack_dont_email_post_to_subs":false,"_jetpack_newsletter_tier_id":0,"_jetpack_memberships_contains_paywalled_content":false,"_jetpack_memberships_contains_paid_content":false,"footnotes":""},"categories":[35,25],"tags":[3106,28078,7135,28081,10844,9822,28079,28080,5617,664],"class_list":["post-116569","post","type-post","status-publish","format-standard","has-post-thumbnail","hentry","category-nacionales","category-portada","tag-abogados","tag-dionisio-ortiz-acosta","tag-disciplinario","tag-faltas-eticas","tag-graves","tag-jurista","tag-maria-amelia-hazoury","tag-obedece","tag-persecucion","tag-proceso"],"jetpack_featured_media_url":"https:\/\/lasprimeras.com.do\/wp-content\/uploads\/2025\/12\/Dionisio-Ortiz-Acosta.jpg","jetpack-related-posts":[{"id":127487,"url":"https:\/\/lasprimeras.com.do\/index.php\/2026\/04\/12\/suspenden-por-un-ano-a-abogados-de-maria-amelia-hazoury-por-violaciones-al-codigo-de-etica\/","url_meta":{"origin":116569,"position":0},"title":"Suspenden por un a\u00f1o a abogados de Mar\u00eda Amelia Hazoury por violaciones al C\u00f3digo de \u00c9tica","author":"Nelson Feliz","date":"12 de abril de 2026","format":false,"excerpt":"Mariel Le\u00f3n Lebr\u00f3n, Lilia Fern\u00e1ndez Le\u00f3n y Joel del Rosario Albuquerque, de la oficina Le\u00f3n & Raful, fueron inhabilitados de ejercer el derecho El jurista Dionisio Ortiz Acosta inform\u00f3 que el Tribunal Disciplinario del Colegio de Abogados de la Rep\u00fablica Dominicana (CARD), emiti\u00f3 la sentencia TDH-014-2026, mediante la cual dispuso\u2026","rel":"","context":"En \u00abJUSTICIA\u00bb","block_context":{"text":"JUSTICIA","link":"https:\/\/lasprimeras.com.do\/index.php\/category\/justicia\/"},"img":{"alt_text":"","src":"https:\/\/i0.wp.com\/lasprimeras.com.do\/wp-content\/uploads\/2026\/04\/esta.jpg?resize=350%2C200&ssl=1","width":350,"height":200,"srcset":"https:\/\/i0.wp.com\/lasprimeras.com.do\/wp-content\/uploads\/2026\/04\/esta.jpg?resize=350%2C200&ssl=1 1x, https:\/\/i0.wp.com\/lasprimeras.com.do\/wp-content\/uploads\/2026\/04\/esta.jpg?resize=525%2C300&ssl=1 1.5x, https:\/\/i0.wp.com\/lasprimeras.com.do\/wp-content\/uploads\/2026\/04\/esta.jpg?resize=700%2C400&ssl=1 2x"},"classes":[]},{"id":127810,"url":"https:\/\/lasprimeras.com.do\/index.php\/2026\/04\/16\/suprema-corte-confirma-litigacion-temeraria-de-maria-amelia-hazoury-y-sus-abogados-y-consolida-sancion-disciplinaria\/","url_meta":{"origin":116569,"position":1},"title":"Suprema Corte confirma litigaci\u00f3n temeraria de Mar\u00eda Amelia Hazoury y sus abogados y consolida sanci\u00f3n disciplinaria","author":"Nelson Feliz","date":"16 de abril de 2026","format":false,"excerpt":"Sentencia SCJ-PS-26-0444 otorga autoridad de cosa juzgada y refuerza suspensi\u00f3n de un a\u00f1o impuesta por el Colegio de Abogados contra Lilia Mar\u00eda Fern\u00e1ndez Le\u00f3n, Mariel Mar\u00eda Le\u00f3n Lebr\u00f3n y Joel del Rosario Alburquerque El jurista Dionisio Ortiz Acosta inform\u00f3 que la Suprema Corte de Justicia acaba de emitir una nueva\u2026","rel":"","context":"En \u00abJUSTICIA\u00bb","block_context":{"text":"JUSTICIA","link":"https:\/\/lasprimeras.com.do\/index.php\/category\/justicia\/"},"img":{"alt_text":"","src":"https:\/\/i0.wp.com\/lasprimeras.com.do\/wp-content\/uploads\/2026\/04\/IMG-20260416-WA0279.jpg?resize=350%2C200&ssl=1","width":350,"height":200,"srcset":"https:\/\/i0.wp.com\/lasprimeras.com.do\/wp-content\/uploads\/2026\/04\/IMG-20260416-WA0279.jpg?resize=350%2C200&ssl=1 1x, https:\/\/i0.wp.com\/lasprimeras.com.do\/wp-content\/uploads\/2026\/04\/IMG-20260416-WA0279.jpg?resize=525%2C300&ssl=1 1.5x, https:\/\/i0.wp.com\/lasprimeras.com.do\/wp-content\/uploads\/2026\/04\/IMG-20260416-WA0279.jpg?resize=700%2C400&ssl=1 2x, https:\/\/i0.wp.com\/lasprimeras.com.do\/wp-content\/uploads\/2026\/04\/IMG-20260416-WA0279.jpg?resize=1050%2C600&ssl=1 3x"},"classes":[]},{"id":103373,"url":"https:\/\/lasprimeras.com.do\/index.php\/2025\/07\/15\/el-card-abrira-un-juicio-disciplinario-contra-abogados-sancionados-por-litigio-temerario\/","url_meta":{"origin":116569,"position":2},"title":"El CARD abrir\u00e1 un juicio disciplinario contra abogados sancionados por litigio temerario","author":"Nelson Feliz","date":"15 de julio de 2025","format":false,"excerpt":"Est\u00e1 pautada una audiencia para el pr\u00f3ximo 6 de agosto. El Colegio Dominicano de Abogados (CARD) ha iniciado un proceso disciplinario contra los abogados Lilia Fern\u00e1ndez Lora, Mariel Le\u00f3n Lebr\u00f3n y Joel del Rosario Alburquerque, sancionados este a\u00f1o por los tribunales ordinarios por incurrir en litigio temerario. La audiencia del\u2026","rel":"","context":"En \u00abNACIONALES\u00bb","block_context":{"text":"NACIONALES","link":"https:\/\/lasprimeras.com.do\/index.php\/category\/nacionales\/"},"img":{"alt_text":"Mariel Le\u00f3n Lebr\u00f3n, Joel del Rosario Alburquerque y Lilia Fern\u00e1ndez Lora","src":"https:\/\/i0.wp.com\/lasprimeras.com.do\/wp-content\/uploads\/2025\/07\/Mariel-Leon-Lebron-Joel-del-Rosario-Alburquerque-y-Lilia-Fernandez-Lora.jpg?resize=350%2C200&ssl=1","width":350,"height":200,"srcset":"https:\/\/i0.wp.com\/lasprimeras.com.do\/wp-content\/uploads\/2025\/07\/Mariel-Leon-Lebron-Joel-del-Rosario-Alburquerque-y-Lilia-Fernandez-Lora.jpg?resize=350%2C200&ssl=1 1x, https:\/\/i0.wp.com\/lasprimeras.com.do\/wp-content\/uploads\/2025\/07\/Mariel-Leon-Lebron-Joel-del-Rosario-Alburquerque-y-Lilia-Fernandez-Lora.jpg?resize=525%2C300&ssl=1 1.5x, https:\/\/i0.wp.com\/lasprimeras.com.do\/wp-content\/uploads\/2025\/07\/Mariel-Leon-Lebron-Joel-del-Rosario-Alburquerque-y-Lilia-Fernandez-Lora.jpg?resize=700%2C400&ssl=1 2x"},"classes":[]},{"id":59591,"url":"https:\/\/lasprimeras.com.do\/index.php\/2023\/09\/05\/equipo-legal-jose-ramon-peralta-denuncia-juicio-disciplinario-contra-la-jueza-patricia-padilla-por-faltas-graves\/","url_meta":{"origin":116569,"position":3},"title":"Equipo legal Jos\u00e9 Ram\u00f3n Peralta denuncia juicio disciplinario contra la jueza Patricia Padilla por faltas graves","author":"Nelson Feliz","date":"5 de septiembre de 2023","format":false,"excerpt":"El equipo legal del exministro Administrativo de la Presidencia, Jos\u00e9 Ram\u00f3n Peralta, anunci\u00f3 que recusar\u00e1 a Patricia Padilla, por violaci\u00f3n flagrante y reiterada de los derechos de Peralta, que comprometen su imparcialidad en el proceso. El prop\u00f3sito de la recusaci\u00f3n es que sea sustituida con juez de control en el\u2026","rel":"","context":"En \u00abJUSTICIA\u00bb","block_context":{"text":"JUSTICIA","link":"https:\/\/lasprimeras.com.do\/index.php\/category\/justicia\/"},"img":{"alt_text":"equipo legal","src":"https:\/\/i0.wp.com\/lasprimeras.com.do\/wp-content\/uploads\/2023\/09\/equipo-legal-1.jpg?resize=350%2C200&ssl=1","width":350,"height":200,"srcset":"https:\/\/i0.wp.com\/lasprimeras.com.do\/wp-content\/uploads\/2023\/09\/equipo-legal-1.jpg?resize=350%2C200&ssl=1 1x, https:\/\/i0.wp.com\/lasprimeras.com.do\/wp-content\/uploads\/2023\/09\/equipo-legal-1.jpg?resize=525%2C300&ssl=1 1.5x, https:\/\/i0.wp.com\/lasprimeras.com.do\/wp-content\/uploads\/2023\/09\/equipo-legal-1.jpg?resize=700%2C400&ssl=1 2x"},"classes":[]},{"id":116728,"url":"https:\/\/lasprimeras.com.do\/index.php\/2025\/12\/03\/entregan-premios-nacionales-xix-version-concurso-de-ensayos-sobre-etica-judicial\/","url_meta":{"origin":116569,"position":4},"title":"Entregan premios nacionales XIX versi\u00f3n Concurso de Ensayos sobre \u00c9tica Judicial","author":"Nelson Feliz","date":"3 de diciembre de 2025","format":false,"excerpt":"El Poder Judicial de Rep\u00fablica Dominicana premi\u00f3 a los ganadores de la fase nacional del XIX Concurso Internacional de Ensayos en torno al C\u00f3digo Iberoamericano de \u00c9tica Judicial, cuya tem\u00e1tica fue \u201cLa Objeci\u00f3n de Conciencia y la \u00c9tica Judicial\u201d. Este a\u00f1o obtuvo el primer lugar Jenny Rafaelina L\u00f3pez Ortiz, por\u2026","rel":"","context":"En \u00abENTRETENIMIENTO\u00bb","block_context":{"text":"ENTRETENIMIENTO","link":"https:\/\/lasprimeras.com.do\/index.php\/category\/entretenimiento\/"},"img":{"alt_text":"","src":"https:\/\/i0.wp.com\/lasprimeras.com.do\/wp-content\/uploads\/2025\/12\/Concurso-de-Ensayos.jpg?resize=350%2C200&ssl=1","width":350,"height":200,"srcset":"https:\/\/i0.wp.com\/lasprimeras.com.do\/wp-content\/uploads\/2025\/12\/Concurso-de-Ensayos.jpg?resize=350%2C200&ssl=1 1x, https:\/\/i0.wp.com\/lasprimeras.com.do\/wp-content\/uploads\/2025\/12\/Concurso-de-Ensayos.jpg?resize=525%2C300&ssl=1 1.5x, https:\/\/i0.wp.com\/lasprimeras.com.do\/wp-content\/uploads\/2025\/12\/Concurso-de-Ensayos.jpg?resize=700%2C400&ssl=1 2x"},"classes":[]},{"id":65067,"url":"https:\/\/lasprimeras.com.do\/index.php\/2023\/10\/25\/exprocurador-gregory-castellanos-denuncia-surun-hernandez-ha-desfalcado-el-colegio-de-abogados\/","url_meta":{"origin":116569,"position":5},"title":"Exprocurador Gregory Castellanos denuncia Sur\u00fan Hern\u00e1ndez ha desfalcado el Colegio de Abogados","author":"Nelson Feliz","date":"25 de octubre de 2023","format":false,"excerpt":"El exprocurador Gregory Castellanos Ruano advirti\u00f3 a la procuradora Miriam Germ\u00e1n que el presidente del Colegio de Abogados de la Rep\u00fablica Dominicana (CARD), deber\u00eda de estar presidiendo la C\u00e1rcel de Najayo y no esa entidad, debido a que es un delincuente que la ha venido desfalcando sistem\u00e1ticamente. Mediante una comunicaci\u00f3n\u2026","rel":"","context":"En \u00abNACIONALES\u00bb","block_context":{"text":"NACIONALES","link":"https:\/\/lasprimeras.com.do\/index.php\/category\/nacionales\/"},"img":{"alt_text":"Gregory Castellanos Ruano","src":"https:\/\/i0.wp.com\/lasprimeras.com.do\/wp-content\/uploads\/2023\/10\/Gregory-Castellanos-Ruano-1.jpg?resize=350%2C200&ssl=1","width":350,"height":200,"srcset":"https:\/\/i0.wp.com\/lasprimeras.com.do\/wp-content\/uploads\/2023\/10\/Gregory-Castellanos-Ruano-1.jpg?resize=350%2C200&ssl=1 1x, https:\/\/i0.wp.com\/lasprimeras.com.do\/wp-content\/uploads\/2023\/10\/Gregory-Castellanos-Ruano-1.jpg?resize=525%2C300&ssl=1 1.5x, https:\/\/i0.wp.com\/lasprimeras.com.do\/wp-content\/uploads\/2023\/10\/Gregory-Castellanos-Ruano-1.jpg?resize=700%2C400&ssl=1 2x"},"classes":[]}],"jetpack_sharing_enabled":true,"_links":{"self":[{"href":"https:\/\/lasprimeras.com.do\/index.php\/wp-json\/wp\/v2\/posts\/116569","targetHints":{"allow":["GET"]}}],"collection":[{"href":"https:\/\/lasprimeras.com.do\/index.php\/wp-json\/wp\/v2\/posts"}],"about":[{"href":"https:\/\/lasprimeras.com.do\/index.php\/wp-json\/wp\/v2\/types\/post"}],"author":[{"embeddable":true,"href":"https:\/\/lasprimeras.com.do\/index.php\/wp-json\/wp\/v2\/users\/10"}],"replies":[{"embeddable":true,"href":"https:\/\/lasprimeras.com.do\/index.php\/wp-json\/wp\/v2\/comments?post=116569"}],"version-history":[{"count":1,"href":"https:\/\/lasprimeras.com.do\/index.php\/wp-json\/wp\/v2\/posts\/116569\/revisions"}],"predecessor-version":[{"id":116572,"href":"https:\/\/lasprimeras.com.do\/index.php\/wp-json\/wp\/v2\/posts\/116569\/revisions\/116572"}],"wp:featuredmedia":[{"embeddable":true,"href":"https:\/\/lasprimeras.com.do\/index.php\/wp-json\/wp\/v2\/media\/116570"}],"wp:attachment":[{"href":"https:\/\/lasprimeras.com.do\/index.php\/wp-json\/wp\/v2\/media?parent=116569"}],"wp:term":[{"taxonomy":"category","embeddable":true,"href":"https:\/\/lasprimeras.com.do\/index.php\/wp-json\/wp\/v2\/categories?post=116569"},{"taxonomy":"post_tag","embeddable":true,"href":"https:\/\/lasprimeras.com.do\/index.php\/wp-json\/wp\/v2\/tags?post=116569"}],"curies":[{"name":"wp","href":"https:\/\/api.w.org\/{rel}","templated":true}]}}