{"id":116573,"date":"2025-12-02T11:55:33","date_gmt":"2025-12-02T15:55:33","guid":{"rendered":"https:\/\/lasprimeras.com.do\/?p=116573"},"modified":"2025-12-02T11:55:39","modified_gmt":"2025-12-02T15:55:39","slug":"dirigentes-del-pld-lanzaran-formalmente-la-candidatura-presidencial-de-gonzalo-castillo","status":"publish","type":"post","link":"https:\/\/lasprimeras.com.do\/index.php\/2025\/12\/02\/dirigentes-del-pld-lanzaran-formalmente-la-candidatura-presidencial-de-gonzalo-castillo\/","title":{"rendered":"Dirigentes del PLD lanzar\u00e1n formalmente la candidatura presidencial de Gonzalo Castillo"},"content":{"rendered":"\n<p>El Partido de la Liberaci\u00f3n Dominicana (PLD) se prepara para un acto de trascendencia pol\u00edtica con el lanzamiento oficial de la candidatura presidencial de Gonzalo Castillo Terrero, conocido popularmente como &#8220;El Penco&#8221;.<\/p>\n\n\n\n<p>El evento, que se espera congregue a una nutrida representaci\u00f3n de la dirigencia y militancia del partido, busca marcar el inicio formal de la campa\u00f1a electoral con miras a los comicios presidenciales del a\u00f1o 2028.<\/p>\n\n\n\n<p>El acto se llevar\u00e1 a cabo este Mi\u00e9rcoles 3 de Diciembre de 2025, a las 3:00 de la tarde, en el Hotel Holiday Inn, ubicado estrat\u00e9gicamente en la Avenida Tiradentes esquina Fantino Falco, en el Ensanche Naco del Distrito Nacional.<\/p>\n\n\n\n<p>La mesa principal y el liderazgo del evento estar\u00e1n a cargo de figuras clave del partido.<\/p>\n\n\n\n<p>Entre los dirigentes que encabezar\u00e1n la actividad se encuentran el miembro del Comit\u00e9 Pol\u00edtico y vocero de la bancada de diputados del PLD, Gustavo S\u00e1nchez, y el exdiputado por la provincia de Barahona y miembro del Comit\u00e9 Central, V\u00edctor Manuel Terrero, junto a otros prominentes l\u00edderes de la organizaci\u00f3n.<\/p>\n\n\n\n<p>Gonzalo Castillo Terrero, empresario y pol\u00edtico dominicano con una consolidada trayectoria en la administraci\u00f3n p\u00fablica, ha sido una figura recurrente en el panorama pol\u00edtico del pa\u00eds.<\/p>\n\n\n\n<p>Su candidatura anterior y su experiencia como exministro de Obras P\u00fablicas le otorgan un perfil de gestor que sus seguidores buscan capitalizar en esta nueva contienda electoral.<\/p>\n\n\n\n<p>Se espera que durante el evento se delineen los primeros ejes de la plataforma pol\u00edtica y las propuestas clave de Castillo Terrero, enfocadas en los desaf\u00edos actuales que enfrenta la Rep\u00fablica Dominicana en materia econ\u00f3mica, social y de seguridad.<\/p>\n\n\n\n<p>Este lanzamiento representa un momento crucial para el PLD, que, seg\u00fan declaraciones recientes de sus dirigentes, vive &#8220;un momento estelar&#8221; y se posiciona como el principal partido de oposici\u00f3n, confiando en un triunfo electoral futuro.<\/p>\n\n\n\n<p>Los medios de comunicaci\u00f3n, miembros de la prensa nacional e internacional y relacionados est\u00e1n cordialmente invitados a dar cobertura a este importante acto pol\u00edtico.<\/p>\n","protected":false},"excerpt":{"rendered":"<p>El Partido de la Liberaci\u00f3n Dominicana (PLD) se prepara para un acto de trascendencia pol\u00edtica con el lanzamiento oficial de la candidatura presidencial de Gonzalo Castillo Terrero, conocido popularmente como&hellip;<\/p>\n","protected":false},"author":10,"featured_media":116574,"comment_status":"open","ping_status":"open","sticky":false,"template":"","format":"standard","meta":{"content-type":"","jetpack_post_was_ever_published":false,"_jetpack_newsletter_access":"","_jetpack_dont_email_post_to_subs":false,"_jetpack_newsletter_tier_id":0,"_jetpack_memberships_contains_paywalled_content":false,"_jetpack_memberships_contains_paid_content":false,"footnotes":""},"categories":[16559,25],"tags":[19545,17524,1580,269],"class_list":["post-116573","post","type-post","status-publish","format-standard","has-post-thumbnail","hentry","category-politica","category-portada","tag-candidatura-presidencial","tag-gonzalo-castillo","tag-lanzara-2","tag-pld"],"jetpack_featured_media_url":"https:\/\/lasprimeras.com.do\/wp-content\/uploads\/2025\/12\/Gonzalo-Castillo.jpg","jetpack-related-posts":[{"id":124781,"url":"https:\/\/lasprimeras.com.do\/index.php\/2026\/03\/17\/victor-terrero-pld-moviliza-dirigencia-por-la-contundente-victoria-de-gonzalo\/","url_meta":{"origin":116573,"position":0},"title":"V\u00edctor Terrero: PLD moviliza dirigencia por la contundente victoria de Gonzalo","author":"Nelson Feliz","date":"17 de marzo de 2026","format":false,"excerpt":"El miembro del Comit\u00e9 Central y Asesor de la secretaria de Salud del Partido de la Liberaci\u00f3n Dominicana (PLD), doctor V\u00edctor Manuel Terrero, manifest\u00f3 su firme respaldo a la candidatura presidencial de Gonzalo Castillo, destacando la importancia de consolidar la unidad partidaria de cara a los pr\u00f3ximos compromisos electorales. El\u2026","rel":"","context":"En \u00abPOLITICA\u00bb","block_context":{"text":"POLITICA","link":"https:\/\/lasprimeras.com.do\/index.php\/category\/politica\/"},"img":{"alt_text":"V\u00edctor Manuel Terrero","src":"https:\/\/i0.wp.com\/lasprimeras.com.do\/wp-content\/uploads\/2024\/04\/Victor-Manuel-Terrero.jpg?resize=350%2C200&ssl=1","width":350,"height":200,"srcset":"https:\/\/i0.wp.com\/lasprimeras.com.do\/wp-content\/uploads\/2024\/04\/Victor-Manuel-Terrero.jpg?resize=350%2C200&ssl=1 1x, https:\/\/i0.wp.com\/lasprimeras.com.do\/wp-content\/uploads\/2024\/04\/Victor-Manuel-Terrero.jpg?resize=525%2C300&ssl=1 1.5x"},"classes":[]},{"id":125870,"url":"https:\/\/lasprimeras.com.do\/index.php\/2026\/03\/23\/dirigentes-del-pld-en-ny-respaldan-candidatura-de-gonzalo-castillo-para-2028\/","url_meta":{"origin":116573,"position":1},"title":"Dirigentes del PLD en NY respaldan candidatura de Gonzalo Castillo para 2028","author":"Nelson Feliz","date":"23 de marzo de 2026","format":false,"excerpt":"Nueva York. \u2013 El equipo de coordinaci\u00f3n de Gonzalo Castillo en esta ciudad celebr\u00f3 esta semana un exitoso encuentro con dirigentes del Partido de la Liberaci\u00f3n Dominicana (PLD), en una actividad que demostr\u00f3 el respaldo a sus aspiraciones presidenciales. El evento, coordinado por miembros del Comit\u00e9 Central del PLD, entre\u2026","rel":"","context":"En \u00abPOLITICA\u00bb","block_context":{"text":"POLITICA","link":"https:\/\/lasprimeras.com.do\/index.php\/category\/politica\/"},"img":{"alt_text":"","src":"https:\/\/i0.wp.com\/lasprimeras.com.do\/wp-content\/uploads\/2026\/03\/apoyo-gonzalo.jpg?resize=350%2C200&ssl=1","width":350,"height":200,"srcset":"https:\/\/i0.wp.com\/lasprimeras.com.do\/wp-content\/uploads\/2026\/03\/apoyo-gonzalo.jpg?resize=350%2C200&ssl=1 1x, https:\/\/i0.wp.com\/lasprimeras.com.do\/wp-content\/uploads\/2026\/03\/apoyo-gonzalo.jpg?resize=525%2C300&ssl=1 1.5x, https:\/\/i0.wp.com\/lasprimeras.com.do\/wp-content\/uploads\/2026\/03\/apoyo-gonzalo.jpg?resize=700%2C400&ssl=1 2x"},"classes":[]},{"id":103599,"url":"https:\/\/lasprimeras.com.do\/index.php\/2025\/07\/16\/karen-ricardo-gonzalo-puede-salir-a-la-calle-ya-no-tiene-prision-domiciliaria\/","url_meta":{"origin":116573,"position":2},"title":"Karen Ricardo: \u201cGonzalo puede salir a la calle, ya no tiene prisi\u00f3n domiciliaria\u201d","author":"Nelson Feliz","date":"16 de julio de 2025","format":false,"excerpt":"La dirigente pol\u00edtica del Partido de la Liberaci\u00f3n Dominicana (PLD), Karen Ricardo, asegur\u00f3 que el excandidato presidencial Gonzalo Castillo ya no est\u00e1 bajo arresto domiciliario por lo que est\u00e1 en libertad de participar en actividades p\u00fablicas, incluyendo las pol\u00edticas. \u201cGonzalo est\u00e1 ya en la calle, gracias a Dios, gracias a\u2026","rel":"","context":"En \u00abPOLITICA\u00bb","block_context":{"text":"POLITICA","link":"https:\/\/lasprimeras.com.do\/index.php\/category\/politica\/"},"img":{"alt_text":"Karen Ricardo","src":"https:\/\/i0.wp.com\/lasprimeras.com.do\/wp-content\/uploads\/2023\/12\/Karen-Ricardo.jpg?resize=350%2C200&ssl=1","width":350,"height":200},"classes":[]},{"id":93946,"url":"https:\/\/lasprimeras.com.do\/index.php\/2025\/02\/20\/pld-confirma-solicitud-de-gonzalo-castillo\/","url_meta":{"origin":116573,"position":3},"title":"PLD confirma solicitud de Gonzalo Castillo","author":"Nelson Feliz","date":"20 de febrero de 2025","format":false,"excerpt":"Confirmado: Gonzalo Castillo ex candidato presidencial del PLD solicita a su organizaci\u00f3n pol\u00edtica \u201cno ser considerado\u201d como posible aspirante a la candidatura presidencial. El candidato presidencial del Partido de la Liberaci\u00f3n Dominicana (PLD) en las elecciones del a\u00f1o 2020, Gonzalo Castillo, comunic\u00f3 formalmente su solicitud para no ser considerado en\u2026","rel":"","context":"En \u00abPOLITICA\u00bb","block_context":{"text":"POLITICA","link":"https:\/\/lasprimeras.com.do\/index.php\/category\/politica\/"},"img":{"alt_text":"","src":"https:\/\/i0.wp.com\/lasprimeras.com.do\/wp-content\/uploads\/2025\/02\/gonzalo-castilloa-EDICION.jpg?resize=350%2C200&ssl=1","width":350,"height":200,"srcset":"https:\/\/i0.wp.com\/lasprimeras.com.do\/wp-content\/uploads\/2025\/02\/gonzalo-castilloa-EDICION.jpg?resize=350%2C200&ssl=1 1x, https:\/\/i0.wp.com\/lasprimeras.com.do\/wp-content\/uploads\/2025\/02\/gonzalo-castilloa-EDICION.jpg?resize=525%2C300&ssl=1 1.5x"},"classes":[]},{"id":105369,"url":"https:\/\/lasprimeras.com.do\/index.php\/2025\/08\/03\/gonzalo-castillo-valida-su-comite-de-base\/","url_meta":{"origin":116573,"position":4},"title":"Gonzalo Castillo valida su Comit\u00e9 de Base","author":"Nelson Feliz","date":"3 de agosto de 2025","format":false,"excerpt":"\u201cLa mayor parte de mi vida ha estado dedicada a militar en este partido\u201d. El excandidato presidencial del Partido de la Liberaci\u00f3n Dominicana (PLD), Gonzalo Castillo, realiz\u00f3 la validaci\u00f3n de su Comit\u00e9 de Base, en un acto celebrado en la Casa Nacional del PLD. Durante su intervenci\u00f3n, Castillo agradeci\u00f3 el\u2026","rel":"","context":"En \u00abPOLITICA\u00bb","block_context":{"text":"POLITICA","link":"https:\/\/lasprimeras.com.do\/index.php\/category\/politica\/"},"img":{"alt_text":"","src":"https:\/\/i0.wp.com\/lasprimeras.com.do\/wp-content\/uploads\/2025\/08\/gonzalo.jpg?resize=350%2C200&ssl=1","width":350,"height":200,"srcset":"https:\/\/i0.wp.com\/lasprimeras.com.do\/wp-content\/uploads\/2025\/08\/gonzalo.jpg?resize=350%2C200&ssl=1 1x, https:\/\/i0.wp.com\/lasprimeras.com.do\/wp-content\/uploads\/2025\/08\/gonzalo.jpg?resize=525%2C300&ssl=1 1.5x, https:\/\/i0.wp.com\/lasprimeras.com.do\/wp-content\/uploads\/2025\/08\/gonzalo.jpg?resize=700%2C400&ssl=1 2x"},"classes":[]},{"id":104718,"url":"https:\/\/lasprimeras.com.do\/index.php\/2025\/07\/26\/muere-la-madre-del-excandidato-presidencial-del-pld-gonzalo-castillo\/","url_meta":{"origin":116573,"position":5},"title":"Muere la madre del excandidato presidencial del PLD Gonzalo Castillo","author":"Nelson Feliz","date":"26 de julio de 2025","format":false,"excerpt":"Los restos de la se\u00f1ora Terrero ser\u00e1n velados este s\u00e1bado en el Jard\u00edn Memorial. Falleci\u00f3 anoche la se\u00f1ora Miriam Terrero, madre del excandidato presidencial del Partido de la Liberaci\u00f3n Dominicana (PLD), Gonzalo Castillo. \"Con profundo dolor, informo el fallecimiento de mi madre, Miriam Terrero, la noche del 25 de julio\",\u2026","rel":"","context":"En \u00abNACIONALES\u00bb","block_context":{"text":"NACIONALES","link":"https:\/\/lasprimeras.com.do\/index.php\/category\/nacionales\/"},"img":{"alt_text":"","src":"https:\/\/i0.wp.com\/lasprimeras.com.do\/wp-content\/uploads\/2025\/07\/gonzalo.jpg?resize=350%2C200&ssl=1","width":350,"height":200,"srcset":"https:\/\/i0.wp.com\/lasprimeras.com.do\/wp-content\/uploads\/2025\/07\/gonzalo.jpg?resize=350%2C200&ssl=1 1x, https:\/\/i0.wp.com\/lasprimeras.com.do\/wp-content\/uploads\/2025\/07\/gonzalo.jpg?resize=525%2C300&ssl=1 1.5x"},"classes":[]}],"jetpack_sharing_enabled":true,"_links":{"self":[{"href":"https:\/\/lasprimeras.com.do\/index.php\/wp-json\/wp\/v2\/posts\/116573","targetHints":{"allow":["GET"]}}],"collection":[{"href":"https:\/\/lasprimeras.com.do\/index.php\/wp-json\/wp\/v2\/posts"}],"about":[{"href":"https:\/\/lasprimeras.com.do\/index.php\/wp-json\/wp\/v2\/types\/post"}],"author":[{"embeddable":true,"href":"https:\/\/lasprimeras.com.do\/index.php\/wp-json\/wp\/v2\/users\/10"}],"replies":[{"embeddable":true,"href":"https:\/\/lasprimeras.com.do\/index.php\/wp-json\/wp\/v2\/comments?post=116573"}],"version-history":[{"count":1,"href":"https:\/\/lasprimeras.com.do\/index.php\/wp-json\/wp\/v2\/posts\/116573\/revisions"}],"predecessor-version":[{"id":116575,"href":"https:\/\/lasprimeras.com.do\/index.php\/wp-json\/wp\/v2\/posts\/116573\/revisions\/116575"}],"wp:featuredmedia":[{"embeddable":true,"href":"https:\/\/lasprimeras.com.do\/index.php\/wp-json\/wp\/v2\/media\/116574"}],"wp:attachment":[{"href":"https:\/\/lasprimeras.com.do\/index.php\/wp-json\/wp\/v2\/media?parent=116573"}],"wp:term":[{"taxonomy":"category","embeddable":true,"href":"https:\/\/lasprimeras.com.do\/index.php\/wp-json\/wp\/v2\/categories?post=116573"},{"taxonomy":"post_tag","embeddable":true,"href":"https:\/\/lasprimeras.com.do\/index.php\/wp-json\/wp\/v2\/tags?post=116573"}],"curies":[{"name":"wp","href":"https:\/\/api.w.org\/{rel}","templated":true}]}}