{"id":116576,"date":"2025-12-02T12:01:19","date_gmt":"2025-12-02T16:01:19","guid":{"rendered":"https:\/\/lasprimeras.com.do\/?p=116576"},"modified":"2025-12-02T12:01:21","modified_gmt":"2025-12-02T16:01:21","slug":"bolivar-marte-la-vega-demanda-proyectos-legislativos-tangibles","status":"publish","type":"post","link":"https:\/\/lasprimeras.com.do\/index.php\/2025\/12\/02\/bolivar-marte-la-vega-demanda-proyectos-legislativos-tangibles\/","title":{"rendered":"Bol\u00edvar Marte: La Vega demanda proyectos legislativos tangibles"},"content":{"rendered":"\n<p>El presidente del Partido de la Liberaci\u00f3n Dominicana (PLD) en La Vega, Bol\u00edvar Marte, cuestion\u00f3 los legisladores veganos, tanto del PRM, sus aliados y de la FP, al afirmar que la provincia sigue esperando propuestas concretas que se traduzcan en desarrollo y soluciones para los problemas que afectan la poblaci\u00f3n.<\/p>\n\n\n\n<p>Marte expres\u00f3 que La Vega necesita ver proyectos legislativos tangibles, iniciativas claras y acciones que realmente impacten el d\u00eda a d\u00eda de la gente.<\/p>\n\n\n\n<p>Se\u00f1al\u00f3 que, hasta el momento, lo que predomina es un silencio legislativo que no se corresponde con las necesidades urgentes de la provincia.<\/p>\n\n\n\n<p>Seg\u00fan sus declaraciones, los congresistas veganos han tenido tiempo suficiente para presentar proyectos en beneficio de la comunidad, tales como: Mejoras en infraestructura vial y urbana, Soluciones al tr\u00e1nsito y al transporte p\u00fablico, Programas de apoyo social a familias vulnerables, Impulso a la producci\u00f3n agr\u00edcola y zonas rurales, Proyectos de seguridad ciudadana, Iniciativas para el desarrollo econ\u00f3mico y oportunidades para los j\u00f3venes, entre otras.<\/p>\n\n\n\n<p>Bol\u00edvar Marte explic\u00f3 que la poblaci\u00f3n quiere resultados, no discursos, y record\u00f3 que La Vega es una de las provincias con m\u00e1s potencial humano, productivo y cultural del pa\u00eds, pero que requiere de una visi\u00f3n legislativa que vaya m\u00e1s all\u00e1 de intereses partidarios y promesas de campa\u00f1a.<\/p>\n\n\n\n<p>El dirigente pelede\u00edsta invit\u00f3 a los legisladores actuales a rendir cuentas a la ciudadan\u00eda, mostrar los proyectos que han sometido, los que est\u00e1n en curso y, sobre todo, los que verdaderamente responden a los reclamos de las comunidades.<\/p>\n\n\n\n<p>Con estas declaraciones, Bol\u00edvar Marte reaviva el debate sobre el rol de los congresistas veganos y la urgencia de una agenda legislativa m\u00e1s activa, clara y comprometida con el bienestar de la provincia.<\/p>\n","protected":false},"excerpt":{"rendered":"<p>El presidente del Partido de la Liberaci\u00f3n Dominicana (PLD) en La Vega, Bol\u00edvar Marte, cuestion\u00f3 los legisladores veganos, tanto del PRM, sus aliados y de la FP, al afirmar que&hellip;<\/p>\n","protected":false},"author":10,"featured_media":116577,"comment_status":"open","ping_status":"open","sticky":false,"template":"","format":"standard","meta":{"content-type":"","jetpack_post_was_ever_published":false,"_jetpack_newsletter_access":"","_jetpack_dont_email_post_to_subs":false,"_jetpack_newsletter_tier_id":0,"_jetpack_memberships_contains_paywalled_content":false,"_jetpack_memberships_contains_paid_content":false,"footnotes":""},"categories":[16559],"tags":[28082,940,5126,269,805,449,28083],"class_list":["post-116576","post","type-post","status-publish","format-standard","has-post-thumbnail","hentry","category-politica","tag-bolivar-marte","tag-la-vega","tag-legisladores","tag-pld","tag-provincia","tag-proyectos","tag-veganos"],"jetpack_featured_media_url":"https:\/\/lasprimeras.com.do\/wp-content\/uploads\/2025\/12\/Bolivar-Marte.jpg","jetpack-related-posts":[{"id":88517,"url":"https:\/\/lasprimeras.com.do\/index.php\/2024\/08\/29\/renuncias-en-alcaldia-de-la-vega-dejan-atras-vocacion-de-servicio\/","url_meta":{"origin":116576,"position":0},"title":"Renuncias en alcald\u00eda de La Vega dejan atr\u00e1s vocaci\u00f3n de servicio","author":"Nelson Feliz","date":"29 de agosto de 2024","format":false,"excerpt":"Es una decepci\u00f3n y un mal ejemplo que el alcalde Kelvin Cruz renunciara a la alcald\u00eda de La Vega, afirma Bol\u00edvar Marte, presidente provincial del PLD. El presidente provincial del Partido de la Liberaci\u00f3n Dominicana en La Vega, Bol\u00edvar Marte, consider\u00f3 como una decepci\u00f3n para los veganos la renuncia del\u2026","rel":"","context":"En \u00abPORTADA\u00bb","block_context":{"text":"PORTADA","link":"https:\/\/lasprimeras.com.do\/index.php\/category\/portada\/"},"img":{"alt_text":"Bol\u00edvar Marte","src":"https:\/\/i0.wp.com\/lasprimeras.com.do\/wp-content\/uploads\/2024\/08\/Bolivar-Marte.jpg?resize=350%2C200&ssl=1","width":350,"height":200,"srcset":"https:\/\/i0.wp.com\/lasprimeras.com.do\/wp-content\/uploads\/2024\/08\/Bolivar-Marte.jpg?resize=350%2C200&ssl=1 1x, https:\/\/i0.wp.com\/lasprimeras.com.do\/wp-content\/uploads\/2024\/08\/Bolivar-Marte.jpg?resize=525%2C300&ssl=1 1.5x, https:\/\/i0.wp.com\/lasprimeras.com.do\/wp-content\/uploads\/2024\/08\/Bolivar-Marte.jpg?resize=700%2C400&ssl=1 2x"},"classes":[]},{"id":51943,"url":"https:\/\/lasprimeras.com.do\/index.php\/2023\/06\/05\/danilo-medina-se-reune-con-los-dirigentes-del-pld-en-la-vega\/","url_meta":{"origin":116576,"position":1},"title":"Danilo Medina se re\u00fane con los dirigentes del PLD en La Vega","author":"prenxa100","date":"5 de junio de 2023","format":false,"excerpt":"El PLD en La Vega sostiene encuentro con el Presidente de la organizaci\u00f3n, Danilo Medina. Definen la reuni\u00f3n como altamente productiva. El ex Presidente de la Rep\u00fablica, Danilo Medina, Presidente del Partido de la Liberaci\u00f3n Dominicana (PLD) se reuni\u00f3 con una representaci\u00f3n de esa organizaci\u00f3n pol\u00edtica en la provincia La\u2026","rel":"","context":"En \u00abPORTADA\u00bb","block_context":{"text":"PORTADA","link":"https:\/\/lasprimeras.com.do\/index.php\/category\/portada\/"},"img":{"alt_text":"","src":"","width":0,"height":0},"classes":[]},{"id":105311,"url":"https:\/\/lasprimeras.com.do\/index.php\/2025\/08\/01\/danilo-medina-y-johnny-pujols-encabezaran-asamblea-del-pld-en-la-vega-el-domingo\/","url_meta":{"origin":116576,"position":2},"title":"Danilo Medina y Johnny Pujols encabezar\u00e1n asamblea del PLD en La Vega el domingo","author":"Nelson Feliz","date":"1 de agosto de 2025","format":false,"excerpt":"El PLD en La Vega se prepara para la realizaci\u00f3n de la asamblea provincial programada para el pr\u00f3ximo domingo. El Partido de la Liberaci\u00f3n Dominicana (PLD) en La Vega afina los detalles para celebrar este domingo 3 de agosto la asamblea correspondiente a dicha provincia en la que participar\u00e1n miembros\u2026","rel":"","context":"En \u00abPOLITICA\u00bb","block_context":{"text":"POLITICA","link":"https:\/\/lasprimeras.com.do\/index.php\/category\/politica\/"},"img":{"alt_text":"Danilo Medina y Johnny Pujols","src":"https:\/\/i0.wp.com\/lasprimeras.com.do\/wp-content\/uploads\/2025\/08\/Danilo-Medina-y-Johnny-Pujols.jpg?resize=350%2C200&ssl=1","width":350,"height":200,"srcset":"https:\/\/i0.wp.com\/lasprimeras.com.do\/wp-content\/uploads\/2025\/08\/Danilo-Medina-y-Johnny-Pujols.jpg?resize=350%2C200&ssl=1 1x, https:\/\/i0.wp.com\/lasprimeras.com.do\/wp-content\/uploads\/2025\/08\/Danilo-Medina-y-Johnny-Pujols.jpg?resize=525%2C300&ssl=1 1.5x, https:\/\/i0.wp.com\/lasprimeras.com.do\/wp-content\/uploads\/2025\/08\/Danilo-Medina-y-Johnny-Pujols.jpg?resize=700%2C400&ssl=1 2x"},"classes":[]},{"id":125919,"url":"https:\/\/lasprimeras.com.do\/index.php\/2026\/03\/27\/doctor-agustin-burgos-agradece-los-avances-de-la-presa-de-guagui\/","url_meta":{"origin":116576,"position":3},"title":"Doctor Agust\u00edn Burgos agradece los avances de la presa de Guag\u00fc\u00ed","author":"Nelson Feliz","date":"27 de marzo de 2026","format":false,"excerpt":"El director ejecutivo del Instituto Dominicano de Prevenci\u00f3n y Protecci\u00f3n de Riesgos Laborales (IDOPPRIL), doctor Agust\u00edn Burgos, expres\u00f3 su sincero agradecimiento al presidente Luis Abinader y a EGEHID por los r\u00e1pidos avances en los trabajos de la presa de Guag\u00fc\u00ed. Burgos, quien se identifica con orgullo como vegano y dominicano,\u2026","rel":"","context":"En \u00abNACIONALES\u00bb","block_context":{"text":"NACIONALES","link":"https:\/\/lasprimeras.com.do\/index.php\/category\/nacionales\/"},"img":{"alt_text":"Agust\u00edn Burgos","src":"https:\/\/i0.wp.com\/lasprimeras.com.do\/wp-content\/uploads\/2026\/03\/Agustin-Burgos-1.jpg?resize=350%2C200&ssl=1","width":350,"height":200,"srcset":"https:\/\/i0.wp.com\/lasprimeras.com.do\/wp-content\/uploads\/2026\/03\/Agustin-Burgos-1.jpg?resize=350%2C200&ssl=1 1x, https:\/\/i0.wp.com\/lasprimeras.com.do\/wp-content\/uploads\/2026\/03\/Agustin-Burgos-1.jpg?resize=525%2C300&ssl=1 1.5x, https:\/\/i0.wp.com\/lasprimeras.com.do\/wp-content\/uploads\/2026\/03\/Agustin-Burgos-1.jpg?resize=700%2C400&ssl=1 2x, https:\/\/i0.wp.com\/lasprimeras.com.do\/wp-content\/uploads\/2026\/03\/Agustin-Burgos-1.jpg?resize=1050%2C600&ssl=1 3x, https:\/\/i0.wp.com\/lasprimeras.com.do\/wp-content\/uploads\/2026\/03\/Agustin-Burgos-1.jpg?resize=1400%2C800&ssl=1 4x"},"classes":[]},{"id":96246,"url":"https:\/\/lasprimeras.com.do\/index.php\/2025\/03\/28\/policia-captura-al-el-cabo-o-rey-del-micro-vegano\/","url_meta":{"origin":116576,"position":4},"title":"Polic\u00eda captura al \u201cEl Cabo o Rey del Micro Vegano\u201d","author":"Nelson Feliz","date":"28 de marzo de 2025","format":false,"excerpt":"El reconocido delincuente m\u00e1s buscado de la provincia La Vega. Agentes policiales de la Direcci\u00f3n Central de Investigaci\u00f3n (DICRIM), a trav\u00e9s del Departamento Central de B\u00fasqueda y Captura de Pr\u00f3fugos, Rebeldes y Condenados, logr\u00f3 el arresto de \u00c1ngel Salvador \u00c1lvarez Ventura (a) El Cabo o el Rey del Micro (sustancias\u2026","rel":"","context":"En \u00abMILITARES\u00bb","block_context":{"text":"MILITARES","link":"https:\/\/lasprimeras.com.do\/index.php\/category\/militares\/"},"img":{"alt_text":"El Cabo o Rey del Micro Vegano","src":"https:\/\/i0.wp.com\/lasprimeras.com.do\/wp-content\/uploads\/2025\/03\/El-Cabo-o-Rey-del-Micro-Vegano.jpg?resize=350%2C200&ssl=1","width":350,"height":200,"srcset":"https:\/\/i0.wp.com\/lasprimeras.com.do\/wp-content\/uploads\/2025\/03\/El-Cabo-o-Rey-del-Micro-Vegano.jpg?resize=350%2C200&ssl=1 1x, https:\/\/i0.wp.com\/lasprimeras.com.do\/wp-content\/uploads\/2025\/03\/El-Cabo-o-Rey-del-Micro-Vegano.jpg?resize=525%2C300&ssl=1 1.5x"},"classes":[]},{"id":101934,"url":"https:\/\/lasprimeras.com.do\/index.php\/2025\/06\/28\/danilo-medina-encabeza-ofrenda-floral-en-el-mausoleo-del-prof-juan-bosch\/","url_meta":{"origin":116576,"position":5},"title":"Danilo Medina encabeza ofrenda floral en el mausoleo del Prof. Juan Bosch","author":"Nelson Feliz","date":"28 de junio de 2025","format":false,"excerpt":"Maestros y miembros del PLD desfilan por las calles veganas en la celebraci\u00f3n del natalicio del Profesor Juan Bosch Los fuertes aguaceros de este s\u00e1bado en la provincia La Vega pausaron, lo que motiv\u00f3 a la direcci\u00f3n del Partido de la Liberaci\u00f3n Dominicana (PLD) y de la corriente magisterial Eugenio\u2026","rel":"","context":"En \u00abSin categor\u00eda\u00bb","block_context":{"text":"Sin categor\u00eda","link":"https:\/\/lasprimeras.com.do\/index.php\/category\/sin-categoria\/"},"img":{"alt_text":"","src":"https:\/\/i0.wp.com\/lasprimeras.com.do\/wp-content\/uploads\/2025\/06\/Danilo-Medina-1-1.jpg?resize=350%2C200&ssl=1","width":350,"height":200,"srcset":"https:\/\/i0.wp.com\/lasprimeras.com.do\/wp-content\/uploads\/2025\/06\/Danilo-Medina-1-1.jpg?resize=350%2C200&ssl=1 1x, https:\/\/i0.wp.com\/lasprimeras.com.do\/wp-content\/uploads\/2025\/06\/Danilo-Medina-1-1.jpg?resize=525%2C300&ssl=1 1.5x, https:\/\/i0.wp.com\/lasprimeras.com.do\/wp-content\/uploads\/2025\/06\/Danilo-Medina-1-1.jpg?resize=700%2C400&ssl=1 2x"},"classes":[]}],"jetpack_sharing_enabled":true,"_links":{"self":[{"href":"https:\/\/lasprimeras.com.do\/index.php\/wp-json\/wp\/v2\/posts\/116576","targetHints":{"allow":["GET"]}}],"collection":[{"href":"https:\/\/lasprimeras.com.do\/index.php\/wp-json\/wp\/v2\/posts"}],"about":[{"href":"https:\/\/lasprimeras.com.do\/index.php\/wp-json\/wp\/v2\/types\/post"}],"author":[{"embeddable":true,"href":"https:\/\/lasprimeras.com.do\/index.php\/wp-json\/wp\/v2\/users\/10"}],"replies":[{"embeddable":true,"href":"https:\/\/lasprimeras.com.do\/index.php\/wp-json\/wp\/v2\/comments?post=116576"}],"version-history":[{"count":1,"href":"https:\/\/lasprimeras.com.do\/index.php\/wp-json\/wp\/v2\/posts\/116576\/revisions"}],"predecessor-version":[{"id":116578,"href":"https:\/\/lasprimeras.com.do\/index.php\/wp-json\/wp\/v2\/posts\/116576\/revisions\/116578"}],"wp:featuredmedia":[{"embeddable":true,"href":"https:\/\/lasprimeras.com.do\/index.php\/wp-json\/wp\/v2\/media\/116577"}],"wp:attachment":[{"href":"https:\/\/lasprimeras.com.do\/index.php\/wp-json\/wp\/v2\/media?parent=116576"}],"wp:term":[{"taxonomy":"category","embeddable":true,"href":"https:\/\/lasprimeras.com.do\/index.php\/wp-json\/wp\/v2\/categories?post=116576"},{"taxonomy":"post_tag","embeddable":true,"href":"https:\/\/lasprimeras.com.do\/index.php\/wp-json\/wp\/v2\/tags?post=116576"}],"curies":[{"name":"wp","href":"https:\/\/api.w.org\/{rel}","templated":true}]}}