{"id":116579,"date":"2025-12-02T12:26:51","date_gmt":"2025-12-02T16:26:51","guid":{"rendered":"https:\/\/lasprimeras.com.do\/?p=116579"},"modified":"2025-12-02T12:26:53","modified_gmt":"2025-12-02T16:26:53","slug":"propeep-da-inicio-a-festividades-navidenas-con-encendido-parque-de-las-luces-en-sde","status":"publish","type":"post","link":"https:\/\/lasprimeras.com.do\/index.php\/2025\/12\/02\/propeep-da-inicio-a-festividades-navidenas-con-encendido-parque-de-las-luces-en-sde\/","title":{"rendered":"Propeep da inicio a festividades navide\u00f1as con encendido Parque de las Luces en SDE"},"content":{"rendered":"\n<p><strong>Las festividades incluyen jornadas especiales \u201cPrimero T\u00fa\u201d, almuerzos, cenas, encendido de Parques de Luces y presentaciones art\u00edsticas.<\/strong><\/p>\n\n\n\n<p>La Brisita Navide\u00f1a lleg\u00f3 por todo lo alto a este municipio con el encendido oficial del Parque de las Luces, acto que fue encabezado por el director de los Proyectos Estrat\u00e9gicos y Especiales de la Presidencia (Propeep) Robert Polanco, junto al alcalde Dio Astacio, quienes dejaron iniciada este lunes en la noche La Brisita Navide\u00f1a en la demarcaci\u00f3n.<\/p>\n\n\n\n<p>Durante el encendido de luces realizado en el Boulevard de Las Am\u00e9ricas, Robert Polanco dijo \u201ccon mucha alegr\u00eda, hemos seleccionado el municipio de Santo Domingo Este para iniciar este gran recorrido que realizaremos durante las pr\u00f3ximas dos semanas.<\/p>\n\n\n\n<p>La meta es dejar iluminados los principales parques del pa\u00eds, para que esos espacios se conviertan en lugares de convivencia, de encuentro entre familias, entre amigos; espacios donde podamos compartir, re\u00edr, y celebrar juntos el verdadero esp\u00edritu de la Navidad, precis\u00f3 Polanco<\/p>\n\n\n\n<figure class=\"wp-block-image size-full\"><img decoding=\"async\" width=\"900\" height=\"662\" src=\"https:\/\/lasprimeras.com.do\/wp-content\/uploads\/2025\/12\/festividades-navidenas-2.jpg\" alt=\"\" class=\"wp-image-116581\" srcset=\"https:\/\/lasprimeras.com.do\/wp-content\/uploads\/2025\/12\/festividades-navidenas-2.jpg 900w, https:\/\/lasprimeras.com.do\/wp-content\/uploads\/2025\/12\/festividades-navidenas-2-300x221.jpg 300w, https:\/\/lasprimeras.com.do\/wp-content\/uploads\/2025\/12\/festividades-navidenas-2-768x565.jpg 768w\" sizes=\"(max-width: 900px) 100vw, 900px\" \/><\/figure>\n\n\n\n<p>En medio de aplausos y festejos, el director de Propeep, Robert Polanco, expres\u00f3 \u201cdecidimos comenzar aqu\u00ed, porque Santo Domingo Este es un municipio vibrante, lleno de gente buena, noble y solidaria\u201d.<\/p>\n\n\n\n<p>Polanco anunci\u00f3 que, durante todo el mes de diciembre hasta el 2 de enero del 2026, Propeep llevar\u00e1 a cabo almuerzos, cenas navide\u00f1as, jornadas especiales de inclusi\u00f3n social, encendidos de Parques de Luces y diversas presentaciones art\u00edsticas en diferentes puntos del territorio nacional.<\/p>\n\n\n\n<p>\u201cCon este calendario de actividades, que incluye 19 Parques de Luces, 26 Almuerzos y Cenas Navide\u00f1as, y 10 Jornadas Especiales de Inclusi\u00f3n Social, reafirmamos el compromiso del presidente Luis Abinader de celebrar unas navidades m\u00e1s humanas, solidarias y llenas de esperanza para todos los dominicanos\u201d, manifest\u00f3 Polanco.<\/p>\n\n\n\n<figure class=\"wp-block-image size-full\"><img decoding=\"async\" width=\"900\" height=\"601\" src=\"https:\/\/lasprimeras.com.do\/wp-content\/uploads\/2025\/12\/festividades-navidenas-44.jpg\" alt=\"\" class=\"wp-image-116582\" srcset=\"https:\/\/lasprimeras.com.do\/wp-content\/uploads\/2025\/12\/festividades-navidenas-44.jpg 900w, https:\/\/lasprimeras.com.do\/wp-content\/uploads\/2025\/12\/festividades-navidenas-44-300x200.jpg 300w, https:\/\/lasprimeras.com.do\/wp-content\/uploads\/2025\/12\/festividades-navidenas-44-768x513.jpg 768w\" sizes=\"(max-width: 900px) 100vw, 900px\" \/><\/figure>\n\n\n\n<p>Agreg\u00f3 que \u201ceso es lo que quiere el presidente Luis Abinader: llevar alegr\u00eda al pueblo dominicano, que la gente sienta un gobierno cercano, escuchando sus necesidades y respondiendo con cari\u00f1o durante esta \u00e9poca especial\u201d, afirm\u00f3 el funcionario.<\/p>\n\n\n\n<p>\u201cPor esta motivaci\u00f3n de nuestro presidente hoy dejamos encendido para el disfrute de la familia de este municipio El Parque de Luces y les invito a todos a disfrutar y bailar con la presentaci\u00f3n art\u00edstica de Los Hermanos Rosario, Yiyo Sarante y la animaci\u00f3n especial de Michael Miguel Holguin\u201d.<\/p>\n\n\n\n<p>El alcalde de Santo Domingo Este, D\u00edo Astacio, ofreci\u00f3 las palabras de bienvenida, resaltando la alegr\u00eda que embarga al municipio con la llegada oficial de la Navidad.<\/p>\n\n\n\n<figure class=\"wp-block-image size-full\"><img decoding=\"async\" width=\"900\" height=\"601\" src=\"https:\/\/lasprimeras.com.do\/wp-content\/uploads\/2025\/12\/festividades-navidenas-55.jpg\" alt=\"\" class=\"wp-image-116583\" srcset=\"https:\/\/lasprimeras.com.do\/wp-content\/uploads\/2025\/12\/festividades-navidenas-55.jpg 900w, https:\/\/lasprimeras.com.do\/wp-content\/uploads\/2025\/12\/festividades-navidenas-55-300x200.jpg 300w, https:\/\/lasprimeras.com.do\/wp-content\/uploads\/2025\/12\/festividades-navidenas-55-768x513.jpg 768w\" sizes=\"(max-width: 900px) 100vw, 900px\" \/><\/figure>\n\n\n\n<p>Durante su intervenci\u00f3n, el alcalde se\u00f1al\u00f3 que la Navidad es una celebraci\u00f3n profundamente cristiana, basada en la unidad familiar y en el mensaje de esperanza que representa Jesucristo.<\/p>\n\n\n\n<p>Astacio invit\u00f3 al p\u00fablico a disfrutar de una noche especial en un espacio concebido para fortalecer la convivencia y la alegr\u00eda propia de la \u00e9poca.<\/p>\n\n\n\n<p>Expres\u00f3 su agradecimiento a Dios, al presidente Luis Abinader y a Propeep por hacer posible la realizaci\u00f3n del evento.<\/p>\n\n\n\n<p>El acto cerr\u00f3 con un ambiente festivo y alegre, animado por los reconocidos artistas dominicanos: salcero Yiyo Sarante y la afamada orquesta merenguera Los Hermanos Rosario, quienes pusieron a bailar a los presentes en la apertura de este recorrido luminoso que se extender\u00e1 durante las pr\u00f3ximas dos semanas.<\/p>\n\n\n\n<figure class=\"wp-block-image size-full\"><img decoding=\"async\" width=\"900\" height=\"601\" src=\"https:\/\/lasprimeras.com.do\/wp-content\/uploads\/2025\/12\/festividades-navidenas-3.jpg\" alt=\"\" class=\"wp-image-116584\" srcset=\"https:\/\/lasprimeras.com.do\/wp-content\/uploads\/2025\/12\/festividades-navidenas-3.jpg 900w, https:\/\/lasprimeras.com.do\/wp-content\/uploads\/2025\/12\/festividades-navidenas-3-300x200.jpg 300w, https:\/\/lasprimeras.com.do\/wp-content\/uploads\/2025\/12\/festividades-navidenas-3-768x513.jpg 768w\" sizes=\"(max-width: 900px) 100vw, 900px\" \/><\/figure>\n\n\n\n<p><strong>Autoridades<\/strong><\/p>\n\n\n\n<p>Durante el encendido del Parque de Luces, el director de Propeep Robert Polanco estuvo acompa\u00f1ado de su esposa Katy Nova, del alcalde Dio Astacio ; la subdirectora Yenny Chaljub, el vicepresidente de la Comisi\u00f3n de Apoyo al Desarrollo Barrial, H\u00e9ctor Luis Batista; as\u00ed como regidores, funcionarios de Propeep y del ayuntamiento Municipal, entre otros.<\/p>\n","protected":false},"excerpt":{"rendered":"<p>Las festividades incluyen jornadas especiales \u201cPrimero T\u00fa\u201d, almuerzos, cenas, encendido de Parques de Luces y presentaciones art\u00edsticas. La Brisita Navide\u00f1a lleg\u00f3 por todo lo alto a este municipio con el&hellip;<\/p>\n","protected":false},"author":10,"featured_media":116580,"comment_status":"open","ping_status":"open","sticky":false,"template":"","format":"standard","meta":{"content-type":"","jetpack_post_was_ever_published":false,"_jetpack_newsletter_access":"","_jetpack_dont_email_post_to_subs":false,"_jetpack_newsletter_tier_id":0,"_jetpack_memberships_contains_paywalled_content":false,"_jetpack_memberships_contains_paid_content":false,"footnotes":""},"categories":[84,25],"tags":[10267,16872,28084,215,1570],"class_list":["post-116579","post","type-post","status-publish","format-standard","has-post-thumbnail","hentry","category-entretenimiento","category-portada","tag-encendido","tag-festividades-navidenas","tag-parque-de-las-luces","tag-propeep","tag-santo-domingo-este"],"jetpack_featured_media_url":"https:\/\/lasprimeras.com.do\/wp-content\/uploads\/2025\/12\/festividades-navidenas-1.jpg","jetpack-related-posts":[{"id":91640,"url":"https:\/\/lasprimeras.com.do\/index.php\/2024\/11\/30\/roberto-angel-inicia-programa-parques-de-navidad-en-puerto-plata\/","url_meta":{"origin":116579,"position":0},"title":"Roberto \u00c1ngel inicia programa &#8220;Parques de Navidad&#8221; en Puerto Plata","author":"Nelson Feliz","date":"30 de noviembre de 2024","format":false,"excerpt":"El director de Propeep, al encender las luces del parque Central Independencia de la ciudad atl\u00e1ntica, anunci\u00f3 que igual har\u00e1 en una decena de municipios del pa\u00eds El director general de Proyectos Estrat\u00e9gicos y Programas Especiales de la Presidencia (Propeep), Roberto \u00c1ngel Salcedo, dej\u00f3 iniciado anoche el programa \"Parques de\u2026","rel":"","context":"En \u00abNACIONALES\u00bb","block_context":{"text":"NACIONALES","link":"https:\/\/lasprimeras.com.do\/index.php\/category\/nacionales\/"},"img":{"alt_text":"Roberto \u00c1ngel Salcedo","src":"https:\/\/i0.wp.com\/lasprimeras.com.do\/wp-content\/uploads\/2024\/11\/Roberto-Angel-Salcedo-1.jpg?resize=350%2C200&ssl=1","width":350,"height":200,"srcset":"https:\/\/i0.wp.com\/lasprimeras.com.do\/wp-content\/uploads\/2024\/11\/Roberto-Angel-Salcedo-1.jpg?resize=350%2C200&ssl=1 1x, https:\/\/i0.wp.com\/lasprimeras.com.do\/wp-content\/uploads\/2024\/11\/Roberto-Angel-Salcedo-1.jpg?resize=525%2C300&ssl=1 1.5x, https:\/\/i0.wp.com\/lasprimeras.com.do\/wp-content\/uploads\/2024\/11\/Roberto-Angel-Salcedo-1.jpg?resize=700%2C400&ssl=1 2x"},"classes":[]},{"id":91637,"url":"https:\/\/lasprimeras.com.do\/index.php\/2024\/11\/27\/propeep-realizara-encendido-de-parques-navidenos-en-diferentes-ciudades-del-pais\/","url_meta":{"origin":116579,"position":1},"title":"Propeep realizar\u00e1 encendido de parques navide\u00f1os en diferentes ciudades del pa\u00eds","author":"Nelson Feliz","date":"27 de noviembre de 2024","format":false,"excerpt":"Su director, Roberto \u00c1ngel Salcedo, encabezar\u00e1 los actos y desarrollar\u00e1 una amplia agenda que incluye tambi\u00e9n inauguraciones de \u201cPaseo de los Colores\u201d, la realizaci\u00f3n de almuerzos y cenas en varias provincias y la entrega de dos proyectos de viviendas. La Direcci\u00f3n General de Proyectos Estrat\u00e9gicos y Programas Especiales de la\u2026","rel":"","context":"En \u00abNACIONALES\u00bb","block_context":{"text":"NACIONALES","link":"https:\/\/lasprimeras.com.do\/index.php\/category\/nacionales\/"},"img":{"alt_text":"Roberto \u00c1ngel","src":"https:\/\/i0.wp.com\/lasprimeras.com.do\/wp-content\/uploads\/2024\/11\/Roberto-Angel.jpg?resize=350%2C200&ssl=1","width":350,"height":200,"srcset":"https:\/\/i0.wp.com\/lasprimeras.com.do\/wp-content\/uploads\/2024\/11\/Roberto-Angel.jpg?resize=350%2C200&ssl=1 1x, https:\/\/i0.wp.com\/lasprimeras.com.do\/wp-content\/uploads\/2024\/11\/Roberto-Angel.jpg?resize=525%2C300&ssl=1 1.5x"},"classes":[]},{"id":118143,"url":"https:\/\/lasprimeras.com.do\/index.php\/2025\/12\/22\/propeep-culmina-primera-etapa-de-celebraciones-navidenas-con-mas-de-60-actividades-comunitarias\/","url_meta":{"origin":116579,"position":2},"title":"Propeep culmina primera etapa de celebraciones navide\u00f1as con m\u00e1s de 60 actividades comunitarias","author":"Nelson Feliz","date":"22 de diciembre de 2025","format":false,"excerpt":"Del 1ro. al 21 de Diciembre se han realizado un total de 66 actividades, incluyendo un concurrido concierto cristiano en SDE. En el marco del programa La Brisita Navide\u00f1a y siguiendo las instrucciones del presidente Luis Abinader, los Proyectos Estrat\u00e9gicos y Especiales de la Presidencia (Propeep) ha desarrollado m\u00e1s de\u2026","rel":"","context":"En \u00abNACIONALES\u00bb","block_context":{"text":"NACIONALES","link":"https:\/\/lasprimeras.com.do\/index.php\/category\/nacionales\/"},"img":{"alt_text":"","src":"https:\/\/i0.wp.com\/lasprimeras.com.do\/wp-content\/uploads\/2025\/12\/2-1.jpg?resize=350%2C200&ssl=1","width":350,"height":200,"srcset":"https:\/\/i0.wp.com\/lasprimeras.com.do\/wp-content\/uploads\/2025\/12\/2-1.jpg?resize=350%2C200&ssl=1 1x, https:\/\/i0.wp.com\/lasprimeras.com.do\/wp-content\/uploads\/2025\/12\/2-1.jpg?resize=525%2C300&ssl=1 1.5x, https:\/\/i0.wp.com\/lasprimeras.com.do\/wp-content\/uploads\/2025\/12\/2-1.jpg?resize=700%2C400&ssl=1 2x"},"classes":[]},{"id":70233,"url":"https:\/\/lasprimeras.com.do\/index.php\/2023\/12\/09\/roberto-angel-encabeza-encendidos-de-parques-almuerzos-y-cenas-navidenas\/","url_meta":{"origin":116579,"position":3},"title":"Roberto \u00c1ngel encabeza encendidos de parques, almuerzos y cenas navide\u00f1as","author":"Nelson Feliz","date":"9 de diciembre de 2023","format":false,"excerpt":"El director de Proyectos Estrat\u00e9gicos y Programas Especiales de la Presidencia, Roberto \u00c1ngel Salcedo, encabez\u00f3 este s\u00e1bado encendidos de parques, almuerzos y cenas navide\u00f1as, en pueblos del interior del pa\u00eds, llevando la alegr\u00eda de las acciones sociales del gobierno a comunidades vulnerables en est\u00e1s festividades de fin de a\u00f1o a\u2026","rel":"","context":"En \u00abNACIONALES\u00bb","block_context":{"text":"NACIONALES","link":"https:\/\/lasprimeras.com.do\/index.php\/category\/nacionales\/"},"img":{"alt_text":"Roberto \u00c1ngel Salcedo","src":"https:\/\/i0.wp.com\/lasprimeras.com.do\/wp-content\/uploads\/2023\/12\/Roberto-Angel-Salcedo-1.jpg?resize=350%2C200&ssl=1","width":350,"height":200,"srcset":"https:\/\/i0.wp.com\/lasprimeras.com.do\/wp-content\/uploads\/2023\/12\/Roberto-Angel-Salcedo-1.jpg?resize=350%2C200&ssl=1 1x, https:\/\/i0.wp.com\/lasprimeras.com.do\/wp-content\/uploads\/2023\/12\/Roberto-Angel-Salcedo-1.jpg?resize=525%2C300&ssl=1 1.5x"},"classes":[]},{"id":116966,"url":"https:\/\/lasprimeras.com.do\/index.php\/2025\/12\/06\/propeep-ilumina-la-navidad-en-san-cristobal-con-jornada-social-y-entrega-bono-navideno\/","url_meta":{"origin":116579,"position":4},"title":"Propeep ilumina la Navidad en San Crist\u00f3bal con jornada social y entrega Bono Navide\u00f1o","author":"Nelson Feliz","date":"6 de diciembre de 2025","format":false,"excerpt":"Robert Polanco invita a ciudadanos sancristobalences al encendido de Luces del Parque Navide\u00f1o a las 7:00 de la noche de este s\u00e1bado. El director de la Direcci\u00f3n General de Proyectos Estrat\u00e9gicos y Programas Especiales de la Presidencia (Propeep), Robert Polanco, encabez\u00f3 este s\u00e1bado una jornada de inclusi\u00f3n social en la\u2026","rel":"","context":"En \u00abNACIONALES\u00bb","block_context":{"text":"NACIONALES","link":"https:\/\/lasprimeras.com.do\/index.php\/category\/nacionales\/"},"img":{"alt_text":"","src":"https:\/\/i0.wp.com\/lasprimeras.com.do\/wp-content\/uploads\/2025\/12\/robert-1.jpg?resize=350%2C200&ssl=1","width":350,"height":200,"srcset":"https:\/\/i0.wp.com\/lasprimeras.com.do\/wp-content\/uploads\/2025\/12\/robert-1.jpg?resize=350%2C200&ssl=1 1x, https:\/\/i0.wp.com\/lasprimeras.com.do\/wp-content\/uploads\/2025\/12\/robert-1.jpg?resize=525%2C300&ssl=1 1.5x, https:\/\/i0.wp.com\/lasprimeras.com.do\/wp-content\/uploads\/2025\/12\/robert-1.jpg?resize=700%2C400&ssl=1 2x"},"classes":[]},{"id":117249,"url":"https:\/\/lasprimeras.com.do\/index.php\/2025\/12\/09\/propeep-inicia-almuerzos-navidenos-con-familias-con-ninos-autistas-y-discapacidad\/","url_meta":{"origin":116579,"position":5},"title":"Propeep inicia almuerzos navide\u00f1os con familias con ni\u00f1os autistas y discapacidad","author":"Nelson Feliz","date":"9 de diciembre de 2025","format":false,"excerpt":"El director Robert Polanco, celebra junto a Benny Metz, director de Conadis; y Fernando Benoit, del Caid; el primer almuerzo navide\u00f1o con ni\u00f1os y adolescentes con condiciones especiales en Santo Domingo Oeste El director de Proyectos Estrat\u00e9gicos y Especiales de la Presidencia (Propeep), Robert Polanco, encabez\u00f3 este martes el inicio\u2026","rel":"","context":"En \u00abNACIONALES\u00bb","block_context":{"text":"NACIONALES","link":"https:\/\/lasprimeras.com.do\/index.php\/category\/nacionales\/"},"img":{"alt_text":"Robert Polanco","src":"https:\/\/i0.wp.com\/lasprimeras.com.do\/wp-content\/uploads\/2025\/12\/Robert-Polanco-1.jpg?resize=350%2C200&ssl=1","width":350,"height":200,"srcset":"https:\/\/i0.wp.com\/lasprimeras.com.do\/wp-content\/uploads\/2025\/12\/Robert-Polanco-1.jpg?resize=350%2C200&ssl=1 1x, https:\/\/i0.wp.com\/lasprimeras.com.do\/wp-content\/uploads\/2025\/12\/Robert-Polanco-1.jpg?resize=525%2C300&ssl=1 1.5x, https:\/\/i0.wp.com\/lasprimeras.com.do\/wp-content\/uploads\/2025\/12\/Robert-Polanco-1.jpg?resize=700%2C400&ssl=1 2x"},"classes":[]}],"jetpack_sharing_enabled":true,"_links":{"self":[{"href":"https:\/\/lasprimeras.com.do\/index.php\/wp-json\/wp\/v2\/posts\/116579","targetHints":{"allow":["GET"]}}],"collection":[{"href":"https:\/\/lasprimeras.com.do\/index.php\/wp-json\/wp\/v2\/posts"}],"about":[{"href":"https:\/\/lasprimeras.com.do\/index.php\/wp-json\/wp\/v2\/types\/post"}],"author":[{"embeddable":true,"href":"https:\/\/lasprimeras.com.do\/index.php\/wp-json\/wp\/v2\/users\/10"}],"replies":[{"embeddable":true,"href":"https:\/\/lasprimeras.com.do\/index.php\/wp-json\/wp\/v2\/comments?post=116579"}],"version-history":[{"count":1,"href":"https:\/\/lasprimeras.com.do\/index.php\/wp-json\/wp\/v2\/posts\/116579\/revisions"}],"predecessor-version":[{"id":116585,"href":"https:\/\/lasprimeras.com.do\/index.php\/wp-json\/wp\/v2\/posts\/116579\/revisions\/116585"}],"wp:featuredmedia":[{"embeddable":true,"href":"https:\/\/lasprimeras.com.do\/index.php\/wp-json\/wp\/v2\/media\/116580"}],"wp:attachment":[{"href":"https:\/\/lasprimeras.com.do\/index.php\/wp-json\/wp\/v2\/media?parent=116579"}],"wp:term":[{"taxonomy":"category","embeddable":true,"href":"https:\/\/lasprimeras.com.do\/index.php\/wp-json\/wp\/v2\/categories?post=116579"},{"taxonomy":"post_tag","embeddable":true,"href":"https:\/\/lasprimeras.com.do\/index.php\/wp-json\/wp\/v2\/tags?post=116579"}],"curies":[{"name":"wp","href":"https:\/\/api.w.org\/{rel}","templated":true}]}}