{"id":116586,"date":"2025-11-30T12:48:00","date_gmt":"2025-11-30T16:48:00","guid":{"rendered":"https:\/\/lasprimeras.com.do\/?p=116586"},"modified":"2025-12-02T12:52:23","modified_gmt":"2025-12-02T16:52:23","slug":"rafael-arcadio-alvarez-dice-camep-respalda-micronegocios-de-la-republica-dominicana","status":"publish","type":"post","link":"https:\/\/lasprimeras.com.do\/index.php\/2025\/11\/30\/rafael-arcadio-alvarez-dice-camep-respalda-micronegocios-de-la-republica-dominicana\/","title":{"rendered":"Rafael Arcadio \u00c1lvarez dice CAMEP respalda micronegocios de la Rep\u00fablica Dominicana"},"content":{"rendered":"\n<p>El l\u00edder de la C\u00e1mara de la Empresa Privada de la Rep\u00fablica Dominicana (CAMEP) Rafael Arcadio \u00c1lvarez, reiter\u00f3 su compromiso inquebrantable con los micronegocios de la Rep\u00fablica Dominicana, pese al panorama econ\u00f3mico y social que atraviesa el pa\u00eds.<\/p>\n\n\n\n<p>\u00c1lvarez, destac\u00f3 que, gracias al respaldo financiero de DOMINICREDIT, entidad con presencia nacional y una amplia trayectoria impulsando iniciativas productivas, ha sido posible sostener y ampliar los programas de acompa\u00f1amiento y financiamiento dirigidos a emprendedores y peque\u00f1os negocios.<\/p>\n\n\n\n<p>Se\u00f1al\u00f3 que la prioridad sigue siendo apoyar a los microempresarios que levantan la econom\u00eda desde los barrios y las zonas productivas del pa\u00eds.<\/p>\n\n\n\n<p>\u201cSeguimos apostando al buen hacer, a la transparencia y al esfuerzo en equipo de nuestra gente no se detiene\u201dmanifest\u00f3.<\/p>\n\n\n\n<figure class=\"wp-block-image size-full\"><img decoding=\"async\" width=\"900\" height=\"599\" src=\"https:\/\/lasprimeras.com.do\/wp-content\/uploads\/2025\/12\/LA-CAMEP-1.jpg\" alt=\"\" class=\"wp-image-116588\" srcset=\"https:\/\/lasprimeras.com.do\/wp-content\/uploads\/2025\/12\/LA-CAMEP-1.jpg 900w, https:\/\/lasprimeras.com.do\/wp-content\/uploads\/2025\/12\/LA-CAMEP-1-300x200.jpg 300w, https:\/\/lasprimeras.com.do\/wp-content\/uploads\/2025\/12\/LA-CAMEP-1-768x511.jpg 768w\" sizes=\"(max-width: 900px) 100vw, 900px\" \/><\/figure>\n\n\n\n<p>La nueva directiva de CAMEP, integrada por profesionales activos y comprometidos, contin\u00faa ejecutando un plan de fortalecimiento institucional que avanza \u201ca pasos agigantados\u201d.<\/p>\n\n\n\n<p>Este plan incluye la expansi\u00f3n de servicios, programas de capacitaci\u00f3n t\u00e9cnica y alianzas estrat\u00e9gicas para ampliar oportunidades en todo el territorio nacional.<\/p>\n\n\n\n<p>Reafirm\u00f3 su disposici\u00f3n de seguir colaborando con todos los sectores productivos y sociales, con el prop\u00f3sito de aportar estabilidad, crecimiento y nuevas oportunidades para miles de familias que dependen del emprendimiento diario.<\/p>\n\n\n\n<p>Una posici\u00f3n clave para el desarrollo de la CAMEP es la nueva alianza con los nuevos dirigentes Regionales del Este, dirigido por Victoria F\u00e9lix en Cumayasa y Noem\u00ed en La Romana, dos figuras con una trayectoria s\u00f3lida en el trabajo comunitario y empresarial. Esta alianza representa un compromiso inquebrantable con un objetivo claro y firme: fortalecer el crecimiento de los micronegocios en esta zona.<\/p>\n\n\n\n<p>La experiencia, credibilidad y reconocimiento que poseen ambas l\u00edderes dentro de la sociedad dominicana refuerzan la confianza de los microempresarios de La Altagracia, El Seibo, La Romana, Hato Mayor, San Pedro de Macor\u00eds y toda la regi\u00f3n, marcando as\u00ed un paso decisivo hacia un desarrollo m\u00e1s inclusivo y sostenible. Ambas afrontan un liderazgo extremadamente potencial.<\/p>\n\n\n\n<p>El ejecutivo Saul Villajos, gracias a su amplia experiencia a nivel mundial en el sector industrial y Financiero, apuesta por un impulso econ\u00f3mico contundente para la Rep\u00fablica Dominicana.<\/p>\n\n\n\n<p>Su visi\u00f3n estrat\u00e9gica, respaldada por hechos anteriores, presentes y futuros, lo posiciona como un jugador clave en la evoluci\u00f3n y el fortalecimiento de la econom\u00eda nacional.<\/p>\n\n\n\n<p>Villajos reafirma que el pa\u00eds tiene la capacidad de avanzar con paso firme hacia un modelo de desarrollo m\u00e1s competitivo, moderno y sostenible, y se compromete a seguir aportando sus conocimientos e inversi\u00f3n para impulsar nuevas oportunidades de crecimiento. Todo un l\u00edder que ayuda a miles de familias y acompa\u00f1a a una vida mejor al pueblo dominicano.<\/p>\n","protected":false},"excerpt":{"rendered":"<p>El l\u00edder de la C\u00e1mara de la Empresa Privada de la Rep\u00fablica Dominicana (CAMEP) Rafael Arcadio \u00c1lvarez, reiter\u00f3 su compromiso inquebrantable con los micronegocios de la Rep\u00fablica Dominicana, pese al&hellip;<\/p>\n","protected":false},"author":10,"featured_media":116587,"comment_status":"open","ping_status":"open","sticky":false,"template":"","format":"standard","meta":{"content-type":"","jetpack_post_was_ever_published":false,"_jetpack_newsletter_access":"","_jetpack_dont_email_post_to_subs":false,"_jetpack_newsletter_tier_id":0,"_jetpack_memberships_contains_paywalled_content":false,"_jetpack_memberships_contains_paid_content":false,"footnotes":""},"categories":[39],"tags":[28085,2920,28087,28086,1226],"class_list":["post-116586","post","type-post","status-publish","format-standard","has-post-thumbnail","hentry","category-economia","tag-camep","tag-emprendedores","tag-micronegocios","tag-rafael-arcadio-alvarez","tag-republica-dominicana"],"jetpack_featured_media_url":"https:\/\/lasprimeras.com.do\/wp-content\/uploads\/2025\/12\/LA-CAMEP.jpg","jetpack-related-posts":[{"id":112521,"url":"https:\/\/lasprimeras.com.do\/index.php\/2025\/10\/23\/embajadora-erika-alvarez-rodriguez-presenta-credenciales-en-mauricio\/","url_meta":{"origin":116586,"position":0},"title":"Embajadora Erika \u00c1lvarez Rodr\u00edguez presenta credenciales en Mauricio","author":"Nelson Feliz","date":"23 de octubre de 2025","format":false,"excerpt":"Rep\u00fablica Dominicana ampl\u00eda su presencia diplom\u00e1tica en \u00c1frica Oriental. Port Louis, Mauricio.\u2014 La Embajadora Erika \u00c1lvarez Rodr\u00edguez present\u00f3, en una ceremonia oficial celebrada en la Casa de Gobierno, las Cartas Credenciales que la acreditan como Embajadora Extraordinaria y Plenipotenciaria de la Rep\u00fablica Dominicana ante la Rep\u00fablica de Mauricio, con sede\u2026","rel":"","context":"En \u00abNACIONALES\u00bb","block_context":{"text":"NACIONALES","link":"https:\/\/lasprimeras.com.do\/index.php\/category\/nacionales\/"},"img":{"alt_text":"","src":"https:\/\/i0.wp.com\/lasprimeras.com.do\/wp-content\/uploads\/2025\/10\/Erika-Alvarez-Rodriguez.jpg?resize=350%2C200&ssl=1","width":350,"height":200,"srcset":"https:\/\/i0.wp.com\/lasprimeras.com.do\/wp-content\/uploads\/2025\/10\/Erika-Alvarez-Rodriguez.jpg?resize=350%2C200&ssl=1 1x, https:\/\/i0.wp.com\/lasprimeras.com.do\/wp-content\/uploads\/2025\/10\/Erika-Alvarez-Rodriguez.jpg?resize=525%2C300&ssl=1 1.5x, https:\/\/i0.wp.com\/lasprimeras.com.do\/wp-content\/uploads\/2025\/10\/Erika-Alvarez-Rodriguez.jpg?resize=700%2C400&ssl=1 2x"},"classes":[]},{"id":77089,"url":"https:\/\/lasprimeras.com.do\/index.php\/2024\/02\/18\/atentan-contra-el-alcalde-del-municipio-eugenio-maria-de-hostos-provincia-duarte\/","url_meta":{"origin":116586,"position":1},"title":"Atentan contra el alcalde del municipio Eugenio Mar\u00eda de Hostos, provincia Duarte","author":"Nelson Feliz","date":"18 de febrero de 2024","format":false,"excerpt":"Personas hasta el momento desconocidas intentaron este anoche acabar a tiros con la vida del alcalde del municipio Eugenio Mar\u00eda de Hostos, Arcadio Rosa, en un hecho ocurrido en la carretera conocida como La Gina en la provincia Duarte. El edil narr\u00f3 que el intento de homicidio se registr\u00f3 en\u2026","rel":"","context":"En \u00abNACIONALES\u00bb","block_context":{"text":"NACIONALES","link":"https:\/\/lasprimeras.com.do\/index.php\/category\/nacionales\/"},"img":{"alt_text":"Arcadio-Rosa","src":"https:\/\/i0.wp.com\/lasprimeras.com.do\/wp-content\/uploads\/2024\/02\/Arcadio-Rosa-1536x865-1.jpg?resize=350%2C200&ssl=1","width":350,"height":200,"srcset":"https:\/\/i0.wp.com\/lasprimeras.com.do\/wp-content\/uploads\/2024\/02\/Arcadio-Rosa-1536x865-1.jpg?resize=350%2C200&ssl=1 1x, https:\/\/i0.wp.com\/lasprimeras.com.do\/wp-content\/uploads\/2024\/02\/Arcadio-Rosa-1536x865-1.jpg?resize=525%2C300&ssl=1 1.5x, https:\/\/i0.wp.com\/lasprimeras.com.do\/wp-content\/uploads\/2024\/02\/Arcadio-Rosa-1536x865-1.jpg?resize=700%2C400&ssl=1 2x"},"classes":[]},{"id":103093,"url":"https:\/\/lasprimeras.com.do\/index.php\/2025\/07\/11\/cdp-santiago-lamenta-el-fallecimiento-del-destacado-periodista-arcadio-vargas\/","url_meta":{"origin":116586,"position":2},"title":"CDP-Santiago lamenta el fallecimiento del destacado periodista Arcadio Vargas","author":"Nelson Feliz","date":"11 de julio de 2025","format":false,"excerpt":"El Colegio Dominicano de Periodistas (CDP), seccional Santiago, informa con profundo pesar el fallecimiento del reconocido periodista y gremialista Arcadio Vargas Evertz, ocurrido la noche del jueves 10 de julio, a las 10:58 p.m. Arcadio Vargas, quien dedic\u00f3 su vida al ejercicio del periodismo con \u00e9tica, compromiso social y amor\u2026","rel":"","context":"En \u00abNACIONALES\u00bb","block_context":{"text":"NACIONALES","link":"https:\/\/lasprimeras.com.do\/index.php\/category\/nacionales\/"},"img":{"alt_text":"","src":"https:\/\/i0.wp.com\/lasprimeras.com.do\/wp-content\/uploads\/2025\/07\/Arcadio-Vargas-Evertz.jpeg?resize=350%2C200&ssl=1","width":350,"height":200,"srcset":"https:\/\/i0.wp.com\/lasprimeras.com.do\/wp-content\/uploads\/2025\/07\/Arcadio-Vargas-Evertz.jpeg?resize=350%2C200&ssl=1 1x, https:\/\/i0.wp.com\/lasprimeras.com.do\/wp-content\/uploads\/2025\/07\/Arcadio-Vargas-Evertz.jpeg?resize=525%2C300&ssl=1 1.5x, https:\/\/i0.wp.com\/lasprimeras.com.do\/wp-content\/uploads\/2025\/07\/Arcadio-Vargas-Evertz.jpeg?resize=700%2C400&ssl=1 2x"},"classes":[]},{"id":116986,"url":"https:\/\/lasprimeras.com.do\/index.php\/2025\/12\/06\/vicente-sanchez-henriquez-recibe-reconocimiento\/","url_meta":{"origin":116586,"position":3},"title":"Vicente S\u00e1nchez Henr\u00edquez recibe reconocimiento","author":"Nelson Feliz","date":"6 de diciembre de 2025","format":false,"excerpt":"NUEVA YORK. \u2013 El diputado oficialista de la circunscripci\u00f3n 1 del Distrito Nacional por el Partido Revolucionario Moderno (PRM), Vicente S\u00e1nchez Henr\u00edquez, fue recibido por el asamble\u00edsta George \u00c1lvarez (AD78) quien entreg\u00f3 una placa de reconocimiento al congresista. S\u00e1nchez Henr\u00edquez expres\u00f3 su gratitud por la acogida del legislador dominicano, destacando\u2026","rel":"","context":"En \u00abPOLITICA\u00bb","block_context":{"text":"POLITICA","link":"https:\/\/lasprimeras.com.do\/index.php\/category\/politica\/"},"img":{"alt_text":"Vicente S\u00e1nchez recibe reconocimiento","src":"https:\/\/i0.wp.com\/lasprimeras.com.do\/wp-content\/uploads\/2025\/12\/Vicente-Sanchez-recibe-reconocimiento.jpg?resize=350%2C200&ssl=1","width":350,"height":200,"srcset":"https:\/\/i0.wp.com\/lasprimeras.com.do\/wp-content\/uploads\/2025\/12\/Vicente-Sanchez-recibe-reconocimiento.jpg?resize=350%2C200&ssl=1 1x, https:\/\/i0.wp.com\/lasprimeras.com.do\/wp-content\/uploads\/2025\/12\/Vicente-Sanchez-recibe-reconocimiento.jpg?resize=525%2C300&ssl=1 1.5x, https:\/\/i0.wp.com\/lasprimeras.com.do\/wp-content\/uploads\/2025\/12\/Vicente-Sanchez-recibe-reconocimiento.jpg?resize=700%2C400&ssl=1 2x"},"classes":[]},{"id":119077,"url":"https:\/\/lasprimeras.com.do\/index.php\/2026\/01\/06\/gobierno-dominicano-reafirma-ante-la-oea-su-rechazo-a-la-proclamacion-de-nicolas-maduro\/","url_meta":{"origin":116586,"position":4},"title":"Gobierno dominicano reafirma ante la OEA su rechazo a la proclamaci\u00f3n de Nicol\u00e1s Maduro","author":"Nelson Feliz","date":"6 de enero de 2026","format":false,"excerpt":"Llama a una transici\u00f3n democr\u00e1tica en Venezuela. El Gobierno de la Rep\u00fablica Dominicana reiter\u00f3 ante el Consejo Permanente de la Organizaci\u00f3n de los Estados Americanos (OEA) su firme rechazo a la proclamaci\u00f3n de Nicol\u00e1s Maduro tras las elecciones del 28 de julio de 2024 y llam\u00f3 a la construcci\u00f3n de\u2026","rel":"","context":"En \u00abNACIONALES\u00bb","block_context":{"text":"NACIONALES","link":"https:\/\/lasprimeras.com.do\/index.php\/category\/nacionales\/"},"img":{"alt_text":"Roberto \u00c1lvarez","src":"https:\/\/i0.wp.com\/lasprimeras.com.do\/wp-content\/uploads\/2023\/06\/Roberto-Alvarez.jpg?resize=350%2C200&ssl=1","width":350,"height":200,"srcset":"https:\/\/i0.wp.com\/lasprimeras.com.do\/wp-content\/uploads\/2023\/06\/Roberto-Alvarez.jpg?resize=350%2C200&ssl=1 1x, https:\/\/i0.wp.com\/lasprimeras.com.do\/wp-content\/uploads\/2023\/06\/Roberto-Alvarez.jpg?resize=525%2C300&ssl=1 1.5x, https:\/\/i0.wp.com\/lasprimeras.com.do\/wp-content\/uploads\/2023\/06\/Roberto-Alvarez.jpg?resize=700%2C400&ssl=1 2x"},"classes":[]},{"id":126462,"url":"https:\/\/lasprimeras.com.do\/index.php\/2026\/04\/02\/republica-dominicana-brindara-apoyo-logistico-a-mision-de-la-onu-en-haiti\/","url_meta":{"origin":116586,"position":5},"title":"Rep\u00fablica Dominicana brindar\u00e1 apoyo log\u00edstico a misi\u00f3n de la ONU en Hait\u00ed","author":"Nelson Feliz","date":"2 de abril de 2026","format":false,"excerpt":"El canciller Roberto \u00c1lvarez encabezando la reuni\u00f3n con representantes de la ONU para coordinar las acciones de apoyo a la misi\u00f3n internacional en Hait\u00ed desde territorio dominicano.","rel":"","context":"En \u00abNACIONALES\u00bb","block_context":{"text":"NACIONALES","link":"https:\/\/lasprimeras.com.do\/index.php\/category\/nacionales\/"},"img":{"alt_text":"El canciller Roberto \u00c1lvarez encabezando la reuni\u00f3n con representantes de la ONU para coordinar las acciones de apoyo a la misi\u00f3n internacional en Hait\u00ed desde territorio dominicano.","src":"https:\/\/i0.wp.com\/lasprimeras.com.do\/wp-content\/uploads\/2026\/04\/Roberto-Alvarez.jpg?resize=350%2C200&ssl=1","width":350,"height":200,"srcset":"https:\/\/i0.wp.com\/lasprimeras.com.do\/wp-content\/uploads\/2026\/04\/Roberto-Alvarez.jpg?resize=350%2C200&ssl=1 1x, https:\/\/i0.wp.com\/lasprimeras.com.do\/wp-content\/uploads\/2026\/04\/Roberto-Alvarez.jpg?resize=525%2C300&ssl=1 1.5x, https:\/\/i0.wp.com\/lasprimeras.com.do\/wp-content\/uploads\/2026\/04\/Roberto-Alvarez.jpg?resize=700%2C400&ssl=1 2x"},"classes":[]}],"jetpack_sharing_enabled":true,"_links":{"self":[{"href":"https:\/\/lasprimeras.com.do\/index.php\/wp-json\/wp\/v2\/posts\/116586","targetHints":{"allow":["GET"]}}],"collection":[{"href":"https:\/\/lasprimeras.com.do\/index.php\/wp-json\/wp\/v2\/posts"}],"about":[{"href":"https:\/\/lasprimeras.com.do\/index.php\/wp-json\/wp\/v2\/types\/post"}],"author":[{"embeddable":true,"href":"https:\/\/lasprimeras.com.do\/index.php\/wp-json\/wp\/v2\/users\/10"}],"replies":[{"embeddable":true,"href":"https:\/\/lasprimeras.com.do\/index.php\/wp-json\/wp\/v2\/comments?post=116586"}],"version-history":[{"count":1,"href":"https:\/\/lasprimeras.com.do\/index.php\/wp-json\/wp\/v2\/posts\/116586\/revisions"}],"predecessor-version":[{"id":116589,"href":"https:\/\/lasprimeras.com.do\/index.php\/wp-json\/wp\/v2\/posts\/116586\/revisions\/116589"}],"wp:featuredmedia":[{"embeddable":true,"href":"https:\/\/lasprimeras.com.do\/index.php\/wp-json\/wp\/v2\/media\/116587"}],"wp:attachment":[{"href":"https:\/\/lasprimeras.com.do\/index.php\/wp-json\/wp\/v2\/media?parent=116586"}],"wp:term":[{"taxonomy":"category","embeddable":true,"href":"https:\/\/lasprimeras.com.do\/index.php\/wp-json\/wp\/v2\/categories?post=116586"},{"taxonomy":"post_tag","embeddable":true,"href":"https:\/\/lasprimeras.com.do\/index.php\/wp-json\/wp\/v2\/tags?post=116586"}],"curies":[{"name":"wp","href":"https:\/\/api.w.org\/{rel}","templated":true}]}}