{"id":116590,"date":"2025-12-02T12:59:29","date_gmt":"2025-12-02T16:59:29","guid":{"rendered":"https:\/\/lasprimeras.com.do\/?p=116590"},"modified":"2025-12-02T12:59:30","modified_gmt":"2025-12-02T16:59:30","slug":"abinader-visita-buque-oceanografico-rrs-james-cook-en-el-puerto-de-santo-domingo","status":"publish","type":"post","link":"https:\/\/lasprimeras.com.do\/index.php\/2025\/12\/02\/abinader-visita-buque-oceanografico-rrs-james-cook-en-el-puerto-de-santo-domingo\/","title":{"rendered":"Abinader visita buque oceanogr\u00e1fico RRS James Cook en el Puerto de Santo Domingo"},"content":{"rendered":"\n<p><strong>Proyecto GEOMARHIS detalla investigaci\u00f3n geof\u00edsica sobre los riesgos y la din\u00e1mica tect\u00f3nica del litoral dominicano.<\/strong><\/p>\n\n\n\n<p>El presidente Luis Abinader visit\u00f3 este martes el buque oceanogr\u00e1fico RRS James Cook en el Puerto de Santo Domingo, una de las embarcaciones cient\u00edficas m\u00e1s avanzadas del mundo para la investigaci\u00f3n marina profunda y que participa en el proyecto GEOMARHIS, orientado a fortalecer la gesti\u00f3n y protecci\u00f3n de los recursos marinos del pa\u00eds.<\/p>\n\n\n\n<p>El mandatario fue recibido por el capit\u00e1n de la embarcaci\u00f3n, James Marcus Gwinnell; los investigadores principales Dr. Jos\u00e9 Luis Granja Bru\u00f1a y Dr. Alfonso Mu\u00f1oz Mart\u00edn, de la Universidad Complutense de Madrid; el ministro de Energ\u00eda y Minas, Joel Santos; la embajadora de Espa\u00f1a en Rep\u00fablica Dominicana, Lorea Arribalzaga Ceballos y la embajadora del Reino Unido en el pa\u00eds, Carol Van Der Walt.<\/p>\n\n\n\n<figure class=\"wp-block-image size-full\"><img decoding=\"async\" width=\"900\" height=\"600\" src=\"https:\/\/lasprimeras.com.do\/wp-content\/uploads\/2025\/12\/buque-oceanografico-1.jpg\" alt=\"\" class=\"wp-image-116592\" srcset=\"https:\/\/lasprimeras.com.do\/wp-content\/uploads\/2025\/12\/buque-oceanografico-1.jpg 900w, https:\/\/lasprimeras.com.do\/wp-content\/uploads\/2025\/12\/buque-oceanografico-1-300x200.jpg 300w, https:\/\/lasprimeras.com.do\/wp-content\/uploads\/2025\/12\/buque-oceanografico-1-768x512.jpg 768w\" sizes=\"(max-width: 900px) 100vw, 900px\" \/><\/figure>\n\n\n\n<p>El jefe de Estado recibi\u00f3 una presentaci\u00f3n del proyecto GEOMARHIS por parte del doctor en Geolog\u00eda Jos\u00e9 Luis Granja Bru\u00f1a, del Departamento de Geodin\u00e1mica de la Universidad Complutense de Madrid, Espa\u00f1a, en la sala de conferencias del James Cook. La exposici\u00f3n abarc\u00f3 un estudio geof\u00edsico multiescala del margen costero de la Rep\u00fablica Dominicana, enfocado en la tect\u00f3nica oblicua, la deformaci\u00f3n compartimentada y los riesgos geol\u00f3gicos asociados.<\/p>\n\n\n\n<figure class=\"wp-block-image size-full\"><img decoding=\"async\" width=\"900\" height=\"600\" src=\"https:\/\/lasprimeras.com.do\/wp-content\/uploads\/2025\/12\/buque-oceanografico-2.jpg\" alt=\"\" class=\"wp-image-116593\" srcset=\"https:\/\/lasprimeras.com.do\/wp-content\/uploads\/2025\/12\/buque-oceanografico-2.jpg 900w, https:\/\/lasprimeras.com.do\/wp-content\/uploads\/2025\/12\/buque-oceanografico-2-300x200.jpg 300w, https:\/\/lasprimeras.com.do\/wp-content\/uploads\/2025\/12\/buque-oceanografico-2-768x512.jpg 768w\" sizes=\"(max-width: 900px) 100vw, 900px\" \/><\/figure>\n\n\n\n<p>Granja explic\u00f3 que disponen de 30 d\u00edas de trabajo divididos en dos fases, comenzando por las costas de Santo Domingo para luego hacer escala en Puerto Plata el 18 de diciembre. En la segunda fase, recorrer\u00e1n las zonas de Saman\u00e1 y Manzanillo.<\/p>\n\n\n\n<p>Al concluir el encuentro, el presidente Abinader realiz\u00f3 un recorrido por las instalaciones del barco, que incluy\u00f3 una visita al Puente de Mando, a los laboratorios cient\u00edficos y de instrumentaci\u00f3n oceanogr\u00e1fica, as\u00ed como a la zona de equipos ubicada en la cubierta de popa.<\/p>\n\n\n\n<figure class=\"wp-block-image size-full\"><img decoding=\"async\" width=\"900\" height=\"600\" src=\"https:\/\/lasprimeras.com.do\/wp-content\/uploads\/2025\/12\/buque-oceanografico-3.jpg\" alt=\"\" class=\"wp-image-116594\" srcset=\"https:\/\/lasprimeras.com.do\/wp-content\/uploads\/2025\/12\/buque-oceanografico-3.jpg 900w, https:\/\/lasprimeras.com.do\/wp-content\/uploads\/2025\/12\/buque-oceanografico-3-300x200.jpg 300w, https:\/\/lasprimeras.com.do\/wp-content\/uploads\/2025\/12\/buque-oceanografico-3-768x512.jpg 768w\" sizes=\"(max-width: 900px) 100vw, 900px\" \/><\/figure>\n\n\n\n<p>Un buque de referencia mundial<\/p>\n\n\n\n<p>El RRS James Cook es reconocido globalmente por su capacidad para realizar estudios oceanogr\u00e1ficos de alta complejidad. Equipado con laboratorios de \u00faltima generaci\u00f3n, sistemas de muestreo a gran profundidad y tecnolog\u00eda de precisi\u00f3n, permite a los cient\u00edficos analizar variables cr\u00edticas relacionadas con el cambio clim\u00e1tico, la biodiversidad marina y la geolog\u00eda submarina.<\/p>\n\n\n\n<p>Contribuci\u00f3n clave para el planeta y la ciencia<\/p>\n\n\n\n<p>La importancia del RRS James Cook para la comunidad cient\u00edfica internacional radica en su capacidad para cartografiar detalladamente el fondo marino, informaci\u00f3n esencial para comprender la geolog\u00eda oce\u00e1nica y la biodiversidad. Tambi\u00e9n puede realizar estudios de largo plazo sobre temperatura, salinidad, corrientes y composici\u00f3n qu\u00edmica del oc\u00e9ano, datos fundamentales para el entendimiento del cambio clim\u00e1tico.<\/p>\n","protected":false},"excerpt":{"rendered":"<p>Proyecto GEOMARHIS detalla investigaci\u00f3n geof\u00edsica sobre los riesgos y la din\u00e1mica tect\u00f3nica del litoral dominicano. El presidente Luis Abinader visit\u00f3 este martes el buque oceanogr\u00e1fico RRS James Cook en el&hellip;<\/p>\n","protected":false},"author":10,"featured_media":116591,"comment_status":"open","ping_status":"open","sticky":false,"template":"","format":"standard","meta":{"content-type":"","jetpack_post_was_ever_published":false,"_jetpack_newsletter_access":"","_jetpack_dont_email_post_to_subs":false,"_jetpack_newsletter_tier_id":0,"_jetpack_memberships_contains_paywalled_content":false,"_jetpack_memberships_contains_paid_content":false,"footnotes":""},"categories":[35,25],"tags":[28088,28089,67,5224,28090,806],"class_list":["post-116590","post","type-post","status-publish","format-standard","has-post-thumbnail","hentry","category-nacionales","category-portada","tag-buque-oceanografico","tag-james-cook","tag-luis-abinader","tag-puerto","tag-rrs","tag-santo-domingo"],"jetpack_featured_media_url":"https:\/\/lasprimeras.com.do\/wp-content\/uploads\/2025\/12\/buque-oceanografico.jpg","jetpack-related-posts":[{"id":63002,"url":"https:\/\/lasprimeras.com.do\/index.php\/2023\/10\/09\/abinader-visita-buque-britanico-que-se-encuentra-en-rd\/","url_meta":{"origin":116590,"position":0},"title":"Abinader visita Buque Brit\u00e1nico que se encuentra en RD","author":"BIMARY DE JES\u00daS Matos","date":"9 de octubre de 2023","format":false,"excerpt":"Santo Domingo.-El presidente Luis Abinader visit\u00f3 al mediod\u00eda de este lunes el buque Brit\u00e1nico Dauntless que se encuentra atracado en la Marina de Sans Souci. La embarcaci\u00f3n es el buque Destructor Tipo 45 HMS DAUNTLESS de la Armada Real Brit\u00e1nica, y es la primera vez que visita a la Rep\u00fablica\u2026","rel":"","context":"En \u00abPORTADA\u00bb","block_context":{"text":"PORTADA","link":"https:\/\/lasprimeras.com.do\/index.php\/category\/portada\/"},"img":{"alt_text":"","src":"https:\/\/i0.wp.com\/lasprimeras.com.do\/wp-content\/uploads\/2023\/10\/WhatsApp-Image-2023-10-09-at-11.49.51-AM-6.jpeg?resize=350%2C200&ssl=1","width":350,"height":200,"srcset":"https:\/\/i0.wp.com\/lasprimeras.com.do\/wp-content\/uploads\/2023\/10\/WhatsApp-Image-2023-10-09-at-11.49.51-AM-6.jpeg?resize=350%2C200&ssl=1 1x, https:\/\/i0.wp.com\/lasprimeras.com.do\/wp-content\/uploads\/2023\/10\/WhatsApp-Image-2023-10-09-at-11.49.51-AM-6.jpeg?resize=525%2C300&ssl=1 1.5x, https:\/\/i0.wp.com\/lasprimeras.com.do\/wp-content\/uploads\/2023\/10\/WhatsApp-Image-2023-10-09-at-11.49.51-AM-6.jpeg?resize=700%2C400&ssl=1 2x"},"classes":[]},{"id":124635,"url":"https:\/\/lasprimeras.com.do\/index.php\/2026\/03\/15\/zarpa-de-santo-domingo-el-buque-escuela-juan-sebastian-de-elcano-rumbo-a-mexico\/","url_meta":{"origin":116590,"position":1},"title":"Zarpa de Santo Domingo el buque escuela Juan Sebasti\u00e1n de Elcano rumbo a M\u00e9xico","author":"Nelson Feliz","date":"15 de marzo de 2026","format":false,"excerpt":"El hist\u00f3rico Juan Sebasti\u00e1n de Elcano contin\u00faa su traves\u00eda mundial tras escala en el pa\u00eds. Zarp\u00f3 hoy desde el puerto Punta Torrecilla el buque Juan Sebasti\u00e1n de Elcano, de la armada de Espa\u00f1a, que se dirige a M\u00e9xico como parte del recorrido que realiza por varios lugares del mundo. El\u2026","rel":"","context":"En \u00abNACIONALES\u00bb","block_context":{"text":"NACIONALES","link":"https:\/\/lasprimeras.com.do\/index.php\/category\/nacionales\/"},"img":{"alt_text":"","src":"","width":0,"height":0},"classes":[]},{"id":100037,"url":"https:\/\/lasprimeras.com.do\/index.php\/2025\/05\/30\/abinader-inaugurara-este-domingo-malecon-de-samana\/","url_meta":{"origin":116590,"position":2},"title":"Abinader inaugurar\u00e1 este domingo malec\u00f3n de Saman\u00e1","author":"Nelson Feliz","date":"30 de mayo de 2025","format":false,"excerpt":"En recorrido que har\u00e1 el fin de semana, el mandatario estar\u00e1 el s\u00e1bado en San Crist\u00f3bal, en el marco del programa El Gobierno Contigo. El presidente Luis Abinader continuar\u00e1 este fin de semana su agenda de impulso al desarrollo nacional con visitas a las provincias de San Crist\u00f3bal y Saman\u00e1.\u2026","rel":"","context":"En \u00abECONOM\u00cdA\u00bb","block_context":{"text":"ECONOM\u00cdA","link":"https:\/\/lasprimeras.com.do\/index.php\/category\/economia\/"},"img":{"alt_text":"","src":"https:\/\/i0.wp.com\/lasprimeras.com.do\/wp-content\/uploads\/2025\/05\/Luis-Abinader-8.jpg?resize=350%2C200&ssl=1","width":350,"height":200,"srcset":"https:\/\/i0.wp.com\/lasprimeras.com.do\/wp-content\/uploads\/2025\/05\/Luis-Abinader-8.jpg?resize=350%2C200&ssl=1 1x, https:\/\/i0.wp.com\/lasprimeras.com.do\/wp-content\/uploads\/2025\/05\/Luis-Abinader-8.jpg?resize=525%2C300&ssl=1 1.5x, https:\/\/i0.wp.com\/lasprimeras.com.do\/wp-content\/uploads\/2025\/05\/Luis-Abinader-8.jpg?resize=700%2C400&ssl=1 2x"},"classes":[]},{"id":118031,"url":"https:\/\/lasprimeras.com.do\/index.php\/2025\/12\/19\/presidente-abinader-inaugura-fase-final-de-la-avenida-ecologica\/","url_meta":{"origin":116590,"position":3},"title":"Presidente Abinader inaugura fase final de la avenida Ecol\u00f3gica","author":"Nelson Feliz","date":"19 de diciembre de 2025","format":false,"excerpt":"Asegura que seguir\u00e1 construyendo un pa\u00eds con mejor infraestructura, porque una mejor infraestructura se traduce en m\u00e1s calidad de vida y mayor competitividad. El presidente Luis Abinader inaugur\u00f3 este viernes la fase final de la avenida Ecol\u00f3gica, una infraestructura estrat\u00e9gica que, afirm\u00f3, representa competitividad para el pa\u00eds, al mejorar la\u2026","rel":"","context":"En \u00abNACIONALES\u00bb","block_context":{"text":"NACIONALES","link":"https:\/\/lasprimeras.com.do\/index.php\/category\/nacionales\/"},"img":{"alt_text":"","src":"https:\/\/i0.wp.com\/lasprimeras.com.do\/wp-content\/uploads\/2025\/12\/Luis-Abin.jpg?resize=350%2C200&ssl=1","width":350,"height":200,"srcset":"https:\/\/i0.wp.com\/lasprimeras.com.do\/wp-content\/uploads\/2025\/12\/Luis-Abin.jpg?resize=350%2C200&ssl=1 1x, https:\/\/i0.wp.com\/lasprimeras.com.do\/wp-content\/uploads\/2025\/12\/Luis-Abin.jpg?resize=525%2C300&ssl=1 1.5x, https:\/\/i0.wp.com\/lasprimeras.com.do\/wp-content\/uploads\/2025\/12\/Luis-Abin.jpg?resize=700%2C400&ssl=1 2x"},"classes":[]},{"id":103219,"url":"https:\/\/lasprimeras.com.do\/index.php\/2025\/07\/13\/abinader-supervisa-obra-en-sde-y-entrega-72-apartamentos-en-boca-chica\/","url_meta":{"origin":116590,"position":4},"title":"Abinader supervisa obra en SDE y entrega 72 apartamentos en Boca Chica","author":"Nelson Feliz","date":"13 de julio de 2025","format":false,"excerpt":"El presidente Luis Abinader supervis\u00f3 este domingo los avances de la tercera etapa de la avenida Ecol\u00f3gica, una obra vial que busca mejorar la conectividad y el flujo vehicular en la zona oriental del Gran Santo Domingo. La obra, ejecutada por el Gobierno a trav\u00e9s del Ministerio de Obras P\u00fablicas\u2026","rel":"","context":"En \u00abNACIONALES\u00bb","block_context":{"text":"NACIONALES","link":"https:\/\/lasprimeras.com.do\/index.php\/category\/nacionales\/"},"img":{"alt_text":"","src":"https:\/\/i0.wp.com\/lasprimeras.com.do\/wp-content\/uploads\/2025\/07\/Abinader-BC.jpg?resize=350%2C200&ssl=1","width":350,"height":200,"srcset":"https:\/\/i0.wp.com\/lasprimeras.com.do\/wp-content\/uploads\/2025\/07\/Abinader-BC.jpg?resize=350%2C200&ssl=1 1x, https:\/\/i0.wp.com\/lasprimeras.com.do\/wp-content\/uploads\/2025\/07\/Abinader-BC.jpg?resize=525%2C300&ssl=1 1.5x, https:\/\/i0.wp.com\/lasprimeras.com.do\/wp-content\/uploads\/2025\/07\/Abinader-BC.jpg?resize=700%2C400&ssl=1 2x"},"classes":[]},{"id":100327,"url":"https:\/\/lasprimeras.com.do\/index.php\/2025\/06\/05\/arajet-iniciara-el-16-de-junio-vuelos-directos-desde-santo-domingo-hacia-nueva-york\/","url_meta":{"origin":116590,"position":5},"title":"Arajet iniciar\u00e1 el 16 de junio vuelos directos desde Santo Domingo hacia Nueva York","author":"Nelson Feliz","date":"5 de junio de 2025","format":false,"excerpt":"Anuncia en Puerto Rico que la ruta Santo Domingo-Nueva York inicia el lunes 16 de junio. El fundador y CEO de Arajet, V\u00edctor Pacheco M\u00e9ndez, anunci\u00f3 este mi\u00e9rcoles que la aerol\u00ednea dominicana de bajo costo iniciar\u00e1 vuelos directos desde Santo Domingo hacia Nueva York a partir del pr\u00f3ximo 16 de\u2026","rel":"","context":"En \u00abPORTADA\u00bb","block_context":{"text":"PORTADA","link":"https:\/\/lasprimeras.com.do\/index.php\/category\/portada\/"},"img":{"alt_text":"V\u00edctor Pacheco M\u00e9ndez","src":"https:\/\/i0.wp.com\/lasprimeras.com.do\/wp-content\/uploads\/2025\/06\/Victor-Pacheco-Mendez.jpg?resize=350%2C200&ssl=1","width":350,"height":200,"srcset":"https:\/\/i0.wp.com\/lasprimeras.com.do\/wp-content\/uploads\/2025\/06\/Victor-Pacheco-Mendez.jpg?resize=350%2C200&ssl=1 1x, https:\/\/i0.wp.com\/lasprimeras.com.do\/wp-content\/uploads\/2025\/06\/Victor-Pacheco-Mendez.jpg?resize=525%2C300&ssl=1 1.5x, https:\/\/i0.wp.com\/lasprimeras.com.do\/wp-content\/uploads\/2025\/06\/Victor-Pacheco-Mendez.jpg?resize=700%2C400&ssl=1 2x"},"classes":[]}],"jetpack_sharing_enabled":true,"_links":{"self":[{"href":"https:\/\/lasprimeras.com.do\/index.php\/wp-json\/wp\/v2\/posts\/116590","targetHints":{"allow":["GET"]}}],"collection":[{"href":"https:\/\/lasprimeras.com.do\/index.php\/wp-json\/wp\/v2\/posts"}],"about":[{"href":"https:\/\/lasprimeras.com.do\/index.php\/wp-json\/wp\/v2\/types\/post"}],"author":[{"embeddable":true,"href":"https:\/\/lasprimeras.com.do\/index.php\/wp-json\/wp\/v2\/users\/10"}],"replies":[{"embeddable":true,"href":"https:\/\/lasprimeras.com.do\/index.php\/wp-json\/wp\/v2\/comments?post=116590"}],"version-history":[{"count":1,"href":"https:\/\/lasprimeras.com.do\/index.php\/wp-json\/wp\/v2\/posts\/116590\/revisions"}],"predecessor-version":[{"id":116595,"href":"https:\/\/lasprimeras.com.do\/index.php\/wp-json\/wp\/v2\/posts\/116590\/revisions\/116595"}],"wp:featuredmedia":[{"embeddable":true,"href":"https:\/\/lasprimeras.com.do\/index.php\/wp-json\/wp\/v2\/media\/116591"}],"wp:attachment":[{"href":"https:\/\/lasprimeras.com.do\/index.php\/wp-json\/wp\/v2\/media?parent=116590"}],"wp:term":[{"taxonomy":"category","embeddable":true,"href":"https:\/\/lasprimeras.com.do\/index.php\/wp-json\/wp\/v2\/categories?post=116590"},{"taxonomy":"post_tag","embeddable":true,"href":"https:\/\/lasprimeras.com.do\/index.php\/wp-json\/wp\/v2\/tags?post=116590"}],"curies":[{"name":"wp","href":"https:\/\/api.w.org\/{rel}","templated":true}]}}